{"id":134922,"date":"2020-10-08T08:59:46","date_gmt":"2020-10-08T08:59:46","guid":{"rendered":"https:\/\/www.thebestsocial.media\/de\/?p=134922"},"modified":"2020-10-08T08:59:46","modified_gmt":"2020-10-08T08:59:46","slug":"der-wendler-macht-werbung-fuer-kaufland-und-die-kommentare-ueberschlagen-sich","status":"publish","type":"post","link":"https:\/\/www.thebestsocial.media\/de\/der-wendler-macht-werbung-fuer-kaufland-und-die-kommentare-ueberschlagen-sich\/","title":{"rendered":"Der Wendler macht Werbung f\u00fcr Kaufland und die Kommentare \u00fcberschlagen sich"},"content":{"rendered":"<p>Vor mittlerweile sechs Jahren sorgte die Supermarktkette Edeka mit Friedrich Lichtenstein und der &#8222;Supergeil&#8220;-Kampagne f\u00fcr viel Aufsehen. Doch nun gibt es nach all der Zeit endlich eine Art w\u00fcrdigen Nachfolger: Kaufland hat jetzt eine Werbekampagne mit niemand geringerem als dem Wendler h\u00f6chstpers\u00f6nlich gestartet!<\/p>\n<p>Schlagerstar Michael Wendler und seine Ehefrau Laura M\u00fcller sind in einem Video zu sehen, dass ausschlie\u00dflich online verf\u00fcgbar sein soll; auf den Social-Media-Kan\u00e4len von Kaufland sowie in einer l\u00e4ngeren Version auf YouTube und der Kaufland-Website.<\/p>\n<p>&nbsp;<\/p>\n<h3>F\u00fcr den Clip hat der Wendler seinen Song &#8222;Egal&#8220; umgetextet und supermarktgerecht &#8222;Regal&#8220; daraus gemacht.<\/h3>\n<p><iframe loading=\"lazy\" width=\"731\" height=\"411\" src=\"https:\/\/www.youtube.com\/embed\/mst6PvTkMyw\" frameborder=\"0\" allow=\"accelerometer; autoplay; clipboard-write; encrypted-media; gyroscope; picture-in-picture\" allowfullscreen><\/iframe><\/p>\n<p>&nbsp;<\/p>\n<h3>In der Version f\u00fcr Facebook und Instagram wurde auf das cineastische Intro verzichtet.<\/h3>\n<p>https:\/\/www.instagram.com\/p\/CGDVM9hiR3X\/<\/p>\n<p>&nbsp;<\/p>\n<p>&nbsp;<\/p>\n<h3>Allein auf Facebook gab es innerhalb der ersten 12 Stunden nach Ver\u00f6ffentlichung an die 17.000 Kommentare. Allerdings wurde der Clip auf s\u00e4mtlichen Plattformen eher &#8230; verhalten aufgenommen.<\/h3>\n<p><img loading=\"lazy\" decoding=\"async\" src=\"https:\/\/www.thebestsocial.media\/de\/wp-content\/uploads\/sites\/3\/2020\/10\/negkom1.jpg\" alt=\"\" width=\"1138\" height=\"195\" class=\"alignnone size-full wp-image-134958\" srcset=\"https:\/\/www.thebestsocial.media\/de\/wp-content\/uploads\/sites\/3\/2020\/10\/negkom1.jpg 1138w, https:\/\/www.thebestsocial.media\/de\/wp-content\/uploads\/sites\/3\/2020\/10\/negkom1-300x51.jpg 300w, https:\/\/www.thebestsocial.media\/de\/wp-content\/uploads\/sites\/3\/2020\/10\/negkom1-1024x175.jpg 1024w, https:\/\/www.thebestsocial.media\/de\/wp-content\/uploads\/sites\/3\/2020\/10\/negkom1-768x132.jpg 768w\" sizes=\"auto, (max-width: 1138px) 100vw, 1138px\" \/><\/p>\n<p><img loading=\"lazy\" decoding=\"async\" src=\"https:\/\/www.thebestsocial.media\/de\/wp-content\/uploads\/sites\/3\/2020\/10\/negkom2.jpg\" alt=\"\" width=\"1133\" height=\"235\" class=\"alignnone size-full wp-image-134959\" srcset=\"https:\/\/www.thebestsocial.media\/de\/wp-content\/uploads\/sites\/3\/2020\/10\/negkom2.jpg 1133w, https:\/\/www.thebestsocial.media\/de\/wp-content\/uploads\/sites\/3\/2020\/10\/negkom2-300x62.jpg 300w, https:\/\/www.thebestsocial.media\/de\/wp-content\/uploads\/sites\/3\/2020\/10\/negkom2-1024x212.jpg 1024w, https:\/\/www.thebestsocial.media\/de\/wp-content\/uploads\/sites\/3\/2020\/10\/negkom2-768x159.jpg 768w\" sizes=\"auto, (max-width: 1133px) 100vw, 1133px\" \/><\/p>\n<p><img loading=\"lazy\" decoding=\"async\" src=\"https:\/\/www.thebestsocial.media\/de\/wp-content\/uploads\/sites\/3\/2020\/10\/negkom3.jpg\" alt=\"\" width=\"1139\" height=\"236\" class=\"alignnone size-full wp-image-134960\" srcset=\"https:\/\/www.thebestsocial.media\/de\/wp-content\/uploads\/sites\/3\/2020\/10\/negkom3.jpg 1139w, https:\/\/www.thebestsocial.media\/de\/wp-content\/uploads\/sites\/3\/2020\/10\/negkom3-300x62.jpg 300w, https:\/\/www.thebestsocial.media\/de\/wp-content\/uploads\/sites\/3\/2020\/10\/negkom3-1024x212.jpg 1024w, https:\/\/www.thebestsocial.media\/de\/wp-content\/uploads\/sites\/3\/2020\/10\/negkom3-768x159.jpg 768w\" sizes=\"auto, (max-width: 1139px) 100vw, 1139px\" \/><\/p>\n<p><img loading=\"lazy\" decoding=\"async\" src=\"https:\/\/www.thebestsocial.media\/de\/wp-content\/uploads\/sites\/3\/2020\/10\/instwendler1.jpg\" alt=\"\" width=\"561\" height=\"140\" class=\"alignnone size-full wp-image-134940\" srcset=\"https:\/\/www.thebestsocial.media\/de\/wp-content\/uploads\/sites\/3\/2020\/10\/instwendler1.jpg 561w, https:\/\/www.thebestsocial.media\/de\/wp-content\/uploads\/sites\/3\/2020\/10\/instwendler1-300x75.jpg 300w\" sizes=\"auto, (max-width: 561px) 100vw, 561px\" \/><\/p>\n<p><img loading=\"lazy\" decoding=\"async\" src=\"https:\/\/www.thebestsocial.media\/de\/wp-content\/uploads\/sites\/3\/2020\/10\/ytwendler2.jpg\" alt=\"\" width=\"1100\" height=\"207\" class=\"alignnone size-full wp-image-134945\" srcset=\"https:\/\/www.thebestsocial.media\/de\/wp-content\/uploads\/sites\/3\/2020\/10\/ytwendler2.jpg 1100w, https:\/\/www.thebestsocial.media\/de\/wp-content\/uploads\/sites\/3\/2020\/10\/ytwendler2-300x56.jpg 300w, https:\/\/www.thebestsocial.media\/de\/wp-content\/uploads\/sites\/3\/2020\/10\/ytwendler2-1024x193.jpg 1024w, https:\/\/www.thebestsocial.media\/de\/wp-content\/uploads\/sites\/3\/2020\/10\/ytwendler2-768x145.jpg 768w\" sizes=\"auto, (max-width: 1100px) 100vw, 1100px\" \/><\/p>\n<p><img loading=\"lazy\" decoding=\"async\" src=\"https:\/\/www.thebestsocial.media\/de\/wp-content\/uploads\/sites\/3\/2020\/10\/ytwendler1a.jpg\" alt=\"\" width=\"1197\" height=\"206\" class=\"alignnone size-full wp-image-134944\" srcset=\"https:\/\/www.thebestsocial.media\/de\/wp-content\/uploads\/sites\/3\/2020\/10\/ytwendler1a.jpg 1197w, https:\/\/www.thebestsocial.media\/de\/wp-content\/uploads\/sites\/3\/2020\/10\/ytwendler1a-300x52.jpg 300w, https:\/\/www.thebestsocial.media\/de\/wp-content\/uploads\/sites\/3\/2020\/10\/ytwendler1a-1024x176.jpg 1024w, https:\/\/www.thebestsocial.media\/de\/wp-content\/uploads\/sites\/3\/2020\/10\/ytwendler1a-768x132.jpg 768w\" sizes=\"auto, (max-width: 1197px) 100vw, 1197px\" \/><\/p>\n<p>&nbsp;<\/p>\n<h3>Auf Facebook fanden sich noch am ehesten positive Kommentare.<\/h3>\n<p><img loading=\"lazy\" decoding=\"async\" src=\"https:\/\/www.thebestsocial.media\/de\/wp-content\/uploads\/sites\/3\/2020\/10\/kom1.jpg\" alt=\"\" width=\"1131\" height=\"182\" class=\"alignnone size-full wp-image-134953\" srcset=\"https:\/\/www.thebestsocial.media\/de\/wp-content\/uploads\/sites\/3\/2020\/10\/kom1.jpg 1131w, https:\/\/www.thebestsocial.media\/de\/wp-content\/uploads\/sites\/3\/2020\/10\/kom1-300x48.jpg 300w, https:\/\/www.thebestsocial.media\/de\/wp-content\/uploads\/sites\/3\/2020\/10\/kom1-1024x165.jpg 1024w, https:\/\/www.thebestsocial.media\/de\/wp-content\/uploads\/sites\/3\/2020\/10\/kom1-768x124.jpg 768w\" sizes=\"auto, (max-width: 1131px) 100vw, 1131px\" \/><\/p>\n<p><img loading=\"lazy\" decoding=\"async\" src=\"https:\/\/www.thebestsocial.media\/de\/wp-content\/uploads\/sites\/3\/2020\/10\/kom2.jpg\" alt=\"\" width=\"1160\" height=\"306\" class=\"alignnone size-full wp-image-134954\" srcset=\"https:\/\/www.thebestsocial.media\/de\/wp-content\/uploads\/sites\/3\/2020\/10\/kom2.jpg 1160w, https:\/\/www.thebestsocial.media\/de\/wp-content\/uploads\/sites\/3\/2020\/10\/kom2-300x79.jpg 300w, https:\/\/www.thebestsocial.media\/de\/wp-content\/uploads\/sites\/3\/2020\/10\/kom2-1024x270.jpg 1024w, https:\/\/www.thebestsocial.media\/de\/wp-content\/uploads\/sites\/3\/2020\/10\/kom2-768x203.jpg 768w\" sizes=\"auto, (max-width: 1160px) 100vw, 1160px\" \/><\/p>\n<p><img loading=\"lazy\" decoding=\"async\" src=\"https:\/\/www.thebestsocial.media\/de\/wp-content\/uploads\/sites\/3\/2020\/10\/kom3.jpg\" alt=\"\" width=\"1138\" height=\"192\" class=\"alignnone size-full wp-image-134955\" srcset=\"https:\/\/www.thebestsocial.media\/de\/wp-content\/uploads\/sites\/3\/2020\/10\/kom3.jpg 1138w, https:\/\/www.thebestsocial.media\/de\/wp-content\/uploads\/sites\/3\/2020\/10\/kom3-300x51.jpg 300w, https:\/\/www.thebestsocial.media\/de\/wp-content\/uploads\/sites\/3\/2020\/10\/kom3-1024x173.jpg 1024w, https:\/\/www.thebestsocial.media\/de\/wp-content\/uploads\/sites\/3\/2020\/10\/kom3-768x130.jpg 768w\" sizes=\"auto, (max-width: 1138px) 100vw, 1138px\" \/><\/p>\n<p><img loading=\"lazy\" decoding=\"async\" src=\"https:\/\/www.thebestsocial.media\/de\/wp-content\/uploads\/sites\/3\/2020\/10\/kom4.jpg\" alt=\"\" width=\"1135\" height=\"236\" class=\"alignnone size-full wp-image-134956\" srcset=\"https:\/\/www.thebestsocial.media\/de\/wp-content\/uploads\/sites\/3\/2020\/10\/kom4.jpg 1135w, https:\/\/www.thebestsocial.media\/de\/wp-content\/uploads\/sites\/3\/2020\/10\/kom4-300x62.jpg 300w, https:\/\/www.thebestsocial.media\/de\/wp-content\/uploads\/sites\/3\/2020\/10\/kom4-1024x213.jpg 1024w, https:\/\/www.thebestsocial.media\/de\/wp-content\/uploads\/sites\/3\/2020\/10\/kom4-768x160.jpg 768w\" sizes=\"auto, (max-width: 1135px) 100vw, 1135px\" \/><\/p>\n<p><img loading=\"lazy\" decoding=\"async\" src=\"https:\/\/www.thebestsocial.media\/de\/wp-content\/uploads\/sites\/3\/2020\/10\/kom5.jpg\" alt=\"\" width=\"1138\" height=\"273\" class=\"alignnone size-full wp-image-134957\" srcset=\"https:\/\/www.thebestsocial.media\/de\/wp-content\/uploads\/sites\/3\/2020\/10\/kom5.jpg 1138w, https:\/\/www.thebestsocial.media\/de\/wp-content\/uploads\/sites\/3\/2020\/10\/kom5-300x72.jpg 300w, https:\/\/www.thebestsocial.media\/de\/wp-content\/uploads\/sites\/3\/2020\/10\/kom5-1024x246.jpg 1024w, https:\/\/www.thebestsocial.media\/de\/wp-content\/uploads\/sites\/3\/2020\/10\/kom5-768x184.jpg 768w\" sizes=\"auto, (max-width: 1138px) 100vw, 1138px\" \/><\/p>\n<p>Da der Wendler nicht unumstritten ist, d\u00fcrfte Kaufland das negative Feedback vermutlich mit eingeplant haben. Ganz nach dem Motto schlechte Publicity ist besser als gar keine Publicity, darf man davon ausgehen, dass es Kaufland gerade mit einer Reizfigur wie dem Wendler vor allem um die Aufmerksamkeit ging &#8211; und die ist ihnen auf jeden Fall sicher.<\/p>\n<p><iframe loading=\"lazy\" src=\"https:\/\/rcm-eu.amazon-adsystem.com\/e\/cm?o=3&#038;p=22&#038;l=ur1&#038;category=pd2020&#038;banner=07HHS5J9F96AVPRXGG82&#038;f=ifr&#038;linkID=50fb5e33de21fce5edb66e827e716147&#038;t=thebestsocial-21&#038;tracking_id=thebestsocial-21\" width=\"250\" height=\"250\" scrolling=\"no\" border=\"0\" marginwidth=\"0\" style=\"border:none;\" frameborder=\"0\"><\/iframe><\/p>\n<p>&#8212;<br \/>\nVielen Dank an alle f\u00fcr die Posts.<br \/>\n&#8212;<br \/>\n<strong>Keine Influencer! Kein Foodporn! Nur ganz viel Spa\u00df &#8211; bei uns auf Instagram:<\/strong><br \/>\nhttps:\/\/www.instagram.com\/p\/CGCXwWggBHs\/<\/p>\n","protected":false},"excerpt":{"rendered":"<p>Vor mittlerweile sechs Jahren sorgte die Supermarktkette Edeka mit Friedrich Lichtenstein und der &#8222;Supergeil&#8220;-Kampagne f\u00fcr viel Aufsehen. Doch nun gibt es nach all der Zeit&#8230;<\/p>\n","protected":false},"author":72,"featured_media":134946,"comment_status":"open","ping_status":"open","sticky":false,"template":"","format":"standard","meta":{"_acf_changed":false,"footnotes":""},"categories":[26,14,419],"tags":[286,2851,1602],"class_list":["post-134922","post","type-post","status-publish","format-standard","has-post-thumbnail","hentry","category-facebook","category-instagram","category-youtube","tag-kaufland","tag-wendler","tag-werbung"],"acf":[],"yoast_head":"<!-- This site is optimized with the Yoast SEO plugin v27.5 - https:\/\/yoast.com\/product\/yoast-seo-wordpress\/ -->\n<title>Der Wendler macht Werbung f\u00fcr Kaufland und die Kommentare \u00fcberschlagen sich - The Best Social Media DE<\/title>\n<meta name=\"robots\" content=\"index, follow, max-snippet:-1, max-image-preview:large, max-video-preview:-1\" \/>\n<link rel=\"canonical\" href=\"https:\/\/www.thebestsocial.media\/de\/der-wendler-macht-werbung-fuer-kaufland-und-die-kommentare-ueberschlagen-sich\/\" \/>\n<meta property=\"og:locale\" content=\"de_DE\" \/>\n<meta property=\"og:type\" content=\"article\" \/>\n<meta property=\"og:title\" content=\"Der Wendler macht Werbung f\u00fcr Kaufland und die Kommentare \u00fcberschlagen sich\" \/>\n<meta property=\"og:description\" content=\"Vor mittlerweile sechs Jahren sorgte die Supermarktkette Edeka mit Friedrich Lichtenstein und der &#8222;Supergeil&#8220;-Kampagne f\u00fcr viel Aufsehen. Doch nun gibt es nach all der Zeit...\" \/>\n<meta property=\"og:url\" content=\"https:\/\/www.thebestsocial.media\/de\/der-wendler-macht-werbung-fuer-kaufland-und-die-kommentare-ueberschlagen-sich\/\" \/>\n<meta property=\"og:site_name\" content=\"The Best Social Media DE\" \/>\n<meta property=\"article:published_time\" content=\"2020-10-08T08:59:46+00:00\" \/>\n<meta property=\"og:image\" content=\"https:\/\/www.thebestsocial.media\/de\/wp-content\/uploads\/sites\/3\/2020\/10\/wendler_fb-2.png\" \/>\n\t<meta property=\"og:image:width\" content=\"1200\" \/>\n\t<meta property=\"og:image:height\" content=\"628\" \/>\n\t<meta property=\"og:image:type\" content=\"image\/png\" \/>\n<meta name=\"author\" content=\"Benny\" \/>\n<meta name=\"twitter:card\" content=\"summary_large_image\" \/>\n<meta name=\"twitter:label1\" content=\"Verfasst von\" \/>\n\t<meta name=\"twitter:data1\" content=\"Benny\" \/>\n\t<meta name=\"twitter:label2\" content=\"Gesch\u00e4tzte Lesezeit\" \/>\n\t<meta name=\"twitter:data2\" content=\"1\u00a0Minute\" \/>\n<script type=\"application\/ld+json\" class=\"yoast-schema-graph\">{\"@context\":\"https:\\\/\\\/schema.org\",\"@graph\":[{\"@type\":\"Article\",\"@id\":\"https:\\\/\\\/www.thebestsocial.media\\\/de\\\/der-wendler-macht-werbung-fuer-kaufland-und-die-kommentare-ueberschlagen-sich\\\/#article\",\"isPartOf\":{\"@id\":\"https:\\\/\\\/www.thebestsocial.media\\\/de\\\/der-wendler-macht-werbung-fuer-kaufland-und-die-kommentare-ueberschlagen-sich\\\/\"},\"author\":{\"name\":\"Benny\",\"@id\":\"https:\\\/\\\/www.thebestsocial.media\\\/de\\\/#\\\/schema\\\/person\\\/212fdd48880db42a484e589e4e27871b\"},\"headline\":\"Der Wendler macht Werbung f\u00fcr Kaufland und die Kommentare \u00fcberschlagen sich\",\"datePublished\":\"2020-10-08T08:59:46+00:00\",\"mainEntityOfPage\":{\"@id\":\"https:\\\/\\\/www.thebestsocial.media\\\/de\\\/der-wendler-macht-werbung-fuer-kaufland-und-die-kommentare-ueberschlagen-sich\\\/\"},\"wordCount\":264,\"commentCount\":0,\"image\":{\"@id\":\"https:\\\/\\\/www.thebestsocial.media\\\/de\\\/der-wendler-macht-werbung-fuer-kaufland-und-die-kommentare-ueberschlagen-sich\\\/#primaryimage\"},\"thumbnailUrl\":\"https:\\\/\\\/www.thebestsocial.media\\\/de\\\/wp-content\\\/uploads\\\/sites\\\/3\\\/2020\\\/10\\\/wendler_thumb.png\",\"keywords\":[\"kaufland\",\"Wendler\",\"Werbung\"],\"articleSection\":[\"Facebook\",\"Instagram\",\"Youtube\"],\"inLanguage\":\"de\",\"potentialAction\":[{\"@type\":\"CommentAction\",\"name\":\"Comment\",\"target\":[\"https:\\\/\\\/www.thebestsocial.media\\\/de\\\/der-wendler-macht-werbung-fuer-kaufland-und-die-kommentare-ueberschlagen-sich\\\/#respond\"]}]},{\"@type\":\"WebPage\",\"@id\":\"https:\\\/\\\/www.thebestsocial.media\\\/de\\\/der-wendler-macht-werbung-fuer-kaufland-und-die-kommentare-ueberschlagen-sich\\\/\",\"url\":\"https:\\\/\\\/www.thebestsocial.media\\\/de\\\/der-wendler-macht-werbung-fuer-kaufland-und-die-kommentare-ueberschlagen-sich\\\/\",\"name\":\"Der Wendler macht Werbung f\u00fcr Kaufland und die Kommentare \u00fcberschlagen sich - The Best Social Media DE\",\"isPartOf\":{\"@id\":\"https:\\\/\\\/www.thebestsocial.media\\\/de\\\/#website\"},\"primaryImageOfPage\":{\"@id\":\"https:\\\/\\\/www.thebestsocial.media\\\/de\\\/der-wendler-macht-werbung-fuer-kaufland-und-die-kommentare-ueberschlagen-sich\\\/#primaryimage\"},\"image\":{\"@id\":\"https:\\\/\\\/www.thebestsocial.media\\\/de\\\/der-wendler-macht-werbung-fuer-kaufland-und-die-kommentare-ueberschlagen-sich\\\/#primaryimage\"},\"thumbnailUrl\":\"https:\\\/\\\/www.thebestsocial.media\\\/de\\\/wp-content\\\/uploads\\\/sites\\\/3\\\/2020\\\/10\\\/wendler_thumb.png\",\"datePublished\":\"2020-10-08T08:59:46+00:00\",\"author\":{\"@id\":\"https:\\\/\\\/www.thebestsocial.media\\\/de\\\/#\\\/schema\\\/person\\\/212fdd48880db42a484e589e4e27871b\"},\"breadcrumb\":{\"@id\":\"https:\\\/\\\/www.thebestsocial.media\\\/de\\\/der-wendler-macht-werbung-fuer-kaufland-und-die-kommentare-ueberschlagen-sich\\\/#breadcrumb\"},\"inLanguage\":\"de\",\"potentialAction\":[{\"@type\":\"ReadAction\",\"target\":[\"https:\\\/\\\/www.thebestsocial.media\\\/de\\\/der-wendler-macht-werbung-fuer-kaufland-und-die-kommentare-ueberschlagen-sich\\\/\"]}]},{\"@type\":\"ImageObject\",\"inLanguage\":\"de\",\"@id\":\"https:\\\/\\\/www.thebestsocial.media\\\/de\\\/der-wendler-macht-werbung-fuer-kaufland-und-die-kommentare-ueberschlagen-sich\\\/#primaryimage\",\"url\":\"https:\\\/\\\/www.thebestsocial.media\\\/de\\\/wp-content\\\/uploads\\\/sites\\\/3\\\/2020\\\/10\\\/wendler_thumb.png\",\"contentUrl\":\"https:\\\/\\\/www.thebestsocial.media\\\/de\\\/wp-content\\\/uploads\\\/sites\\\/3\\\/2020\\\/10\\\/wendler_thumb.png\",\"width\":1200,\"height\":628},{\"@type\":\"BreadcrumbList\",\"@id\":\"https:\\\/\\\/www.thebestsocial.media\\\/de\\\/der-wendler-macht-werbung-fuer-kaufland-und-die-kommentare-ueberschlagen-sich\\\/#breadcrumb\",\"itemListElement\":[{\"@type\":\"ListItem\",\"position\":1,\"name\":\"Home\",\"item\":\"https:\\\/\\\/www.thebestsocial.media\\\/de\\\/\"},{\"@type\":\"ListItem\",\"position\":2,\"name\":\"Der Wendler macht Werbung f\u00fcr Kaufland und die Kommentare \u00fcberschlagen sich\"}]},{\"@type\":\"WebSite\",\"@id\":\"https:\\\/\\\/www.thebestsocial.media\\\/de\\\/#website\",\"url\":\"https:\\\/\\\/www.thebestsocial.media\\\/de\\\/\",\"name\":\"The Best Social Media DE\",\"description\":\"\",\"potentialAction\":[{\"@type\":\"SearchAction\",\"target\":{\"@type\":\"EntryPoint\",\"urlTemplate\":\"https:\\\/\\\/www.thebestsocial.media\\\/de\\\/?s={search_term_string}\"},\"query-input\":{\"@type\":\"PropertyValueSpecification\",\"valueRequired\":true,\"valueName\":\"search_term_string\"}}],\"inLanguage\":\"de\"},{\"@type\":\"Person\",\"@id\":\"https:\\\/\\\/www.thebestsocial.media\\\/de\\\/#\\\/schema\\\/person\\\/212fdd48880db42a484e589e4e27871b\",\"name\":\"Benny\",\"image\":{\"@type\":\"ImageObject\",\"inLanguage\":\"de\",\"@id\":\"https:\\\/\\\/secure.gravatar.com\\\/avatar\\\/559f54fceb59ac8654d5ca40291d2ab87f2a9d79e48e8e3c19582477cde950bf?s=96&d=mm&r=g\",\"url\":\"https:\\\/\\\/secure.gravatar.com\\\/avatar\\\/559f54fceb59ac8654d5ca40291d2ab87f2a9d79e48e8e3c19582477cde950bf?s=96&d=mm&r=g\",\"contentUrl\":\"https:\\\/\\\/secure.gravatar.com\\\/avatar\\\/559f54fceb59ac8654d5ca40291d2ab87f2a9d79e48e8e3c19582477cde950bf?s=96&d=mm&r=g\",\"caption\":\"Benny\"},\"url\":\"https:\\\/\\\/www.thebestsocial.media\\\/de\\\/author\\\/bennykrueger\\\/\"}]}<\/script>\n<!-- \/ Yoast SEO plugin. -->","yoast_head_json":{"title":"Der Wendler macht Werbung f\u00fcr Kaufland und die Kommentare \u00fcberschlagen sich - The Best Social Media DE","robots":{"index":"index","follow":"follow","max-snippet":"max-snippet:-1","max-image-preview":"max-image-preview:large","max-video-preview":"max-video-preview:-1"},"canonical":"https:\/\/www.thebestsocial.media\/de\/der-wendler-macht-werbung-fuer-kaufland-und-die-kommentare-ueberschlagen-sich\/","og_locale":"de_DE","og_type":"article","og_title":"Der Wendler macht Werbung f\u00fcr Kaufland und die Kommentare \u00fcberschlagen sich","og_description":"Vor mittlerweile sechs Jahren sorgte die Supermarktkette Edeka mit Friedrich Lichtenstein und der &#8222;Supergeil&#8220;-Kampagne f\u00fcr viel Aufsehen. Doch nun gibt es nach all der Zeit...","og_url":"https:\/\/www.thebestsocial.media\/de\/der-wendler-macht-werbung-fuer-kaufland-und-die-kommentare-ueberschlagen-sich\/","og_site_name":"The Best Social Media DE","article_published_time":"2020-10-08T08:59:46+00:00","og_image":[{"width":1200,"height":628,"url":"https:\/\/www.thebestsocial.media\/de\/wp-content\/uploads\/sites\/3\/2020\/10\/wendler_fb-2.png","type":"image\/png"}],"author":"Benny","twitter_card":"summary_large_image","twitter_misc":{"Verfasst von":"Benny","Gesch\u00e4tzte Lesezeit":"1\u00a0Minute"},"schema":{"@context":"https:\/\/schema.org","@graph":[{"@type":"Article","@id":"https:\/\/www.thebestsocial.media\/de\/der-wendler-macht-werbung-fuer-kaufland-und-die-kommentare-ueberschlagen-sich\/#article","isPartOf":{"@id":"https:\/\/www.thebestsocial.media\/de\/der-wendler-macht-werbung-fuer-kaufland-und-die-kommentare-ueberschlagen-sich\/"},"author":{"name":"Benny","@id":"https:\/\/www.thebestsocial.media\/de\/#\/schema\/person\/212fdd48880db42a484e589e4e27871b"},"headline":"Der Wendler macht Werbung f\u00fcr Kaufland und die Kommentare \u00fcberschlagen sich","datePublished":"2020-10-08T08:59:46+00:00","mainEntityOfPage":{"@id":"https:\/\/www.thebestsocial.media\/de\/der-wendler-macht-werbung-fuer-kaufland-und-die-kommentare-ueberschlagen-sich\/"},"wordCount":264,"commentCount":0,"image":{"@id":"https:\/\/www.thebestsocial.media\/de\/der-wendler-macht-werbung-fuer-kaufland-und-die-kommentare-ueberschlagen-sich\/#primaryimage"},"thumbnailUrl":"https:\/\/www.thebestsocial.media\/de\/wp-content\/uploads\/sites\/3\/2020\/10\/wendler_thumb.png","keywords":["kaufland","Wendler","Werbung"],"articleSection":["Facebook","Instagram","Youtube"],"inLanguage":"de","potentialAction":[{"@type":"CommentAction","name":"Comment","target":["https:\/\/www.thebestsocial.media\/de\/der-wendler-macht-werbung-fuer-kaufland-und-die-kommentare-ueberschlagen-sich\/#respond"]}]},{"@type":"WebPage","@id":"https:\/\/www.thebestsocial.media\/de\/der-wendler-macht-werbung-fuer-kaufland-und-die-kommentare-ueberschlagen-sich\/","url":"https:\/\/www.thebestsocial.media\/de\/der-wendler-macht-werbung-fuer-kaufland-und-die-kommentare-ueberschlagen-sich\/","name":"Der Wendler macht Werbung f\u00fcr Kaufland und die Kommentare \u00fcberschlagen sich - The Best Social Media DE","isPartOf":{"@id":"https:\/\/www.thebestsocial.media\/de\/#website"},"primaryImageOfPage":{"@id":"https:\/\/www.thebestsocial.media\/de\/der-wendler-macht-werbung-fuer-kaufland-und-die-kommentare-ueberschlagen-sich\/#primaryimage"},"image":{"@id":"https:\/\/www.thebestsocial.media\/de\/der-wendler-macht-werbung-fuer-kaufland-und-die-kommentare-ueberschlagen-sich\/#primaryimage"},"thumbnailUrl":"https:\/\/www.thebestsocial.media\/de\/wp-content\/uploads\/sites\/3\/2020\/10\/wendler_thumb.png","datePublished":"2020-10-08T08:59:46+00:00","author":{"@id":"https:\/\/www.thebestsocial.media\/de\/#\/schema\/person\/212fdd48880db42a484e589e4e27871b"},"breadcrumb":{"@id":"https:\/\/www.thebestsocial.media\/de\/der-wendler-macht-werbung-fuer-kaufland-und-die-kommentare-ueberschlagen-sich\/#breadcrumb"},"inLanguage":"de","potentialAction":[{"@type":"ReadAction","target":["https:\/\/www.thebestsocial.media\/de\/der-wendler-macht-werbung-fuer-kaufland-und-die-kommentare-ueberschlagen-sich\/"]}]},{"@type":"ImageObject","inLanguage":"de","@id":"https:\/\/www.thebestsocial.media\/de\/der-wendler-macht-werbung-fuer-kaufland-und-die-kommentare-ueberschlagen-sich\/#primaryimage","url":"https:\/\/www.thebestsocial.media\/de\/wp-content\/uploads\/sites\/3\/2020\/10\/wendler_thumb.png","contentUrl":"https:\/\/www.thebestsocial.media\/de\/wp-content\/uploads\/sites\/3\/2020\/10\/wendler_thumb.png","width":1200,"height":628},{"@type":"BreadcrumbList","@id":"https:\/\/www.thebestsocial.media\/de\/der-wendler-macht-werbung-fuer-kaufland-und-die-kommentare-ueberschlagen-sich\/#breadcrumb","itemListElement":[{"@type":"ListItem","position":1,"name":"Home","item":"https:\/\/www.thebestsocial.media\/de\/"},{"@type":"ListItem","position":2,"name":"Der Wendler macht Werbung f\u00fcr Kaufland und die Kommentare \u00fcberschlagen sich"}]},{"@type":"WebSite","@id":"https:\/\/www.thebestsocial.media\/de\/#website","url":"https:\/\/www.thebestsocial.media\/de\/","name":"The Best Social Media DE","description":"","potentialAction":[{"@type":"SearchAction","target":{"@type":"EntryPoint","urlTemplate":"https:\/\/www.thebestsocial.media\/de\/?s={search_term_string}"},"query-input":{"@type":"PropertyValueSpecification","valueRequired":true,"valueName":"search_term_string"}}],"inLanguage":"de"},{"@type":"Person","@id":"https:\/\/www.thebestsocial.media\/de\/#\/schema\/person\/212fdd48880db42a484e589e4e27871b","name":"Benny","image":{"@type":"ImageObject","inLanguage":"de","@id":"https:\/\/secure.gravatar.com\/avatar\/559f54fceb59ac8654d5ca40291d2ab87f2a9d79e48e8e3c19582477cde950bf?s=96&d=mm&r=g","url":"https:\/\/secure.gravatar.com\/avatar\/559f54fceb59ac8654d5ca40291d2ab87f2a9d79e48e8e3c19582477cde950bf?s=96&d=mm&r=g","contentUrl":"https:\/\/secure.gravatar.com\/avatar\/559f54fceb59ac8654d5ca40291d2ab87f2a9d79e48e8e3c19582477cde950bf?s=96&d=mm&r=g","caption":"Benny"},"url":"https:\/\/www.thebestsocial.media\/de\/author\/bennykrueger\/"}]}},"amp_enabled":true,"_links":{"self":[{"href":"https:\/\/www.thebestsocial.media\/de\/wp-json\/wp\/v2\/posts\/134922","targetHints":{"allow":["GET"]}}],"collection":[{"href":"https:\/\/www.thebestsocial.media\/de\/wp-json\/wp\/v2\/posts"}],"about":[{"href":"https:\/\/www.thebestsocial.media\/de\/wp-json\/wp\/v2\/types\/post"}],"author":[{"embeddable":true,"href":"https:\/\/www.thebestsocial.media\/de\/wp-json\/wp\/v2\/users\/72"}],"replies":[{"embeddable":true,"href":"https:\/\/www.thebestsocial.media\/de\/wp-json\/wp\/v2\/comments?post=134922"}],"version-history":[{"count":5,"href":"https:\/\/www.thebestsocial.media\/de\/wp-json\/wp\/v2\/posts\/134922\/revisions"}],"predecessor-version":[{"id":134965,"href":"https:\/\/www.thebestsocial.media\/de\/wp-json\/wp\/v2\/posts\/134922\/revisions\/134965"}],"wp:featuredmedia":[{"embeddable":true,"href":"https:\/\/www.thebestsocial.media\/de\/wp-json\/wp\/v2\/media\/134946"}],"wp:attachment":[{"href":"https:\/\/www.thebestsocial.media\/de\/wp-json\/wp\/v2\/media?parent=134922"}],"wp:term":[{"taxonomy":"category","embeddable":true,"href":"https:\/\/www.thebestsocial.media\/de\/wp-json\/wp\/v2\/categories?post=134922"},{"taxonomy":"post_tag","embeddable":true,"href":"https:\/\/www.thebestsocial.media\/de\/wp-json\/wp\/v2\/tags?post=134922"}],"curies":[{"name":"wp","href":"https:\/\/api.w.org\/{rel}","templated":true}]}}