{"id":134112,"date":"2020-09-23T12:34:23","date_gmt":"2020-09-23T12:34:23","guid":{"rendered":"https:\/\/www.thebestsocial.media\/de\/?p=134112"},"modified":"2020-09-25T07:12:29","modified_gmt":"2020-09-25T07:12:29","slug":"um-kopf-und-kragen-reden-wenn-sich-influencer-unqualifiziert-ueber-rassismus-aeussern","status":"publish","type":"post","link":"https:\/\/www.thebestsocial.media\/de\/um-kopf-und-kragen-reden-wenn-sich-influencer-unqualifiziert-ueber-rassismus-aeussern\/","title":{"rendered":"Um Kopf und Kragen reden: Wenn sich Influencer unqualifiziert \u00fcber Rassismus \u00e4u\u00dfern"},"content":{"rendered":"<p>Dank Social Media bietet sich ein zuvor kaum gekanntes Ma\u00df an M\u00f6glichkeiten, seine Meinung frei zu \u00e4u\u00dfern. Das hat sowohl Vor- als auch Nachteile. Einerseits kann prinzipiell jeder von seiner Meinungsfreiheit Gebrauch machen. Insbesondere Minderheiten k\u00f6nnen sich so Geh\u00f6r verschaffen, die zuvor in traditionellen Medien wie Zeitung, Fernsehen oder Radio unterrepr\u00e4sentiert waren. Andererseits k\u00f6nnen nun Leute auf sich aufmerksam machen, die nicht die Expertise besitzen, sich zu einem bestimmten Thema gehaltvoll zu \u00e4u\u00dfern.<\/p>\n<p>W\u00e4hrend es im privaten Freundes- und Bekanntenkreis nicht weiter auff\u00e4llt, wenn jemand seine unqualifizierte Meinung oder nachweisliche Fehlinformationen von sich gibt, k\u00f6nnen solche Leute auf Social Media eine ungeheure Reichweite aufbauen, dank der sie ihre \u00dcberzeugen verbreiten. Im Gro\u00dfen zeigt sich diese Problematik beispielsweise in Form von Fake News und Verschw\u00f6rungstheorien.<\/p>\n<p>&nbsp;<\/p>\n<h3>Im kleinen zeigt sich das anhand von Influencern, die pl\u00f6tzlich den Drang versp\u00fcren, sich zu gesellschaftspolitischen Themen \u00e4u\u00dfern zu m\u00fcssen.<\/h3>\n<div class=\"dbsm-oembed\">\n<blockquote class=\"twitter-tweet\" data-width=\"500\" data-dnt=\"true\">\n<p lang=\"de\" dir=\"ltr\">SIE f\u00fchlt sich also DISKRIMINIERT als WEISSE PERSON wenn ihre DUNKELH\u00c4UTIGEN Freunde sie bitten nicht das N-WORT zu sagen ? <a href=\"https:\/\/t.co\/oWvpduEpPR\">pic.twitter.com\/oWvpduEpPR<\/a><\/p>\n<p>&mdash; \ud83d\udc95 (@lwanthead) <a href=\"https:\/\/twitter.com\/lwanthead\/status\/1308144141243682821?ref_src=twsrc%5Etfw\">September 21, 2020<\/a><\/p><\/blockquote>\n<p><script async src=\"https:\/\/platform.twitter.com\/widgets.js\" charset=\"utf-8\"><\/script><\/div>\n<p>&nbsp;<\/p>\n<h3>So versteht die junge Frau in dem obigen Videoausschnitt nicht, warum ihre &#8222;dunklen Freunde&#8220; nicht wollen, dass sie als wei\u00dfe Person das N-Wort sagt.<\/h3>\n<p>&nbsp;<\/p>\n<h3>Offensichtlich fehlt ihr das Verst\u00e4ndnis daf\u00fcr, dass gewisse W\u00f6rter mit einer bestimmten Konnotation von entsprechenden Minderheiten als beleidigend empfunden werden.<\/h3>\n<p>https:\/\/twitter.com\/schobama7\/status\/1308304582007685120<\/p>\n<blockquote class=\"twitter-tweet\" data-conversation=\"none\">\n<p lang=\"de\" dir=\"ltr\">Solang sie nichts negatives damit verbindet alles gut ich gehe auch morgen auf die stra\u00dfe und beleidige randome leute als hurensohn. Solange ich nichts negatives mit dem Wort verbinde.<\/p>\n<p>&mdash; kaltesOettinger (@KaltesOettinger) <a href=\"https:\/\/twitter.com\/KaltesOettinger\/status\/1308166196567715842?ref_src=twsrc%5Etfw\">September 21, 2020<\/a><\/p><\/blockquote>\n<p> <script async src=\"https:\/\/platform.twitter.com\/widgets.js\" charset=\"utf-8\"><\/script><\/p>\n<p>&nbsp;<\/p>\n<h3>In einem anderen Fall beschwerte sich die Tiktokerin sonnyloop, dass sie wegen ihrer hellen Haut von &#8222;dunklen Leuten rassistisch behandelt wurde&#8220;, was ihrer Meinung nichts anderes als Rassismus sei. <a href=\"https:\/\/www.thebestsocial.media\/de\/ich-bin-auch-von-rassismus-betroffen-influencerin-mit-fragwuerdigem-statement\/\" rel=\"noopener noreferrer\" target=\"_blank\">(The Best Social berichtete.)<\/a><\/h3>\n<blockquote class=\"twitter-tweet\" data-conversation=\"none\">\n<p lang=\"de\" dir=\"ltr\">ihr wisst, ich calle nie leute einfach so aus und hab kb auf influencer-bashing. aber nachdem ihr das in den dms schon nett erkl\u00e4rt und NULL drauf eingegangen wurde, platzt mir einfach der kragen <a href=\"https:\/\/t.co\/hgVuoaX5ha\">pic.twitter.com\/hgVuoaX5ha<\/a><\/p>\n<p>&mdash; Miriam Davoudvandi (@labiledeutsche) <a href=\"https:\/\/twitter.com\/labiledeutsche\/status\/1267220677616173056?ref_src=twsrc%5Etfw\">May 31, 2020<\/a><\/p><\/blockquote>\n<p> <script async src=\"https:\/\/platform.twitter.com\/widgets.js\" charset=\"utf-8\"><\/script><\/p>\n<p>&nbsp;<\/p>\n<h3>Was sonnyloop offensichtlich nicht begriff: Rassismus beschr\u00e4nkt sich nicht allein darauf, dass man wegen seiner \u00e4u\u00dferen Erscheinung beleidigt wird.<\/h3>\n<p>&nbsp;<\/p>\n<h3>Nicht zuletzt erfahren bestimmte Personengruppen eine teilweise strukturelle Diskriminierung, durch die sie sp\u00fcrbare Nachteile in ihrem Alltagsleben erleben &#8211; zum Beispiel bei der Job- oder Wohnungssuche.<\/h3>\n<blockquote class=\"twitter-tweet\" data-conversation=\"none\">\n<p lang=\"de\" dir=\"ltr\">\u201eSeid nicht rassistisch, das ist einfach behindert.\u201c <\/p>\n<p>Wie sonnyloops 2020 auszog, um eigenh\u00e4ndig Rassismus abzuschaffen.<\/p>\n<p>&mdash; Saba MBoundza (@saba_mboundza) <a href=\"https:\/\/twitter.com\/saba_mboundza\/status\/1267223986208944134?ref_src=twsrc%5Etfw\">May 31, 2020<\/a><\/p><\/blockquote>\n<p> <script async src=\"https:\/\/platform.twitter.com\/widgets.js\" charset=\"utf-8\"><\/script><\/p>\n<blockquote class=\"twitter-tweet\" data-conversation=\"none\">\n<p lang=\"de\" dir=\"ltr\">Erstmal behindert als Beleidigung nutzen, w\u00e4hrend man Rassismus gegen wei\u00dfe propagiert.<br \/>\ud83d\udeae\ud83d\udeae\ud83d\udeae\ud83d\udeae<\/p>\n<p>&mdash; Minzdrops (@wolkenfluff) <a href=\"https:\/\/twitter.com\/wolkenfluff\/status\/1267358483512467458?ref_src=twsrc%5Etfw\">June 1, 2020<\/a><\/p><\/blockquote>\n<p> <script async src=\"https:\/\/platform.twitter.com\/widgets.js\" charset=\"utf-8\"><\/script><\/p>\n<p>&nbsp;<\/p>\n<h3>Aber dass manche Influencer die Dimensionen der Themen, \u00fcber die sie sprechen, nicht erfassen oder nicht in der Lage sind zu differenzieren, ist nur ein Aspekt.<\/h3>\n<p>&nbsp;<\/p>\n<h3>Ein anderer ist, dass mitunter eine Art naive Unschuld an den Tag gelegt wird, die dem Thema nicht gerecht wird. Nat\u00fcrlich kann man den Leuten nicht absprechen, dass sie tats\u00e4chlich betroffen sind. Aber durch das allgemeine Influencer-Image steht schnell der Vorwurf im Raum, solche Botschaften seien gek\u00fcnstelt oder sogar geheuchelt.<\/h3>\n<blockquote class=\"twitter-tweet\" data-conversation=\"none\">\n<p lang=\"fr\" dir=\"ltr\">satire??! oder??? <a href=\"https:\/\/t.co\/3CZw6otxY0\">pic.twitter.com\/3CZw6otxY0<\/a><\/p>\n<p>&mdash; \u262d Berfo (@LeninsBabe) <a href=\"https:\/\/twitter.com\/LeninsBabe\/status\/1306755926985187328?ref_src=twsrc%5Etfw\">September 18, 2020<\/a><\/p><\/blockquote>\n<p> <script async src=\"https:\/\/platform.twitter.com\/widgets.js\" charset=\"utf-8\"><\/script><\/p>\n<p>&nbsp;<\/p>\n<h3>Userin Berfo, die den obigen Videoausschnitt als Beispiel gepostet hat, bringt ihre Sicht auf Influencer mit diesem sarkastischen Tweet auf den Punkt.<\/h3>\n<p>&nbsp;<\/p>\n<h3>In diesem Sinne machen sich die Betroffenheit unglaubw\u00fcrdig, da sie in ihrem bequemen Heim mit &#8222;Gedanken und Gebeten&#8220; auf eine bessere Welt hoffen, anstatt beispielsweise ihre Einnahmen zu spenden, oder solche Botschaften nur senden, um den Umsatz zu steigern.<\/h3>\n<p>https:\/\/twitter.com\/MarxRevo\/status\/1306740111833432065<\/p>\n<p>&nbsp;<\/p>\n<h3>Auf Twitter und Instagram wurde Berfo heftig kritisiert, sich auf &#8222;wei\u00dfe&#8220; Influencer zu beziehen. Doch scheint die Kritik auch hier einen Punkt zu \u00fcbersehen. Der Tweet l\u00e4sst sich als Hinweis auf die sogenannten &#8222;wei\u00dfen Privilegien&#8220; lesen. Denn wie gesagt, Rassismus geht tiefer.<\/h3>\n<p>&nbsp;<\/p>\n<h3>In einer wei\u00dfen, mitteleurop\u00e4ischen Gesellschaft werden lieber wei\u00dfe Menschen in Film, Fernsehen oder Internet gezeigt und angeschaut als nicht nicht-wei\u00dfe; wenn manche Influencer Kleidung oder Make-up in die Kamera halten und damit Geld verdienen, profitieren sie indirekt von den Produktionsbedingungen in den jeweiligen Produktionsl\u00e4ndern.<\/h3>\n<blockquote class=\"twitter-tweet\" data-conversation=\"none\">\n<p lang=\"de\" dir=\"ltr\">Unn\u00f6tig, da jetzt White hinzuschreiben. Sag doch einfach alle Influencer, statt alles direkt wieder auf Hautfarbe zu schieben.<br \/>Genau das ist der Grund warum es niemals Gleichheit zwischen Hautfarben geben wird<\/p>\n<p>&mdash; Menon (@MenonPlayz) <a href=\"https:\/\/twitter.com\/MenonPlayz\/status\/1307232832184614917?ref_src=twsrc%5Etfw\">September 19, 2020<\/a><\/p><\/blockquote>\n<p> <script async src=\"https:\/\/platform.twitter.com\/widgets.js\" charset=\"utf-8\"><\/script><\/p>\n<p><img loading=\"lazy\" decoding=\"async\" src=\"https:\/\/www.thebestsocial.media\/de\/wp-content\/uploads\/sites\/3\/2020\/09\/insta1a.png\" alt=\"\" width=\"306\" height=\"307\" class=\"alignnone size-full wp-image-134136\" srcset=\"https:\/\/www.thebestsocial.media\/de\/wp-content\/uploads\/sites\/3\/2020\/09\/insta1a.png 306w, https:\/\/www.thebestsocial.media\/de\/wp-content\/uploads\/sites\/3\/2020\/09\/insta1a-300x300.png 300w, https:\/\/www.thebestsocial.media\/de\/wp-content\/uploads\/sites\/3\/2020\/09\/insta1a-150x150.png 150w\" sizes=\"auto, (max-width: 306px) 100vw, 306px\" \/><\/p>\n<p><img loading=\"lazy\" decoding=\"async\" src=\"https:\/\/www.thebestsocial.media\/de\/wp-content\/uploads\/sites\/3\/2020\/09\/insta2a.png\" alt=\"\" width=\"303\" height=\"287\" class=\"alignnone size-full wp-image-134143\" srcset=\"https:\/\/www.thebestsocial.media\/de\/wp-content\/uploads\/sites\/3\/2020\/09\/insta2a.png 303w, https:\/\/www.thebestsocial.media\/de\/wp-content\/uploads\/sites\/3\/2020\/09\/insta2a-300x284.png 300w\" sizes=\"auto, (max-width: 303px) 100vw, 303px\" \/><\/p>\n<p>&nbsp;<\/p>\n<h3>Die drei gezeigten Beispiele riefen Kritik hervor, weil sie sich naiv und unqualifiziert \u00fcber Rassismus und andere gesellschaftspolitische Themen \u00e4u\u00dferten.<\/h3>\n<p>&nbsp;<br \/>\nWie gesagt mag so etwas im Privaten nicht weiter problematisch sein und es mag heutzutage auch deutlich schlimmere Extreme geben, aber Kritik ist insofern gerechtfertigt, da diese Leute eine gewisse mediale Reichweite erzielen und mit ihren \u00c4u\u00dferungen nicht zuletzt junge, unerfahrene Menschen erreichen. Solange sie nur \u00fcber Mode, Make-up und ihren Alltag erz\u00e4hlen, ist das harmlos, aber gerade \u00fcber sensible Themen sollte nicht ohne eine gewisse Expertise gesprochen werden. Zudem l\u00e4uft man Gefahr, sich unglaubw\u00fcrdig zu machen.<\/p>\n<p>Im Gegensatz dazu gibt es auf YouTube, Instagram und Tiktok viele qualifizierte Personen, die sich ad\u00e4quat mit Rassismus und anderen gesellschaftspolitischen Themen auseinandersetzen, etwas zu sagen haben und denen man lieber zuh\u00f6ren und Aufmerksamkeit schenken sollte.<\/p>\n<p>&#8212;<br \/>\nVielen Dank an alle f\u00fcr die Posts.<br \/>\n&#8212;<br \/>\n<strong>Keine Influencer! Kein Foodporn! Nur ganz viel Spa\u00df &#8211; bei uns auf Instagram:<\/strong><br \/>\nhttps:\/\/www.instagram.com\/p\/CFZkX4JA2Uh\/<\/p>\n","protected":false},"excerpt":{"rendered":"<p>Dank Social Media bietet sich ein zuvor kaum gekanntes Ma\u00df an M\u00f6glichkeiten, seine Meinung frei zu \u00e4u\u00dfern. Das hat sowohl Vor- als auch Nachteile. Einerseits&#8230;<\/p>\n","protected":false},"author":72,"featured_media":134185,"comment_status":"open","ping_status":"open","sticky":false,"template":"","format":"standard","meta":{"_acf_changed":false,"footnotes":""},"categories":[1777],"tags":[929,629],"class_list":["post-134112","post","type-post","status-publish","format-standard","has-post-thumbnail","hentry","category-influencer","tag-influencer","tag-rassismus"],"acf":[],"yoast_head":"<!-- This site is optimized with the Yoast SEO plugin v27.5 - https:\/\/yoast.com\/product\/yoast-seo-wordpress\/ -->\n<title>Um Kopf und Kragen reden: Wenn sich Influencer unqualifiziert \u00fcber Rassismus \u00e4u\u00dfern - The Best Social Media DE<\/title>\n<meta name=\"robots\" content=\"index, follow, max-snippet:-1, max-image-preview:large, max-video-preview:-1\" \/>\n<link rel=\"canonical\" href=\"https:\/\/www.thebestsocial.media\/de\/um-kopf-und-kragen-reden-wenn-sich-influencer-unqualifiziert-ueber-rassismus-aeussern\/\" \/>\n<meta property=\"og:locale\" content=\"de_DE\" \/>\n<meta property=\"og:type\" content=\"article\" \/>\n<meta property=\"og:title\" content=\"Um Kopf und Kragen reden: Wenn sich Influencer unqualifiziert \u00fcber Rassismus \u00e4u\u00dfern\" \/>\n<meta property=\"og:description\" content=\"Dank Social Media bietet sich ein zuvor kaum gekanntes Ma\u00df an M\u00f6glichkeiten, seine Meinung frei zu \u00e4u\u00dfern. Das hat sowohl Vor- als auch Nachteile. Einerseits...\" \/>\n<meta property=\"og:url\" content=\"https:\/\/www.thebestsocial.media\/de\/um-kopf-und-kragen-reden-wenn-sich-influencer-unqualifiziert-ueber-rassismus-aeussern\/\" \/>\n<meta property=\"og:site_name\" content=\"The Best Social Media DE\" \/>\n<meta property=\"article:published_time\" content=\"2020-09-23T12:34:23+00:00\" \/>\n<meta property=\"article:modified_time\" content=\"2020-09-25T07:12:29+00:00\" \/>\n<meta property=\"og:image\" content=\"https:\/\/www.thebestsocial.media\/de\/wp-content\/uploads\/sites\/3\/2020\/09\/influencer_fb.png\" \/>\n\t<meta property=\"og:image:width\" content=\"1200\" \/>\n\t<meta property=\"og:image:height\" content=\"628\" \/>\n\t<meta property=\"og:image:type\" content=\"image\/png\" \/>\n<meta name=\"author\" content=\"Benny\" \/>\n<meta name=\"twitter:card\" content=\"summary_large_image\" \/>\n<meta name=\"twitter:label1\" content=\"Verfasst von\" \/>\n\t<meta name=\"twitter:data1\" content=\"Benny\" \/>\n\t<meta name=\"twitter:label2\" content=\"Gesch\u00e4tzte Lesezeit\" \/>\n\t<meta name=\"twitter:data2\" content=\"4\u00a0Minuten\" \/>\n<script type=\"application\/ld+json\" class=\"yoast-schema-graph\">{\"@context\":\"https:\\\/\\\/schema.org\",\"@graph\":[{\"@type\":\"Article\",\"@id\":\"https:\\\/\\\/www.thebestsocial.media\\\/de\\\/um-kopf-und-kragen-reden-wenn-sich-influencer-unqualifiziert-ueber-rassismus-aeussern\\\/#article\",\"isPartOf\":{\"@id\":\"https:\\\/\\\/www.thebestsocial.media\\\/de\\\/um-kopf-und-kragen-reden-wenn-sich-influencer-unqualifiziert-ueber-rassismus-aeussern\\\/\"},\"author\":{\"name\":\"Benny\",\"@id\":\"https:\\\/\\\/www.thebestsocial.media\\\/de\\\/#\\\/schema\\\/person\\\/212fdd48880db42a484e589e4e27871b\"},\"headline\":\"Um Kopf und Kragen reden: Wenn sich Influencer unqualifiziert \u00fcber Rassismus \u00e4u\u00dfern\",\"datePublished\":\"2020-09-23T12:34:23+00:00\",\"dateModified\":\"2020-09-25T07:12:29+00:00\",\"mainEntityOfPage\":{\"@id\":\"https:\\\/\\\/www.thebestsocial.media\\\/de\\\/um-kopf-und-kragen-reden-wenn-sich-influencer-unqualifiziert-ueber-rassismus-aeussern\\\/\"},\"wordCount\":901,\"commentCount\":0,\"image\":{\"@id\":\"https:\\\/\\\/www.thebestsocial.media\\\/de\\\/um-kopf-und-kragen-reden-wenn-sich-influencer-unqualifiziert-ueber-rassismus-aeussern\\\/#primaryimage\"},\"thumbnailUrl\":\"https:\\\/\\\/www.thebestsocial.media\\\/de\\\/wp-content\\\/uploads\\\/sites\\\/3\\\/2020\\\/09\\\/influencer_thumb.png\",\"keywords\":[\"Influencer\",\"Rassismus\"],\"articleSection\":[\"Influencer\"],\"inLanguage\":\"de\",\"potentialAction\":[{\"@type\":\"CommentAction\",\"name\":\"Comment\",\"target\":[\"https:\\\/\\\/www.thebestsocial.media\\\/de\\\/um-kopf-und-kragen-reden-wenn-sich-influencer-unqualifiziert-ueber-rassismus-aeussern\\\/#respond\"]}]},{\"@type\":\"WebPage\",\"@id\":\"https:\\\/\\\/www.thebestsocial.media\\\/de\\\/um-kopf-und-kragen-reden-wenn-sich-influencer-unqualifiziert-ueber-rassismus-aeussern\\\/\",\"url\":\"https:\\\/\\\/www.thebestsocial.media\\\/de\\\/um-kopf-und-kragen-reden-wenn-sich-influencer-unqualifiziert-ueber-rassismus-aeussern\\\/\",\"name\":\"Um Kopf und Kragen reden: Wenn sich Influencer unqualifiziert \u00fcber Rassismus \u00e4u\u00dfern - The Best Social Media DE\",\"isPartOf\":{\"@id\":\"https:\\\/\\\/www.thebestsocial.media\\\/de\\\/#website\"},\"primaryImageOfPage\":{\"@id\":\"https:\\\/\\\/www.thebestsocial.media\\\/de\\\/um-kopf-und-kragen-reden-wenn-sich-influencer-unqualifiziert-ueber-rassismus-aeussern\\\/#primaryimage\"},\"image\":{\"@id\":\"https:\\\/\\\/www.thebestsocial.media\\\/de\\\/um-kopf-und-kragen-reden-wenn-sich-influencer-unqualifiziert-ueber-rassismus-aeussern\\\/#primaryimage\"},\"thumbnailUrl\":\"https:\\\/\\\/www.thebestsocial.media\\\/de\\\/wp-content\\\/uploads\\\/sites\\\/3\\\/2020\\\/09\\\/influencer_thumb.png\",\"datePublished\":\"2020-09-23T12:34:23+00:00\",\"dateModified\":\"2020-09-25T07:12:29+00:00\",\"author\":{\"@id\":\"https:\\\/\\\/www.thebestsocial.media\\\/de\\\/#\\\/schema\\\/person\\\/212fdd48880db42a484e589e4e27871b\"},\"breadcrumb\":{\"@id\":\"https:\\\/\\\/www.thebestsocial.media\\\/de\\\/um-kopf-und-kragen-reden-wenn-sich-influencer-unqualifiziert-ueber-rassismus-aeussern\\\/#breadcrumb\"},\"inLanguage\":\"de\",\"potentialAction\":[{\"@type\":\"ReadAction\",\"target\":[\"https:\\\/\\\/www.thebestsocial.media\\\/de\\\/um-kopf-und-kragen-reden-wenn-sich-influencer-unqualifiziert-ueber-rassismus-aeussern\\\/\"]}]},{\"@type\":\"ImageObject\",\"inLanguage\":\"de\",\"@id\":\"https:\\\/\\\/www.thebestsocial.media\\\/de\\\/um-kopf-und-kragen-reden-wenn-sich-influencer-unqualifiziert-ueber-rassismus-aeussern\\\/#primaryimage\",\"url\":\"https:\\\/\\\/www.thebestsocial.media\\\/de\\\/wp-content\\\/uploads\\\/sites\\\/3\\\/2020\\\/09\\\/influencer_thumb.png\",\"contentUrl\":\"https:\\\/\\\/www.thebestsocial.media\\\/de\\\/wp-content\\\/uploads\\\/sites\\\/3\\\/2020\\\/09\\\/influencer_thumb.png\",\"width\":1200,\"height\":628},{\"@type\":\"BreadcrumbList\",\"@id\":\"https:\\\/\\\/www.thebestsocial.media\\\/de\\\/um-kopf-und-kragen-reden-wenn-sich-influencer-unqualifiziert-ueber-rassismus-aeussern\\\/#breadcrumb\",\"itemListElement\":[{\"@type\":\"ListItem\",\"position\":1,\"name\":\"Home\",\"item\":\"https:\\\/\\\/www.thebestsocial.media\\\/de\\\/\"},{\"@type\":\"ListItem\",\"position\":2,\"name\":\"Um Kopf und Kragen reden: Wenn sich Influencer unqualifiziert \u00fcber Rassismus \u00e4u\u00dfern\"}]},{\"@type\":\"WebSite\",\"@id\":\"https:\\\/\\\/www.thebestsocial.media\\\/de\\\/#website\",\"url\":\"https:\\\/\\\/www.thebestsocial.media\\\/de\\\/\",\"name\":\"The Best Social Media DE\",\"description\":\"\",\"potentialAction\":[{\"@type\":\"SearchAction\",\"target\":{\"@type\":\"EntryPoint\",\"urlTemplate\":\"https:\\\/\\\/www.thebestsocial.media\\\/de\\\/?s={search_term_string}\"},\"query-input\":{\"@type\":\"PropertyValueSpecification\",\"valueRequired\":true,\"valueName\":\"search_term_string\"}}],\"inLanguage\":\"de\"},{\"@type\":\"Person\",\"@id\":\"https:\\\/\\\/www.thebestsocial.media\\\/de\\\/#\\\/schema\\\/person\\\/212fdd48880db42a484e589e4e27871b\",\"name\":\"Benny\",\"image\":{\"@type\":\"ImageObject\",\"inLanguage\":\"de\",\"@id\":\"https:\\\/\\\/secure.gravatar.com\\\/avatar\\\/559f54fceb59ac8654d5ca40291d2ab87f2a9d79e48e8e3c19582477cde950bf?s=96&d=mm&r=g\",\"url\":\"https:\\\/\\\/secure.gravatar.com\\\/avatar\\\/559f54fceb59ac8654d5ca40291d2ab87f2a9d79e48e8e3c19582477cde950bf?s=96&d=mm&r=g\",\"contentUrl\":\"https:\\\/\\\/secure.gravatar.com\\\/avatar\\\/559f54fceb59ac8654d5ca40291d2ab87f2a9d79e48e8e3c19582477cde950bf?s=96&d=mm&r=g\",\"caption\":\"Benny\"},\"url\":\"https:\\\/\\\/www.thebestsocial.media\\\/de\\\/author\\\/bennykrueger\\\/\"}]}<\/script>\n<!-- \/ Yoast SEO plugin. -->","yoast_head_json":{"title":"Um Kopf und Kragen reden: Wenn sich Influencer unqualifiziert \u00fcber Rassismus \u00e4u\u00dfern - The Best Social Media DE","robots":{"index":"index","follow":"follow","max-snippet":"max-snippet:-1","max-image-preview":"max-image-preview:large","max-video-preview":"max-video-preview:-1"},"canonical":"https:\/\/www.thebestsocial.media\/de\/um-kopf-und-kragen-reden-wenn-sich-influencer-unqualifiziert-ueber-rassismus-aeussern\/","og_locale":"de_DE","og_type":"article","og_title":"Um Kopf und Kragen reden: Wenn sich Influencer unqualifiziert \u00fcber Rassismus \u00e4u\u00dfern","og_description":"Dank Social Media bietet sich ein zuvor kaum gekanntes Ma\u00df an M\u00f6glichkeiten, seine Meinung frei zu \u00e4u\u00dfern. Das hat sowohl Vor- als auch Nachteile. Einerseits...","og_url":"https:\/\/www.thebestsocial.media\/de\/um-kopf-und-kragen-reden-wenn-sich-influencer-unqualifiziert-ueber-rassismus-aeussern\/","og_site_name":"The Best Social Media DE","article_published_time":"2020-09-23T12:34:23+00:00","article_modified_time":"2020-09-25T07:12:29+00:00","og_image":[{"width":1200,"height":628,"url":"https:\/\/www.thebestsocial.media\/de\/wp-content\/uploads\/sites\/3\/2020\/09\/influencer_fb.png","type":"image\/png"}],"author":"Benny","twitter_card":"summary_large_image","twitter_misc":{"Verfasst von":"Benny","Gesch\u00e4tzte Lesezeit":"4\u00a0Minuten"},"schema":{"@context":"https:\/\/schema.org","@graph":[{"@type":"Article","@id":"https:\/\/www.thebestsocial.media\/de\/um-kopf-und-kragen-reden-wenn-sich-influencer-unqualifiziert-ueber-rassismus-aeussern\/#article","isPartOf":{"@id":"https:\/\/www.thebestsocial.media\/de\/um-kopf-und-kragen-reden-wenn-sich-influencer-unqualifiziert-ueber-rassismus-aeussern\/"},"author":{"name":"Benny","@id":"https:\/\/www.thebestsocial.media\/de\/#\/schema\/person\/212fdd48880db42a484e589e4e27871b"},"headline":"Um Kopf und Kragen reden: Wenn sich Influencer unqualifiziert \u00fcber Rassismus \u00e4u\u00dfern","datePublished":"2020-09-23T12:34:23+00:00","dateModified":"2020-09-25T07:12:29+00:00","mainEntityOfPage":{"@id":"https:\/\/www.thebestsocial.media\/de\/um-kopf-und-kragen-reden-wenn-sich-influencer-unqualifiziert-ueber-rassismus-aeussern\/"},"wordCount":901,"commentCount":0,"image":{"@id":"https:\/\/www.thebestsocial.media\/de\/um-kopf-und-kragen-reden-wenn-sich-influencer-unqualifiziert-ueber-rassismus-aeussern\/#primaryimage"},"thumbnailUrl":"https:\/\/www.thebestsocial.media\/de\/wp-content\/uploads\/sites\/3\/2020\/09\/influencer_thumb.png","keywords":["Influencer","Rassismus"],"articleSection":["Influencer"],"inLanguage":"de","potentialAction":[{"@type":"CommentAction","name":"Comment","target":["https:\/\/www.thebestsocial.media\/de\/um-kopf-und-kragen-reden-wenn-sich-influencer-unqualifiziert-ueber-rassismus-aeussern\/#respond"]}]},{"@type":"WebPage","@id":"https:\/\/www.thebestsocial.media\/de\/um-kopf-und-kragen-reden-wenn-sich-influencer-unqualifiziert-ueber-rassismus-aeussern\/","url":"https:\/\/www.thebestsocial.media\/de\/um-kopf-und-kragen-reden-wenn-sich-influencer-unqualifiziert-ueber-rassismus-aeussern\/","name":"Um Kopf und Kragen reden: Wenn sich Influencer unqualifiziert \u00fcber Rassismus \u00e4u\u00dfern - The Best Social Media DE","isPartOf":{"@id":"https:\/\/www.thebestsocial.media\/de\/#website"},"primaryImageOfPage":{"@id":"https:\/\/www.thebestsocial.media\/de\/um-kopf-und-kragen-reden-wenn-sich-influencer-unqualifiziert-ueber-rassismus-aeussern\/#primaryimage"},"image":{"@id":"https:\/\/www.thebestsocial.media\/de\/um-kopf-und-kragen-reden-wenn-sich-influencer-unqualifiziert-ueber-rassismus-aeussern\/#primaryimage"},"thumbnailUrl":"https:\/\/www.thebestsocial.media\/de\/wp-content\/uploads\/sites\/3\/2020\/09\/influencer_thumb.png","datePublished":"2020-09-23T12:34:23+00:00","dateModified":"2020-09-25T07:12:29+00:00","author":{"@id":"https:\/\/www.thebestsocial.media\/de\/#\/schema\/person\/212fdd48880db42a484e589e4e27871b"},"breadcrumb":{"@id":"https:\/\/www.thebestsocial.media\/de\/um-kopf-und-kragen-reden-wenn-sich-influencer-unqualifiziert-ueber-rassismus-aeussern\/#breadcrumb"},"inLanguage":"de","potentialAction":[{"@type":"ReadAction","target":["https:\/\/www.thebestsocial.media\/de\/um-kopf-und-kragen-reden-wenn-sich-influencer-unqualifiziert-ueber-rassismus-aeussern\/"]}]},{"@type":"ImageObject","inLanguage":"de","@id":"https:\/\/www.thebestsocial.media\/de\/um-kopf-und-kragen-reden-wenn-sich-influencer-unqualifiziert-ueber-rassismus-aeussern\/#primaryimage","url":"https:\/\/www.thebestsocial.media\/de\/wp-content\/uploads\/sites\/3\/2020\/09\/influencer_thumb.png","contentUrl":"https:\/\/www.thebestsocial.media\/de\/wp-content\/uploads\/sites\/3\/2020\/09\/influencer_thumb.png","width":1200,"height":628},{"@type":"BreadcrumbList","@id":"https:\/\/www.thebestsocial.media\/de\/um-kopf-und-kragen-reden-wenn-sich-influencer-unqualifiziert-ueber-rassismus-aeussern\/#breadcrumb","itemListElement":[{"@type":"ListItem","position":1,"name":"Home","item":"https:\/\/www.thebestsocial.media\/de\/"},{"@type":"ListItem","position":2,"name":"Um Kopf und Kragen reden: Wenn sich Influencer unqualifiziert \u00fcber Rassismus \u00e4u\u00dfern"}]},{"@type":"WebSite","@id":"https:\/\/www.thebestsocial.media\/de\/#website","url":"https:\/\/www.thebestsocial.media\/de\/","name":"The Best Social Media DE","description":"","potentialAction":[{"@type":"SearchAction","target":{"@type":"EntryPoint","urlTemplate":"https:\/\/www.thebestsocial.media\/de\/?s={search_term_string}"},"query-input":{"@type":"PropertyValueSpecification","valueRequired":true,"valueName":"search_term_string"}}],"inLanguage":"de"},{"@type":"Person","@id":"https:\/\/www.thebestsocial.media\/de\/#\/schema\/person\/212fdd48880db42a484e589e4e27871b","name":"Benny","image":{"@type":"ImageObject","inLanguage":"de","@id":"https:\/\/secure.gravatar.com\/avatar\/559f54fceb59ac8654d5ca40291d2ab87f2a9d79e48e8e3c19582477cde950bf?s=96&d=mm&r=g","url":"https:\/\/secure.gravatar.com\/avatar\/559f54fceb59ac8654d5ca40291d2ab87f2a9d79e48e8e3c19582477cde950bf?s=96&d=mm&r=g","contentUrl":"https:\/\/secure.gravatar.com\/avatar\/559f54fceb59ac8654d5ca40291d2ab87f2a9d79e48e8e3c19582477cde950bf?s=96&d=mm&r=g","caption":"Benny"},"url":"https:\/\/www.thebestsocial.media\/de\/author\/bennykrueger\/"}]}},"amp_enabled":true,"_links":{"self":[{"href":"https:\/\/www.thebestsocial.media\/de\/wp-json\/wp\/v2\/posts\/134112","targetHints":{"allow":["GET"]}}],"collection":[{"href":"https:\/\/www.thebestsocial.media\/de\/wp-json\/wp\/v2\/posts"}],"about":[{"href":"https:\/\/www.thebestsocial.media\/de\/wp-json\/wp\/v2\/types\/post"}],"author":[{"embeddable":true,"href":"https:\/\/www.thebestsocial.media\/de\/wp-json\/wp\/v2\/users\/72"}],"replies":[{"embeddable":true,"href":"https:\/\/www.thebestsocial.media\/de\/wp-json\/wp\/v2\/comments?post=134112"}],"version-history":[{"count":15,"href":"https:\/\/www.thebestsocial.media\/de\/wp-json\/wp\/v2\/posts\/134112\/revisions"}],"predecessor-version":[{"id":134377,"href":"https:\/\/www.thebestsocial.media\/de\/wp-json\/wp\/v2\/posts\/134112\/revisions\/134377"}],"wp:featuredmedia":[{"embeddable":true,"href":"https:\/\/www.thebestsocial.media\/de\/wp-json\/wp\/v2\/media\/134185"}],"wp:attachment":[{"href":"https:\/\/www.thebestsocial.media\/de\/wp-json\/wp\/v2\/media?parent=134112"}],"wp:term":[{"taxonomy":"category","embeddable":true,"href":"https:\/\/www.thebestsocial.media\/de\/wp-json\/wp\/v2\/categories?post=134112"},{"taxonomy":"post_tag","embeddable":true,"href":"https:\/\/www.thebestsocial.media\/de\/wp-json\/wp\/v2\/tags?post=134112"}],"curies":[{"name":"wp","href":"https:\/\/api.w.org\/{rel}","templated":true}]}}