{"id":133528,"date":"2020-09-11T07:58:16","date_gmt":"2020-09-11T07:58:16","guid":{"rendered":"https:\/\/www.thebestsocial.media\/de\/?p=133528"},"modified":"2020-09-11T07:59:17","modified_gmt":"2020-09-11T07:59:17","slug":"wenig-laerm-um-nichts-die-besten-reaktionen-zum-missglueckten-warntag","status":"publish","type":"post","link":"https:\/\/www.thebestsocial.media\/de\/wenig-laerm-um-nichts-die-besten-reaktionen-zum-missglueckten-warntag\/","title":{"rendered":"Wenig L\u00e4rm um nichts: Die besten Reaktionen zum missgl\u00fcckten Warntag"},"content":{"rendered":"<p>Da haben wir uns gestern alle gefreut, sind extra fr\u00fch aufgestanden, haben uns schick gemacht, weil in unserem pandemie\u00f6den Leben endlich mal wieder was Spannendes passiert&#8230; und dann ist der gro\u00dfangek\u00fcndigte bundesdeutsche Warntag ein veritabler Schuss in den Ofen. Keine Sirenen, nix los. <\/p>\n<p><strong>Allerorts machte sich Entt\u00e4uschung breit. <\/strong><\/p>\n<div class=\"dbsm-oembed\">\n<blockquote class=\"twitter-tweet\" data-width=\"500\" data-dnt=\"true\">\n<p lang=\"de\" dir=\"ltr\">Mein Sexleben            <a href=\"https:\/\/twitter.com\/hashtag\/Warntag2020?src=hash&amp;ref_src=twsrc%5Etfw\">#Warntag2020<\/a> <br \/>                            \ud83e\udd1d\ud83c\udffb <br \/>                   Entt\u00e4uschend<\/p>\n<p>&mdash; VVIO (@Sussuvio) <a href=\"https:\/\/twitter.com\/Sussuvio\/status\/1303984488654004224?ref_src=twsrc%5Etfw\">September 10, 2020<\/a><\/p><\/blockquote>\n<p><script async src=\"https:\/\/platform.twitter.com\/widgets.js\" charset=\"utf-8\"><\/script><\/div>\n<div class=\"dbsm-oembed\">\n<blockquote class=\"twitter-tweet\" data-width=\"500\" data-dnt=\"true\">\n<p lang=\"de\" dir=\"ltr\">In Sachen Erwartungshaltung vs. Umsetzung ist der <a href=\"https:\/\/twitter.com\/hashtag\/Warntag2020?src=hash&amp;ref_src=twsrc%5Etfw\">#Warntag2020<\/a> schon eher die letzte Staffel Game of Thrones.<\/p>\n<p>&mdash; Thomas Poppe (@DerPoppe) <a href=\"https:\/\/twitter.com\/DerPoppe\/status\/1303985206005829632?ref_src=twsrc%5Etfw\">September 10, 2020<\/a><\/p><\/blockquote>\n<p><script async src=\"https:\/\/platform.twitter.com\/widgets.js\" charset=\"utf-8\"><\/script><\/div>\n<p><strong>Wut. <\/strong><\/p>\n<div class=\"dbsm-oembed\">\n<blockquote class=\"twitter-tweet\" data-width=\"500\" data-dnt=\"true\">\n<p lang=\"de\" dir=\"ltr\">ICH F\u00dcHLE MICH HEUTE UNZUREICHEND GEWARNT!!1! \ud83d\ude21<\/p>\n<p> <a href=\"https:\/\/twitter.com\/hashtag\/Warntag2020?src=hash&amp;ref_src=twsrc%5Etfw\">#Warntag2020<\/a><\/p>\n<p>&mdash; Chica McNugget (@suesssauersosse) <a href=\"https:\/\/twitter.com\/suesssauersosse\/status\/1304042455730446336?ref_src=twsrc%5Etfw\">September 10, 2020<\/a><\/p><\/blockquote>\n<p><script async src=\"https:\/\/platform.twitter.com\/widgets.js\" charset=\"utf-8\"><\/script><\/div>\n<p><strong>Und Sorge. <\/strong><\/p>\n<div class=\"dbsm-oembed\">\n<blockquote class=\"twitter-tweet\" data-width=\"500\" data-dnt=\"true\">\n<p lang=\"de\" dir=\"ltr\">Test best\u00e4tigt, im Ernstfall sind wir am Arsch <a href=\"https:\/\/twitter.com\/hashtag\/Warntag2020?src=hash&amp;ref_src=twsrc%5Etfw\">#Warntag2020<\/a><\/p>\n<p>&mdash; Luna (@Lunaoderso) <a href=\"https:\/\/twitter.com\/Lunaoderso\/status\/1303984974283124736?ref_src=twsrc%5Etfw\">September 10, 2020<\/a><\/p><\/blockquote>\n<p><script async src=\"https:\/\/platform.twitter.com\/widgets.js\" charset=\"utf-8\"><\/script><\/div>\n<p><strong>Auch der Geh\u00f6rlosenbund best\u00e4tigte die Nichtwarnung. <\/strong><\/p>\n<div class=\"dbsm-oembed\">\n<blockquote class=\"twitter-tweet\" data-width=\"500\" data-dnt=\"true\">\n<p lang=\"de\" dir=\"ltr\">Also, wir haben nix geh\u00f6rt.<\/p>\n<p>&mdash; Deutscher Geh\u00f6rlosen-Bund e.V. (@gehoerlosenbund) <a href=\"https:\/\/twitter.com\/gehoerlosenbund\/status\/1303985896312643584?ref_src=twsrc%5Etfw\">September 10, 2020<\/a><\/p><\/blockquote>\n<p><script async src=\"https:\/\/platform.twitter.com\/widgets.js\" charset=\"utf-8\"><\/script><\/div>\n<p><strong>Aber woran hat et denn nu jelegen? Das Innenministerium kl\u00e4rt auf. Oder auch nicht. <\/strong><\/p>\n<div class=\"dbsm-oembed\">\n<blockquote class=\"twitter-tweet\" data-width=\"500\" data-dnt=\"true\">\n<p lang=\"de\" dir=\"ltr\">Die Ausl\u00f6sung des Probealarms am heutigen &quot;Warntag 2020&quot; ist aufgrund eines technischen Problems fehlgeschlagen.<br \/>Die Vorg\u00e4nge werden jetzt umfassend aufgearbeitet. Die gewonnenen Erkenntnisse werden bei der weiteren Entwicklung des Warnsystems ber\u00fccksichtigt. <a href=\"https:\/\/twitter.com\/hashtag\/Warntag2020?src=hash&amp;ref_src=twsrc%5Etfw\">#Warntag2020<\/a><\/p>\n<p>&mdash; Bundesministerium des Innern und f\u00fcr Heimat (@BMI_Bund) <a href=\"https:\/\/twitter.com\/BMI_Bund\/status\/1304067616387076102?ref_src=twsrc%5Etfw\">September 10, 2020<\/a><\/p><\/blockquote>\n<p><script async src=\"https:\/\/platform.twitter.com\/widgets.js\" charset=\"utf-8\"><\/script><\/div>\n<p><strong>Postillon hat eine bessere Erkl\u00e4rung parat. <\/strong><\/p>\n<div class=\"dbsm-oembed\">\n<blockquote class=\"twitter-tweet\" data-width=\"500\" data-dnt=\"true\">\n<p lang=\"de\" dir=\"ltr\">Peinlich: H\u00e4lfte der Sirenen in Deutschland war nur auf Vibration geschaltet <a href=\"https:\/\/twitter.com\/hashtag\/Warntag2020?src=hash&amp;ref_src=twsrc%5Etfw\">#Warntag2020<\/a> <a href=\"https:\/\/twitter.com\/hashtag\/sirene?src=hash&amp;ref_src=twsrc%5Etfw\">#sirene<\/a> <a href=\"https:\/\/twitter.com\/hashtag\/Sirenen?src=hash&amp;ref_src=twsrc%5Etfw\">#Sirenen<\/a> <a href=\"https:\/\/twitter.com\/hashtag\/warntag?src=hash&amp;ref_src=twsrc%5Etfw\">#warntag<\/a> <a href=\"https:\/\/twitter.com\/hashtag\/alarm?src=hash&amp;ref_src=twsrc%5Etfw\">#alarm<\/a><a href=\"https:\/\/t.co\/oQhxrvIVMP\">https:\/\/t.co\/oQhxrvIVMP<\/a><\/p>\n<p>&mdash; Der Postillon \ud83d\udcef (@Der_Postillon) <a href=\"https:\/\/twitter.com\/Der_Postillon\/status\/1304010418701111299?ref_src=twsrc%5Etfw\">September 10, 2020<\/a><\/p><\/blockquote>\n<p><script async src=\"https:\/\/platform.twitter.com\/widgets.js\" charset=\"utf-8\"><\/script><\/div>\n<p><strong>Wobei hier: H\u00f6rt mal! Da wird doch eindeutig gewarnt. <\/strong><\/p>\n<div class=\"dbsm-oembed\">\n<blockquote class=\"twitter-tweet\" data-width=\"500\" data-dnt=\"true\">\n<p lang=\"de\" dir=\"ltr\">Kann bitte jemand der armen <a href=\"https:\/\/twitter.com\/hashtag\/Sirene?src=hash&amp;ref_src=twsrc%5Etfw\">#Sirene<\/a> helfen? Das arme Ding kann nicht mehr! \ud83d\ude06 <a href=\"https:\/\/twitter.com\/hashtag\/Warntag2020?src=hash&amp;ref_src=twsrc%5Etfw\">#Warntag2020<\/a> <a href=\"https:\/\/t.co\/kZ6FuGm9Jf\">pic.twitter.com\/kZ6FuGm9Jf<\/a><\/p>\n<p>&mdash; SindustrialVoice (@AndreasRuetzel) <a href=\"https:\/\/twitter.com\/AndreasRuetzel\/status\/1303991168703901696?ref_src=twsrc%5Etfw\">September 10, 2020<\/a><\/p><\/blockquote>\n<p><script async src=\"https:\/\/platform.twitter.com\/widgets.js\" charset=\"utf-8\"><\/script><\/div>\n<p><strong>Zum Gl\u00fcck nicht. <\/strong><\/p>\n<div class=\"dbsm-oembed\">\n<blockquote class=\"twitter-tweet\" data-width=\"500\" data-dnt=\"true\">\n<p lang=\"de\" dir=\"ltr\">Vielleicht war mit &quot;11Uhr&quot; auch 23Uhr gemeint und in ein paar Stunden sitzen wir alle aufrecht im Bett?!<a href=\"https:\/\/twitter.com\/hashtag\/Warntag2020?src=hash&amp;ref_src=twsrc%5Etfw\">#Warntag2020<\/a><\/p>\n<p>&mdash; extrakaese (@extrakaese) <a href=\"https:\/\/twitter.com\/extrakaese\/status\/1304109114382000128?ref_src=twsrc%5Etfw\">September 10, 2020<\/a><\/p><\/blockquote>\n<p><script async src=\"https:\/\/platform.twitter.com\/widgets.js\" charset=\"utf-8\"><\/script><\/div>\n<p><strong>Nachbarn eilen uns zu Hilfe. <\/strong><\/p>\n<div class=\"dbsm-oembed\">\n<blockquote class=\"twitter-tweet\" data-width=\"500\" data-dnt=\"true\">\n<p lang=\"de\" dir=\"ltr\">Liebe Deutsche Nachbarn,<\/p>\n<p>damit auch Sie \u00fcber die n\u00e4chste Apokalypse rechtzeitig im Bilde sind, ist es uns eine Freude, unsere Sirenen dann f\u00fcr Sie zum mith\u00f6ren ein paar Dezibel lauter stellen. <\/p>\n<p>Herzlichst, <br \/>Ihre Schweiz<a href=\"https:\/\/twitter.com\/hashtag\/Warntag2020?src=hash&amp;ref_src=twsrc%5Etfw\">#Warntag2020<\/a><\/p>\n<p>&mdash; Tamara (@TamaraWernli) <a href=\"https:\/\/twitter.com\/TamaraWernli\/status\/1304036243672649729?ref_src=twsrc%5Etfw\">September 10, 2020<\/a><\/p><\/blockquote>\n<p><script async src=\"https:\/\/platform.twitter.com\/widgets.js\" charset=\"utf-8\"><\/script><\/div>\n<p><strong>W\u00e4r vielleicht ganz gut n\u00e4chstes Mal. Auch aus Prestigegr\u00fcnden. <\/strong><\/p>\n<div class=\"dbsm-oembed\">\n<blockquote class=\"twitter-tweet\" data-width=\"500\" data-dnt=\"true\">\n<p lang=\"de\" dir=\"ltr\"><a href=\"https:\/\/twitter.com\/hashtag\/Warntag2020?src=hash&amp;ref_src=twsrc%5Etfw\">#Warntag2020<\/a> oder auch: &quot;Wie wir es schaffen uns in nur 20 Minuten bundesweit komplett l\u00e4cherlich zu machen&quot;<\/p>\n<p>&mdash; Ordinary Otter (@Schlachi) <a href=\"https:\/\/twitter.com\/Schlachi\/status\/1303986629644873736?ref_src=twsrc%5Etfw\">September 10, 2020<\/a><\/p><\/blockquote>\n<p><script async src=\"https:\/\/platform.twitter.com\/widgets.js\" charset=\"utf-8\"><\/script><\/div>\n<p><strong>Am Digitalstandort Deutschland durchaus vorstellbar. <\/strong><\/p>\n<div class=\"dbsm-oembed\">\n<blockquote class=\"twitter-tweet\" data-width=\"500\" data-dnt=\"true\">\n<p lang=\"de\" dir=\"ltr\">Alle, die keine Sirene h\u00f6ren, bekommen das Warnsignal per Fax oder Post in den n\u00e4chsten 14 Tagen zugestellt. <a href=\"https:\/\/twitter.com\/hashtag\/Warntag2020?src=hash&amp;ref_src=twsrc%5Etfw\">#Warntag2020<\/a><\/p>\n<p>&mdash; Oliver \ud83e\udd19\ud83c\udffc (@_olivergr) <a href=\"https:\/\/twitter.com\/_olivergr\/status\/1303983607044878336?ref_src=twsrc%5Etfw\">September 10, 2020<\/a><\/p><\/blockquote>\n<p><script async src=\"https:\/\/platform.twitter.com\/widgets.js\" charset=\"utf-8\"><\/script><\/div>\n<p><strong>Tja und ansonsten gilt wohl: Wer ordentlich gewarnt werden will, muss das am besten selbst in die Hand nehmen.<\/strong><\/p>\n<div class=\"dbsm-oembed\">\n<blockquote class=\"twitter-tweet\" data-width=\"500\" data-dnt=\"true\">\n<p lang=\"de\" dir=\"ltr\">Wenn man nicht alles selber macht&#8230; <a href=\"https:\/\/twitter.com\/hashtag\/Warntag2020?src=hash&amp;ref_src=twsrc%5Etfw\">#Warntag2020<\/a> <a href=\"https:\/\/t.co\/t0DHWljqsk\">pic.twitter.com\/t0DHWljqsk<\/a><\/p>\n<p>&mdash; Tim Knopf (@lokfuehrer_tim) <a href=\"https:\/\/twitter.com\/lokfuehrer_tim\/status\/1304059960016412677?ref_src=twsrc%5Etfw\">September 10, 2020<\/a><\/p><\/blockquote>\n<p><script async src=\"https:\/\/platform.twitter.com\/widgets.js\" charset=\"utf-8\"><\/script><\/div>\n<p>&#8212;<br \/>\nDanke an alle f\u00fcr die Postings<br \/>\n&#8212;<\/p>\n<p><a href=\"https:\/\/www.thebestsocialjobs.com\/de\/stelle\/projektmanager-the-best-social-media-de\/\">HIER BEWERBEN +++ HIER BEWERBEN <\/a><\/p>\n<p><img loading=\"lazy\" decoding=\"async\" src=\"https:\/\/www.thebestsocial.media\/de\/wp-content\/uploads\/sites\/3\/2020\/09\/aErZM5vA-1024x538.png\" alt=\"\" width=\"1024\" height=\"538\" class=\"alignnone size-large wp-image-133055\" srcset=\"https:\/\/www.thebestsocial.media\/de\/wp-content\/uploads\/sites\/3\/2020\/09\/aErZM5vA-1024x538.png 1024w, https:\/\/www.thebestsocial.media\/de\/wp-content\/uploads\/sites\/3\/2020\/09\/aErZM5vA-300x158.png 300w, https:\/\/www.thebestsocial.media\/de\/wp-content\/uploads\/sites\/3\/2020\/09\/aErZM5vA-768x403.png 768w, https:\/\/www.thebestsocial.media\/de\/wp-content\/uploads\/sites\/3\/2020\/09\/aErZM5vA.png 1200w\" sizes=\"auto, (max-width: 1024px) 100vw, 1024px\" \/><\/p>\n","protected":false},"excerpt":{"rendered":"<p>Da haben wir uns gestern alle gefreut, sind extra fr\u00fch aufgestanden, haben uns schick gemacht, weil in unserem pandemie\u00f6den Leben endlich mal wieder was Spannendes&#8230;<\/p>\n","protected":false},"author":1,"featured_media":133427,"comment_status":"open","ping_status":"open","sticky":false,"template":"","format":"standard","meta":{"_acf_changed":false,"footnotes":""},"categories":[106],"tags":[4348],"class_list":["post-133528","post","type-post","status-publish","format-standard","has-post-thumbnail","hentry","category-best-of","tag-warntag"],"acf":[],"yoast_head":"<!-- This site is optimized with the Yoast SEO plugin v27.4 - https:\/\/yoast.com\/product\/yoast-seo-wordpress\/ -->\n<title>Wenig L\u00e4rm um nichts: Die besten Reaktionen zum missgl\u00fcckten Warntag - The Best Social Media DE<\/title>\n<meta name=\"robots\" content=\"index, follow, max-snippet:-1, max-image-preview:large, max-video-preview:-1\" \/>\n<link rel=\"canonical\" href=\"https:\/\/www.thebestsocial.media\/de\/wenig-laerm-um-nichts-die-besten-reaktionen-zum-missglueckten-warntag\/\" \/>\n<meta property=\"og:locale\" content=\"de_DE\" \/>\n<meta property=\"og:type\" content=\"article\" \/>\n<meta property=\"og:title\" content=\"Wenig L\u00e4rm um nichts: Die besten Reaktionen zum missgl\u00fcckten Warntag\" \/>\n<meta property=\"og:description\" content=\"Da haben wir uns gestern alle gefreut, sind extra fr\u00fch aufgestanden, haben uns schick gemacht, weil in unserem pandemie\u00f6den Leben endlich mal wieder was Spannendes...\" \/>\n<meta property=\"og:url\" content=\"https:\/\/www.thebestsocial.media\/de\/wenig-laerm-um-nichts-die-besten-reaktionen-zum-missglueckten-warntag\/\" \/>\n<meta property=\"og:site_name\" content=\"The Best Social Media DE\" \/>\n<meta property=\"article:published_time\" content=\"2020-09-11T07:58:16+00:00\" \/>\n<meta property=\"article:modified_time\" content=\"2020-09-11T07:59:17+00:00\" \/>\n<meta property=\"og:image\" content=\"https:\/\/www.thebestsocial.media\/de\/wp-content\/uploads\/sites\/3\/2020\/09\/laerm.png\" \/>\n\t<meta property=\"og:image:width\" content=\"1200\" \/>\n\t<meta property=\"og:image:height\" content=\"628\" \/>\n\t<meta property=\"og:image:type\" content=\"image\/png\" \/>\n<meta name=\"author\" content=\"admin\" \/>\n<meta name=\"twitter:card\" content=\"summary_large_image\" \/>\n<meta name=\"twitter:label1\" content=\"Verfasst von\" \/>\n\t<meta name=\"twitter:data1\" content=\"admin\" \/>\n\t<meta name=\"twitter:label2\" content=\"Gesch\u00e4tzte Lesezeit\" \/>\n\t<meta name=\"twitter:data2\" content=\"1\u00a0Minute\" \/>\n<script type=\"application\/ld+json\" class=\"yoast-schema-graph\">{\"@context\":\"https:\\\/\\\/schema.org\",\"@graph\":[{\"@type\":\"Article\",\"@id\":\"https:\\\/\\\/www.thebestsocial.media\\\/de\\\/wenig-laerm-um-nichts-die-besten-reaktionen-zum-missglueckten-warntag\\\/#article\",\"isPartOf\":{\"@id\":\"https:\\\/\\\/www.thebestsocial.media\\\/de\\\/wenig-laerm-um-nichts-die-besten-reaktionen-zum-missglueckten-warntag\\\/\"},\"author\":{\"name\":\"admin\",\"@id\":\"https:\\\/\\\/www.thebestsocial.media\\\/de\\\/#\\\/schema\\\/person\\\/50bf2a2972050875c732f9b2292528c3\"},\"headline\":\"Wenig L\u00e4rm um nichts: Die besten Reaktionen zum missgl\u00fcckten Warntag\",\"datePublished\":\"2020-09-11T07:58:16+00:00\",\"dateModified\":\"2020-09-11T07:59:17+00:00\",\"mainEntityOfPage\":{\"@id\":\"https:\\\/\\\/www.thebestsocial.media\\\/de\\\/wenig-laerm-um-nichts-die-besten-reaktionen-zum-missglueckten-warntag\\\/\"},\"wordCount\":234,\"commentCount\":0,\"image\":{\"@id\":\"https:\\\/\\\/www.thebestsocial.media\\\/de\\\/wenig-laerm-um-nichts-die-besten-reaktionen-zum-missglueckten-warntag\\\/#primaryimage\"},\"thumbnailUrl\":\"https:\\\/\\\/www.thebestsocial.media\\\/de\\\/wp-content\\\/uploads\\\/sites\\\/3\\\/2020\\\/09\\\/warntag_thumb.png\",\"keywords\":[\"Warntag\"],\"articleSection\":[\"Best of\"],\"inLanguage\":\"de\",\"potentialAction\":[{\"@type\":\"CommentAction\",\"name\":\"Comment\",\"target\":[\"https:\\\/\\\/www.thebestsocial.media\\\/de\\\/wenig-laerm-um-nichts-die-besten-reaktionen-zum-missglueckten-warntag\\\/#respond\"]}]},{\"@type\":\"WebPage\",\"@id\":\"https:\\\/\\\/www.thebestsocial.media\\\/de\\\/wenig-laerm-um-nichts-die-besten-reaktionen-zum-missglueckten-warntag\\\/\",\"url\":\"https:\\\/\\\/www.thebestsocial.media\\\/de\\\/wenig-laerm-um-nichts-die-besten-reaktionen-zum-missglueckten-warntag\\\/\",\"name\":\"Wenig L\u00e4rm um nichts: Die besten Reaktionen zum missgl\u00fcckten Warntag - The Best Social Media DE\",\"isPartOf\":{\"@id\":\"https:\\\/\\\/www.thebestsocial.media\\\/de\\\/#website\"},\"primaryImageOfPage\":{\"@id\":\"https:\\\/\\\/www.thebestsocial.media\\\/de\\\/wenig-laerm-um-nichts-die-besten-reaktionen-zum-missglueckten-warntag\\\/#primaryimage\"},\"image\":{\"@id\":\"https:\\\/\\\/www.thebestsocial.media\\\/de\\\/wenig-laerm-um-nichts-die-besten-reaktionen-zum-missglueckten-warntag\\\/#primaryimage\"},\"thumbnailUrl\":\"https:\\\/\\\/www.thebestsocial.media\\\/de\\\/wp-content\\\/uploads\\\/sites\\\/3\\\/2020\\\/09\\\/warntag_thumb.png\",\"datePublished\":\"2020-09-11T07:58:16+00:00\",\"dateModified\":\"2020-09-11T07:59:17+00:00\",\"author\":{\"@id\":\"https:\\\/\\\/www.thebestsocial.media\\\/de\\\/#\\\/schema\\\/person\\\/50bf2a2972050875c732f9b2292528c3\"},\"breadcrumb\":{\"@id\":\"https:\\\/\\\/www.thebestsocial.media\\\/de\\\/wenig-laerm-um-nichts-die-besten-reaktionen-zum-missglueckten-warntag\\\/#breadcrumb\"},\"inLanguage\":\"de\",\"potentialAction\":[{\"@type\":\"ReadAction\",\"target\":[\"https:\\\/\\\/www.thebestsocial.media\\\/de\\\/wenig-laerm-um-nichts-die-besten-reaktionen-zum-missglueckten-warntag\\\/\"]}]},{\"@type\":\"ImageObject\",\"inLanguage\":\"de\",\"@id\":\"https:\\\/\\\/www.thebestsocial.media\\\/de\\\/wenig-laerm-um-nichts-die-besten-reaktionen-zum-missglueckten-warntag\\\/#primaryimage\",\"url\":\"https:\\\/\\\/www.thebestsocial.media\\\/de\\\/wp-content\\\/uploads\\\/sites\\\/3\\\/2020\\\/09\\\/warntag_thumb.png\",\"contentUrl\":\"https:\\\/\\\/www.thebestsocial.media\\\/de\\\/wp-content\\\/uploads\\\/sites\\\/3\\\/2020\\\/09\\\/warntag_thumb.png\",\"width\":1200,\"height\":628},{\"@type\":\"BreadcrumbList\",\"@id\":\"https:\\\/\\\/www.thebestsocial.media\\\/de\\\/wenig-laerm-um-nichts-die-besten-reaktionen-zum-missglueckten-warntag\\\/#breadcrumb\",\"itemListElement\":[{\"@type\":\"ListItem\",\"position\":1,\"name\":\"Home\",\"item\":\"https:\\\/\\\/www.thebestsocial.media\\\/de\\\/\"},{\"@type\":\"ListItem\",\"position\":2,\"name\":\"Wenig L\u00e4rm um nichts: Die besten Reaktionen zum missgl\u00fcckten Warntag\"}]},{\"@type\":\"WebSite\",\"@id\":\"https:\\\/\\\/www.thebestsocial.media\\\/de\\\/#website\",\"url\":\"https:\\\/\\\/www.thebestsocial.media\\\/de\\\/\",\"name\":\"The Best Social Media DE\",\"description\":\"\",\"potentialAction\":[{\"@type\":\"SearchAction\",\"target\":{\"@type\":\"EntryPoint\",\"urlTemplate\":\"https:\\\/\\\/www.thebestsocial.media\\\/de\\\/?s={search_term_string}\"},\"query-input\":{\"@type\":\"PropertyValueSpecification\",\"valueRequired\":true,\"valueName\":\"search_term_string\"}}],\"inLanguage\":\"de\"},{\"@type\":\"Person\",\"@id\":\"https:\\\/\\\/www.thebestsocial.media\\\/de\\\/#\\\/schema\\\/person\\\/50bf2a2972050875c732f9b2292528c3\",\"name\":\"admin\",\"image\":{\"@type\":\"ImageObject\",\"inLanguage\":\"de\",\"@id\":\"https:\\\/\\\/secure.gravatar.com\\\/avatar\\\/dfabcac01d1866afd37823fba624364cadb5ce34a3d63795d3b5facc23a71b15?s=96&d=mm&r=g\",\"url\":\"https:\\\/\\\/secure.gravatar.com\\\/avatar\\\/dfabcac01d1866afd37823fba624364cadb5ce34a3d63795d3b5facc23a71b15?s=96&d=mm&r=g\",\"contentUrl\":\"https:\\\/\\\/secure.gravatar.com\\\/avatar\\\/dfabcac01d1866afd37823fba624364cadb5ce34a3d63795d3b5facc23a71b15?s=96&d=mm&r=g\",\"caption\":\"admin\"},\"url\":\"https:\\\/\\\/www.thebestsocial.media\\\/de\\\/author\\\/admin\\\/\"}]}<\/script>\n<!-- \/ Yoast SEO plugin. -->","yoast_head_json":{"title":"Wenig L\u00e4rm um nichts: Die besten Reaktionen zum missgl\u00fcckten Warntag - The Best Social Media DE","robots":{"index":"index","follow":"follow","max-snippet":"max-snippet:-1","max-image-preview":"max-image-preview:large","max-video-preview":"max-video-preview:-1"},"canonical":"https:\/\/www.thebestsocial.media\/de\/wenig-laerm-um-nichts-die-besten-reaktionen-zum-missglueckten-warntag\/","og_locale":"de_DE","og_type":"article","og_title":"Wenig L\u00e4rm um nichts: Die besten Reaktionen zum missgl\u00fcckten Warntag","og_description":"Da haben wir uns gestern alle gefreut, sind extra fr\u00fch aufgestanden, haben uns schick gemacht, weil in unserem pandemie\u00f6den Leben endlich mal wieder was Spannendes...","og_url":"https:\/\/www.thebestsocial.media\/de\/wenig-laerm-um-nichts-die-besten-reaktionen-zum-missglueckten-warntag\/","og_site_name":"The Best Social Media DE","article_published_time":"2020-09-11T07:58:16+00:00","article_modified_time":"2020-09-11T07:59:17+00:00","og_image":[{"width":1200,"height":628,"url":"https:\/\/www.thebestsocial.media\/de\/wp-content\/uploads\/sites\/3\/2020\/09\/laerm.png","type":"image\/png"}],"author":"admin","twitter_card":"summary_large_image","twitter_misc":{"Verfasst von":"admin","Gesch\u00e4tzte Lesezeit":"1\u00a0Minute"},"schema":{"@context":"https:\/\/schema.org","@graph":[{"@type":"Article","@id":"https:\/\/www.thebestsocial.media\/de\/wenig-laerm-um-nichts-die-besten-reaktionen-zum-missglueckten-warntag\/#article","isPartOf":{"@id":"https:\/\/www.thebestsocial.media\/de\/wenig-laerm-um-nichts-die-besten-reaktionen-zum-missglueckten-warntag\/"},"author":{"name":"admin","@id":"https:\/\/www.thebestsocial.media\/de\/#\/schema\/person\/50bf2a2972050875c732f9b2292528c3"},"headline":"Wenig L\u00e4rm um nichts: Die besten Reaktionen zum missgl\u00fcckten Warntag","datePublished":"2020-09-11T07:58:16+00:00","dateModified":"2020-09-11T07:59:17+00:00","mainEntityOfPage":{"@id":"https:\/\/www.thebestsocial.media\/de\/wenig-laerm-um-nichts-die-besten-reaktionen-zum-missglueckten-warntag\/"},"wordCount":234,"commentCount":0,"image":{"@id":"https:\/\/www.thebestsocial.media\/de\/wenig-laerm-um-nichts-die-besten-reaktionen-zum-missglueckten-warntag\/#primaryimage"},"thumbnailUrl":"https:\/\/www.thebestsocial.media\/de\/wp-content\/uploads\/sites\/3\/2020\/09\/warntag_thumb.png","keywords":["Warntag"],"articleSection":["Best of"],"inLanguage":"de","potentialAction":[{"@type":"CommentAction","name":"Comment","target":["https:\/\/www.thebestsocial.media\/de\/wenig-laerm-um-nichts-die-besten-reaktionen-zum-missglueckten-warntag\/#respond"]}]},{"@type":"WebPage","@id":"https:\/\/www.thebestsocial.media\/de\/wenig-laerm-um-nichts-die-besten-reaktionen-zum-missglueckten-warntag\/","url":"https:\/\/www.thebestsocial.media\/de\/wenig-laerm-um-nichts-die-besten-reaktionen-zum-missglueckten-warntag\/","name":"Wenig L\u00e4rm um nichts: Die besten Reaktionen zum missgl\u00fcckten Warntag - The Best Social Media DE","isPartOf":{"@id":"https:\/\/www.thebestsocial.media\/de\/#website"},"primaryImageOfPage":{"@id":"https:\/\/www.thebestsocial.media\/de\/wenig-laerm-um-nichts-die-besten-reaktionen-zum-missglueckten-warntag\/#primaryimage"},"image":{"@id":"https:\/\/www.thebestsocial.media\/de\/wenig-laerm-um-nichts-die-besten-reaktionen-zum-missglueckten-warntag\/#primaryimage"},"thumbnailUrl":"https:\/\/www.thebestsocial.media\/de\/wp-content\/uploads\/sites\/3\/2020\/09\/warntag_thumb.png","datePublished":"2020-09-11T07:58:16+00:00","dateModified":"2020-09-11T07:59:17+00:00","author":{"@id":"https:\/\/www.thebestsocial.media\/de\/#\/schema\/person\/50bf2a2972050875c732f9b2292528c3"},"breadcrumb":{"@id":"https:\/\/www.thebestsocial.media\/de\/wenig-laerm-um-nichts-die-besten-reaktionen-zum-missglueckten-warntag\/#breadcrumb"},"inLanguage":"de","potentialAction":[{"@type":"ReadAction","target":["https:\/\/www.thebestsocial.media\/de\/wenig-laerm-um-nichts-die-besten-reaktionen-zum-missglueckten-warntag\/"]}]},{"@type":"ImageObject","inLanguage":"de","@id":"https:\/\/www.thebestsocial.media\/de\/wenig-laerm-um-nichts-die-besten-reaktionen-zum-missglueckten-warntag\/#primaryimage","url":"https:\/\/www.thebestsocial.media\/de\/wp-content\/uploads\/sites\/3\/2020\/09\/warntag_thumb.png","contentUrl":"https:\/\/www.thebestsocial.media\/de\/wp-content\/uploads\/sites\/3\/2020\/09\/warntag_thumb.png","width":1200,"height":628},{"@type":"BreadcrumbList","@id":"https:\/\/www.thebestsocial.media\/de\/wenig-laerm-um-nichts-die-besten-reaktionen-zum-missglueckten-warntag\/#breadcrumb","itemListElement":[{"@type":"ListItem","position":1,"name":"Home","item":"https:\/\/www.thebestsocial.media\/de\/"},{"@type":"ListItem","position":2,"name":"Wenig L\u00e4rm um nichts: Die besten Reaktionen zum missgl\u00fcckten Warntag"}]},{"@type":"WebSite","@id":"https:\/\/www.thebestsocial.media\/de\/#website","url":"https:\/\/www.thebestsocial.media\/de\/","name":"The Best Social Media DE","description":"","potentialAction":[{"@type":"SearchAction","target":{"@type":"EntryPoint","urlTemplate":"https:\/\/www.thebestsocial.media\/de\/?s={search_term_string}"},"query-input":{"@type":"PropertyValueSpecification","valueRequired":true,"valueName":"search_term_string"}}],"inLanguage":"de"},{"@type":"Person","@id":"https:\/\/www.thebestsocial.media\/de\/#\/schema\/person\/50bf2a2972050875c732f9b2292528c3","name":"admin","image":{"@type":"ImageObject","inLanguage":"de","@id":"https:\/\/secure.gravatar.com\/avatar\/dfabcac01d1866afd37823fba624364cadb5ce34a3d63795d3b5facc23a71b15?s=96&d=mm&r=g","url":"https:\/\/secure.gravatar.com\/avatar\/dfabcac01d1866afd37823fba624364cadb5ce34a3d63795d3b5facc23a71b15?s=96&d=mm&r=g","contentUrl":"https:\/\/secure.gravatar.com\/avatar\/dfabcac01d1866afd37823fba624364cadb5ce34a3d63795d3b5facc23a71b15?s=96&d=mm&r=g","caption":"admin"},"url":"https:\/\/www.thebestsocial.media\/de\/author\/admin\/"}]}},"amp_enabled":true,"_links":{"self":[{"href":"https:\/\/www.thebestsocial.media\/de\/wp-json\/wp\/v2\/posts\/133528","targetHints":{"allow":["GET"]}}],"collection":[{"href":"https:\/\/www.thebestsocial.media\/de\/wp-json\/wp\/v2\/posts"}],"about":[{"href":"https:\/\/www.thebestsocial.media\/de\/wp-json\/wp\/v2\/types\/post"}],"author":[{"embeddable":true,"href":"https:\/\/www.thebestsocial.media\/de\/wp-json\/wp\/v2\/users\/1"}],"replies":[{"embeddable":true,"href":"https:\/\/www.thebestsocial.media\/de\/wp-json\/wp\/v2\/comments?post=133528"}],"version-history":[{"count":4,"href":"https:\/\/www.thebestsocial.media\/de\/wp-json\/wp\/v2\/posts\/133528\/revisions"}],"predecessor-version":[{"id":133562,"href":"https:\/\/www.thebestsocial.media\/de\/wp-json\/wp\/v2\/posts\/133528\/revisions\/133562"}],"wp:featuredmedia":[{"embeddable":true,"href":"https:\/\/www.thebestsocial.media\/de\/wp-json\/wp\/v2\/media\/133427"}],"wp:attachment":[{"href":"https:\/\/www.thebestsocial.media\/de\/wp-json\/wp\/v2\/media?parent=133528"}],"wp:term":[{"taxonomy":"category","embeddable":true,"href":"https:\/\/www.thebestsocial.media\/de\/wp-json\/wp\/v2\/categories?post=133528"},{"taxonomy":"post_tag","embeddable":true,"href":"https:\/\/www.thebestsocial.media\/de\/wp-json\/wp\/v2\/tags?post=133528"}],"curies":[{"name":"wp","href":"https:\/\/api.w.org\/{rel}","templated":true}]}}