{"id":132650,"date":"2020-08-26T09:57:44","date_gmt":"2020-08-26T09:57:44","guid":{"rendered":"https:\/\/www.thebestsocial.media\/de\/?p=132650"},"modified":"2020-08-26T09:57:44","modified_gmt":"2020-08-26T09:57:44","slug":"intolerante-frau-stoert-sich-an-regenbogenfahne-vor-supermarkt-und-kassiert-passende-antworten","status":"publish","type":"post","link":"https:\/\/www.thebestsocial.media\/de\/intolerante-frau-stoert-sich-an-regenbogenfahne-vor-supermarkt-und-kassiert-passende-antworten\/","title":{"rendered":"Intolerante Frau st\u00f6rt sich an Regenbogenfahne vor Supermarkt und kassiert passende Antworten"},"content":{"rendered":"<p>Das Recht auf freie Meinungs\u00e4u\u00dferung ist eine gro\u00dfartige Sache und dank sozialer Medien kann davon jeder in einem zuvor kaum gekannten Ausma\u00df Gebrauch machen. Das gilt wohl oder \u00fcbel aber auch f\u00fcr diskriminierende und unqualifizierte <a href=\"https:\/\/www.thebestsocial.media\/de\/eine-lehrerin-erklaert-den-schwierigen-umgang-mit-meinungsfreiheit-anhand-von-vanilleeis\/\" rel=\"noopener noreferrer\" target=\"_blank\">Meinungen<\/a>, solange sie nicht gegen das Gesetz versto\u00dfen. &#8222;Opinions are like assholes, everyone has one but they think each others stink&#8220;, sagt dazu die amerikanische Autorin Simone Elkeles. Eine dieser unerfreulichen Meinungs\u00e4u\u00dferungen gab nun eine Twitter-Userin von sich, die darauf aber ebenso meinungsstarke Gegenreaktionen hinnehmen musste.<\/p>\n<p>&nbsp;<\/p>\n<h3>Die offensichtlich homophobe Userin st\u00f6rte sich an der Regenbogenfahne eines Supermarkts.<\/h3>\n<p>https:\/\/twitter.com\/Kl94Smr\/status\/1297102747108610048<\/p>\n<p>&nbsp;<\/p>\n<h3>Daraufhin machten viele andere von ihrem Recht der freien Meinungs\u00e4u\u00dferung Gebrauch und kritisierten wiederum die Userin f\u00fcr ihre Intoleranz.<\/h3>\n<blockquote class=\"twitter-tweet\" data-conversation=\"none\">\n<p lang=\"de\" dir=\"ltr\">Warum?<br \/>Wegen der Regenbogenfahne?<br \/>Warum sollte ich eine Haltung boykottieren, die sich daf\u00fcr ausspricht, dass jede\/r lieben darf, wen sie\/er will?<\/p>\n<p>&mdash; Rheintochter (@adelheidmal12ll) <a href=\"https:\/\/twitter.com\/adelheidmal12ll\/status\/1297134394998763521?ref_src=twsrc%5Etfw\">August 22, 2020<\/a><\/p><\/blockquote>\n<p> <script async src=\"https:\/\/platform.twitter.com\/widgets.js\" charset=\"utf-8\"><\/script><\/p>\n<blockquote class=\"twitter-tweet\" data-conversation=\"none\">\n<p lang=\"de\" dir=\"ltr\">\u201eHilfe! Eine Regenbogenfahne! Ich f\u00fchle mich in meiner Sexualit\u00e4t bedroht!\u201c<\/p>\n<p>Wir haben 2020. Wie geistig r\u00fcckst\u00e4ndig kann man eigentlich sein, um seine Mitmenschen deswegen abzulehnen?<\/p>\n<p>Sehr gute Aktion <a href=\"https:\/\/twitter.com\/REWE_Supermarkt?ref_src=twsrc%5Etfw\">@REWE_Supermarkt<\/a> !<\/p>\n<p>&mdash; Blake \ud83c\uddea\ud83c\uddfa (Chaotisch Gut) (@BlakesWort) <a href=\"https:\/\/twitter.com\/BlakesWort\/status\/1298265558429786112?ref_src=twsrc%5Etfw\">August 25, 2020<\/a><\/p><\/blockquote>\n<p> <script async src=\"https:\/\/platform.twitter.com\/widgets.js\" charset=\"utf-8\"><\/script><\/p>\n<blockquote class=\"twitter-tweet\" data-conversation=\"none\">\n<p lang=\"de\" dir=\"ltr\">Wegen einer Regenbogenflagge Mylady? Wirklich wahr? Als Hetero bin ich doch einigerma\u00dfen erstaunt solch schlichte Gem\u00fcter wie Euch im 21. Jahrhundert anzutreffen. Ihr w\u00fcrdet perfekt in das 19. Jahrhundert passen aus dem ich stamme. Tut\u00b4s sehr weh?<\/p>\n<p>&mdash; Edgar Allan Poe\u2122 (@DerAltePoet) <a href=\"https:\/\/twitter.com\/DerAltePoet\/status\/1298309058466848769?ref_src=twsrc%5Etfw\">August 25, 2020<\/a><\/p><\/blockquote>\n<p> <script async src=\"https:\/\/platform.twitter.com\/widgets.js\" charset=\"utf-8\"><\/script><\/p>\n<div class=\"dbsm-oembed\">\n<blockquote class=\"twitter-tweet\" data-width=\"500\" data-dnt=\"true\">\n<p lang=\"de\" dir=\"ltr\">Im Dritten Reich hie\u00df es: Kauf nicht bei Juden.<br \/>Und heute rufen Rechte auf, nicht bei einem <a href=\"https:\/\/twitter.com\/hashtag\/Rewe?src=hash&amp;ref_src=twsrc%5Etfw\">#Rewe<\/a> einzukaufen, der eine Regenbogenflagge auf dem Gel\u00e4nde hat.<a href=\"https:\/\/t.co\/nxXChOlfKf\">https:\/\/t.co\/nxXChOlfKf<\/a><\/p>\n<p>&mdash; Andreas Maisch (@AndreasMaisch) <a href=\"https:\/\/twitter.com\/AndreasMaisch\/status\/1298286562162159617?ref_src=twsrc%5Etfw\">August 25, 2020<\/a><\/p><\/blockquote>\n<p><script async src=\"https:\/\/platform.twitter.com\/widgets.js\" charset=\"utf-8\"><\/script><\/div>\n<blockquote class=\"twitter-tweet\" data-conversation=\"none\">\n<p lang=\"de\" dir=\"ltr\">Wer sich an einer Regenbogenflagge st\u00f6rt, der sollte das Problem nicht bei Rewe suchen, sondern eher bei sich selbst.<\/p>\n<p>&mdash; Valentin Kurt Uhlemann (@ValentinCaUhl) <a href=\"https:\/\/twitter.com\/ValentinCaUhl\/status\/1298240205128957952?ref_src=twsrc%5Etfw\">August 25, 2020<\/a><\/p><\/blockquote>\n<p> <script async src=\"https:\/\/platform.twitter.com\/widgets.js\" charset=\"utf-8\"><\/script><\/p>\n<p>&nbsp;<\/p>\n<h3>Andere konnten dar\u00fcber nur spotten.<\/h3>\n<blockquote class=\"twitter-tweet\" data-conversation=\"none\">\n<p lang=\"de\" dir=\"ltr\">Ich mag Regenb\u00f6gen, Einh\u00f6rner kotzen sie! Sie sind magisch und sch\u00f6n. \ud83c\udf08\ud83c\udff3\ufe0f\u200d\ud83c\udf08\ud83c\udf08\ud83c\udff3\ufe0f\u200d\ud83c\udf08<\/p>\n<p>&mdash; \ud83d\udc3c Pan(da)dora \ud83c\udfe1 \u1d57\u1d52\u02e2\u02e2 \u1d43 \u1d9c\u1d52\u2071\u207f \u1d57\u1d52 \u02b8\u1d52\u1d58\u02b3 \u02b7\u2071\u1d57\u1d9c\u02b0\u1d49\u02b3 \ud83d\udc3a (@Dora_Xplorer_) <a href=\"https:\/\/twitter.com\/Dora_Xplorer_\/status\/1298531940325359618?ref_src=twsrc%5Etfw\">August 26, 2020<\/a><\/p><\/blockquote>\n<p> <script async src=\"https:\/\/platform.twitter.com\/widgets.js\" charset=\"utf-8\"><\/script><\/p>\n<p>https:\/\/twitter.com\/4zido\/status\/1298515164459917312<\/p>\n<blockquote class=\"twitter-tweet\" data-conversation=\"none\">\n<p lang=\"de\" dir=\"ltr\">Ich attestierte Ihnen lediglich Intoleranz und m\u00f6chte Sie bei meinen regelm\u00e4\u00dfigen Eink\u00e4ufen bei Rewe ebenfalls nicht sehen. Wie sch\u00f6n, dass wir in einem freien Land leben und (in vielerlei Hinsicht) Wahlm\u00f6glichkeiten haben. Danke <a href=\"https:\/\/twitter.com\/hashtag\/Rewe?src=hash&amp;ref_src=twsrc%5Etfw\">#Rewe<\/a> f\u00fcr Eure Courage!<\/p>\n<p>&mdash; Nowo AG (@NowoAG) <a href=\"https:\/\/twitter.com\/NowoAG\/status\/1298343829435752448?ref_src=twsrc%5Etfw\">August 25, 2020<\/a><\/p><\/blockquote>\n<p> <script async src=\"https:\/\/platform.twitter.com\/widgets.js\" charset=\"utf-8\"><\/script><\/p>\n<div class=\"dbsm-oembed\">\n<blockquote class=\"twitter-tweet\" data-width=\"500\" data-dnt=\"true\">\n<p lang=\"de\" dir=\"ltr\">&quot;Im Gegensatz zu euch Schneeflocken sind wir Rechten nicht sofort von Allem getriggert&#8230;&quot; <a href=\"https:\/\/t.co\/aKtMJw2lX8\">pic.twitter.com\/aKtMJw2lX8<\/a><\/p>\n<p>&mdash; Kanonym (@KamNoNym) <a href=\"https:\/\/twitter.com\/KamNoNym\/status\/1298287779345051648?ref_src=twsrc%5Etfw\">August 25, 2020<\/a><\/p><\/blockquote>\n<p><script async src=\"https:\/\/platform.twitter.com\/widgets.js\" charset=\"utf-8\"><\/script><\/div>\n<blockquote class=\"twitter-tweet\" data-conversation=\"none\">\n<p lang=\"de\" dir=\"ltr\">Guckst du eigentlich in den Himmel oder ist dir das auch zu schwul? Da gibt&#39;s manchmal sogar Doppel-Regenb\u00f6gen!<\/p>\n<p>&mdash; Finnik (@finnik106) <a href=\"https:\/\/twitter.com\/finnik106\/status\/1298242888812376067?ref_src=twsrc%5Etfw\">August 25, 2020<\/a><\/p><\/blockquote>\n<p> <script async src=\"https:\/\/platform.twitter.com\/widgets.js\" charset=\"utf-8\"><\/script><\/p>\n<blockquote class=\"twitter-tweet\">\n<p lang=\"de\" dir=\"ltr\">Mir reicht es, ab jetzt boykottiere ich die Erde, irgendwo muss Schluss sein !! <a href=\"https:\/\/twitter.com\/hashtag\/Rewe?src=hash&amp;ref_src=twsrc%5Etfw\">#Rewe<\/a> <a href=\"https:\/\/t.co\/3d51WawC4g\">pic.twitter.com\/3d51WawC4g<\/a><\/p>\n<p>&mdash; Omar Hawk (@OmarHawk5) <a href=\"https:\/\/twitter.com\/OmarHawk5\/status\/1298305775358504960?ref_src=twsrc%5Etfw\">August 25, 2020<\/a><\/p><\/blockquote>\n<p> <script async src=\"https:\/\/platform.twitter.com\/widgets.js\" charset=\"utf-8\"><\/script><\/p>\n<p>&nbsp;<\/p>\n<h3>\u00dcbrigens h\u00e4ngen manche dieser Flaggen schon seit geraumer Zeit, wie dieser Post aus dem Sommer letzten Jahres beweist.<\/h3>\n<p><iframe loading=\"lazy\" src=\"https:\/\/www.facebook.com\/plugins\/post.php?href=https%3A%2F%2Fwww.facebook.com%2Fpermalink.php%3Fstory_fbid%3D2232171110164613%26id%3D135864463128632&#038;width=500\" width=\"500\" height=\"613\" style=\"border:none;overflow:hidden\" scrolling=\"no\" frameborder=\"0\" allowTransparency=\"true\" allow=\"encrypted-media\"><\/iframe><\/p>\n<p>&#8212;<br \/>\nVielen Dank an alle f\u00fcr die Posts.<br \/>\n&#8212;<br \/>\n<strong>Keine Influencer! Kein Foodporn! Nur ganz viel Spa\u00df &#8211; bei uns auf Instagram:<\/strong><br \/>\nhttps:\/\/www.instagram.com\/p\/CEMuKDml3EN\/<\/p>\n","protected":false},"excerpt":{"rendered":"<p>Das Recht auf freie Meinungs\u00e4u\u00dferung ist eine gro\u00dfartige Sache und dank sozialer Medien kann davon jeder in einem zuvor kaum gekannten Ausma\u00df Gebrauch machen. Das&#8230;<\/p>\n","protected":false},"author":72,"featured_media":132656,"comment_status":"open","ping_status":"open","sticky":false,"template":"","format":"standard","meta":{"_acf_changed":false,"footnotes":""},"categories":[35],"tags":[1105],"class_list":["post-132650","post","type-post","status-publish","format-standard","has-post-thumbnail","hentry","category-twitter","tag-supermarkt"],"acf":[],"yoast_head":"<!-- This site is optimized with the Yoast SEO plugin v27.5 - https:\/\/yoast.com\/product\/yoast-seo-wordpress\/ -->\n<title>Intolerante Frau st\u00f6rt sich an Regenbogenfahne vor Supermarkt und kassiert passende Antworten - The Best Social Media DE<\/title>\n<meta name=\"robots\" content=\"index, follow, max-snippet:-1, max-image-preview:large, max-video-preview:-1\" \/>\n<link rel=\"canonical\" href=\"https:\/\/www.thebestsocial.media\/de\/intolerante-frau-stoert-sich-an-regenbogenfahne-vor-supermarkt-und-kassiert-passende-antworten\/\" \/>\n<meta property=\"og:locale\" content=\"de_DE\" \/>\n<meta property=\"og:type\" content=\"article\" \/>\n<meta property=\"og:title\" content=\"Intolerante Frau st\u00f6rt sich an Regenbogenfahne vor Supermarkt und kassiert passende Antworten\" \/>\n<meta property=\"og:description\" content=\"Das Recht auf freie Meinungs\u00e4u\u00dferung ist eine gro\u00dfartige Sache und dank sozialer Medien kann davon jeder in einem zuvor kaum gekannten Ausma\u00df Gebrauch machen. Das...\" \/>\n<meta property=\"og:url\" content=\"https:\/\/www.thebestsocial.media\/de\/intolerante-frau-stoert-sich-an-regenbogenfahne-vor-supermarkt-und-kassiert-passende-antworten\/\" \/>\n<meta property=\"og:site_name\" content=\"The Best Social Media DE\" \/>\n<meta property=\"article:published_time\" content=\"2020-08-26T09:57:44+00:00\" \/>\n<meta property=\"og:image\" content=\"https:\/\/www.thebestsocial.media\/de\/wp-content\/uploads\/sites\/3\/2020\/08\/rewe_fb.png\" \/>\n\t<meta property=\"og:image:width\" content=\"1200\" \/>\n\t<meta property=\"og:image:height\" content=\"628\" \/>\n\t<meta property=\"og:image:type\" content=\"image\/png\" \/>\n<meta name=\"author\" content=\"Benny\" \/>\n<meta name=\"twitter:card\" content=\"summary_large_image\" \/>\n<meta name=\"twitter:label1\" content=\"Verfasst von\" \/>\n\t<meta name=\"twitter:data1\" content=\"Benny\" \/>\n\t<meta name=\"twitter:label2\" content=\"Gesch\u00e4tzte Lesezeit\" \/>\n\t<meta name=\"twitter:data2\" content=\"2\u00a0Minuten\" \/>\n<script type=\"application\/ld+json\" class=\"yoast-schema-graph\">{\"@context\":\"https:\\\/\\\/schema.org\",\"@graph\":[{\"@type\":\"Article\",\"@id\":\"https:\\\/\\\/www.thebestsocial.media\\\/de\\\/intolerante-frau-stoert-sich-an-regenbogenfahne-vor-supermarkt-und-kassiert-passende-antworten\\\/#article\",\"isPartOf\":{\"@id\":\"https:\\\/\\\/www.thebestsocial.media\\\/de\\\/intolerante-frau-stoert-sich-an-regenbogenfahne-vor-supermarkt-und-kassiert-passende-antworten\\\/\"},\"author\":{\"name\":\"Benny\",\"@id\":\"https:\\\/\\\/www.thebestsocial.media\\\/de\\\/#\\\/schema\\\/person\\\/212fdd48880db42a484e589e4e27871b\"},\"headline\":\"Intolerante Frau st\u00f6rt sich an Regenbogenfahne vor Supermarkt und kassiert passende Antworten\",\"datePublished\":\"2020-08-26T09:57:44+00:00\",\"mainEntityOfPage\":{\"@id\":\"https:\\\/\\\/www.thebestsocial.media\\\/de\\\/intolerante-frau-stoert-sich-an-regenbogenfahne-vor-supermarkt-und-kassiert-passende-antworten\\\/\"},\"wordCount\":472,\"commentCount\":0,\"image\":{\"@id\":\"https:\\\/\\\/www.thebestsocial.media\\\/de\\\/intolerante-frau-stoert-sich-an-regenbogenfahne-vor-supermarkt-und-kassiert-passende-antworten\\\/#primaryimage\"},\"thumbnailUrl\":\"https:\\\/\\\/www.thebestsocial.media\\\/de\\\/wp-content\\\/uploads\\\/sites\\\/3\\\/2020\\\/08\\\/rewe_thumb.png\",\"keywords\":[\"Supermarkt\"],\"articleSection\":[\"Twitter\"],\"inLanguage\":\"de\",\"potentialAction\":[{\"@type\":\"CommentAction\",\"name\":\"Comment\",\"target\":[\"https:\\\/\\\/www.thebestsocial.media\\\/de\\\/intolerante-frau-stoert-sich-an-regenbogenfahne-vor-supermarkt-und-kassiert-passende-antworten\\\/#respond\"]}]},{\"@type\":\"WebPage\",\"@id\":\"https:\\\/\\\/www.thebestsocial.media\\\/de\\\/intolerante-frau-stoert-sich-an-regenbogenfahne-vor-supermarkt-und-kassiert-passende-antworten\\\/\",\"url\":\"https:\\\/\\\/www.thebestsocial.media\\\/de\\\/intolerante-frau-stoert-sich-an-regenbogenfahne-vor-supermarkt-und-kassiert-passende-antworten\\\/\",\"name\":\"Intolerante Frau st\u00f6rt sich an Regenbogenfahne vor Supermarkt und kassiert passende Antworten - The Best Social Media DE\",\"isPartOf\":{\"@id\":\"https:\\\/\\\/www.thebestsocial.media\\\/de\\\/#website\"},\"primaryImageOfPage\":{\"@id\":\"https:\\\/\\\/www.thebestsocial.media\\\/de\\\/intolerante-frau-stoert-sich-an-regenbogenfahne-vor-supermarkt-und-kassiert-passende-antworten\\\/#primaryimage\"},\"image\":{\"@id\":\"https:\\\/\\\/www.thebestsocial.media\\\/de\\\/intolerante-frau-stoert-sich-an-regenbogenfahne-vor-supermarkt-und-kassiert-passende-antworten\\\/#primaryimage\"},\"thumbnailUrl\":\"https:\\\/\\\/www.thebestsocial.media\\\/de\\\/wp-content\\\/uploads\\\/sites\\\/3\\\/2020\\\/08\\\/rewe_thumb.png\",\"datePublished\":\"2020-08-26T09:57:44+00:00\",\"author\":{\"@id\":\"https:\\\/\\\/www.thebestsocial.media\\\/de\\\/#\\\/schema\\\/person\\\/212fdd48880db42a484e589e4e27871b\"},\"breadcrumb\":{\"@id\":\"https:\\\/\\\/www.thebestsocial.media\\\/de\\\/intolerante-frau-stoert-sich-an-regenbogenfahne-vor-supermarkt-und-kassiert-passende-antworten\\\/#breadcrumb\"},\"inLanguage\":\"de\",\"potentialAction\":[{\"@type\":\"ReadAction\",\"target\":[\"https:\\\/\\\/www.thebestsocial.media\\\/de\\\/intolerante-frau-stoert-sich-an-regenbogenfahne-vor-supermarkt-und-kassiert-passende-antworten\\\/\"]}]},{\"@type\":\"ImageObject\",\"inLanguage\":\"de\",\"@id\":\"https:\\\/\\\/www.thebestsocial.media\\\/de\\\/intolerante-frau-stoert-sich-an-regenbogenfahne-vor-supermarkt-und-kassiert-passende-antworten\\\/#primaryimage\",\"url\":\"https:\\\/\\\/www.thebestsocial.media\\\/de\\\/wp-content\\\/uploads\\\/sites\\\/3\\\/2020\\\/08\\\/rewe_thumb.png\",\"contentUrl\":\"https:\\\/\\\/www.thebestsocial.media\\\/de\\\/wp-content\\\/uploads\\\/sites\\\/3\\\/2020\\\/08\\\/rewe_thumb.png\",\"width\":1200,\"height\":628},{\"@type\":\"BreadcrumbList\",\"@id\":\"https:\\\/\\\/www.thebestsocial.media\\\/de\\\/intolerante-frau-stoert-sich-an-regenbogenfahne-vor-supermarkt-und-kassiert-passende-antworten\\\/#breadcrumb\",\"itemListElement\":[{\"@type\":\"ListItem\",\"position\":1,\"name\":\"Home\",\"item\":\"https:\\\/\\\/www.thebestsocial.media\\\/de\\\/\"},{\"@type\":\"ListItem\",\"position\":2,\"name\":\"Intolerante Frau st\u00f6rt sich an Regenbogenfahne vor Supermarkt und kassiert passende Antworten\"}]},{\"@type\":\"WebSite\",\"@id\":\"https:\\\/\\\/www.thebestsocial.media\\\/de\\\/#website\",\"url\":\"https:\\\/\\\/www.thebestsocial.media\\\/de\\\/\",\"name\":\"The Best Social Media DE\",\"description\":\"\",\"potentialAction\":[{\"@type\":\"SearchAction\",\"target\":{\"@type\":\"EntryPoint\",\"urlTemplate\":\"https:\\\/\\\/www.thebestsocial.media\\\/de\\\/?s={search_term_string}\"},\"query-input\":{\"@type\":\"PropertyValueSpecification\",\"valueRequired\":true,\"valueName\":\"search_term_string\"}}],\"inLanguage\":\"de\"},{\"@type\":\"Person\",\"@id\":\"https:\\\/\\\/www.thebestsocial.media\\\/de\\\/#\\\/schema\\\/person\\\/212fdd48880db42a484e589e4e27871b\",\"name\":\"Benny\",\"image\":{\"@type\":\"ImageObject\",\"inLanguage\":\"de\",\"@id\":\"https:\\\/\\\/secure.gravatar.com\\\/avatar\\\/559f54fceb59ac8654d5ca40291d2ab87f2a9d79e48e8e3c19582477cde950bf?s=96&d=mm&r=g\",\"url\":\"https:\\\/\\\/secure.gravatar.com\\\/avatar\\\/559f54fceb59ac8654d5ca40291d2ab87f2a9d79e48e8e3c19582477cde950bf?s=96&d=mm&r=g\",\"contentUrl\":\"https:\\\/\\\/secure.gravatar.com\\\/avatar\\\/559f54fceb59ac8654d5ca40291d2ab87f2a9d79e48e8e3c19582477cde950bf?s=96&d=mm&r=g\",\"caption\":\"Benny\"},\"url\":\"https:\\\/\\\/www.thebestsocial.media\\\/de\\\/author\\\/bennykrueger\\\/\"}]}<\/script>\n<!-- \/ Yoast SEO plugin. -->","yoast_head_json":{"title":"Intolerante Frau st\u00f6rt sich an Regenbogenfahne vor Supermarkt und kassiert passende Antworten - The Best Social Media DE","robots":{"index":"index","follow":"follow","max-snippet":"max-snippet:-1","max-image-preview":"max-image-preview:large","max-video-preview":"max-video-preview:-1"},"canonical":"https:\/\/www.thebestsocial.media\/de\/intolerante-frau-stoert-sich-an-regenbogenfahne-vor-supermarkt-und-kassiert-passende-antworten\/","og_locale":"de_DE","og_type":"article","og_title":"Intolerante Frau st\u00f6rt sich an Regenbogenfahne vor Supermarkt und kassiert passende Antworten","og_description":"Das Recht auf freie Meinungs\u00e4u\u00dferung ist eine gro\u00dfartige Sache und dank sozialer Medien kann davon jeder in einem zuvor kaum gekannten Ausma\u00df Gebrauch machen. Das...","og_url":"https:\/\/www.thebestsocial.media\/de\/intolerante-frau-stoert-sich-an-regenbogenfahne-vor-supermarkt-und-kassiert-passende-antworten\/","og_site_name":"The Best Social Media DE","article_published_time":"2020-08-26T09:57:44+00:00","og_image":[{"width":1200,"height":628,"url":"https:\/\/www.thebestsocial.media\/de\/wp-content\/uploads\/sites\/3\/2020\/08\/rewe_fb.png","type":"image\/png"}],"author":"Benny","twitter_card":"summary_large_image","twitter_misc":{"Verfasst von":"Benny","Gesch\u00e4tzte Lesezeit":"2\u00a0Minuten"},"schema":{"@context":"https:\/\/schema.org","@graph":[{"@type":"Article","@id":"https:\/\/www.thebestsocial.media\/de\/intolerante-frau-stoert-sich-an-regenbogenfahne-vor-supermarkt-und-kassiert-passende-antworten\/#article","isPartOf":{"@id":"https:\/\/www.thebestsocial.media\/de\/intolerante-frau-stoert-sich-an-regenbogenfahne-vor-supermarkt-und-kassiert-passende-antworten\/"},"author":{"name":"Benny","@id":"https:\/\/www.thebestsocial.media\/de\/#\/schema\/person\/212fdd48880db42a484e589e4e27871b"},"headline":"Intolerante Frau st\u00f6rt sich an Regenbogenfahne vor Supermarkt und kassiert passende Antworten","datePublished":"2020-08-26T09:57:44+00:00","mainEntityOfPage":{"@id":"https:\/\/www.thebestsocial.media\/de\/intolerante-frau-stoert-sich-an-regenbogenfahne-vor-supermarkt-und-kassiert-passende-antworten\/"},"wordCount":472,"commentCount":0,"image":{"@id":"https:\/\/www.thebestsocial.media\/de\/intolerante-frau-stoert-sich-an-regenbogenfahne-vor-supermarkt-und-kassiert-passende-antworten\/#primaryimage"},"thumbnailUrl":"https:\/\/www.thebestsocial.media\/de\/wp-content\/uploads\/sites\/3\/2020\/08\/rewe_thumb.png","keywords":["Supermarkt"],"articleSection":["Twitter"],"inLanguage":"de","potentialAction":[{"@type":"CommentAction","name":"Comment","target":["https:\/\/www.thebestsocial.media\/de\/intolerante-frau-stoert-sich-an-regenbogenfahne-vor-supermarkt-und-kassiert-passende-antworten\/#respond"]}]},{"@type":"WebPage","@id":"https:\/\/www.thebestsocial.media\/de\/intolerante-frau-stoert-sich-an-regenbogenfahne-vor-supermarkt-und-kassiert-passende-antworten\/","url":"https:\/\/www.thebestsocial.media\/de\/intolerante-frau-stoert-sich-an-regenbogenfahne-vor-supermarkt-und-kassiert-passende-antworten\/","name":"Intolerante Frau st\u00f6rt sich an Regenbogenfahne vor Supermarkt und kassiert passende Antworten - The Best Social Media DE","isPartOf":{"@id":"https:\/\/www.thebestsocial.media\/de\/#website"},"primaryImageOfPage":{"@id":"https:\/\/www.thebestsocial.media\/de\/intolerante-frau-stoert-sich-an-regenbogenfahne-vor-supermarkt-und-kassiert-passende-antworten\/#primaryimage"},"image":{"@id":"https:\/\/www.thebestsocial.media\/de\/intolerante-frau-stoert-sich-an-regenbogenfahne-vor-supermarkt-und-kassiert-passende-antworten\/#primaryimage"},"thumbnailUrl":"https:\/\/www.thebestsocial.media\/de\/wp-content\/uploads\/sites\/3\/2020\/08\/rewe_thumb.png","datePublished":"2020-08-26T09:57:44+00:00","author":{"@id":"https:\/\/www.thebestsocial.media\/de\/#\/schema\/person\/212fdd48880db42a484e589e4e27871b"},"breadcrumb":{"@id":"https:\/\/www.thebestsocial.media\/de\/intolerante-frau-stoert-sich-an-regenbogenfahne-vor-supermarkt-und-kassiert-passende-antworten\/#breadcrumb"},"inLanguage":"de","potentialAction":[{"@type":"ReadAction","target":["https:\/\/www.thebestsocial.media\/de\/intolerante-frau-stoert-sich-an-regenbogenfahne-vor-supermarkt-und-kassiert-passende-antworten\/"]}]},{"@type":"ImageObject","inLanguage":"de","@id":"https:\/\/www.thebestsocial.media\/de\/intolerante-frau-stoert-sich-an-regenbogenfahne-vor-supermarkt-und-kassiert-passende-antworten\/#primaryimage","url":"https:\/\/www.thebestsocial.media\/de\/wp-content\/uploads\/sites\/3\/2020\/08\/rewe_thumb.png","contentUrl":"https:\/\/www.thebestsocial.media\/de\/wp-content\/uploads\/sites\/3\/2020\/08\/rewe_thumb.png","width":1200,"height":628},{"@type":"BreadcrumbList","@id":"https:\/\/www.thebestsocial.media\/de\/intolerante-frau-stoert-sich-an-regenbogenfahne-vor-supermarkt-und-kassiert-passende-antworten\/#breadcrumb","itemListElement":[{"@type":"ListItem","position":1,"name":"Home","item":"https:\/\/www.thebestsocial.media\/de\/"},{"@type":"ListItem","position":2,"name":"Intolerante Frau st\u00f6rt sich an Regenbogenfahne vor Supermarkt und kassiert passende Antworten"}]},{"@type":"WebSite","@id":"https:\/\/www.thebestsocial.media\/de\/#website","url":"https:\/\/www.thebestsocial.media\/de\/","name":"The Best Social Media DE","description":"","potentialAction":[{"@type":"SearchAction","target":{"@type":"EntryPoint","urlTemplate":"https:\/\/www.thebestsocial.media\/de\/?s={search_term_string}"},"query-input":{"@type":"PropertyValueSpecification","valueRequired":true,"valueName":"search_term_string"}}],"inLanguage":"de"},{"@type":"Person","@id":"https:\/\/www.thebestsocial.media\/de\/#\/schema\/person\/212fdd48880db42a484e589e4e27871b","name":"Benny","image":{"@type":"ImageObject","inLanguage":"de","@id":"https:\/\/secure.gravatar.com\/avatar\/559f54fceb59ac8654d5ca40291d2ab87f2a9d79e48e8e3c19582477cde950bf?s=96&d=mm&r=g","url":"https:\/\/secure.gravatar.com\/avatar\/559f54fceb59ac8654d5ca40291d2ab87f2a9d79e48e8e3c19582477cde950bf?s=96&d=mm&r=g","contentUrl":"https:\/\/secure.gravatar.com\/avatar\/559f54fceb59ac8654d5ca40291d2ab87f2a9d79e48e8e3c19582477cde950bf?s=96&d=mm&r=g","caption":"Benny"},"url":"https:\/\/www.thebestsocial.media\/de\/author\/bennykrueger\/"}]}},"amp_enabled":true,"_links":{"self":[{"href":"https:\/\/www.thebestsocial.media\/de\/wp-json\/wp\/v2\/posts\/132650","targetHints":{"allow":["GET"]}}],"collection":[{"href":"https:\/\/www.thebestsocial.media\/de\/wp-json\/wp\/v2\/posts"}],"about":[{"href":"https:\/\/www.thebestsocial.media\/de\/wp-json\/wp\/v2\/types\/post"}],"author":[{"embeddable":true,"href":"https:\/\/www.thebestsocial.media\/de\/wp-json\/wp\/v2\/users\/72"}],"replies":[{"embeddable":true,"href":"https:\/\/www.thebestsocial.media\/de\/wp-json\/wp\/v2\/comments?post=132650"}],"version-history":[{"count":2,"href":"https:\/\/www.thebestsocial.media\/de\/wp-json\/wp\/v2\/posts\/132650\/revisions"}],"predecessor-version":[{"id":132659,"href":"https:\/\/www.thebestsocial.media\/de\/wp-json\/wp\/v2\/posts\/132650\/revisions\/132659"}],"wp:featuredmedia":[{"embeddable":true,"href":"https:\/\/www.thebestsocial.media\/de\/wp-json\/wp\/v2\/media\/132656"}],"wp:attachment":[{"href":"https:\/\/www.thebestsocial.media\/de\/wp-json\/wp\/v2\/media?parent=132650"}],"wp:term":[{"taxonomy":"category","embeddable":true,"href":"https:\/\/www.thebestsocial.media\/de\/wp-json\/wp\/v2\/categories?post=132650"},{"taxonomy":"post_tag","embeddable":true,"href":"https:\/\/www.thebestsocial.media\/de\/wp-json\/wp\/v2\/tags?post=132650"}],"curies":[{"name":"wp","href":"https:\/\/api.w.org\/{rel}","templated":true}]}}