{"id":132367,"date":"2020-08-20T14:11:37","date_gmt":"2020-08-20T14:11:37","guid":{"rendered":"https:\/\/www.thebestsocial.media\/de\/?p=132367"},"modified":"2020-08-20T14:11:37","modified_gmt":"2020-08-20T14:11:37","slug":"fragwuerdiger-humor-satirischer-polizei-kalender-sorgt-fuer-unmut","status":"publish","type":"post","link":"https:\/\/www.thebestsocial.media\/de\/fragwuerdiger-humor-satirischer-polizei-kalender-sorgt-fuer-unmut\/","title":{"rendered":"Fragw\u00fcrdiger Humor: &#8222;Satirischer&#8220; Polizei-Kalender sorgt f\u00fcr Unmut"},"content":{"rendered":"<p>Nach den Vorf\u00e4llen in den USA wird Polizeigewalt auch hierzulande immer \u00f6fter thematisiert. Zuletzt tauchten entsprechende Handyvideos auf, Innenminister Seehofer wollte eine Studie \u00fcber Racial Profiling nicht zulassen, die hessische Polizei scheint von Rechten infiltriert zu sein und aktuell wird Komiker Aurel Mertz f\u00fcr ein <a href=\"https:\/\/www.thebestsocial.media\/de\/aelteres-video-sorgt-ploetzlich-fuer-empoerung-so-reagiert-aurel-mertz-auf-die-kritik\/\" rel=\"noopener noreferrer\" target=\"_blank\">satirisches Video \u00fcber Racial Profiling<\/a> kritisiert.<\/p>\n<p>Selbstverst\u00e4ndlich sind nicht alle Polizisten rassistisch und gewaltt\u00e4tig, dennoch leidet der Gesamteindruck. Und dieser wird nicht besser, wenn man wei\u00df, dass diese Probleme nicht neu sind, worauf nun der Journalist Stephan Anpalagan in einem bemerkenswerten Thread aufmerksam gemacht hat. Es wirft die Frage auf, was f\u00fcr ein diskriminierender Humor intern gepflegt wurde und ob sich die Polizei unterdessen davon befreit hat?<\/p>\n<p>&nbsp;<\/p>\n<h3>Anpalagan postete zwei Bilder eines Kalenders, der f\u00fcr das Jahr 2012 von niemand geringerem als der Deutschen Polizeigewerkschaft ausgegeben wurde.<\/h3>\n<div class=\"dbsm-oembed\">\n<blockquote class=\"twitter-tweet\" data-width=\"500\" data-dnt=\"true\">\n<p lang=\"de\" dir=\"ltr\">Weil sich gerade alle \u00fcber ein Satirevideo aufregen, das die Polizei kritisiert: Anbei einige Kalenderbl\u00e4tter, die in Polizeidienststelle hingen &#8211; ausgegeben von der <a href=\"https:\/\/twitter.com\/DPolGBund?ref_src=twsrc%5Etfw\">@DPolGBund<\/a>. Sowie Karikaturen, die in Polizeikreisen f\u00fcr Heiterkeit und Stimmung gesorgt haben.<\/p>\n<p>Viel Spa\u00df! <a href=\"https:\/\/t.co\/iZSCLZFRz1\">pic.twitter.com\/iZSCLZFRz1<\/a><\/p>\n<p>&mdash; Stephan Anpalagan (@stephanpalagan) <a href=\"https:\/\/twitter.com\/stephanpalagan\/status\/1296083747801006080?ref_src=twsrc%5Etfw\">August 19, 2020<\/a><\/p><\/blockquote>\n<p><script async src=\"https:\/\/platform.twitter.com\/widgets.js\" charset=\"utf-8\"><\/script><\/div>\n<blockquote class=\"twitter-tweet\" data-conversation=\"none\">\n<p lang=\"und\" dir=\"ltr\"><a href=\"https:\/\/t.co\/NB8hOE6t12\">pic.twitter.com\/NB8hOE6t12<\/a><\/p>\n<p>&mdash; Stephan Anpalagan (@stephanpalagan) <a href=\"https:\/\/twitter.com\/stephanpalagan\/status\/1296083749214486530?ref_src=twsrc%5Etfw\">August 19, 2020<\/a><\/p><\/blockquote>\n<p> <script async src=\"https:\/\/platform.twitter.com\/widgets.js\" charset=\"utf-8\"><\/script><\/p>\n<p>&nbsp;<\/p>\n<h3>Zus\u00e4tzlich zeigte er noch einige Karikaturen, die ebenfalls schon seit Jahren im Umlauf sind.<\/h3>\n<blockquote class=\"twitter-tweet\" data-conversation=\"none\">\n<p lang=\"und\" dir=\"ltr\"><a href=\"https:\/\/t.co\/tc3dUkZ6Ac\">pic.twitter.com\/tc3dUkZ6Ac<\/a><\/p>\n<p>&mdash; Stephan Anpalagan (@stephanpalagan) <a href=\"https:\/\/twitter.com\/stephanpalagan\/status\/1296083750695194626?ref_src=twsrc%5Etfw\">August 19, 2020<\/a><\/p><\/blockquote>\n<p> <script async src=\"https:\/\/platform.twitter.com\/widgets.js\" charset=\"utf-8\"><\/script><\/p>\n<blockquote class=\"twitter-tweet\" data-conversation=\"none\">\n<p lang=\"und\" dir=\"ltr\"><a href=\"https:\/\/t.co\/McoTk7A73B\">pic.twitter.com\/McoTk7A73B<\/a><\/p>\n<p>&mdash; Stephan Anpalagan (@stephanpalagan) <a href=\"https:\/\/twitter.com\/stephanpalagan\/status\/1296083755212234754?ref_src=twsrc%5Etfw\">August 19, 2020<\/a><\/p><\/blockquote>\n<p> <script async src=\"https:\/\/platform.twitter.com\/widgets.js\" charset=\"utf-8\"><\/script><\/p>\n<blockquote class=\"twitter-tweet\" data-conversation=\"none\">\n<p lang=\"und\" dir=\"ltr\"><a href=\"https:\/\/t.co\/5qh7VDYQlG\">pic.twitter.com\/5qh7VDYQlG<\/a><\/p>\n<p>&mdash; Stephan Anpalagan (@stephanpalagan) <a href=\"https:\/\/twitter.com\/stephanpalagan\/status\/1296083756932042755?ref_src=twsrc%5Etfw\">August 19, 2020<\/a><\/p><\/blockquote>\n<p> <script async src=\"https:\/\/platform.twitter.com\/widgets.js\" charset=\"utf-8\"><\/script><\/p>\n<blockquote class=\"twitter-tweet\" data-conversation=\"none\">\n<p lang=\"und\" dir=\"ltr\"><a href=\"https:\/\/t.co\/uHwDbeQmpd\">pic.twitter.com\/uHwDbeQmpd<\/a><\/p>\n<p>&mdash; Stephan Anpalagan (@stephanpalagan) <a href=\"https:\/\/twitter.com\/stephanpalagan\/status\/1296083758467166212?ref_src=twsrc%5Etfw\">August 19, 2020<\/a><\/p><\/blockquote>\n<p> <script async src=\"https:\/\/platform.twitter.com\/widgets.js\" charset=\"utf-8\"><\/script><\/p>\n<blockquote class=\"twitter-tweet\" data-conversation=\"none\">\n<p lang=\"und\" dir=\"ltr\"><a href=\"https:\/\/t.co\/zRKq6ZhU7o\">pic.twitter.com\/zRKq6ZhU7o<\/a><\/p>\n<p>&mdash; Stephan Anpalagan (@stephanpalagan) <a href=\"https:\/\/twitter.com\/stephanpalagan\/status\/1296083762338500609?ref_src=twsrc%5Etfw\">August 19, 2020<\/a><\/p><\/blockquote>\n<p> <script async src=\"https:\/\/platform.twitter.com\/widgets.js\" charset=\"utf-8\"><\/script><\/p>\n<blockquote class=\"twitter-tweet\" data-conversation=\"none\">\n<p lang=\"und\" dir=\"ltr\"><a href=\"https:\/\/t.co\/3mKuoeckUO\">pic.twitter.com\/3mKuoeckUO<\/a><\/p>\n<p>&mdash; Stephan Anpalagan (@stephanpalagan) <a href=\"https:\/\/twitter.com\/stephanpalagan\/status\/1296083765383569409?ref_src=twsrc%5Etfw\">August 19, 2020<\/a><\/p><\/blockquote>\n<p> <script async src=\"https:\/\/platform.twitter.com\/widgets.js\" charset=\"utf-8\"><\/script><\/p>\n<blockquote class=\"twitter-tweet\" data-conversation=\"none\">\n<p lang=\"und\" dir=\"ltr\"><a href=\"https:\/\/t.co\/pbMuME1Xw1\">pic.twitter.com\/pbMuME1Xw1<\/a><\/p>\n<p>&mdash; Stephan Anpalagan (@stephanpalagan) <a href=\"https:\/\/twitter.com\/stephanpalagan\/status\/1296094270059929600?ref_src=twsrc%5Etfw\">August 19, 2020<\/a><\/p><\/blockquote>\n<p> <script async src=\"https:\/\/platform.twitter.com\/widgets.js\" charset=\"utf-8\"><\/script><\/p>\n<p>&nbsp;<\/p>\n<h3>Trotz des Alters der Bilder sorgen sie nach wie vor f\u00fcr Irritation. Und gerade in Bezug auf die aktuelle Mertz-Debatte ist es interessant zu sehen, wie mit zweierlei Ma\u00df \u00fcber Satire und Humor geurteilt wird.<\/h3>\n<blockquote class=\"twitter-tweet\">\n<p lang=\"de\" dir=\"ltr\">Rainer Wendt damals h\u00f6chstpers\u00f6nlich:<\/p>\n<p>&#8211; &quot;Die Motive sind f\u00fcr viele Kollegen und Kolleginnen unterhaltsam und da wird auch immer wieder herzhaft dr\u00fcber gelacht.&quot;<\/p>\n<p>&#8211; &quot;Rassistisch sch\u00e4tzen das nur Leute ein, die auf der Suche nach Rassismus sind.&quot;<a href=\"https:\/\/t.co\/kJQbhDUoSU\">https:\/\/t.co\/kJQbhDUoSU<\/a><\/p>\n<p>&mdash; Stephan Anpalagan (@stephanpalagan) <a href=\"https:\/\/twitter.com\/stephanpalagan\/status\/1296096324039958528?ref_src=twsrc%5Etfw\">August 19, 2020<\/a><\/p><\/blockquote>\n<p> <script async src=\"https:\/\/platform.twitter.com\/widgets.js\" charset=\"utf-8\"><\/script><\/p>\n<blockquote class=\"twitter-tweet\" data-conversation=\"none\">\n<p lang=\"de\" dir=\"ltr\">Die meisten dieser Cartoons stammen \u00fcbrigens von Kriminaloberkommissar Alfred Berger, sind also nicht nur \u00fcber die Polizei, sondern auch von einem Polizisten gezeichnet worden.<\/p>\n<p>&mdash; herr kri.se &#8211; kein Polizist, hier privat \ud83c\udff3\ufe0f\u200d\ud83c\udf08 (@herr_krise) <a href=\"https:\/\/twitter.com\/herr_krise\/status\/1296088541710241792?ref_src=twsrc%5Etfw\">August 19, 2020<\/a><\/p><\/blockquote>\n<p> <script async src=\"https:\/\/platform.twitter.com\/widgets.js\" charset=\"utf-8\"><\/script><\/p>\n<blockquote class=\"twitter-tweet\" data-conversation=\"none\">\n<p lang=\"de\" dir=\"ltr\">Beim ersten habe ich noch einen gewissen Wortwitz gesehen, auch wenn es unpassend war. Aber der Rest? Wtf, waffentragende Beh\u00f6rden in Deutschland haben wieder Bildchen, auf denen Menschen als minderwertig und stigmatisierend dargestellt werden, in den Dienststuben h\u00e4ngen. Ja Moin<\/p>\n<p>&mdash; Jean Outrage (@Pleasureboy99) <a href=\"https:\/\/twitter.com\/Pleasureboy99\/status\/1296085604996972544?ref_src=twsrc%5Etfw\">August 19, 2020<\/a><\/p><\/blockquote>\n<p> <script async src=\"https:\/\/platform.twitter.com\/widgets.js\" charset=\"utf-8\"><\/script><\/p>\n<blockquote class=\"twitter-tweet\" data-conversation=\"none\">\n<p lang=\"de\" dir=\"ltr\">Das sind ja nicht nur die Worte sondern auch die Zeichnung der Schwarzen &#8211; aus der tiefsten Schublade des Rassismus. Unglaublich, dass so etwas \u00fcberhaupt in Amtstuben h\u00e4ngt.<\/p>\n<p>&mdash; Cameo (@Cameo1969) <a href=\"https:\/\/twitter.com\/Cameo1969\/status\/1296088827187126273?ref_src=twsrc%5Etfw\">August 19, 2020<\/a><\/p><\/blockquote>\n<p> <script async src=\"https:\/\/platform.twitter.com\/widgets.js\" charset=\"utf-8\"><\/script><\/p>\n<blockquote class=\"twitter-tweet\">\n<p lang=\"de\" dir=\"ltr\">Dann w\u00e4re ja seit 2012 etwas passiert.<\/p>\n<p>Ist aber wohl nicht?<\/p>\n<p>Justiz und Polizei nach wie vor rechts blind.<\/p>\n<p>&mdash; Nicht wichtig (@BlueNicht) <a href=\"https:\/\/twitter.com\/BlueNicht\/status\/1296106403606732800?ref_src=twsrc%5Etfw\">August 19, 2020<\/a><\/p><\/blockquote>\n<p> <script async src=\"https:\/\/platform.twitter.com\/widgets.js\" charset=\"utf-8\"><\/script><\/p>\n<blockquote class=\"twitter-tweet\" data-conversation=\"none\">\n<p lang=\"de\" dir=\"ltr\">Ich habe mir die alle angesehen und ich finde die alle irgendwie nicht witzig ich finde die ziemlich ekelhaft und zum kotzen das hat nichts mit Satire oder Spa\u00df zu tun das ist einfach nur eklig.<\/p>\n<p>&mdash; Justice (@Justice64772181) <a href=\"https:\/\/twitter.com\/Justice64772181\/status\/1296087033769791489?ref_src=twsrc%5Etfw\">August 19, 2020<\/a><\/p><\/blockquote>\n<p> <script async src=\"https:\/\/platform.twitter.com\/widgets.js\" charset=\"utf-8\"><\/script><\/p>\n<blockquote class=\"twitter-tweet\" data-conversation=\"none\">\n<p lang=\"de\" dir=\"ltr\">holy &#8230; euer ernst <a href=\"https:\/\/twitter.com\/DPolGBund?ref_src=twsrc%5Etfw\">@DPolGBund<\/a> ?<\/p>\n<p>&mdash; Anonymous Germany \ud83c\udff4\u200d\u2620\ufe0f (@AnonNewsDE) <a href=\"https:\/\/twitter.com\/AnonNewsDE\/status\/1296088642763608064?ref_src=twsrc%5Etfw\">August 19, 2020<\/a><\/p><\/blockquote>\n<p> <script async src=\"https:\/\/platform.twitter.com\/widgets.js\" charset=\"utf-8\"><\/script><\/p>\n<p>&#8212;<br \/>\nVielen Dank an <a href=\"https:\/\/twitter.com\/stephanpalagan\" rel=\"noopener noreferrer\" target=\"_blank\">Stephan Anpalagan<\/a> und alle anderen f\u00fcr die Posts.<br \/>\n&#8212;<br \/>\n<strong>Keine Influencer! Kein Foodporn! Nur ganz viel Spa\u00df &#8211; bei uns auf Instagram:<\/strong><br \/>\nhttps:\/\/www.instagram.com\/p\/CEGqLlfgyjA\/<\/p>\n","protected":false},"excerpt":{"rendered":"<p>Nach den Vorf\u00e4llen in den USA wird Polizeigewalt auch hierzulande immer \u00f6fter thematisiert. Zuletzt tauchten entsprechende Handyvideos auf, Innenminister Seehofer wollte eine Studie \u00fcber Racial&#8230;<\/p>\n","protected":false},"author":72,"featured_media":132370,"comment_status":"open","ping_status":"open","sticky":false,"template":"","format":"standard","meta":{"_acf_changed":false,"footnotes":""},"categories":[35],"tags":[4309,128,629],"class_list":["post-132367","post","type-post","status-publish","format-standard","has-post-thumbnail","hentry","category-twitter","tag-kalender","tag-polizei","tag-rassismus"],"acf":[],"yoast_head":"<!-- This site is optimized with the Yoast SEO plugin v27.5 - https:\/\/yoast.com\/product\/yoast-seo-wordpress\/ -->\n<title>Fragw\u00fcrdiger Humor: &quot;Satirischer&quot; Polizei-Kalender sorgt f\u00fcr Unmut - The Best Social Media DE<\/title>\n<meta name=\"robots\" content=\"index, follow, max-snippet:-1, max-image-preview:large, max-video-preview:-1\" \/>\n<link rel=\"canonical\" href=\"https:\/\/www.thebestsocial.media\/de\/fragwuerdiger-humor-satirischer-polizei-kalender-sorgt-fuer-unmut\/\" \/>\n<meta property=\"og:locale\" content=\"de_DE\" \/>\n<meta property=\"og:type\" content=\"article\" \/>\n<meta property=\"og:title\" content=\"Fragw\u00fcrdiger Humor: &quot;Satirischer&quot; Polizei-Kalender sorgt f\u00fcr Unmut\" \/>\n<meta property=\"og:description\" content=\"Nach den Vorf\u00e4llen in den USA wird Polizeigewalt auch hierzulande immer \u00f6fter thematisiert. Zuletzt tauchten entsprechende Handyvideos auf, Innenminister Seehofer wollte eine Studie \u00fcber Racial...\" \/>\n<meta property=\"og:url\" content=\"https:\/\/www.thebestsocial.media\/de\/fragwuerdiger-humor-satirischer-polizei-kalender-sorgt-fuer-unmut\/\" \/>\n<meta property=\"og:site_name\" content=\"The Best Social Media DE\" \/>\n<meta property=\"article:published_time\" content=\"2020-08-20T14:11:37+00:00\" \/>\n<meta property=\"og:image\" content=\"https:\/\/www.thebestsocial.media\/de\/wp-content\/uploads\/sites\/3\/2020\/08\/kalender_fb.jpg\" \/>\n\t<meta property=\"og:image:width\" content=\"1200\" \/>\n\t<meta property=\"og:image:height\" content=\"628\" \/>\n\t<meta property=\"og:image:type\" content=\"image\/jpeg\" \/>\n<meta name=\"author\" content=\"Benny\" \/>\n<meta name=\"twitter:card\" content=\"summary_large_image\" \/>\n<meta name=\"twitter:label1\" content=\"Verfasst von\" \/>\n\t<meta name=\"twitter:data1\" content=\"Benny\" \/>\n\t<meta name=\"twitter:label2\" content=\"Gesch\u00e4tzte Lesezeit\" \/>\n\t<meta name=\"twitter:data2\" content=\"3\u00a0Minuten\" \/>\n<script type=\"application\/ld+json\" class=\"yoast-schema-graph\">{\"@context\":\"https:\\\/\\\/schema.org\",\"@graph\":[{\"@type\":\"Article\",\"@id\":\"https:\\\/\\\/www.thebestsocial.media\\\/de\\\/fragwuerdiger-humor-satirischer-polizei-kalender-sorgt-fuer-unmut\\\/#article\",\"isPartOf\":{\"@id\":\"https:\\\/\\\/www.thebestsocial.media\\\/de\\\/fragwuerdiger-humor-satirischer-polizei-kalender-sorgt-fuer-unmut\\\/\"},\"author\":{\"name\":\"Benny\",\"@id\":\"https:\\\/\\\/www.thebestsocial.media\\\/de\\\/#\\\/schema\\\/person\\\/212fdd48880db42a484e589e4e27871b\"},\"headline\":\"Fragw\u00fcrdiger Humor: &#8222;Satirischer&#8220; Polizei-Kalender sorgt f\u00fcr Unmut\",\"datePublished\":\"2020-08-20T14:11:37+00:00\",\"mainEntityOfPage\":{\"@id\":\"https:\\\/\\\/www.thebestsocial.media\\\/de\\\/fragwuerdiger-humor-satirischer-polizei-kalender-sorgt-fuer-unmut\\\/\"},\"wordCount\":564,\"commentCount\":0,\"image\":{\"@id\":\"https:\\\/\\\/www.thebestsocial.media\\\/de\\\/fragwuerdiger-humor-satirischer-polizei-kalender-sorgt-fuer-unmut\\\/#primaryimage\"},\"thumbnailUrl\":\"https:\\\/\\\/www.thebestsocial.media\\\/de\\\/wp-content\\\/uploads\\\/sites\\\/3\\\/2020\\\/08\\\/kalender_thumb.jpg\",\"keywords\":[\"Kalender\",\"polizei\",\"Rassismus\"],\"articleSection\":[\"Twitter\"],\"inLanguage\":\"de\",\"potentialAction\":[{\"@type\":\"CommentAction\",\"name\":\"Comment\",\"target\":[\"https:\\\/\\\/www.thebestsocial.media\\\/de\\\/fragwuerdiger-humor-satirischer-polizei-kalender-sorgt-fuer-unmut\\\/#respond\"]}]},{\"@type\":\"WebPage\",\"@id\":\"https:\\\/\\\/www.thebestsocial.media\\\/de\\\/fragwuerdiger-humor-satirischer-polizei-kalender-sorgt-fuer-unmut\\\/\",\"url\":\"https:\\\/\\\/www.thebestsocial.media\\\/de\\\/fragwuerdiger-humor-satirischer-polizei-kalender-sorgt-fuer-unmut\\\/\",\"name\":\"Fragw\u00fcrdiger Humor: \\\"Satirischer\\\" Polizei-Kalender sorgt f\u00fcr Unmut - The Best Social Media DE\",\"isPartOf\":{\"@id\":\"https:\\\/\\\/www.thebestsocial.media\\\/de\\\/#website\"},\"primaryImageOfPage\":{\"@id\":\"https:\\\/\\\/www.thebestsocial.media\\\/de\\\/fragwuerdiger-humor-satirischer-polizei-kalender-sorgt-fuer-unmut\\\/#primaryimage\"},\"image\":{\"@id\":\"https:\\\/\\\/www.thebestsocial.media\\\/de\\\/fragwuerdiger-humor-satirischer-polizei-kalender-sorgt-fuer-unmut\\\/#primaryimage\"},\"thumbnailUrl\":\"https:\\\/\\\/www.thebestsocial.media\\\/de\\\/wp-content\\\/uploads\\\/sites\\\/3\\\/2020\\\/08\\\/kalender_thumb.jpg\",\"datePublished\":\"2020-08-20T14:11:37+00:00\",\"author\":{\"@id\":\"https:\\\/\\\/www.thebestsocial.media\\\/de\\\/#\\\/schema\\\/person\\\/212fdd48880db42a484e589e4e27871b\"},\"breadcrumb\":{\"@id\":\"https:\\\/\\\/www.thebestsocial.media\\\/de\\\/fragwuerdiger-humor-satirischer-polizei-kalender-sorgt-fuer-unmut\\\/#breadcrumb\"},\"inLanguage\":\"de\",\"potentialAction\":[{\"@type\":\"ReadAction\",\"target\":[\"https:\\\/\\\/www.thebestsocial.media\\\/de\\\/fragwuerdiger-humor-satirischer-polizei-kalender-sorgt-fuer-unmut\\\/\"]}]},{\"@type\":\"ImageObject\",\"inLanguage\":\"de\",\"@id\":\"https:\\\/\\\/www.thebestsocial.media\\\/de\\\/fragwuerdiger-humor-satirischer-polizei-kalender-sorgt-fuer-unmut\\\/#primaryimage\",\"url\":\"https:\\\/\\\/www.thebestsocial.media\\\/de\\\/wp-content\\\/uploads\\\/sites\\\/3\\\/2020\\\/08\\\/kalender_thumb.jpg\",\"contentUrl\":\"https:\\\/\\\/www.thebestsocial.media\\\/de\\\/wp-content\\\/uploads\\\/sites\\\/3\\\/2020\\\/08\\\/kalender_thumb.jpg\",\"width\":1200,\"height\":628},{\"@type\":\"BreadcrumbList\",\"@id\":\"https:\\\/\\\/www.thebestsocial.media\\\/de\\\/fragwuerdiger-humor-satirischer-polizei-kalender-sorgt-fuer-unmut\\\/#breadcrumb\",\"itemListElement\":[{\"@type\":\"ListItem\",\"position\":1,\"name\":\"Home\",\"item\":\"https:\\\/\\\/www.thebestsocial.media\\\/de\\\/\"},{\"@type\":\"ListItem\",\"position\":2,\"name\":\"Fragw\u00fcrdiger Humor: &#8222;Satirischer&#8220; Polizei-Kalender sorgt f\u00fcr Unmut\"}]},{\"@type\":\"WebSite\",\"@id\":\"https:\\\/\\\/www.thebestsocial.media\\\/de\\\/#website\",\"url\":\"https:\\\/\\\/www.thebestsocial.media\\\/de\\\/\",\"name\":\"The Best Social Media DE\",\"description\":\"\",\"potentialAction\":[{\"@type\":\"SearchAction\",\"target\":{\"@type\":\"EntryPoint\",\"urlTemplate\":\"https:\\\/\\\/www.thebestsocial.media\\\/de\\\/?s={search_term_string}\"},\"query-input\":{\"@type\":\"PropertyValueSpecification\",\"valueRequired\":true,\"valueName\":\"search_term_string\"}}],\"inLanguage\":\"de\"},{\"@type\":\"Person\",\"@id\":\"https:\\\/\\\/www.thebestsocial.media\\\/de\\\/#\\\/schema\\\/person\\\/212fdd48880db42a484e589e4e27871b\",\"name\":\"Benny\",\"image\":{\"@type\":\"ImageObject\",\"inLanguage\":\"de\",\"@id\":\"https:\\\/\\\/secure.gravatar.com\\\/avatar\\\/559f54fceb59ac8654d5ca40291d2ab87f2a9d79e48e8e3c19582477cde950bf?s=96&d=mm&r=g\",\"url\":\"https:\\\/\\\/secure.gravatar.com\\\/avatar\\\/559f54fceb59ac8654d5ca40291d2ab87f2a9d79e48e8e3c19582477cde950bf?s=96&d=mm&r=g\",\"contentUrl\":\"https:\\\/\\\/secure.gravatar.com\\\/avatar\\\/559f54fceb59ac8654d5ca40291d2ab87f2a9d79e48e8e3c19582477cde950bf?s=96&d=mm&r=g\",\"caption\":\"Benny\"},\"url\":\"https:\\\/\\\/www.thebestsocial.media\\\/de\\\/author\\\/bennykrueger\\\/\"}]}<\/script>\n<!-- \/ Yoast SEO plugin. -->","yoast_head_json":{"title":"Fragw\u00fcrdiger Humor: \"Satirischer\" Polizei-Kalender sorgt f\u00fcr Unmut - The Best Social Media DE","robots":{"index":"index","follow":"follow","max-snippet":"max-snippet:-1","max-image-preview":"max-image-preview:large","max-video-preview":"max-video-preview:-1"},"canonical":"https:\/\/www.thebestsocial.media\/de\/fragwuerdiger-humor-satirischer-polizei-kalender-sorgt-fuer-unmut\/","og_locale":"de_DE","og_type":"article","og_title":"Fragw\u00fcrdiger Humor: \"Satirischer\" Polizei-Kalender sorgt f\u00fcr Unmut","og_description":"Nach den Vorf\u00e4llen in den USA wird Polizeigewalt auch hierzulande immer \u00f6fter thematisiert. Zuletzt tauchten entsprechende Handyvideos auf, Innenminister Seehofer wollte eine Studie \u00fcber Racial...","og_url":"https:\/\/www.thebestsocial.media\/de\/fragwuerdiger-humor-satirischer-polizei-kalender-sorgt-fuer-unmut\/","og_site_name":"The Best Social Media DE","article_published_time":"2020-08-20T14:11:37+00:00","og_image":[{"width":1200,"height":628,"url":"https:\/\/www.thebestsocial.media\/de\/wp-content\/uploads\/sites\/3\/2020\/08\/kalender_fb.jpg","type":"image\/jpeg"}],"author":"Benny","twitter_card":"summary_large_image","twitter_misc":{"Verfasst von":"Benny","Gesch\u00e4tzte Lesezeit":"3\u00a0Minuten"},"schema":{"@context":"https:\/\/schema.org","@graph":[{"@type":"Article","@id":"https:\/\/www.thebestsocial.media\/de\/fragwuerdiger-humor-satirischer-polizei-kalender-sorgt-fuer-unmut\/#article","isPartOf":{"@id":"https:\/\/www.thebestsocial.media\/de\/fragwuerdiger-humor-satirischer-polizei-kalender-sorgt-fuer-unmut\/"},"author":{"name":"Benny","@id":"https:\/\/www.thebestsocial.media\/de\/#\/schema\/person\/212fdd48880db42a484e589e4e27871b"},"headline":"Fragw\u00fcrdiger Humor: &#8222;Satirischer&#8220; Polizei-Kalender sorgt f\u00fcr Unmut","datePublished":"2020-08-20T14:11:37+00:00","mainEntityOfPage":{"@id":"https:\/\/www.thebestsocial.media\/de\/fragwuerdiger-humor-satirischer-polizei-kalender-sorgt-fuer-unmut\/"},"wordCount":564,"commentCount":0,"image":{"@id":"https:\/\/www.thebestsocial.media\/de\/fragwuerdiger-humor-satirischer-polizei-kalender-sorgt-fuer-unmut\/#primaryimage"},"thumbnailUrl":"https:\/\/www.thebestsocial.media\/de\/wp-content\/uploads\/sites\/3\/2020\/08\/kalender_thumb.jpg","keywords":["Kalender","polizei","Rassismus"],"articleSection":["Twitter"],"inLanguage":"de","potentialAction":[{"@type":"CommentAction","name":"Comment","target":["https:\/\/www.thebestsocial.media\/de\/fragwuerdiger-humor-satirischer-polizei-kalender-sorgt-fuer-unmut\/#respond"]}]},{"@type":"WebPage","@id":"https:\/\/www.thebestsocial.media\/de\/fragwuerdiger-humor-satirischer-polizei-kalender-sorgt-fuer-unmut\/","url":"https:\/\/www.thebestsocial.media\/de\/fragwuerdiger-humor-satirischer-polizei-kalender-sorgt-fuer-unmut\/","name":"Fragw\u00fcrdiger Humor: \"Satirischer\" Polizei-Kalender sorgt f\u00fcr Unmut - The Best Social Media DE","isPartOf":{"@id":"https:\/\/www.thebestsocial.media\/de\/#website"},"primaryImageOfPage":{"@id":"https:\/\/www.thebestsocial.media\/de\/fragwuerdiger-humor-satirischer-polizei-kalender-sorgt-fuer-unmut\/#primaryimage"},"image":{"@id":"https:\/\/www.thebestsocial.media\/de\/fragwuerdiger-humor-satirischer-polizei-kalender-sorgt-fuer-unmut\/#primaryimage"},"thumbnailUrl":"https:\/\/www.thebestsocial.media\/de\/wp-content\/uploads\/sites\/3\/2020\/08\/kalender_thumb.jpg","datePublished":"2020-08-20T14:11:37+00:00","author":{"@id":"https:\/\/www.thebestsocial.media\/de\/#\/schema\/person\/212fdd48880db42a484e589e4e27871b"},"breadcrumb":{"@id":"https:\/\/www.thebestsocial.media\/de\/fragwuerdiger-humor-satirischer-polizei-kalender-sorgt-fuer-unmut\/#breadcrumb"},"inLanguage":"de","potentialAction":[{"@type":"ReadAction","target":["https:\/\/www.thebestsocial.media\/de\/fragwuerdiger-humor-satirischer-polizei-kalender-sorgt-fuer-unmut\/"]}]},{"@type":"ImageObject","inLanguage":"de","@id":"https:\/\/www.thebestsocial.media\/de\/fragwuerdiger-humor-satirischer-polizei-kalender-sorgt-fuer-unmut\/#primaryimage","url":"https:\/\/www.thebestsocial.media\/de\/wp-content\/uploads\/sites\/3\/2020\/08\/kalender_thumb.jpg","contentUrl":"https:\/\/www.thebestsocial.media\/de\/wp-content\/uploads\/sites\/3\/2020\/08\/kalender_thumb.jpg","width":1200,"height":628},{"@type":"BreadcrumbList","@id":"https:\/\/www.thebestsocial.media\/de\/fragwuerdiger-humor-satirischer-polizei-kalender-sorgt-fuer-unmut\/#breadcrumb","itemListElement":[{"@type":"ListItem","position":1,"name":"Home","item":"https:\/\/www.thebestsocial.media\/de\/"},{"@type":"ListItem","position":2,"name":"Fragw\u00fcrdiger Humor: &#8222;Satirischer&#8220; Polizei-Kalender sorgt f\u00fcr Unmut"}]},{"@type":"WebSite","@id":"https:\/\/www.thebestsocial.media\/de\/#website","url":"https:\/\/www.thebestsocial.media\/de\/","name":"The Best Social Media DE","description":"","potentialAction":[{"@type":"SearchAction","target":{"@type":"EntryPoint","urlTemplate":"https:\/\/www.thebestsocial.media\/de\/?s={search_term_string}"},"query-input":{"@type":"PropertyValueSpecification","valueRequired":true,"valueName":"search_term_string"}}],"inLanguage":"de"},{"@type":"Person","@id":"https:\/\/www.thebestsocial.media\/de\/#\/schema\/person\/212fdd48880db42a484e589e4e27871b","name":"Benny","image":{"@type":"ImageObject","inLanguage":"de","@id":"https:\/\/secure.gravatar.com\/avatar\/559f54fceb59ac8654d5ca40291d2ab87f2a9d79e48e8e3c19582477cde950bf?s=96&d=mm&r=g","url":"https:\/\/secure.gravatar.com\/avatar\/559f54fceb59ac8654d5ca40291d2ab87f2a9d79e48e8e3c19582477cde950bf?s=96&d=mm&r=g","contentUrl":"https:\/\/secure.gravatar.com\/avatar\/559f54fceb59ac8654d5ca40291d2ab87f2a9d79e48e8e3c19582477cde950bf?s=96&d=mm&r=g","caption":"Benny"},"url":"https:\/\/www.thebestsocial.media\/de\/author\/bennykrueger\/"}]}},"amp_enabled":true,"_links":{"self":[{"href":"https:\/\/www.thebestsocial.media\/de\/wp-json\/wp\/v2\/posts\/132367","targetHints":{"allow":["GET"]}}],"collection":[{"href":"https:\/\/www.thebestsocial.media\/de\/wp-json\/wp\/v2\/posts"}],"about":[{"href":"https:\/\/www.thebestsocial.media\/de\/wp-json\/wp\/v2\/types\/post"}],"author":[{"embeddable":true,"href":"https:\/\/www.thebestsocial.media\/de\/wp-json\/wp\/v2\/users\/72"}],"replies":[{"embeddable":true,"href":"https:\/\/www.thebestsocial.media\/de\/wp-json\/wp\/v2\/comments?post=132367"}],"version-history":[{"count":3,"href":"https:\/\/www.thebestsocial.media\/de\/wp-json\/wp\/v2\/posts\/132367\/revisions"}],"predecessor-version":[{"id":132374,"href":"https:\/\/www.thebestsocial.media\/de\/wp-json\/wp\/v2\/posts\/132367\/revisions\/132374"}],"wp:featuredmedia":[{"embeddable":true,"href":"https:\/\/www.thebestsocial.media\/de\/wp-json\/wp\/v2\/media\/132370"}],"wp:attachment":[{"href":"https:\/\/www.thebestsocial.media\/de\/wp-json\/wp\/v2\/media?parent=132367"}],"wp:term":[{"taxonomy":"category","embeddable":true,"href":"https:\/\/www.thebestsocial.media\/de\/wp-json\/wp\/v2\/categories?post=132367"},{"taxonomy":"post_tag","embeddable":true,"href":"https:\/\/www.thebestsocial.media\/de\/wp-json\/wp\/v2\/tags?post=132367"}],"curies":[{"name":"wp","href":"https:\/\/api.w.org\/{rel}","templated":true}]}}