{"id":132347,"date":"2020-08-20T12:17:36","date_gmt":"2020-08-20T12:17:36","guid":{"rendered":"https:\/\/www.thebestsocial.media\/de\/?p=132347"},"modified":"2020-08-20T12:23:08","modified_gmt":"2020-08-20T12:23:08","slug":"aelteres-video-sorgt-ploetzlich-fuer-empoerung-so-reagiert-aurel-mertz-auf-die-kritik","status":"publish","type":"post","link":"https:\/\/www.thebestsocial.media\/de\/aelteres-video-sorgt-ploetzlich-fuer-empoerung-so-reagiert-aurel-mertz-auf-die-kritik\/","title":{"rendered":"\u00c4lteres Video sorgt pl\u00f6tzlich f\u00fcr Emp\u00f6rung: So reagiert Aurel Mertz auf die Kritik"},"content":{"rendered":"<p>Kaum gepostet, schon vergessen: Da hei\u00dft es immer wieder, das Internet sei schnelllebig, und dann kommen manche Sachen, die man irgendwann einmal online gestellt und mit denen man schon l\u00e4ngst abgeschlossen hat, wie ein Bumerang zur\u00fcck. Das bekam jetzt auch Komiker Aurel Mertz zu sp\u00fcren. Bereits im Juli ver\u00f6ffentliche er <a href=\"https:\/\/www.thebestsocial.media\/de\/gratwanderung-gemeistert-aurel-mertz-verarbeitet-rassismus-mit-comedy\/\" target=\"_blank\" rel=\"noopener noreferrer\">sein Fahrraddieb-Video<\/a>, in dem er Racial Profiling auf die Schippe nahm und damit kritisierte.<\/p>\n<p>&nbsp;<\/p>\n<h3>Das mittlerweile \u00fcber ein Monat alte Video sammelte auf Instagram \u00fcber 200.000 Views, l\u00f6ste aber keine \u00f6ffentliche Debatte aus.<\/h3>\n<p>https:\/\/www.instagram.com\/tv\/CCf1E_DqlNP\/<\/p>\n<p>&nbsp;<\/p>\n<h3>Erst jetzt, in der zweiten Augusth\u00e4lfte, sorgt es pl\u00f6tzlich f\u00fcr Emp\u00f6rung. Vor allem Unionspolitiker wie die Bundestagsabgeordneten Stefan M\u00fcller (CSU) und Matthias Hauer (CDU) sehen darin einen Angriff gegen die Polizei. Manche nutzen die Aufregung, um den geb\u00fchrenfinanzierten \u00f6ffentlich-rechtlichen Rundfunk zu attackieren.<\/h3>\n<div class=\"dbsm-oembed\">\n<blockquote class=\"twitter-tweet\" data-width=\"500\" data-dnt=\"true\">\n<p lang=\"de\" dir=\"ltr\">Die <a href=\"https:\/\/twitter.com\/cdulsa?ref_src=twsrc%5Etfw\">@cdulsa<\/a> hat meine volle Unterst\u00fctzung, die Erh\u00f6hung des <a href=\"https:\/\/twitter.com\/hashtag\/Rundfunkbeitrag?src=hash&amp;ref_src=twsrc%5Etfw\">#Rundfunkbeitrag<\/a>|es zu stoppen. Nicht nur am Polizei-Video von Funk, sondern an vielen Punkten zeigt sich: ARD und ZDF brauchen eine grundlegende Reform und nicht noch mehr Geb\u00fchrengelder!<a href=\"https:\/\/t.co\/Eiqbf7zS9u\">https:\/\/t.co\/Eiqbf7zS9u<\/a><\/p>\n<p>&mdash; Stefan M\u00fcller (@smuellermdb) <a href=\"https:\/\/twitter.com\/smuellermdb\/status\/1296031564112044038?ref_src=twsrc%5Etfw\">August 19, 2020<\/a><\/p><\/blockquote>\n<p><script async src=\"https:\/\/platform.twitter.com\/widgets.js\" charset=\"utf-8\"><\/script><\/div>\n<div class=\"dbsm-oembed\">\n<blockquote class=\"twitter-tweet\" data-width=\"500\" data-dnt=\"true\">\n<p lang=\"de\" dir=\"ltr\">Das ist geb\u00fchrenfinanzierter Hass auf Polizisten. Sch\u00e4mt Euch f\u00fcr solche Pauschalvorw\u00fcrfe! <a href=\"https:\/\/twitter.com\/hashtag\/Polizei?src=hash&amp;ref_src=twsrc%5Etfw\">#Polizei<\/a> <a href=\"https:\/\/twitter.com\/hashtag\/RacialProfiling?src=hash&amp;ref_src=twsrc%5Etfw\">#RacialProfiling<\/a> <a href=\"https:\/\/twitter.com\/hashtag\/Polizeigewalt?src=hash&amp;ref_src=twsrc%5Etfw\">#Polizeigewalt<\/a> <a href=\"https:\/\/t.co\/pplSZdfm7O\">https:\/\/t.co\/pplSZdfm7O<\/a><\/p>\n<p>&mdash; Matthias Hauer \ud83c\udde9\ud83c\uddea\ud83c\uddea\ud83c\uddfa (@MatthiasHauer) <a href=\"https:\/\/twitter.com\/MatthiasHauer\/status\/1295479354647093249?ref_src=twsrc%5Etfw\">August 17, 2020<\/a><\/p><\/blockquote>\n<p><script async src=\"https:\/\/platform.twitter.com\/widgets.js\" charset=\"utf-8\"><\/script><\/div>\n<div class=\"dbsm-oembed\">\n<blockquote class=\"twitter-tweet\" data-width=\"500\" data-dnt=\"true\">\n<p lang=\"de\" dir=\"ltr\"><a href=\"https:\/\/twitter.com\/hashtag\/DPolGHH?src=hash&amp;ref_src=twsrc%5Etfw\">#DPolGHH<\/a> \u00bb<a href=\"https:\/\/twitter.com\/hashtag\/NRW?src=hash&amp;ref_src=twsrc%5Etfw\">#NRW<\/a>-Innenminister Herbert <a href=\"https:\/\/twitter.com\/hashtag\/Reul?src=hash&amp;ref_src=twsrc%5Etfw\">#Reul<\/a> (<a href=\"https:\/\/twitter.com\/hashtag\/CDU?src=hash&amp;ref_src=twsrc%5Etfw\">#CDU<\/a>) nannte das Video im Gespr\u00e4ch mit der Bild-Zeitung einen \u201aSchlag ins Gesicht jedes Polizeibeamten\u2019. Die Darstellung von Polizisten \u2018pauschal als ausl\u00e4nderfeindliche Dumpfbacken\u2019 sei \u2018menschenverachtend\u2018.\u00ab<br \/> <a href=\"https:\/\/t.co\/CUHJTwBmOc\">https:\/\/t.co\/CUHJTwBmOc<\/a><\/p>\n<p>&mdash; DPolG Hamburg (@DPolGHH) <a href=\"https:\/\/twitter.com\/DPolGHH\/status\/1296153605154705414?ref_src=twsrc%5Etfw\">August 19, 2020<\/a><\/p><\/blockquote>\n<p><script async src=\"https:\/\/platform.twitter.com\/widgets.js\" charset=\"utf-8\"><\/script><\/div>\n<div class=\"dbsm-oembed\">\n<blockquote class=\"twitter-tweet\" data-width=\"500\" data-dnt=\"true\">\n<p lang=\"de\" dir=\"ltr\"><a href=\"https:\/\/twitter.com\/hashtag\/GdP?src=hash&amp;ref_src=twsrc%5Etfw\">#GdP<\/a>-Vize @joerg_radek am Dienstag zu <a href=\"https:\/\/twitter.com\/BILD?ref_src=twsrc%5Etfw\">@BILD<\/a>: &quot;Bei der <a href=\"https:\/\/twitter.com\/hashtag\/Polizei?src=hash&amp;ref_src=twsrc%5Etfw\">#Polizei<\/a> gibt es breite Emp\u00f6rung \u00fcber das Video.&quot; Wegen <a href=\"https:\/\/twitter.com\/hashtag\/ARD?src=hash&amp;ref_src=twsrc%5Etfw\">#ARD<\/a>-Satire-Video: Erstes Bundesland will <a href=\"https:\/\/twitter.com\/hashtag\/GEZ?src=hash&amp;ref_src=twsrc%5Etfw\">#GEZ<\/a>-Erh\u00f6hung stoppen <a href=\"https:\/\/t.co\/vgbFOBBB36\">https:\/\/t.co\/vgbFOBBB36<\/a><\/p>\n<p>&mdash; GdP Pressestelle (@GdPPresse) <a href=\"https:\/\/twitter.com\/GdPPresse\/status\/1296012198758813696?ref_src=twsrc%5Etfw\">August 19, 2020<\/a><\/p><\/blockquote>\n<p><script async src=\"https:\/\/platform.twitter.com\/widgets.js\" charset=\"utf-8\"><\/script><\/div>\n<p>&nbsp;<\/p>\n<h3>Aurel Mertz verteidigt das Video und kontert.<\/h3>\n<p>https:\/\/twitter.com\/aurelmertz\/status\/1295398647111331840<\/p>\n<div class=\"dbsm-oembed\">\n<blockquote class=\"twitter-tweet\" data-width=\"500\" data-dnt=\"true\">\n<p lang=\"de\" dir=\"ltr\">Ok wird ein langer Tag. \ud83e\udd26\ud83c\udffd Satire bitte nur gegen Minderheiten und wahlweise von Lisa Eckhardt aber blo\u00df nicht gegen ein m\u00e4chtiges staatliches Organ. \u00dcbrigens ist das Video eher ein Pauschalvorwurf an Seehofer aber gut hier m\u00fcsste man mit dem Erkl\u00e4ren GAAAANZ woanders anfangen&#8230; <a href=\"https:\/\/t.co\/hO9VvGAwuu\">https:\/\/t.co\/hO9VvGAwuu<\/a><\/p>\n<p>&mdash; Aurel (@aurelmertz) <a href=\"https:\/\/twitter.com\/aurelmertz\/status\/1295594016311054337?ref_src=twsrc%5Etfw\">August 18, 2020<\/a><\/p><\/blockquote>\n<p><script async src=\"https:\/\/platform.twitter.com\/widgets.js\" charset=\"utf-8\"><\/script><\/div>\n<p>&nbsp;<\/p>\n<h3>Dass es offensichtlich Satire ist, geben sogar Polizisten zu.<\/h3>\n<blockquote class=\"twitter-tweet\" data-conversation=\"none\">\n<p lang=\"de\" dir=\"ltr\">Das ja wenigstens halbwegs reflektiert <a href=\"https:\/\/t.co\/xcU5uscVY4\">pic.twitter.com\/xcU5uscVY4<\/a><\/p>\n<p>&mdash; Felix BACH \ud83d\udc9a\u270a\ud83c\uddea\ud83c\uddfa (@politbach) <a href=\"https:\/\/twitter.com\/politbach\/status\/1296049537795207168?ref_src=twsrc%5Etfw\">August 19, 2020<\/a><\/p><\/blockquote>\n<p> <script async src=\"https:\/\/platform.twitter.com\/widgets.js\" charset=\"utf-8\"><\/script><\/p>\n<p>&nbsp;<\/p>\n<h3>Muss man die Emp\u00f6rung verstehen? Oder dass \u00fcber das Video gesprochen wird, anstatt dar\u00fcber, was es thematisiert?<\/h3>\n<blockquote class=\"twitter-tweet\" data-conversation=\"none\">\n<p lang=\"de\" dir=\"ltr\">Wenn wir der Bild den Family Guy Sketch zeigen von dem die Hautfarbenkarte inspiriert war, kriegt der dann ne Doppelseite weil international? <a href=\"https:\/\/t.co\/B69lzl4giM\">pic.twitter.com\/B69lzl4giM<\/a><\/p>\n<p>&mdash; Nathalie_ (@i_o_paratus) <a href=\"https:\/\/twitter.com\/i_o_paratus\/status\/1296061947109085192?ref_src=twsrc%5Etfw\">August 19, 2020<\/a><\/p><\/blockquote>\n<p> <script async src=\"https:\/\/platform.twitter.com\/widgets.js\" charset=\"utf-8\"><\/script><\/p>\n<blockquote class=\"twitter-tweet\" data-conversation=\"none\">\n<p lang=\"de\" dir=\"ltr\">&quot;zust\u00e4ndige&quot; politiker? wusste nicht dass es in deutschland f\u00fcr satire zust\u00e4ndige politiker gibt \ud83d\ude0c <a href=\"https:\/\/t.co\/iegJSQjaQa\">pic.twitter.com\/iegJSQjaQa<\/a><\/p>\n<p>&mdash; \u00f6zge \u015f\u0131m\u00f6zge (@oezgeschmoezge) <a href=\"https:\/\/twitter.com\/oezgeschmoezge\/status\/1296065033911361536?ref_src=twsrc%5Etfw\">August 19, 2020<\/a><\/p><\/blockquote>\n<p> <script async src=\"https:\/\/platform.twitter.com\/widgets.js\" charset=\"utf-8\"><\/script><\/p>\n<blockquote class=\"twitter-tweet\" data-conversation=\"none\">\n<p lang=\"de\" dir=\"ltr\">Jahrelang wurden\/werden Witze auf Kosten von POCs gemacht. Da hat sich keiner von Euch BILD Lesern beschwert. Da macht man einmal eine Satire in der die Polizei auf die Schippe genommen wird und pl\u00f6tzlich ist das Geschrei gro\u00df. Finde das ehrlich gesagt sehr besorgniserregend.<\/p>\n<p>&mdash; Laura (@MsBlackRacoon) <a href=\"https:\/\/twitter.com\/MsBlackRacoon\/status\/1295691220946243584?ref_src=twsrc%5Etfw\">August 18, 2020<\/a><\/p><\/blockquote>\n<p> <script async src=\"https:\/\/platform.twitter.com\/widgets.js\" charset=\"utf-8\"><\/script><\/p>\n<blockquote class=\"twitter-tweet\" data-conversation=\"none\">\n<p lang=\"de\" dir=\"ltr\">Wen ein Satire Video f\u00fcr mehr Emp\u00f6rung in der Politik und manchen Medien sorgt als das ein Polizist auf dem Nacken eines 15 j\u00e4hrigen kniet dann stimmt was nicht. <a href=\"https:\/\/t.co\/Hx7haVagDI\">pic.twitter.com\/Hx7haVagDI<\/a><\/p>\n<p>&mdash; Yavuz\ud83c\udde7\ud83c\udde6\ud83c\uddf9\ud83c\uddf7 (@YavuzBiH) <a href=\"https:\/\/twitter.com\/YavuzBiH\/status\/1296035576395726849?ref_src=twsrc%5Etfw\">August 19, 2020<\/a><\/p><\/blockquote>\n<p> <script async src=\"https:\/\/platform.twitter.com\/widgets.js\" charset=\"utf-8\"><\/script><\/p>\n<blockquote class=\"twitter-tweet\" data-conversation=\"none\">\n<p lang=\"de\" dir=\"ltr\">Ist das eigentlich auch Satire, wenn ein kommerzielles Blatt, welches sich nur zu gerne mit Hass die Taschen voll macht, einen \u201cgeb\u00fchrenfinanzierten Hass\u201d anprangert? \ud83e\udd14<\/p>\n<p>&mdash; Daniel (@dcsturm) <a href=\"https:\/\/twitter.com\/dcsturm\/status\/1296034521675116544?ref_src=twsrc%5Etfw\">August 19, 2020<\/a><\/p><\/blockquote>\n<p> <script async src=\"https:\/\/platform.twitter.com\/widgets.js\" charset=\"utf-8\"><\/script><\/p>\n<div class=\"dbsm-oembed\">\n<blockquote class=\"twitter-tweet\" data-width=\"500\" data-dnt=\"true\">\n<p lang=\"de\" dir=\"ltr\">Kurze Frage: hat <a href=\"https:\/\/twitter.com\/hashtag\/HorstSeehofer?src=hash&amp;ref_src=twsrc%5Etfw\">#HorstSeehofer<\/a> <a href=\"https:\/\/twitter.com\/aurelmertz?ref_src=twsrc%5Etfw\">@aurelmertz<\/a> bereits angezeigt, oder wann kommt das?<\/p>\n<p>&mdash; Micky Beisenherz \ud83c\udf4c (@MickyBeisenherz) <a href=\"https:\/\/twitter.com\/MickyBeisenherz\/status\/1296058226530754561?ref_src=twsrc%5Etfw\">August 19, 2020<\/a><\/p><\/blockquote>\n<p><script async src=\"https:\/\/platform.twitter.com\/widgets.js\" charset=\"utf-8\"><\/script><\/div>\n<p>&nbsp;<\/p>\n<h3>Aurel zeigte sich zuletzt auf aber entspannt und wartet erst einmal ab.<\/h3>\n<div class=\"dbsm-oembed\">\n<blockquote class=\"twitter-tweet\" data-width=\"500\" data-dnt=\"true\">\n<p lang=\"de\" dir=\"ltr\">Danke f\u00fcr alle die mich so lieb supporten. Mir gehts gut. Ich schau mir das gerade in Ruhe an und melde mich wieder zum Schlusswort. Aber so viel sei gesagt: Interessante Entwicklung \ud83e\udd37\ud83c\udffd\u200d\u2642\ufe0f <a href=\"https:\/\/t.co\/y6R94PgFFF\">pic.twitter.com\/y6R94PgFFF<\/a><\/p>\n<p>&mdash; Aurel (@aurelmertz) <a href=\"https:\/\/twitter.com\/aurelmertz\/status\/1296026395899047937?ref_src=twsrc%5Etfw\">August 19, 2020<\/a><\/p><\/blockquote>\n<p><script async src=\"https:\/\/platform.twitter.com\/widgets.js\" charset=\"utf-8\"><\/script><\/div>\n<p>&#8212;<br \/>\nDanke an alle f\u00fcr die Posts.<br \/>\n&#8212;<br \/>\n<strong>Keine Influencer! Kein Foodporn! Nur ganz viel Spa\u00df &#8211; bei uns auf Instagram:<\/strong><br \/>\nhttps:\/\/www.instagram.com\/p\/CEE6aDPld1c\/<\/p>\n","protected":false},"excerpt":{"rendered":"<p>Kaum gepostet, schon vergessen: Da hei\u00dft es immer wieder, das Internet sei schnelllebig, und dann kommen manche Sachen, die man irgendwann einmal online gestellt und&#8230;<\/p>\n","protected":false},"author":72,"featured_media":132361,"comment_status":"open","ping_status":"open","sticky":false,"template":"","format":"standard","meta":{"_acf_changed":false,"footnotes":""},"categories":[35],"tags":[3464],"class_list":["post-132347","post","type-post","status-publish","format-standard","has-post-thumbnail","hentry","category-twitter","tag-aurel-mertz"],"acf":[],"yoast_head":"<!-- This site is optimized with the Yoast SEO plugin v27.5 - https:\/\/yoast.com\/product\/yoast-seo-wordpress\/ -->\n<title>\u00c4lteres Video sorgt pl\u00f6tzlich f\u00fcr Emp\u00f6rung: So reagiert Aurel Mertz auf die Kritik - The Best Social Media DE<\/title>\n<meta name=\"robots\" content=\"index, follow, max-snippet:-1, max-image-preview:large, max-video-preview:-1\" \/>\n<link rel=\"canonical\" href=\"https:\/\/www.thebestsocial.media\/de\/aelteres-video-sorgt-ploetzlich-fuer-empoerung-so-reagiert-aurel-mertz-auf-die-kritik\/\" \/>\n<meta property=\"og:locale\" content=\"de_DE\" \/>\n<meta property=\"og:type\" content=\"article\" \/>\n<meta property=\"og:title\" content=\"\u00c4lteres Video sorgt pl\u00f6tzlich f\u00fcr Emp\u00f6rung: So reagiert Aurel Mertz auf die Kritik\" \/>\n<meta property=\"og:description\" content=\"Kaum gepostet, schon vergessen: Da hei\u00dft es immer wieder, das Internet sei schnelllebig, und dann kommen manche Sachen, die man irgendwann einmal online gestellt und...\" \/>\n<meta property=\"og:url\" content=\"https:\/\/www.thebestsocial.media\/de\/aelteres-video-sorgt-ploetzlich-fuer-empoerung-so-reagiert-aurel-mertz-auf-die-kritik\/\" \/>\n<meta property=\"og:site_name\" content=\"The Best Social Media DE\" \/>\n<meta property=\"article:published_time\" content=\"2020-08-20T12:17:36+00:00\" \/>\n<meta property=\"article:modified_time\" content=\"2020-08-20T12:23:08+00:00\" \/>\n<meta property=\"og:image\" content=\"https:\/\/www.thebestsocial.media\/de\/wp-content\/uploads\/sites\/3\/2020\/08\/aurel_fb.jpg\" \/>\n\t<meta property=\"og:image:width\" content=\"1200\" \/>\n\t<meta property=\"og:image:height\" content=\"628\" \/>\n\t<meta property=\"og:image:type\" content=\"image\/jpeg\" \/>\n<meta name=\"author\" content=\"Benny\" \/>\n<meta name=\"twitter:card\" content=\"summary_large_image\" \/>\n<meta name=\"twitter:label1\" content=\"Verfasst von\" \/>\n\t<meta name=\"twitter:data1\" content=\"Benny\" \/>\n\t<meta name=\"twitter:label2\" content=\"Gesch\u00e4tzte Lesezeit\" \/>\n\t<meta name=\"twitter:data2\" content=\"2\u00a0Minuten\" \/>\n<script type=\"application\/ld+json\" class=\"yoast-schema-graph\">{\"@context\":\"https:\\\/\\\/schema.org\",\"@graph\":[{\"@type\":\"Article\",\"@id\":\"https:\\\/\\\/www.thebestsocial.media\\\/de\\\/aelteres-video-sorgt-ploetzlich-fuer-empoerung-so-reagiert-aurel-mertz-auf-die-kritik\\\/#article\",\"isPartOf\":{\"@id\":\"https:\\\/\\\/www.thebestsocial.media\\\/de\\\/aelteres-video-sorgt-ploetzlich-fuer-empoerung-so-reagiert-aurel-mertz-auf-die-kritik\\\/\"},\"author\":{\"name\":\"Benny\",\"@id\":\"https:\\\/\\\/www.thebestsocial.media\\\/de\\\/#\\\/schema\\\/person\\\/212fdd48880db42a484e589e4e27871b\"},\"headline\":\"\u00c4lteres Video sorgt pl\u00f6tzlich f\u00fcr Emp\u00f6rung: So reagiert Aurel Mertz auf die Kritik\",\"datePublished\":\"2020-08-20T12:17:36+00:00\",\"dateModified\":\"2020-08-20T12:23:08+00:00\",\"mainEntityOfPage\":{\"@id\":\"https:\\\/\\\/www.thebestsocial.media\\\/de\\\/aelteres-video-sorgt-ploetzlich-fuer-empoerung-so-reagiert-aurel-mertz-auf-die-kritik\\\/\"},\"wordCount\":479,\"commentCount\":0,\"image\":{\"@id\":\"https:\\\/\\\/www.thebestsocial.media\\\/de\\\/aelteres-video-sorgt-ploetzlich-fuer-empoerung-so-reagiert-aurel-mertz-auf-die-kritik\\\/#primaryimage\"},\"thumbnailUrl\":\"https:\\\/\\\/www.thebestsocial.media\\\/de\\\/wp-content\\\/uploads\\\/sites\\\/3\\\/2020\\\/08\\\/aurel_thumb.jpg\",\"keywords\":[\"Aurel Mertz\"],\"articleSection\":[\"Twitter\"],\"inLanguage\":\"de\",\"potentialAction\":[{\"@type\":\"CommentAction\",\"name\":\"Comment\",\"target\":[\"https:\\\/\\\/www.thebestsocial.media\\\/de\\\/aelteres-video-sorgt-ploetzlich-fuer-empoerung-so-reagiert-aurel-mertz-auf-die-kritik\\\/#respond\"]}]},{\"@type\":\"WebPage\",\"@id\":\"https:\\\/\\\/www.thebestsocial.media\\\/de\\\/aelteres-video-sorgt-ploetzlich-fuer-empoerung-so-reagiert-aurel-mertz-auf-die-kritik\\\/\",\"url\":\"https:\\\/\\\/www.thebestsocial.media\\\/de\\\/aelteres-video-sorgt-ploetzlich-fuer-empoerung-so-reagiert-aurel-mertz-auf-die-kritik\\\/\",\"name\":\"\u00c4lteres Video sorgt pl\u00f6tzlich f\u00fcr Emp\u00f6rung: So reagiert Aurel Mertz auf die Kritik - The Best Social Media DE\",\"isPartOf\":{\"@id\":\"https:\\\/\\\/www.thebestsocial.media\\\/de\\\/#website\"},\"primaryImageOfPage\":{\"@id\":\"https:\\\/\\\/www.thebestsocial.media\\\/de\\\/aelteres-video-sorgt-ploetzlich-fuer-empoerung-so-reagiert-aurel-mertz-auf-die-kritik\\\/#primaryimage\"},\"image\":{\"@id\":\"https:\\\/\\\/www.thebestsocial.media\\\/de\\\/aelteres-video-sorgt-ploetzlich-fuer-empoerung-so-reagiert-aurel-mertz-auf-die-kritik\\\/#primaryimage\"},\"thumbnailUrl\":\"https:\\\/\\\/www.thebestsocial.media\\\/de\\\/wp-content\\\/uploads\\\/sites\\\/3\\\/2020\\\/08\\\/aurel_thumb.jpg\",\"datePublished\":\"2020-08-20T12:17:36+00:00\",\"dateModified\":\"2020-08-20T12:23:08+00:00\",\"author\":{\"@id\":\"https:\\\/\\\/www.thebestsocial.media\\\/de\\\/#\\\/schema\\\/person\\\/212fdd48880db42a484e589e4e27871b\"},\"breadcrumb\":{\"@id\":\"https:\\\/\\\/www.thebestsocial.media\\\/de\\\/aelteres-video-sorgt-ploetzlich-fuer-empoerung-so-reagiert-aurel-mertz-auf-die-kritik\\\/#breadcrumb\"},\"inLanguage\":\"de\",\"potentialAction\":[{\"@type\":\"ReadAction\",\"target\":[\"https:\\\/\\\/www.thebestsocial.media\\\/de\\\/aelteres-video-sorgt-ploetzlich-fuer-empoerung-so-reagiert-aurel-mertz-auf-die-kritik\\\/\"]}]},{\"@type\":\"ImageObject\",\"inLanguage\":\"de\",\"@id\":\"https:\\\/\\\/www.thebestsocial.media\\\/de\\\/aelteres-video-sorgt-ploetzlich-fuer-empoerung-so-reagiert-aurel-mertz-auf-die-kritik\\\/#primaryimage\",\"url\":\"https:\\\/\\\/www.thebestsocial.media\\\/de\\\/wp-content\\\/uploads\\\/sites\\\/3\\\/2020\\\/08\\\/aurel_thumb.jpg\",\"contentUrl\":\"https:\\\/\\\/www.thebestsocial.media\\\/de\\\/wp-content\\\/uploads\\\/sites\\\/3\\\/2020\\\/08\\\/aurel_thumb.jpg\",\"width\":1200,\"height\":628},{\"@type\":\"BreadcrumbList\",\"@id\":\"https:\\\/\\\/www.thebestsocial.media\\\/de\\\/aelteres-video-sorgt-ploetzlich-fuer-empoerung-so-reagiert-aurel-mertz-auf-die-kritik\\\/#breadcrumb\",\"itemListElement\":[{\"@type\":\"ListItem\",\"position\":1,\"name\":\"Home\",\"item\":\"https:\\\/\\\/www.thebestsocial.media\\\/de\\\/\"},{\"@type\":\"ListItem\",\"position\":2,\"name\":\"\u00c4lteres Video sorgt pl\u00f6tzlich f\u00fcr Emp\u00f6rung: So reagiert Aurel Mertz auf die Kritik\"}]},{\"@type\":\"WebSite\",\"@id\":\"https:\\\/\\\/www.thebestsocial.media\\\/de\\\/#website\",\"url\":\"https:\\\/\\\/www.thebestsocial.media\\\/de\\\/\",\"name\":\"The Best Social Media DE\",\"description\":\"\",\"potentialAction\":[{\"@type\":\"SearchAction\",\"target\":{\"@type\":\"EntryPoint\",\"urlTemplate\":\"https:\\\/\\\/www.thebestsocial.media\\\/de\\\/?s={search_term_string}\"},\"query-input\":{\"@type\":\"PropertyValueSpecification\",\"valueRequired\":true,\"valueName\":\"search_term_string\"}}],\"inLanguage\":\"de\"},{\"@type\":\"Person\",\"@id\":\"https:\\\/\\\/www.thebestsocial.media\\\/de\\\/#\\\/schema\\\/person\\\/212fdd48880db42a484e589e4e27871b\",\"name\":\"Benny\",\"image\":{\"@type\":\"ImageObject\",\"inLanguage\":\"de\",\"@id\":\"https:\\\/\\\/secure.gravatar.com\\\/avatar\\\/559f54fceb59ac8654d5ca40291d2ab87f2a9d79e48e8e3c19582477cde950bf?s=96&d=mm&r=g\",\"url\":\"https:\\\/\\\/secure.gravatar.com\\\/avatar\\\/559f54fceb59ac8654d5ca40291d2ab87f2a9d79e48e8e3c19582477cde950bf?s=96&d=mm&r=g\",\"contentUrl\":\"https:\\\/\\\/secure.gravatar.com\\\/avatar\\\/559f54fceb59ac8654d5ca40291d2ab87f2a9d79e48e8e3c19582477cde950bf?s=96&d=mm&r=g\",\"caption\":\"Benny\"},\"url\":\"https:\\\/\\\/www.thebestsocial.media\\\/de\\\/author\\\/bennykrueger\\\/\"}]}<\/script>\n<!-- \/ Yoast SEO plugin. -->","yoast_head_json":{"title":"\u00c4lteres Video sorgt pl\u00f6tzlich f\u00fcr Emp\u00f6rung: So reagiert Aurel Mertz auf die Kritik - The Best Social Media DE","robots":{"index":"index","follow":"follow","max-snippet":"max-snippet:-1","max-image-preview":"max-image-preview:large","max-video-preview":"max-video-preview:-1"},"canonical":"https:\/\/www.thebestsocial.media\/de\/aelteres-video-sorgt-ploetzlich-fuer-empoerung-so-reagiert-aurel-mertz-auf-die-kritik\/","og_locale":"de_DE","og_type":"article","og_title":"\u00c4lteres Video sorgt pl\u00f6tzlich f\u00fcr Emp\u00f6rung: So reagiert Aurel Mertz auf die Kritik","og_description":"Kaum gepostet, schon vergessen: Da hei\u00dft es immer wieder, das Internet sei schnelllebig, und dann kommen manche Sachen, die man irgendwann einmal online gestellt und...","og_url":"https:\/\/www.thebestsocial.media\/de\/aelteres-video-sorgt-ploetzlich-fuer-empoerung-so-reagiert-aurel-mertz-auf-die-kritik\/","og_site_name":"The Best Social Media DE","article_published_time":"2020-08-20T12:17:36+00:00","article_modified_time":"2020-08-20T12:23:08+00:00","og_image":[{"width":1200,"height":628,"url":"https:\/\/www.thebestsocial.media\/de\/wp-content\/uploads\/sites\/3\/2020\/08\/aurel_fb.jpg","type":"image\/jpeg"}],"author":"Benny","twitter_card":"summary_large_image","twitter_misc":{"Verfasst von":"Benny","Gesch\u00e4tzte Lesezeit":"2\u00a0Minuten"},"schema":{"@context":"https:\/\/schema.org","@graph":[{"@type":"Article","@id":"https:\/\/www.thebestsocial.media\/de\/aelteres-video-sorgt-ploetzlich-fuer-empoerung-so-reagiert-aurel-mertz-auf-die-kritik\/#article","isPartOf":{"@id":"https:\/\/www.thebestsocial.media\/de\/aelteres-video-sorgt-ploetzlich-fuer-empoerung-so-reagiert-aurel-mertz-auf-die-kritik\/"},"author":{"name":"Benny","@id":"https:\/\/www.thebestsocial.media\/de\/#\/schema\/person\/212fdd48880db42a484e589e4e27871b"},"headline":"\u00c4lteres Video sorgt pl\u00f6tzlich f\u00fcr Emp\u00f6rung: So reagiert Aurel Mertz auf die Kritik","datePublished":"2020-08-20T12:17:36+00:00","dateModified":"2020-08-20T12:23:08+00:00","mainEntityOfPage":{"@id":"https:\/\/www.thebestsocial.media\/de\/aelteres-video-sorgt-ploetzlich-fuer-empoerung-so-reagiert-aurel-mertz-auf-die-kritik\/"},"wordCount":479,"commentCount":0,"image":{"@id":"https:\/\/www.thebestsocial.media\/de\/aelteres-video-sorgt-ploetzlich-fuer-empoerung-so-reagiert-aurel-mertz-auf-die-kritik\/#primaryimage"},"thumbnailUrl":"https:\/\/www.thebestsocial.media\/de\/wp-content\/uploads\/sites\/3\/2020\/08\/aurel_thumb.jpg","keywords":["Aurel Mertz"],"articleSection":["Twitter"],"inLanguage":"de","potentialAction":[{"@type":"CommentAction","name":"Comment","target":["https:\/\/www.thebestsocial.media\/de\/aelteres-video-sorgt-ploetzlich-fuer-empoerung-so-reagiert-aurel-mertz-auf-die-kritik\/#respond"]}]},{"@type":"WebPage","@id":"https:\/\/www.thebestsocial.media\/de\/aelteres-video-sorgt-ploetzlich-fuer-empoerung-so-reagiert-aurel-mertz-auf-die-kritik\/","url":"https:\/\/www.thebestsocial.media\/de\/aelteres-video-sorgt-ploetzlich-fuer-empoerung-so-reagiert-aurel-mertz-auf-die-kritik\/","name":"\u00c4lteres Video sorgt pl\u00f6tzlich f\u00fcr Emp\u00f6rung: So reagiert Aurel Mertz auf die Kritik - The Best Social Media DE","isPartOf":{"@id":"https:\/\/www.thebestsocial.media\/de\/#website"},"primaryImageOfPage":{"@id":"https:\/\/www.thebestsocial.media\/de\/aelteres-video-sorgt-ploetzlich-fuer-empoerung-so-reagiert-aurel-mertz-auf-die-kritik\/#primaryimage"},"image":{"@id":"https:\/\/www.thebestsocial.media\/de\/aelteres-video-sorgt-ploetzlich-fuer-empoerung-so-reagiert-aurel-mertz-auf-die-kritik\/#primaryimage"},"thumbnailUrl":"https:\/\/www.thebestsocial.media\/de\/wp-content\/uploads\/sites\/3\/2020\/08\/aurel_thumb.jpg","datePublished":"2020-08-20T12:17:36+00:00","dateModified":"2020-08-20T12:23:08+00:00","author":{"@id":"https:\/\/www.thebestsocial.media\/de\/#\/schema\/person\/212fdd48880db42a484e589e4e27871b"},"breadcrumb":{"@id":"https:\/\/www.thebestsocial.media\/de\/aelteres-video-sorgt-ploetzlich-fuer-empoerung-so-reagiert-aurel-mertz-auf-die-kritik\/#breadcrumb"},"inLanguage":"de","potentialAction":[{"@type":"ReadAction","target":["https:\/\/www.thebestsocial.media\/de\/aelteres-video-sorgt-ploetzlich-fuer-empoerung-so-reagiert-aurel-mertz-auf-die-kritik\/"]}]},{"@type":"ImageObject","inLanguage":"de","@id":"https:\/\/www.thebestsocial.media\/de\/aelteres-video-sorgt-ploetzlich-fuer-empoerung-so-reagiert-aurel-mertz-auf-die-kritik\/#primaryimage","url":"https:\/\/www.thebestsocial.media\/de\/wp-content\/uploads\/sites\/3\/2020\/08\/aurel_thumb.jpg","contentUrl":"https:\/\/www.thebestsocial.media\/de\/wp-content\/uploads\/sites\/3\/2020\/08\/aurel_thumb.jpg","width":1200,"height":628},{"@type":"BreadcrumbList","@id":"https:\/\/www.thebestsocial.media\/de\/aelteres-video-sorgt-ploetzlich-fuer-empoerung-so-reagiert-aurel-mertz-auf-die-kritik\/#breadcrumb","itemListElement":[{"@type":"ListItem","position":1,"name":"Home","item":"https:\/\/www.thebestsocial.media\/de\/"},{"@type":"ListItem","position":2,"name":"\u00c4lteres Video sorgt pl\u00f6tzlich f\u00fcr Emp\u00f6rung: So reagiert Aurel Mertz auf die Kritik"}]},{"@type":"WebSite","@id":"https:\/\/www.thebestsocial.media\/de\/#website","url":"https:\/\/www.thebestsocial.media\/de\/","name":"The Best Social Media DE","description":"","potentialAction":[{"@type":"SearchAction","target":{"@type":"EntryPoint","urlTemplate":"https:\/\/www.thebestsocial.media\/de\/?s={search_term_string}"},"query-input":{"@type":"PropertyValueSpecification","valueRequired":true,"valueName":"search_term_string"}}],"inLanguage":"de"},{"@type":"Person","@id":"https:\/\/www.thebestsocial.media\/de\/#\/schema\/person\/212fdd48880db42a484e589e4e27871b","name":"Benny","image":{"@type":"ImageObject","inLanguage":"de","@id":"https:\/\/secure.gravatar.com\/avatar\/559f54fceb59ac8654d5ca40291d2ab87f2a9d79e48e8e3c19582477cde950bf?s=96&d=mm&r=g","url":"https:\/\/secure.gravatar.com\/avatar\/559f54fceb59ac8654d5ca40291d2ab87f2a9d79e48e8e3c19582477cde950bf?s=96&d=mm&r=g","contentUrl":"https:\/\/secure.gravatar.com\/avatar\/559f54fceb59ac8654d5ca40291d2ab87f2a9d79e48e8e3c19582477cde950bf?s=96&d=mm&r=g","caption":"Benny"},"url":"https:\/\/www.thebestsocial.media\/de\/author\/bennykrueger\/"}]}},"amp_enabled":true,"_links":{"self":[{"href":"https:\/\/www.thebestsocial.media\/de\/wp-json\/wp\/v2\/posts\/132347","targetHints":{"allow":["GET"]}}],"collection":[{"href":"https:\/\/www.thebestsocial.media\/de\/wp-json\/wp\/v2\/posts"}],"about":[{"href":"https:\/\/www.thebestsocial.media\/de\/wp-json\/wp\/v2\/types\/post"}],"author":[{"embeddable":true,"href":"https:\/\/www.thebestsocial.media\/de\/wp-json\/wp\/v2\/users\/72"}],"replies":[{"embeddable":true,"href":"https:\/\/www.thebestsocial.media\/de\/wp-json\/wp\/v2\/comments?post=132347"}],"version-history":[{"count":7,"href":"https:\/\/www.thebestsocial.media\/de\/wp-json\/wp\/v2\/posts\/132347\/revisions"}],"predecessor-version":[{"id":132366,"href":"https:\/\/www.thebestsocial.media\/de\/wp-json\/wp\/v2\/posts\/132347\/revisions\/132366"}],"wp:featuredmedia":[{"embeddable":true,"href":"https:\/\/www.thebestsocial.media\/de\/wp-json\/wp\/v2\/media\/132361"}],"wp:attachment":[{"href":"https:\/\/www.thebestsocial.media\/de\/wp-json\/wp\/v2\/media?parent=132347"}],"wp:term":[{"taxonomy":"category","embeddable":true,"href":"https:\/\/www.thebestsocial.media\/de\/wp-json\/wp\/v2\/categories?post=132347"},{"taxonomy":"post_tag","embeddable":true,"href":"https:\/\/www.thebestsocial.media\/de\/wp-json\/wp\/v2\/tags?post=132347"}],"curies":[{"name":"wp","href":"https:\/\/api.w.org\/{rel}","templated":true}]}}