{"id":130393,"date":"2020-07-21T09:27:00","date_gmt":"2020-07-21T09:27:00","guid":{"rendered":"https:\/\/www.thebestsocial.media\/de\/?p=130393"},"modified":"2020-07-21T12:52:48","modified_gmt":"2020-07-21T12:52:48","slug":"avocadolf-und-co-das-netz-verpasst-attila-hildmann-neue-spitznamen","status":"publish","type":"post","link":"https:\/\/www.thebestsocial.media\/de\/avocadolf-und-co-das-netz-verpasst-attila-hildmann-neue-spitznamen\/","title":{"rendered":"Avocadolf und Co.: Das Netz verpasst Attila Hildmann neue Spitznamen"},"content":{"rendered":"<p>Attila Hildmann sorgt aktuell immer h\u00e4ufiger f\u00fcr Aufsehen. Erst k\u00fcrzlich wurden gegen ihn Strafanzeigen wegen Volksverhetzung &#038; Bedrohung eingeleitet. Mit dem, wodurch er urspr\u00fcnglich bekannt wurde, veganem Kochen, verbindet Hildmann mittlerweile kaum noch jemand. Verschw\u00f6rungstheorien und Hetze stehen im Vordergrund. Auch <a href=\"https:\/\/www.thebestsocial.media\/de\/das-sind-die-seltsamsten-mitteilungen-aus-atilla-hildmanns-telegramm-gruppe\/\">die seltsamen Inhalte seiner Telegramm-Gruppe<\/a> bereiten Sorgen.<br \/>\nDas Netz hat sich nun auf einen Spitznamen f\u00fcr Hildmann geeinigt. Einen? Na gut, mehrere &#8230;<br \/>\n&nbsp;<\/p>\n<h3>1. Mit diesem Spitznamen fing alles an:<\/h3>\n<div class=\"dbsm-oembed\">\n<blockquote class=\"twitter-tweet\" data-width=\"500\" data-dnt=\"true\">\n<p lang=\"de\" dir=\"ltr\">Okay Leute, irgendjemand hat sich f\u00fcr Attila Hildmann den Spitznamen &quot;Avocadolf&quot; ausgedacht und ich denke das war&#39;s. Es kann einfach nicht besser werden, das ist der Endgegner-Gag des Deutschen Internets. Packt zusammen, wir gehen zur\u00fcck zu Facebook.<\/p>\n<p>&mdash; Tom Kraftwerk (@TomKraftwerk) <a href=\"https:\/\/twitter.com\/TomKraftwerk\/status\/1285095698443231234?ref_src=twsrc%5Etfw\">July 20, 2020<\/a><\/p><\/blockquote>\n<p><script async src=\"https:\/\/platform.twitter.com\/widgets.js\" charset=\"utf-8\"><\/script><\/div>\n<p>&nbsp;<\/p>\n<h3>2. Selten hat etwas besser gepasst als &#8222;Avocadolf&#8220;.<\/h3>\n<blockquote class=\"twitter-tweet\" data-conversation=\"none\">\n<p lang=\"de\" dir=\"ltr\">Wenn sich der oder diejenige Urheber*in des Namens bitte melden k\u00f6nnte: Ich w\u00fcrde dir safe ein Bier ausgeben und dich evtl heiraten.<\/p>\n<p>&mdash; Tom Kraftwerk (@TomKraftwerk) <a href=\"https:\/\/twitter.com\/TomKraftwerk\/status\/1285226891599896576?ref_src=twsrc%5Etfw\">July 20, 2020<\/a><\/p><\/blockquote>\n<p> <script async src=\"https:\/\/platform.twitter.com\/widgets.js\" charset=\"utf-8\"><\/script><br \/>\n&nbsp;<\/p>\n<h3>3. Der Spitzname wird geliebt!<\/h3>\n<div class=\"dbsm-oembed\">\n<blockquote class=\"twitter-tweet\" data-width=\"500\" data-dnt=\"true\">\n<p lang=\"de\" dir=\"ltr\">Irgendwer hat den durchgeknallten Deppen wohl Avocadolf genannt und ich glaube nicht, dass ich heute wieder aufh\u00f6ren kann, zu lachen.<\/p>\n<p>&mdash; \ud83d\udc89\ud83d\udc89\ud83d\udc89 Ich, der Fr\u00fchling. (@deichgenosse) <a href=\"https:\/\/twitter.com\/deichgenosse\/status\/1285112973795774469?ref_src=twsrc%5Etfw\">July 20, 2020<\/a><\/p><\/blockquote>\n<p><script async src=\"https:\/\/platform.twitter.com\/widgets.js\" charset=\"utf-8\"><\/script><\/div>\n<p>&nbsp;<\/p>\n<h3>4. Aber Moment, ist Avocadolf vielleicht doch nicht die erste Wahl?<\/h3>\n<blockquote class=\"twitter-tweet\" data-conversation=\"none\">\n<p lang=\"de\" dir=\"ltr\">Ich dachte man h\u00e4tte sich auf Hirsehitler geeinigt.<\/p>\n<p>&mdash; Hummelfee (@Hummelfee5) <a href=\"https:\/\/twitter.com\/Hummelfee5\/status\/1285097442237652992?ref_src=twsrc%5Etfw\">July 20, 2020<\/a><\/p><\/blockquote>\n<p> <script async src=\"https:\/\/platform.twitter.com\/widgets.js\" charset=\"utf-8\"><\/script><br \/>\n&nbsp;<\/p>\n<h3>5. Ah, okay \u2026 dann passt ja alles wieder.<\/h3>\n<blockquote class=\"twitter-tweet\" data-conversation=\"none\">\n<p lang=\"de\" dir=\"ltr\">&#39;Avocadolf&#39; ist ja wohl eindeutig ein Vorname und &#39;Hirsehitler&#39; ein Nachname. Somit stimmen auch die Initialen!<\/p>\n<p>&mdash; DaFritzi (@DaFritzi) <a href=\"https:\/\/twitter.com\/DaFritzi\/status\/1285098957509660673?ref_src=twsrc%5Etfw\">July 20, 2020<\/a><\/p><\/blockquote>\n<p> <script async src=\"https:\/\/platform.twitter.com\/widgets.js\" charset=\"utf-8\"><\/script><br \/>\n&nbsp;<\/p>\n<h3>6. \u00af\\_(\u30c4)_\/\u00af<\/h3>\n<div class=\"dbsm-oembed\">\n<blockquote class=\"twitter-tweet\" data-width=\"500\" data-dnt=\"true\">\n<p lang=\"de\" dir=\"ltr\">Vorsicht!!! wird braun, wenn der Kern rausf\u00e4llt <a href=\"https:\/\/twitter.com\/hashtag\/Avocadolf?src=hash&amp;ref_src=twsrc%5Etfw\">#Avocadolf<\/a> <a href=\"https:\/\/t.co\/1JZj7NXfsD\">pic.twitter.com\/1JZj7NXfsD<\/a><\/p>\n<p>&mdash; CaptainKumquat (@KumquatCaptain) <a href=\"https:\/\/twitter.com\/KumquatCaptain\/status\/1285263717236723714?ref_src=twsrc%5Etfw\">July 20, 2020<\/a><\/p><\/blockquote>\n<p><script async src=\"https:\/\/platform.twitter.com\/widgets.js\" charset=\"utf-8\"><\/script><\/div>\n<p>&nbsp;<\/p>\n<h3>7. Bei all dem Spa\u00df, sollte nicht vergessen werden, dass Hildmann gef\u00e4hrliches Gedankengut verbreitet. Den passenden Hashtag hatte die Polizei aber leider vergessen.<\/h3>\n<div class=\"dbsm-oembed\">\n<blockquote class=\"twitter-tweet\" data-width=\"500\" data-dnt=\"true\">\n<p lang=\"de\" dir=\"ltr\">Bitte benutzt doch den korrekten Hashtag dazu: <a href=\"https:\/\/twitter.com\/hashtag\/Avocadolf?src=hash&amp;ref_src=twsrc%5Etfw\">#Avocadolf<\/a><\/p>\n<p>&mdash; Dipl. Ing. Mar Stadelmann (@IngmarStadelman) <a href=\"https:\/\/twitter.com\/IngmarStadelman\/status\/1285253869048672256?ref_src=twsrc%5Etfw\">July 20, 2020<\/a><\/p><\/blockquote>\n<p><script async src=\"https:\/\/platform.twitter.com\/widgets.js\" charset=\"utf-8\"><\/script><\/div>\n<p>&nbsp;<\/p>\n<h3>8. Sein Porsche wurde nun auch noch abgeschleppt. Der Top Reddit-Kommentar von &#8222;Strel0ka&#8220; dazu: &#8222;Fast and f\u00fchrerlos.&#8220;<\/h3>\n<div class=\"dbsm-oembed\">\n<blockquote class=\"reddit-embed-bq\" style=\"height:500px\" ><p><a href=\"https:\/\/www.reddit.com\/r\/de\/comments\/hulxrv\/avocadolf_f\u00e4hrt_jetzt_keinen_porsche_mehr\/\">Avocadolf f\u00e4hrt jetzt keinen Porsche mehr.<\/a><br \/> by<a href=\"https:\/\/www.reddit.com\/user\/0711Markus\/\">u\/0711Markus<\/a> in<a href=\"https:\/\/www.reddit.com\/r\/de\/\">de<\/a><\/p><\/blockquote>\n<p><script async src=\"https:\/\/embed.reddit.com\/widgets.js\" charset=\"UTF-8\"><\/script><\/div>\n<p>&nbsp;<\/p>\n<h3>9. Ah, wir hatten ja noch mehr Spitznamen versprochen. Kein Problem:<\/h3>\n<div class=\"dbsm-oembed\">\n<blockquote class=\"twitter-tweet\" data-width=\"500\" data-dnt=\"true\">\n<p lang=\"de\" dir=\"ltr\">Attila Hildmann kann es absolut nicht leiden, wenn man sich \u00fcber ihn lustig macht und ihm Spitznamen gibt. Also verwendet auf gar keinen Fall diese hier:<\/p>\n<p>Hirse Hitler<br \/>Rohkost Rommel<br \/>Gem\u00fcse Goebbels<br \/>Hafer Heydrich <br \/>Brokkoli Bormann <br \/>Spargel Speer<br \/>Reiskanzler<br \/>Avocadolf<br \/>SSiggurke<\/p>\n<p>&mdash; Nicht Chevy Chase (@DrWaumiau) <a href=\"https:\/\/twitter.com\/DrWaumiau\/status\/1285475997802999809?ref_src=twsrc%5Etfw\">July 21, 2020<\/a><\/p><\/blockquote>\n<p><script async src=\"https:\/\/platform.twitter.com\/widgets.js\" charset=\"utf-8\"><\/script><\/div>\n<p>&nbsp;<br \/>\n&#8212;-<br \/>\nDanke an alle f\u00fcr die Postings!<br \/>\nNoch mehr hei\u00dfen Social-Media-Content? Gibt es nat\u00fcrlich bei uns auf Instagram:<br \/>\nhttps:\/\/www.instagram.com\/p\/CC0wOC8nMDj\/<\/p>\n","protected":false},"excerpt":{"rendered":"<p>Attila Hildmann sorgt aktuell immer h\u00e4ufiger f\u00fcr Aufsehen. Erst k\u00fcrzlich wurden gegen ihn Strafanzeigen wegen Volksverhetzung &#038; Bedrohung eingeleitet. Mit dem, wodurch er urspr\u00fcnglich bekannt&#8230;<\/p>\n","protected":false},"author":65,"featured_media":130403,"comment_status":"open","ping_status":"open","sticky":false,"template":"","format":"standard","meta":{"_acf_changed":false,"footnotes":""},"categories":[1],"tags":[4011,4245,4246,58],"class_list":["post-130393","post","type-post","status-publish","format-standard","has-post-thumbnail","hentry","category-uncategorized","tag-attila-hildmann","tag-avocadolf","tag-spitzname","tag-twitter"],"acf":[],"yoast_head":"<!-- This site is optimized with the Yoast SEO plugin v27.5 - https:\/\/yoast.com\/product\/yoast-seo-wordpress\/ -->\n<title>Avocadolf: Neuer Spitzname f\u00fcr Hildmann - The Best Social Media DE<\/title>\n<meta name=\"description\" content=\"Attila Hildmann sorgt aktuell immer h\u00e4ufiger f\u00fcr Aufsehen. Nun hat das Netz Attila Hildmann neue Spitznamen verpasst. Der Avocadolf ist geboren.\" \/>\n<meta name=\"robots\" content=\"index, follow, max-snippet:-1, max-image-preview:large, max-video-preview:-1\" \/>\n<link rel=\"canonical\" href=\"https:\/\/www.thebestsocial.media\/de\/avocadolf-und-co-das-netz-verpasst-attila-hildmann-neue-spitznamen\/\" \/>\n<meta property=\"og:locale\" content=\"de_DE\" \/>\n<meta property=\"og:type\" content=\"article\" \/>\n<meta property=\"og:title\" content=\"Avocadolf und Co.: Das Netz verpasst Attila Hildmann neue Spitznamen\" \/>\n<meta property=\"og:description\" content=\"Attila Hildmann sorgt aktuell immer h\u00e4ufiger f\u00fcr Aufsehen. Nun hat das Netz Attila Hildmann neue Spitznamen verpasst. Der Avocadolf ist geboren.\" \/>\n<meta property=\"og:url\" content=\"https:\/\/www.thebestsocial.media\/de\/avocadolf-und-co-das-netz-verpasst-attila-hildmann-neue-spitznamen\/\" \/>\n<meta property=\"og:site_name\" content=\"The Best Social Media DE\" \/>\n<meta property=\"article:published_time\" content=\"2020-07-21T09:27:00+00:00\" \/>\n<meta property=\"article:modified_time\" content=\"2020-07-21T12:52:48+00:00\" \/>\n<meta property=\"og:image\" content=\"https:\/\/www.thebestsocial.media\/de\/wp-content\/uploads\/sites\/3\/2020\/07\/tomatt.png\" \/>\n\t<meta property=\"og:image:width\" content=\"1200\" \/>\n\t<meta property=\"og:image:height\" content=\"628\" \/>\n\t<meta property=\"og:image:type\" content=\"image\/png\" \/>\n<meta name=\"author\" content=\"Jan\" \/>\n<meta name=\"twitter:card\" content=\"summary_large_image\" \/>\n<meta name=\"twitter:label1\" content=\"Verfasst von\" \/>\n\t<meta name=\"twitter:data1\" content=\"Jan\" \/>\n\t<meta name=\"twitter:label2\" content=\"Gesch\u00e4tzte Lesezeit\" \/>\n\t<meta name=\"twitter:data2\" content=\"1\u00a0Minute\" \/>\n<script type=\"application\/ld+json\" class=\"yoast-schema-graph\">{\"@context\":\"https:\\\/\\\/schema.org\",\"@graph\":[{\"@type\":\"Article\",\"@id\":\"https:\\\/\\\/www.thebestsocial.media\\\/de\\\/avocadolf-und-co-das-netz-verpasst-attila-hildmann-neue-spitznamen\\\/#article\",\"isPartOf\":{\"@id\":\"https:\\\/\\\/www.thebestsocial.media\\\/de\\\/avocadolf-und-co-das-netz-verpasst-attila-hildmann-neue-spitznamen\\\/\"},\"author\":{\"name\":\"Jan\",\"@id\":\"https:\\\/\\\/www.thebestsocial.media\\\/de\\\/#\\\/schema\\\/person\\\/03b8d8d2905b97b499c8e0808b724821\"},\"headline\":\"Avocadolf und Co.: Das Netz verpasst Attila Hildmann neue Spitznamen\",\"datePublished\":\"2020-07-21T09:27:00+00:00\",\"dateModified\":\"2020-07-21T12:52:48+00:00\",\"mainEntityOfPage\":{\"@id\":\"https:\\\/\\\/www.thebestsocial.media\\\/de\\\/avocadolf-und-co-das-netz-verpasst-attila-hildmann-neue-spitznamen\\\/\"},\"wordCount\":307,\"commentCount\":0,\"image\":{\"@id\":\"https:\\\/\\\/www.thebestsocial.media\\\/de\\\/avocadolf-und-co-das-netz-verpasst-attila-hildmann-neue-spitznamen\\\/#primaryimage\"},\"thumbnailUrl\":\"https:\\\/\\\/www.thebestsocial.media\\\/de\\\/wp-content\\\/uploads\\\/sites\\\/3\\\/2020\\\/07\\\/Avocadolf.png\",\"keywords\":[\"Attila Hildmann\",\"Avocadolf\",\"Spitzname\",\"twitter\"],\"articleSection\":[\"Uncategorized\"],\"inLanguage\":\"de\",\"potentialAction\":[{\"@type\":\"CommentAction\",\"name\":\"Comment\",\"target\":[\"https:\\\/\\\/www.thebestsocial.media\\\/de\\\/avocadolf-und-co-das-netz-verpasst-attila-hildmann-neue-spitznamen\\\/#respond\"]}]},{\"@type\":\"WebPage\",\"@id\":\"https:\\\/\\\/www.thebestsocial.media\\\/de\\\/avocadolf-und-co-das-netz-verpasst-attila-hildmann-neue-spitznamen\\\/\",\"url\":\"https:\\\/\\\/www.thebestsocial.media\\\/de\\\/avocadolf-und-co-das-netz-verpasst-attila-hildmann-neue-spitznamen\\\/\",\"name\":\"Avocadolf: Neuer Spitzname f\u00fcr Hildmann - The Best Social Media DE\",\"isPartOf\":{\"@id\":\"https:\\\/\\\/www.thebestsocial.media\\\/de\\\/#website\"},\"primaryImageOfPage\":{\"@id\":\"https:\\\/\\\/www.thebestsocial.media\\\/de\\\/avocadolf-und-co-das-netz-verpasst-attila-hildmann-neue-spitznamen\\\/#primaryimage\"},\"image\":{\"@id\":\"https:\\\/\\\/www.thebestsocial.media\\\/de\\\/avocadolf-und-co-das-netz-verpasst-attila-hildmann-neue-spitznamen\\\/#primaryimage\"},\"thumbnailUrl\":\"https:\\\/\\\/www.thebestsocial.media\\\/de\\\/wp-content\\\/uploads\\\/sites\\\/3\\\/2020\\\/07\\\/Avocadolf.png\",\"datePublished\":\"2020-07-21T09:27:00+00:00\",\"dateModified\":\"2020-07-21T12:52:48+00:00\",\"author\":{\"@id\":\"https:\\\/\\\/www.thebestsocial.media\\\/de\\\/#\\\/schema\\\/person\\\/03b8d8d2905b97b499c8e0808b724821\"},\"description\":\"Attila Hildmann sorgt aktuell immer h\u00e4ufiger f\u00fcr Aufsehen. Nun hat das Netz Attila Hildmann neue Spitznamen verpasst. Der Avocadolf ist geboren.\",\"breadcrumb\":{\"@id\":\"https:\\\/\\\/www.thebestsocial.media\\\/de\\\/avocadolf-und-co-das-netz-verpasst-attila-hildmann-neue-spitznamen\\\/#breadcrumb\"},\"inLanguage\":\"de\",\"potentialAction\":[{\"@type\":\"ReadAction\",\"target\":[\"https:\\\/\\\/www.thebestsocial.media\\\/de\\\/avocadolf-und-co-das-netz-verpasst-attila-hildmann-neue-spitznamen\\\/\"]}]},{\"@type\":\"ImageObject\",\"inLanguage\":\"de\",\"@id\":\"https:\\\/\\\/www.thebestsocial.media\\\/de\\\/avocadolf-und-co-das-netz-verpasst-attila-hildmann-neue-spitznamen\\\/#primaryimage\",\"url\":\"https:\\\/\\\/www.thebestsocial.media\\\/de\\\/wp-content\\\/uploads\\\/sites\\\/3\\\/2020\\\/07\\\/Avocadolf.png\",\"contentUrl\":\"https:\\\/\\\/www.thebestsocial.media\\\/de\\\/wp-content\\\/uploads\\\/sites\\\/3\\\/2020\\\/07\\\/Avocadolf.png\",\"width\":1200,\"height\":628},{\"@type\":\"BreadcrumbList\",\"@id\":\"https:\\\/\\\/www.thebestsocial.media\\\/de\\\/avocadolf-und-co-das-netz-verpasst-attila-hildmann-neue-spitznamen\\\/#breadcrumb\",\"itemListElement\":[{\"@type\":\"ListItem\",\"position\":1,\"name\":\"Home\",\"item\":\"https:\\\/\\\/www.thebestsocial.media\\\/de\\\/\"},{\"@type\":\"ListItem\",\"position\":2,\"name\":\"Avocadolf und Co.: Das Netz verpasst Attila Hildmann neue Spitznamen\"}]},{\"@type\":\"WebSite\",\"@id\":\"https:\\\/\\\/www.thebestsocial.media\\\/de\\\/#website\",\"url\":\"https:\\\/\\\/www.thebestsocial.media\\\/de\\\/\",\"name\":\"The Best Social Media DE\",\"description\":\"\",\"potentialAction\":[{\"@type\":\"SearchAction\",\"target\":{\"@type\":\"EntryPoint\",\"urlTemplate\":\"https:\\\/\\\/www.thebestsocial.media\\\/de\\\/?s={search_term_string}\"},\"query-input\":{\"@type\":\"PropertyValueSpecification\",\"valueRequired\":true,\"valueName\":\"search_term_string\"}}],\"inLanguage\":\"de\"},{\"@type\":\"Person\",\"@id\":\"https:\\\/\\\/www.thebestsocial.media\\\/de\\\/#\\\/schema\\\/person\\\/03b8d8d2905b97b499c8e0808b724821\",\"name\":\"Jan\",\"image\":{\"@type\":\"ImageObject\",\"inLanguage\":\"de\",\"@id\":\"https:\\\/\\\/secure.gravatar.com\\\/avatar\\\/6977c5e4d81f2a717dcf76e5e74d7a00b583f3f83a2b00830dedfc799d928343?s=96&d=mm&r=g\",\"url\":\"https:\\\/\\\/secure.gravatar.com\\\/avatar\\\/6977c5e4d81f2a717dcf76e5e74d7a00b583f3f83a2b00830dedfc799d928343?s=96&d=mm&r=g\",\"contentUrl\":\"https:\\\/\\\/secure.gravatar.com\\\/avatar\\\/6977c5e4d81f2a717dcf76e5e74d7a00b583f3f83a2b00830dedfc799d928343?s=96&d=mm&r=g\",\"caption\":\"Jan\"},\"description\":\"Wohnt in M\u00fcnchen, hat aber bis heute keine Ahnung, wie er dort gelandet ist. W\u00fcnscht sich manchmal eine dritte Stimme im Kopf, die ihn davon abh\u00e4lt, auszusprechen, was er gerade denkt. Mag Sport und jeden Kartoffelchip einzeln zu essen. Hasst es, sich auf neue Duschen einstellen zu m\u00fcssen. In einer Beziehung mit Social Media \u2013 aber es ist kompliziert.\",\"url\":\"https:\\\/\\\/www.thebestsocial.media\\\/de\\\/author\\\/janhorstkoetter\\\/\"}]}<\/script>\n<!-- \/ Yoast SEO plugin. -->","yoast_head_json":{"title":"Avocadolf: Neuer Spitzname f\u00fcr Hildmann - The Best Social Media DE","description":"Attila Hildmann sorgt aktuell immer h\u00e4ufiger f\u00fcr Aufsehen. Nun hat das Netz Attila Hildmann neue Spitznamen verpasst. Der Avocadolf ist geboren.","robots":{"index":"index","follow":"follow","max-snippet":"max-snippet:-1","max-image-preview":"max-image-preview:large","max-video-preview":"max-video-preview:-1"},"canonical":"https:\/\/www.thebestsocial.media\/de\/avocadolf-und-co-das-netz-verpasst-attila-hildmann-neue-spitznamen\/","og_locale":"de_DE","og_type":"article","og_title":"Avocadolf und Co.: Das Netz verpasst Attila Hildmann neue Spitznamen","og_description":"Attila Hildmann sorgt aktuell immer h\u00e4ufiger f\u00fcr Aufsehen. Nun hat das Netz Attila Hildmann neue Spitznamen verpasst. Der Avocadolf ist geboren.","og_url":"https:\/\/www.thebestsocial.media\/de\/avocadolf-und-co-das-netz-verpasst-attila-hildmann-neue-spitznamen\/","og_site_name":"The Best Social Media DE","article_published_time":"2020-07-21T09:27:00+00:00","article_modified_time":"2020-07-21T12:52:48+00:00","og_image":[{"width":1200,"height":628,"url":"https:\/\/www.thebestsocial.media\/de\/wp-content\/uploads\/sites\/3\/2020\/07\/tomatt.png","type":"image\/png"}],"author":"Jan","twitter_card":"summary_large_image","twitter_misc":{"Verfasst von":"Jan","Gesch\u00e4tzte Lesezeit":"1\u00a0Minute"},"schema":{"@context":"https:\/\/schema.org","@graph":[{"@type":"Article","@id":"https:\/\/www.thebestsocial.media\/de\/avocadolf-und-co-das-netz-verpasst-attila-hildmann-neue-spitznamen\/#article","isPartOf":{"@id":"https:\/\/www.thebestsocial.media\/de\/avocadolf-und-co-das-netz-verpasst-attila-hildmann-neue-spitznamen\/"},"author":{"name":"Jan","@id":"https:\/\/www.thebestsocial.media\/de\/#\/schema\/person\/03b8d8d2905b97b499c8e0808b724821"},"headline":"Avocadolf und Co.: Das Netz verpasst Attila Hildmann neue Spitznamen","datePublished":"2020-07-21T09:27:00+00:00","dateModified":"2020-07-21T12:52:48+00:00","mainEntityOfPage":{"@id":"https:\/\/www.thebestsocial.media\/de\/avocadolf-und-co-das-netz-verpasst-attila-hildmann-neue-spitznamen\/"},"wordCount":307,"commentCount":0,"image":{"@id":"https:\/\/www.thebestsocial.media\/de\/avocadolf-und-co-das-netz-verpasst-attila-hildmann-neue-spitznamen\/#primaryimage"},"thumbnailUrl":"https:\/\/www.thebestsocial.media\/de\/wp-content\/uploads\/sites\/3\/2020\/07\/Avocadolf.png","keywords":["Attila Hildmann","Avocadolf","Spitzname","twitter"],"articleSection":["Uncategorized"],"inLanguage":"de","potentialAction":[{"@type":"CommentAction","name":"Comment","target":["https:\/\/www.thebestsocial.media\/de\/avocadolf-und-co-das-netz-verpasst-attila-hildmann-neue-spitznamen\/#respond"]}]},{"@type":"WebPage","@id":"https:\/\/www.thebestsocial.media\/de\/avocadolf-und-co-das-netz-verpasst-attila-hildmann-neue-spitznamen\/","url":"https:\/\/www.thebestsocial.media\/de\/avocadolf-und-co-das-netz-verpasst-attila-hildmann-neue-spitznamen\/","name":"Avocadolf: Neuer Spitzname f\u00fcr Hildmann - The Best Social Media DE","isPartOf":{"@id":"https:\/\/www.thebestsocial.media\/de\/#website"},"primaryImageOfPage":{"@id":"https:\/\/www.thebestsocial.media\/de\/avocadolf-und-co-das-netz-verpasst-attila-hildmann-neue-spitznamen\/#primaryimage"},"image":{"@id":"https:\/\/www.thebestsocial.media\/de\/avocadolf-und-co-das-netz-verpasst-attila-hildmann-neue-spitznamen\/#primaryimage"},"thumbnailUrl":"https:\/\/www.thebestsocial.media\/de\/wp-content\/uploads\/sites\/3\/2020\/07\/Avocadolf.png","datePublished":"2020-07-21T09:27:00+00:00","dateModified":"2020-07-21T12:52:48+00:00","author":{"@id":"https:\/\/www.thebestsocial.media\/de\/#\/schema\/person\/03b8d8d2905b97b499c8e0808b724821"},"description":"Attila Hildmann sorgt aktuell immer h\u00e4ufiger f\u00fcr Aufsehen. Nun hat das Netz Attila Hildmann neue Spitznamen verpasst. Der Avocadolf ist geboren.","breadcrumb":{"@id":"https:\/\/www.thebestsocial.media\/de\/avocadolf-und-co-das-netz-verpasst-attila-hildmann-neue-spitznamen\/#breadcrumb"},"inLanguage":"de","potentialAction":[{"@type":"ReadAction","target":["https:\/\/www.thebestsocial.media\/de\/avocadolf-und-co-das-netz-verpasst-attila-hildmann-neue-spitznamen\/"]}]},{"@type":"ImageObject","inLanguage":"de","@id":"https:\/\/www.thebestsocial.media\/de\/avocadolf-und-co-das-netz-verpasst-attila-hildmann-neue-spitznamen\/#primaryimage","url":"https:\/\/www.thebestsocial.media\/de\/wp-content\/uploads\/sites\/3\/2020\/07\/Avocadolf.png","contentUrl":"https:\/\/www.thebestsocial.media\/de\/wp-content\/uploads\/sites\/3\/2020\/07\/Avocadolf.png","width":1200,"height":628},{"@type":"BreadcrumbList","@id":"https:\/\/www.thebestsocial.media\/de\/avocadolf-und-co-das-netz-verpasst-attila-hildmann-neue-spitznamen\/#breadcrumb","itemListElement":[{"@type":"ListItem","position":1,"name":"Home","item":"https:\/\/www.thebestsocial.media\/de\/"},{"@type":"ListItem","position":2,"name":"Avocadolf und Co.: Das Netz verpasst Attila Hildmann neue Spitznamen"}]},{"@type":"WebSite","@id":"https:\/\/www.thebestsocial.media\/de\/#website","url":"https:\/\/www.thebestsocial.media\/de\/","name":"The Best Social Media DE","description":"","potentialAction":[{"@type":"SearchAction","target":{"@type":"EntryPoint","urlTemplate":"https:\/\/www.thebestsocial.media\/de\/?s={search_term_string}"},"query-input":{"@type":"PropertyValueSpecification","valueRequired":true,"valueName":"search_term_string"}}],"inLanguage":"de"},{"@type":"Person","@id":"https:\/\/www.thebestsocial.media\/de\/#\/schema\/person\/03b8d8d2905b97b499c8e0808b724821","name":"Jan","image":{"@type":"ImageObject","inLanguage":"de","@id":"https:\/\/secure.gravatar.com\/avatar\/6977c5e4d81f2a717dcf76e5e74d7a00b583f3f83a2b00830dedfc799d928343?s=96&d=mm&r=g","url":"https:\/\/secure.gravatar.com\/avatar\/6977c5e4d81f2a717dcf76e5e74d7a00b583f3f83a2b00830dedfc799d928343?s=96&d=mm&r=g","contentUrl":"https:\/\/secure.gravatar.com\/avatar\/6977c5e4d81f2a717dcf76e5e74d7a00b583f3f83a2b00830dedfc799d928343?s=96&d=mm&r=g","caption":"Jan"},"description":"Wohnt in M\u00fcnchen, hat aber bis heute keine Ahnung, wie er dort gelandet ist. W\u00fcnscht sich manchmal eine dritte Stimme im Kopf, die ihn davon abh\u00e4lt, auszusprechen, was er gerade denkt. Mag Sport und jeden Kartoffelchip einzeln zu essen. Hasst es, sich auf neue Duschen einstellen zu m\u00fcssen. In einer Beziehung mit Social Media \u2013 aber es ist kompliziert.","url":"https:\/\/www.thebestsocial.media\/de\/author\/janhorstkoetter\/"}]}},"amp_enabled":true,"_links":{"self":[{"href":"https:\/\/www.thebestsocial.media\/de\/wp-json\/wp\/v2\/posts\/130393","targetHints":{"allow":["GET"]}}],"collection":[{"href":"https:\/\/www.thebestsocial.media\/de\/wp-json\/wp\/v2\/posts"}],"about":[{"href":"https:\/\/www.thebestsocial.media\/de\/wp-json\/wp\/v2\/types\/post"}],"author":[{"embeddable":true,"href":"https:\/\/www.thebestsocial.media\/de\/wp-json\/wp\/v2\/users\/65"}],"replies":[{"embeddable":true,"href":"https:\/\/www.thebestsocial.media\/de\/wp-json\/wp\/v2\/comments?post=130393"}],"version-history":[{"count":4,"href":"https:\/\/www.thebestsocial.media\/de\/wp-json\/wp\/v2\/posts\/130393\/revisions"}],"predecessor-version":[{"id":130520,"href":"https:\/\/www.thebestsocial.media\/de\/wp-json\/wp\/v2\/posts\/130393\/revisions\/130520"}],"wp:featuredmedia":[{"embeddable":true,"href":"https:\/\/www.thebestsocial.media\/de\/wp-json\/wp\/v2\/media\/130403"}],"wp:attachment":[{"href":"https:\/\/www.thebestsocial.media\/de\/wp-json\/wp\/v2\/media?parent=130393"}],"wp:term":[{"taxonomy":"category","embeddable":true,"href":"https:\/\/www.thebestsocial.media\/de\/wp-json\/wp\/v2\/categories?post=130393"},{"taxonomy":"post_tag","embeddable":true,"href":"https:\/\/www.thebestsocial.media\/de\/wp-json\/wp\/v2\/tags?post=130393"}],"curies":[{"name":"wp","href":"https:\/\/api.w.org\/{rel}","templated":true}]}}