{"id":129913,"date":"2020-07-14T12:44:54","date_gmt":"2020-07-14T12:44:54","guid":{"rendered":"https:\/\/www.thebestsocial.media\/de\/?p=129913"},"modified":"2020-07-14T12:44:54","modified_gmt":"2020-07-14T12:44:54","slug":"gratwanderung-gemeistert-aurel-mertz-verarbeitet-rassismus-mit-comedy","status":"publish","type":"post","link":"https:\/\/www.thebestsocial.media\/de\/gratwanderung-gemeistert-aurel-mertz-verarbeitet-rassismus-mit-comedy\/","title":{"rendered":"Gratwanderung gemeistert: Aurel Mertz verarbeitet Rassismus mit Comedy"},"content":{"rendered":"<p>Auf Instagram ist Aurel Mertz f\u00fcr funk mit seinem <a href=\"https:\/\/www.instagram.com\/aureloriginal\/\" rel=\"noopener noreferrer\" target=\"_blank\">eigenen Format<\/a> unterwegs. In kleinen Videos und Memes besch\u00e4ftigt er sich mit den aktuellen Themen unserer Gesellschaft. Oft kritisch, aber immer humoristisch. Und auch beim Thema Rassismus versucht er seinen Humor nicht zu verlieren. Es ist eine enge Gratwanderung, doch die User feiern ihn daf\u00fcr sehr.<br \/>\n&nbsp;<\/p>\n<h3>1. Es sind Videos wie dieses, die eine wirklich ernste Thematik ansprechen, aber dabei nicht den Humor verlieren.<\/h3>\n<p>https:\/\/www.instagram.com\/p\/CCf1E_DqlNP\/<br \/>\n&nbsp;<\/p>\n<h3>2. Rassismuskritik UND Humor? Das geht in diesem Fall tats\u00e4chlich und das kommt bei den Leuden gut an.<\/h3>\n<p><img loading=\"lazy\" decoding=\"async\" src=\"https:\/\/www.thebestsocial.media\/de\/wp-content\/uploads\/sites\/3\/2020\/07\/Fahrrad-2.png\" alt=\"\" width=\"405\" height=\"452\" class=\"alignnone size-full wp-image-129923\" srcset=\"https:\/\/www.thebestsocial.media\/de\/wp-content\/uploads\/sites\/3\/2020\/07\/Fahrrad-2.png 405w, https:\/\/www.thebestsocial.media\/de\/wp-content\/uploads\/sites\/3\/2020\/07\/Fahrrad-2-269x300.png 269w\" sizes=\"auto, (max-width: 405px) 100vw, 405px\" \/><\/p>\n<p><img loading=\"lazy\" decoding=\"async\" src=\"https:\/\/www.thebestsocial.media\/de\/wp-content\/uploads\/sites\/3\/2020\/07\/Fahrrad-1.png\" alt=\"\" width=\"405\" height=\"503\" class=\"alignnone size-full wp-image-129924\" srcset=\"https:\/\/www.thebestsocial.media\/de\/wp-content\/uploads\/sites\/3\/2020\/07\/Fahrrad-1.png 405w, https:\/\/www.thebestsocial.media\/de\/wp-content\/uploads\/sites\/3\/2020\/07\/Fahrrad-1-242x300.png 242w\" sizes=\"auto, (max-width: 405px) 100vw, 405px\" \/><\/p>\n<p>&nbsp;<\/p>\n<h3>3. Noch ein Beispiel gef\u00e4llig?<\/h3>\n<p>https:\/\/www.instagram.com\/p\/CCGBAYgq7xK\/<br \/>\n&nbsp;<\/p>\n<h3>4. Auch hier verliert er seine lustige Art nicht.<\/h3>\n<p><img loading=\"lazy\" decoding=\"async\" src=\"https:\/\/www.thebestsocial.media\/de\/wp-content\/uploads\/sites\/3\/2020\/07\/Denkmal.png\" alt=\"\" width=\"405\" height=\"116\" class=\"alignnone size-full wp-image-129922\" srcset=\"https:\/\/www.thebestsocial.media\/de\/wp-content\/uploads\/sites\/3\/2020\/07\/Denkmal.png 405w, https:\/\/www.thebestsocial.media\/de\/wp-content\/uploads\/sites\/3\/2020\/07\/Denkmal-300x86.png 300w\" sizes=\"auto, (max-width: 405px) 100vw, 405px\" \/><br \/>\n&nbsp;<\/p>\n<h3>5. Aber Aurel kann auch ernst. Statements setzen und seine Reichweite nutzen.<\/h3>\n<p>https:\/\/www.instagram.com\/p\/CBFhejMHN55\/<br \/>\n&nbsp;<\/p>\n<h3>6. Denn Statements braucht unsere Gesellschaft aktuell wirklich!<\/h3>\n<p><img loading=\"lazy\" decoding=\"async\" src=\"https:\/\/www.thebestsocial.media\/de\/wp-content\/uploads\/sites\/3\/2020\/07\/Statement-3.png\" alt=\"\" width=\"405\" height=\"195\" class=\"alignnone size-full wp-image-129919\" srcset=\"https:\/\/www.thebestsocial.media\/de\/wp-content\/uploads\/sites\/3\/2020\/07\/Statement-3.png 405w, https:\/\/www.thebestsocial.media\/de\/wp-content\/uploads\/sites\/3\/2020\/07\/Statement-3-300x144.png 300w\" sizes=\"auto, (max-width: 405px) 100vw, 405px\" \/><\/p>\n<p><img loading=\"lazy\" decoding=\"async\" src=\"https:\/\/www.thebestsocial.media\/de\/wp-content\/uploads\/sites\/3\/2020\/07\/Statment-2.png\" alt=\"\" width=\"405\" height=\"308\" class=\"alignnone size-full wp-image-129920\" srcset=\"https:\/\/www.thebestsocial.media\/de\/wp-content\/uploads\/sites\/3\/2020\/07\/Statment-2.png 405w, https:\/\/www.thebestsocial.media\/de\/wp-content\/uploads\/sites\/3\/2020\/07\/Statment-2-300x228.png 300w\" sizes=\"auto, (max-width: 405px) 100vw, 405px\" \/><\/p>\n<p><img loading=\"lazy\" decoding=\"async\" src=\"https:\/\/www.thebestsocial.media\/de\/wp-content\/uploads\/sites\/3\/2020\/07\/statwmwnt.png\" alt=\"\" width=\"405\" height=\"353\" class=\"alignnone size-full wp-image-129921\" srcset=\"https:\/\/www.thebestsocial.media\/de\/wp-content\/uploads\/sites\/3\/2020\/07\/statwmwnt.png 405w, https:\/\/www.thebestsocial.media\/de\/wp-content\/uploads\/sites\/3\/2020\/07\/statwmwnt-300x261.png 300w\" sizes=\"auto, (max-width: 405px) 100vw, 405px\" \/><br \/>\n&nbsp;<br \/>\n&#8212;-<\/p>\n<p>Danke, <a href=\"https:\/\/www.instagram.com\/aurelmertz\/?hl=de\" rel=\"noopener noreferrer\" target=\"_blank\">Aurel<\/a>, f\u00fcr deine Videos!<br \/>\nSchaut doch auch mal bei uns auf Instagram vorbei:<br \/>\nhttps:\/\/www.instagram.com\/p\/CCdV2kCH162\/<\/p>\n","protected":false},"excerpt":{"rendered":"<p>Auf Instagram ist Aurel Mertz f\u00fcr funk mit seinem eigenen Format unterwegs. In kleinen Videos und Memes besch\u00e4ftigt er sich mit den aktuellen Themen unserer&#8230;<\/p>\n","protected":false},"author":65,"featured_media":129927,"comment_status":"open","ping_status":"open","sticky":false,"template":"","format":"standard","meta":{"_acf_changed":false,"footnotes":""},"categories":[14],"tags":[3464,15,629],"class_list":["post-129913","post","type-post","status-publish","format-standard","has-post-thumbnail","hentry","category-instagram","tag-aurel-mertz","tag-instagram","tag-rassismus"],"acf":[],"yoast_head":"<!-- This site is optimized with the Yoast SEO plugin v27.5 - https:\/\/yoast.com\/product\/yoast-seo-wordpress\/ -->\n<title>Aurel verarbeitet Rassismus mit Comedy - The Best Social Media DE<\/title>\n<meta name=\"description\" content=\"Auf Instagram ist Aurel Mertz sehr aktiv. Auch beim Thema Rassismus versucht er seinen Humor nicht zu verlieren. Eine enge Gratwanderung.\" \/>\n<meta name=\"robots\" content=\"index, follow, max-snippet:-1, max-image-preview:large, max-video-preview:-1\" \/>\n<link rel=\"canonical\" href=\"https:\/\/www.thebestsocial.media\/de\/gratwanderung-gemeistert-aurel-mertz-verarbeitet-rassismus-mit-comedy\/\" \/>\n<meta property=\"og:locale\" content=\"de_DE\" \/>\n<meta property=\"og:type\" content=\"article\" \/>\n<meta property=\"og:title\" content=\"Gratwanderung gemeistert: Aurel Mertz verarbeitet Rassismus mit Comedy\" \/>\n<meta property=\"og:description\" content=\"Auf Instagram ist Aurel Mertz sehr aktiv. Auch beim Thema Rassismus versucht er seinen Humor nicht zu verlieren. Eine enge Gratwanderung.\" \/>\n<meta property=\"og:url\" content=\"https:\/\/www.thebestsocial.media\/de\/gratwanderung-gemeistert-aurel-mertz-verarbeitet-rassismus-mit-comedy\/\" \/>\n<meta property=\"og:site_name\" content=\"The Best Social Media DE\" \/>\n<meta property=\"article:published_time\" content=\"2020-07-14T12:44:54+00:00\" \/>\n<meta property=\"og:image\" content=\"https:\/\/www.thebestsocial.media\/de\/wp-content\/uploads\/sites\/3\/2020\/07\/aurelfb.png\" \/>\n\t<meta property=\"og:image:width\" content=\"1200\" \/>\n\t<meta property=\"og:image:height\" content=\"628\" \/>\n\t<meta property=\"og:image:type\" content=\"image\/png\" \/>\n<meta name=\"author\" content=\"Jan\" \/>\n<meta name=\"twitter:card\" content=\"summary_large_image\" \/>\n<meta name=\"twitter:label1\" content=\"Verfasst von\" \/>\n\t<meta name=\"twitter:data1\" content=\"Jan\" \/>\n\t<meta name=\"twitter:label2\" content=\"Gesch\u00e4tzte Lesezeit\" \/>\n\t<meta name=\"twitter:data2\" content=\"1\u00a0Minute\" \/>\n<script type=\"application\/ld+json\" class=\"yoast-schema-graph\">{\"@context\":\"https:\\\/\\\/schema.org\",\"@graph\":[{\"@type\":\"Article\",\"@id\":\"https:\\\/\\\/www.thebestsocial.media\\\/de\\\/gratwanderung-gemeistert-aurel-mertz-verarbeitet-rassismus-mit-comedy\\\/#article\",\"isPartOf\":{\"@id\":\"https:\\\/\\\/www.thebestsocial.media\\\/de\\\/gratwanderung-gemeistert-aurel-mertz-verarbeitet-rassismus-mit-comedy\\\/\"},\"author\":{\"name\":\"Jan\",\"@id\":\"https:\\\/\\\/www.thebestsocial.media\\\/de\\\/#\\\/schema\\\/person\\\/03b8d8d2905b97b499c8e0808b724821\"},\"headline\":\"Gratwanderung gemeistert: Aurel Mertz verarbeitet Rassismus mit Comedy\",\"datePublished\":\"2020-07-14T12:44:54+00:00\",\"mainEntityOfPage\":{\"@id\":\"https:\\\/\\\/www.thebestsocial.media\\\/de\\\/gratwanderung-gemeistert-aurel-mertz-verarbeitet-rassismus-mit-comedy\\\/\"},\"wordCount\":183,\"commentCount\":0,\"image\":{\"@id\":\"https:\\\/\\\/www.thebestsocial.media\\\/de\\\/gratwanderung-gemeistert-aurel-mertz-verarbeitet-rassismus-mit-comedy\\\/#primaryimage\"},\"thumbnailUrl\":\"https:\\\/\\\/www.thebestsocial.media\\\/de\\\/wp-content\\\/uploads\\\/sites\\\/3\\\/2020\\\/07\\\/Aurel-Art.png\",\"keywords\":[\"Aurel Mertz\",\"instagram\",\"Rassismus\"],\"articleSection\":[\"Instagram\"],\"inLanguage\":\"de\",\"potentialAction\":[{\"@type\":\"CommentAction\",\"name\":\"Comment\",\"target\":[\"https:\\\/\\\/www.thebestsocial.media\\\/de\\\/gratwanderung-gemeistert-aurel-mertz-verarbeitet-rassismus-mit-comedy\\\/#respond\"]}]},{\"@type\":\"WebPage\",\"@id\":\"https:\\\/\\\/www.thebestsocial.media\\\/de\\\/gratwanderung-gemeistert-aurel-mertz-verarbeitet-rassismus-mit-comedy\\\/\",\"url\":\"https:\\\/\\\/www.thebestsocial.media\\\/de\\\/gratwanderung-gemeistert-aurel-mertz-verarbeitet-rassismus-mit-comedy\\\/\",\"name\":\"Aurel verarbeitet Rassismus mit Comedy - The Best Social Media DE\",\"isPartOf\":{\"@id\":\"https:\\\/\\\/www.thebestsocial.media\\\/de\\\/#website\"},\"primaryImageOfPage\":{\"@id\":\"https:\\\/\\\/www.thebestsocial.media\\\/de\\\/gratwanderung-gemeistert-aurel-mertz-verarbeitet-rassismus-mit-comedy\\\/#primaryimage\"},\"image\":{\"@id\":\"https:\\\/\\\/www.thebestsocial.media\\\/de\\\/gratwanderung-gemeistert-aurel-mertz-verarbeitet-rassismus-mit-comedy\\\/#primaryimage\"},\"thumbnailUrl\":\"https:\\\/\\\/www.thebestsocial.media\\\/de\\\/wp-content\\\/uploads\\\/sites\\\/3\\\/2020\\\/07\\\/Aurel-Art.png\",\"datePublished\":\"2020-07-14T12:44:54+00:00\",\"author\":{\"@id\":\"https:\\\/\\\/www.thebestsocial.media\\\/de\\\/#\\\/schema\\\/person\\\/03b8d8d2905b97b499c8e0808b724821\"},\"description\":\"Auf Instagram ist Aurel Mertz sehr aktiv. Auch beim Thema Rassismus versucht er seinen Humor nicht zu verlieren. Eine enge Gratwanderung.\",\"breadcrumb\":{\"@id\":\"https:\\\/\\\/www.thebestsocial.media\\\/de\\\/gratwanderung-gemeistert-aurel-mertz-verarbeitet-rassismus-mit-comedy\\\/#breadcrumb\"},\"inLanguage\":\"de\",\"potentialAction\":[{\"@type\":\"ReadAction\",\"target\":[\"https:\\\/\\\/www.thebestsocial.media\\\/de\\\/gratwanderung-gemeistert-aurel-mertz-verarbeitet-rassismus-mit-comedy\\\/\"]}]},{\"@type\":\"ImageObject\",\"inLanguage\":\"de\",\"@id\":\"https:\\\/\\\/www.thebestsocial.media\\\/de\\\/gratwanderung-gemeistert-aurel-mertz-verarbeitet-rassismus-mit-comedy\\\/#primaryimage\",\"url\":\"https:\\\/\\\/www.thebestsocial.media\\\/de\\\/wp-content\\\/uploads\\\/sites\\\/3\\\/2020\\\/07\\\/Aurel-Art.png\",\"contentUrl\":\"https:\\\/\\\/www.thebestsocial.media\\\/de\\\/wp-content\\\/uploads\\\/sites\\\/3\\\/2020\\\/07\\\/Aurel-Art.png\",\"width\":1200,\"height\":628},{\"@type\":\"BreadcrumbList\",\"@id\":\"https:\\\/\\\/www.thebestsocial.media\\\/de\\\/gratwanderung-gemeistert-aurel-mertz-verarbeitet-rassismus-mit-comedy\\\/#breadcrumb\",\"itemListElement\":[{\"@type\":\"ListItem\",\"position\":1,\"name\":\"Home\",\"item\":\"https:\\\/\\\/www.thebestsocial.media\\\/de\\\/\"},{\"@type\":\"ListItem\",\"position\":2,\"name\":\"Gratwanderung gemeistert: Aurel Mertz verarbeitet Rassismus mit Comedy\"}]},{\"@type\":\"WebSite\",\"@id\":\"https:\\\/\\\/www.thebestsocial.media\\\/de\\\/#website\",\"url\":\"https:\\\/\\\/www.thebestsocial.media\\\/de\\\/\",\"name\":\"The Best Social Media DE\",\"description\":\"\",\"potentialAction\":[{\"@type\":\"SearchAction\",\"target\":{\"@type\":\"EntryPoint\",\"urlTemplate\":\"https:\\\/\\\/www.thebestsocial.media\\\/de\\\/?s={search_term_string}\"},\"query-input\":{\"@type\":\"PropertyValueSpecification\",\"valueRequired\":true,\"valueName\":\"search_term_string\"}}],\"inLanguage\":\"de\"},{\"@type\":\"Person\",\"@id\":\"https:\\\/\\\/www.thebestsocial.media\\\/de\\\/#\\\/schema\\\/person\\\/03b8d8d2905b97b499c8e0808b724821\",\"name\":\"Jan\",\"image\":{\"@type\":\"ImageObject\",\"inLanguage\":\"de\",\"@id\":\"https:\\\/\\\/secure.gravatar.com\\\/avatar\\\/6977c5e4d81f2a717dcf76e5e74d7a00b583f3f83a2b00830dedfc799d928343?s=96&d=mm&r=g\",\"url\":\"https:\\\/\\\/secure.gravatar.com\\\/avatar\\\/6977c5e4d81f2a717dcf76e5e74d7a00b583f3f83a2b00830dedfc799d928343?s=96&d=mm&r=g\",\"contentUrl\":\"https:\\\/\\\/secure.gravatar.com\\\/avatar\\\/6977c5e4d81f2a717dcf76e5e74d7a00b583f3f83a2b00830dedfc799d928343?s=96&d=mm&r=g\",\"caption\":\"Jan\"},\"description\":\"Wohnt in M\u00fcnchen, hat aber bis heute keine Ahnung, wie er dort gelandet ist. W\u00fcnscht sich manchmal eine dritte Stimme im Kopf, die ihn davon abh\u00e4lt, auszusprechen, was er gerade denkt. Mag Sport und jeden Kartoffelchip einzeln zu essen. Hasst es, sich auf neue Duschen einstellen zu m\u00fcssen. In einer Beziehung mit Social Media \u2013 aber es ist kompliziert.\",\"url\":\"https:\\\/\\\/www.thebestsocial.media\\\/de\\\/author\\\/janhorstkoetter\\\/\"}]}<\/script>\n<!-- \/ Yoast SEO plugin. -->","yoast_head_json":{"title":"Aurel verarbeitet Rassismus mit Comedy - The Best Social Media DE","description":"Auf Instagram ist Aurel Mertz sehr aktiv. Auch beim Thema Rassismus versucht er seinen Humor nicht zu verlieren. Eine enge Gratwanderung.","robots":{"index":"index","follow":"follow","max-snippet":"max-snippet:-1","max-image-preview":"max-image-preview:large","max-video-preview":"max-video-preview:-1"},"canonical":"https:\/\/www.thebestsocial.media\/de\/gratwanderung-gemeistert-aurel-mertz-verarbeitet-rassismus-mit-comedy\/","og_locale":"de_DE","og_type":"article","og_title":"Gratwanderung gemeistert: Aurel Mertz verarbeitet Rassismus mit Comedy","og_description":"Auf Instagram ist Aurel Mertz sehr aktiv. Auch beim Thema Rassismus versucht er seinen Humor nicht zu verlieren. Eine enge Gratwanderung.","og_url":"https:\/\/www.thebestsocial.media\/de\/gratwanderung-gemeistert-aurel-mertz-verarbeitet-rassismus-mit-comedy\/","og_site_name":"The Best Social Media DE","article_published_time":"2020-07-14T12:44:54+00:00","og_image":[{"width":1200,"height":628,"url":"https:\/\/www.thebestsocial.media\/de\/wp-content\/uploads\/sites\/3\/2020\/07\/aurelfb.png","type":"image\/png"}],"author":"Jan","twitter_card":"summary_large_image","twitter_misc":{"Verfasst von":"Jan","Gesch\u00e4tzte Lesezeit":"1\u00a0Minute"},"schema":{"@context":"https:\/\/schema.org","@graph":[{"@type":"Article","@id":"https:\/\/www.thebestsocial.media\/de\/gratwanderung-gemeistert-aurel-mertz-verarbeitet-rassismus-mit-comedy\/#article","isPartOf":{"@id":"https:\/\/www.thebestsocial.media\/de\/gratwanderung-gemeistert-aurel-mertz-verarbeitet-rassismus-mit-comedy\/"},"author":{"name":"Jan","@id":"https:\/\/www.thebestsocial.media\/de\/#\/schema\/person\/03b8d8d2905b97b499c8e0808b724821"},"headline":"Gratwanderung gemeistert: Aurel Mertz verarbeitet Rassismus mit Comedy","datePublished":"2020-07-14T12:44:54+00:00","mainEntityOfPage":{"@id":"https:\/\/www.thebestsocial.media\/de\/gratwanderung-gemeistert-aurel-mertz-verarbeitet-rassismus-mit-comedy\/"},"wordCount":183,"commentCount":0,"image":{"@id":"https:\/\/www.thebestsocial.media\/de\/gratwanderung-gemeistert-aurel-mertz-verarbeitet-rassismus-mit-comedy\/#primaryimage"},"thumbnailUrl":"https:\/\/www.thebestsocial.media\/de\/wp-content\/uploads\/sites\/3\/2020\/07\/Aurel-Art.png","keywords":["Aurel Mertz","instagram","Rassismus"],"articleSection":["Instagram"],"inLanguage":"de","potentialAction":[{"@type":"CommentAction","name":"Comment","target":["https:\/\/www.thebestsocial.media\/de\/gratwanderung-gemeistert-aurel-mertz-verarbeitet-rassismus-mit-comedy\/#respond"]}]},{"@type":"WebPage","@id":"https:\/\/www.thebestsocial.media\/de\/gratwanderung-gemeistert-aurel-mertz-verarbeitet-rassismus-mit-comedy\/","url":"https:\/\/www.thebestsocial.media\/de\/gratwanderung-gemeistert-aurel-mertz-verarbeitet-rassismus-mit-comedy\/","name":"Aurel verarbeitet Rassismus mit Comedy - The Best Social Media DE","isPartOf":{"@id":"https:\/\/www.thebestsocial.media\/de\/#website"},"primaryImageOfPage":{"@id":"https:\/\/www.thebestsocial.media\/de\/gratwanderung-gemeistert-aurel-mertz-verarbeitet-rassismus-mit-comedy\/#primaryimage"},"image":{"@id":"https:\/\/www.thebestsocial.media\/de\/gratwanderung-gemeistert-aurel-mertz-verarbeitet-rassismus-mit-comedy\/#primaryimage"},"thumbnailUrl":"https:\/\/www.thebestsocial.media\/de\/wp-content\/uploads\/sites\/3\/2020\/07\/Aurel-Art.png","datePublished":"2020-07-14T12:44:54+00:00","author":{"@id":"https:\/\/www.thebestsocial.media\/de\/#\/schema\/person\/03b8d8d2905b97b499c8e0808b724821"},"description":"Auf Instagram ist Aurel Mertz sehr aktiv. Auch beim Thema Rassismus versucht er seinen Humor nicht zu verlieren. Eine enge Gratwanderung.","breadcrumb":{"@id":"https:\/\/www.thebestsocial.media\/de\/gratwanderung-gemeistert-aurel-mertz-verarbeitet-rassismus-mit-comedy\/#breadcrumb"},"inLanguage":"de","potentialAction":[{"@type":"ReadAction","target":["https:\/\/www.thebestsocial.media\/de\/gratwanderung-gemeistert-aurel-mertz-verarbeitet-rassismus-mit-comedy\/"]}]},{"@type":"ImageObject","inLanguage":"de","@id":"https:\/\/www.thebestsocial.media\/de\/gratwanderung-gemeistert-aurel-mertz-verarbeitet-rassismus-mit-comedy\/#primaryimage","url":"https:\/\/www.thebestsocial.media\/de\/wp-content\/uploads\/sites\/3\/2020\/07\/Aurel-Art.png","contentUrl":"https:\/\/www.thebestsocial.media\/de\/wp-content\/uploads\/sites\/3\/2020\/07\/Aurel-Art.png","width":1200,"height":628},{"@type":"BreadcrumbList","@id":"https:\/\/www.thebestsocial.media\/de\/gratwanderung-gemeistert-aurel-mertz-verarbeitet-rassismus-mit-comedy\/#breadcrumb","itemListElement":[{"@type":"ListItem","position":1,"name":"Home","item":"https:\/\/www.thebestsocial.media\/de\/"},{"@type":"ListItem","position":2,"name":"Gratwanderung gemeistert: Aurel Mertz verarbeitet Rassismus mit Comedy"}]},{"@type":"WebSite","@id":"https:\/\/www.thebestsocial.media\/de\/#website","url":"https:\/\/www.thebestsocial.media\/de\/","name":"The Best Social Media DE","description":"","potentialAction":[{"@type":"SearchAction","target":{"@type":"EntryPoint","urlTemplate":"https:\/\/www.thebestsocial.media\/de\/?s={search_term_string}"},"query-input":{"@type":"PropertyValueSpecification","valueRequired":true,"valueName":"search_term_string"}}],"inLanguage":"de"},{"@type":"Person","@id":"https:\/\/www.thebestsocial.media\/de\/#\/schema\/person\/03b8d8d2905b97b499c8e0808b724821","name":"Jan","image":{"@type":"ImageObject","inLanguage":"de","@id":"https:\/\/secure.gravatar.com\/avatar\/6977c5e4d81f2a717dcf76e5e74d7a00b583f3f83a2b00830dedfc799d928343?s=96&d=mm&r=g","url":"https:\/\/secure.gravatar.com\/avatar\/6977c5e4d81f2a717dcf76e5e74d7a00b583f3f83a2b00830dedfc799d928343?s=96&d=mm&r=g","contentUrl":"https:\/\/secure.gravatar.com\/avatar\/6977c5e4d81f2a717dcf76e5e74d7a00b583f3f83a2b00830dedfc799d928343?s=96&d=mm&r=g","caption":"Jan"},"description":"Wohnt in M\u00fcnchen, hat aber bis heute keine Ahnung, wie er dort gelandet ist. W\u00fcnscht sich manchmal eine dritte Stimme im Kopf, die ihn davon abh\u00e4lt, auszusprechen, was er gerade denkt. Mag Sport und jeden Kartoffelchip einzeln zu essen. Hasst es, sich auf neue Duschen einstellen zu m\u00fcssen. In einer Beziehung mit Social Media \u2013 aber es ist kompliziert.","url":"https:\/\/www.thebestsocial.media\/de\/author\/janhorstkoetter\/"}]}},"amp_enabled":true,"_links":{"self":[{"href":"https:\/\/www.thebestsocial.media\/de\/wp-json\/wp\/v2\/posts\/129913","targetHints":{"allow":["GET"]}}],"collection":[{"href":"https:\/\/www.thebestsocial.media\/de\/wp-json\/wp\/v2\/posts"}],"about":[{"href":"https:\/\/www.thebestsocial.media\/de\/wp-json\/wp\/v2\/types\/post"}],"author":[{"embeddable":true,"href":"https:\/\/www.thebestsocial.media\/de\/wp-json\/wp\/v2\/users\/65"}],"replies":[{"embeddable":true,"href":"https:\/\/www.thebestsocial.media\/de\/wp-json\/wp\/v2\/comments?post=129913"}],"version-history":[{"count":4,"href":"https:\/\/www.thebestsocial.media\/de\/wp-json\/wp\/v2\/posts\/129913\/revisions"}],"predecessor-version":[{"id":129952,"href":"https:\/\/www.thebestsocial.media\/de\/wp-json\/wp\/v2\/posts\/129913\/revisions\/129952"}],"wp:featuredmedia":[{"embeddable":true,"href":"https:\/\/www.thebestsocial.media\/de\/wp-json\/wp\/v2\/media\/129927"}],"wp:attachment":[{"href":"https:\/\/www.thebestsocial.media\/de\/wp-json\/wp\/v2\/media?parent=129913"}],"wp:term":[{"taxonomy":"category","embeddable":true,"href":"https:\/\/www.thebestsocial.media\/de\/wp-json\/wp\/v2\/categories?post=129913"},{"taxonomy":"post_tag","embeddable":true,"href":"https:\/\/www.thebestsocial.media\/de\/wp-json\/wp\/v2\/tags?post=129913"}],"curies":[{"name":"wp","href":"https:\/\/api.w.org\/{rel}","templated":true}]}}