{"id":129092,"date":"2020-07-01T15:16:29","date_gmt":"2020-07-01T15:16:29","guid":{"rendered":"https:\/\/www.thebestsocial.media\/de\/?p=129092"},"modified":"2020-07-01T15:16:29","modified_gmt":"2020-07-01T15:16:29","slug":"instagram-account-veranschaulicht-deutschen-alltagsrassismus","status":"publish","type":"post","link":"https:\/\/www.thebestsocial.media\/de\/instagram-account-veranschaulicht-deutschen-alltagsrassismus\/","title":{"rendered":"Instagram-Account veranschaulicht deutschen Alltagsrassismus"},"content":{"rendered":"<p>Die #BlackLivesMatter-Proteste in den USA haben ein Bewusstsein f\u00fcr <a href=\"https:\/\/www.thebestsocial.media\/de\/eindrueckliche-fotografien-stellen-rassistische-stereotype-auf-den-kopf\/\" target=\"_blank\" rel=\"noopener noreferrer\">Rassismus<\/a> geschaffen. Auch hier in Deutschland wird mittlerweile unter diesem Hashtag gegen Rassismus und andere Formen der Diskriminierung demonstriert.<\/p>\n<p>&#8222;Rassismus, hier in Deutschland? Das kann doch nicht so schlimm sein wie in den USA!&#8220; Und ob es so schlimm ist. Wie schlimm, dass zeigt der Instagram-Account <a href=\"https:\/\/www.instagram.com\/wasihrnichtseht\/\" target=\"_blank\" rel=\"noopener noreferrer\">Was ihr nicht seht!<\/a> des 29-j\u00e4hrigen Masterstudenten Dominik Lucha. Anfang Juni ins Leben gerufen, sammelt Dominik Spr\u00fcche, Kommentare oder Anekdoten, die ihm Freunde, Bekannte oder andere User zuschicken und die zeigen, wie allt\u00e4glich Rassismus f\u00fcr People of Color hier in Deutschland ist.<\/p>\n<p>&nbsp;<br \/>\nhttps:\/\/www.instagram.com\/p\/CB2MgASgz5C\/<\/p>\n<p>&nbsp;<br \/>\nhttps:\/\/www.instagram.com\/p\/CBu_4grnll_\/<\/p>\n<p>&nbsp;<br \/>\nhttps:\/\/www.instagram.com\/p\/CB2tIdGnmfB\/<\/p>\n<p>&nbsp;<br \/>\nhttps:\/\/www.instagram.com\/p\/CBBZfoRpnUq\/<\/p>\n<p>&nbsp;<br \/>\nhttps:\/\/www.instagram.com\/p\/CBmxey1HYDX\/<\/p>\n<p>&nbsp;<br \/>\nhttps:\/\/www.instagram.com\/p\/CBxBxJFA9u-\/<\/p>\n<p>&nbsp;<br \/>\nhttps:\/\/www.instagram.com\/p\/CB98pNbD4Jj\/<\/p>\n<p>&nbsp;<br \/>\nhttps:\/\/www.instagram.com\/p\/CCDFoaYgElI\/<\/p>\n<p>&nbsp;<br \/>\nhttps:\/\/www.instagram.com\/p\/CBr7GR2A8wM\/<\/p>\n<p>&nbsp;<br \/>\nhttps:\/\/www.instagram.com\/p\/CCAbIJsnVZB\/<\/p>\n<p>&nbsp;<br \/>\nhttps:\/\/www.instagram.com\/p\/CBVcQkNKFFg\/<\/p>\n<p>&nbsp;<br \/>\nhttps:\/\/www.instagram.com\/p\/CBLp-x9qYf5\/<\/p>\n<p>&nbsp;<br \/>\nhttps:\/\/www.instagram.com\/p\/CBVM8yOqGnO\/<\/p>\n<p>&nbsp;<br \/>\nDominik ist es wichtig, mit Was ihr nicht seht! Alltagsrassismus offen anzusprechen und Betroffenen zu zeigen, dass sie nicht allein sind, und ihnen eine Plattform zu bieten, auf der sie von ihren Erlebnissen berichten k\u00f6nnen.<br \/>\n&#8212;<br \/>\nVielen Dank an Dominik Lucha f\u00fcr die Posts.<br \/>\n&#8212;<br \/>\n<strong>Keine Influencer! Kein Foodporn! Nur ganz viel Spa\u00df &#8211; bei uns auf Instagram:<\/strong><br \/>\nhttps:\/\/www.instagram.com\/p\/CCGVWDzHVG-\/<\/p>\n","protected":false},"excerpt":{"rendered":"<p>Die #BlackLivesMatter-Proteste in den USA haben ein Bewusstsein f\u00fcr Rassismus geschaffen. Auch hier in Deutschland wird mittlerweile unter diesem Hashtag gegen Rassismus und andere Formen&#8230;<\/p>\n","protected":false},"author":72,"featured_media":129094,"comment_status":"open","ping_status":"open","sticky":false,"template":"","format":"standard","meta":{"_acf_changed":false,"footnotes":""},"categories":[14],"tags":[4107,629],"class_list":["post-129092","post","type-post","status-publish","format-standard","has-post-thumbnail","hentry","category-instagram","tag-blacklivesmatter","tag-rassismus"],"acf":[],"yoast_head":"<!-- This site is optimized with the Yoast SEO plugin v27.5 - https:\/\/yoast.com\/product\/yoast-seo-wordpress\/ -->\n<title>Instagram-Account veranschaulicht deutschen Alltagsrassismus - The Best Social Media DE<\/title>\n<meta name=\"robots\" content=\"index, follow, max-snippet:-1, max-image-preview:large, max-video-preview:-1\" \/>\n<link rel=\"canonical\" href=\"https:\/\/www.thebestsocial.media\/de\/instagram-account-veranschaulicht-deutschen-alltagsrassismus\/\" \/>\n<meta property=\"og:locale\" content=\"de_DE\" \/>\n<meta property=\"og:type\" content=\"article\" \/>\n<meta property=\"og:title\" content=\"Instagram-Account veranschaulicht deutschen Alltagsrassismus\" \/>\n<meta property=\"og:description\" content=\"Die #BlackLivesMatter-Proteste in den USA haben ein Bewusstsein f\u00fcr Rassismus geschaffen. Auch hier in Deutschland wird mittlerweile unter diesem Hashtag gegen Rassismus und andere Formen...\" \/>\n<meta property=\"og:url\" content=\"https:\/\/www.thebestsocial.media\/de\/instagram-account-veranschaulicht-deutschen-alltagsrassismus\/\" \/>\n<meta property=\"og:site_name\" content=\"The Best Social Media DE\" \/>\n<meta property=\"article:published_time\" content=\"2020-07-01T15:16:29+00:00\" \/>\n<meta property=\"og:image\" content=\"https:\/\/www.thebestsocial.media\/de\/wp-content\/uploads\/sites\/3\/2020\/07\/alltagsrassismus-fb3.jpg\" \/>\n\t<meta property=\"og:image:width\" content=\"1200\" \/>\n\t<meta property=\"og:image:height\" content=\"628\" \/>\n\t<meta property=\"og:image:type\" content=\"image\/jpeg\" \/>\n<meta name=\"author\" content=\"Benny\" \/>\n<meta name=\"twitter:card\" content=\"summary_large_image\" \/>\n<meta name=\"twitter:label1\" content=\"Verfasst von\" \/>\n\t<meta name=\"twitter:data1\" content=\"Benny\" \/>\n\t<meta name=\"twitter:label2\" content=\"Gesch\u00e4tzte Lesezeit\" \/>\n\t<meta name=\"twitter:data2\" content=\"1\u00a0Minute\" \/>\n<script type=\"application\/ld+json\" class=\"yoast-schema-graph\">{\"@context\":\"https:\\\/\\\/schema.org\",\"@graph\":[{\"@type\":\"Article\",\"@id\":\"https:\\\/\\\/www.thebestsocial.media\\\/de\\\/instagram-account-veranschaulicht-deutschen-alltagsrassismus\\\/#article\",\"isPartOf\":{\"@id\":\"https:\\\/\\\/www.thebestsocial.media\\\/de\\\/instagram-account-veranschaulicht-deutschen-alltagsrassismus\\\/\"},\"author\":{\"name\":\"Benny\",\"@id\":\"https:\\\/\\\/www.thebestsocial.media\\\/de\\\/#\\\/schema\\\/person\\\/212fdd48880db42a484e589e4e27871b\"},\"headline\":\"Instagram-Account veranschaulicht deutschen Alltagsrassismus\",\"datePublished\":\"2020-07-01T15:16:29+00:00\",\"mainEntityOfPage\":{\"@id\":\"https:\\\/\\\/www.thebestsocial.media\\\/de\\\/instagram-account-veranschaulicht-deutschen-alltagsrassismus\\\/\"},\"wordCount\":277,\"commentCount\":0,\"image\":{\"@id\":\"https:\\\/\\\/www.thebestsocial.media\\\/de\\\/instagram-account-veranschaulicht-deutschen-alltagsrassismus\\\/#primaryimage\"},\"thumbnailUrl\":\"https:\\\/\\\/www.thebestsocial.media\\\/de\\\/wp-content\\\/uploads\\\/sites\\\/3\\\/2020\\\/07\\\/alltagsrassismus-thumbnail2.jpg\",\"keywords\":[\"Blacklivesmatter\",\"Rassismus\"],\"articleSection\":[\"Instagram\"],\"inLanguage\":\"de\",\"potentialAction\":[{\"@type\":\"CommentAction\",\"name\":\"Comment\",\"target\":[\"https:\\\/\\\/www.thebestsocial.media\\\/de\\\/instagram-account-veranschaulicht-deutschen-alltagsrassismus\\\/#respond\"]}]},{\"@type\":\"WebPage\",\"@id\":\"https:\\\/\\\/www.thebestsocial.media\\\/de\\\/instagram-account-veranschaulicht-deutschen-alltagsrassismus\\\/\",\"url\":\"https:\\\/\\\/www.thebestsocial.media\\\/de\\\/instagram-account-veranschaulicht-deutschen-alltagsrassismus\\\/\",\"name\":\"Instagram-Account veranschaulicht deutschen Alltagsrassismus - The Best Social Media DE\",\"isPartOf\":{\"@id\":\"https:\\\/\\\/www.thebestsocial.media\\\/de\\\/#website\"},\"primaryImageOfPage\":{\"@id\":\"https:\\\/\\\/www.thebestsocial.media\\\/de\\\/instagram-account-veranschaulicht-deutschen-alltagsrassismus\\\/#primaryimage\"},\"image\":{\"@id\":\"https:\\\/\\\/www.thebestsocial.media\\\/de\\\/instagram-account-veranschaulicht-deutschen-alltagsrassismus\\\/#primaryimage\"},\"thumbnailUrl\":\"https:\\\/\\\/www.thebestsocial.media\\\/de\\\/wp-content\\\/uploads\\\/sites\\\/3\\\/2020\\\/07\\\/alltagsrassismus-thumbnail2.jpg\",\"datePublished\":\"2020-07-01T15:16:29+00:00\",\"author\":{\"@id\":\"https:\\\/\\\/www.thebestsocial.media\\\/de\\\/#\\\/schema\\\/person\\\/212fdd48880db42a484e589e4e27871b\"},\"breadcrumb\":{\"@id\":\"https:\\\/\\\/www.thebestsocial.media\\\/de\\\/instagram-account-veranschaulicht-deutschen-alltagsrassismus\\\/#breadcrumb\"},\"inLanguage\":\"de\",\"potentialAction\":[{\"@type\":\"ReadAction\",\"target\":[\"https:\\\/\\\/www.thebestsocial.media\\\/de\\\/instagram-account-veranschaulicht-deutschen-alltagsrassismus\\\/\"]}]},{\"@type\":\"ImageObject\",\"inLanguage\":\"de\",\"@id\":\"https:\\\/\\\/www.thebestsocial.media\\\/de\\\/instagram-account-veranschaulicht-deutschen-alltagsrassismus\\\/#primaryimage\",\"url\":\"https:\\\/\\\/www.thebestsocial.media\\\/de\\\/wp-content\\\/uploads\\\/sites\\\/3\\\/2020\\\/07\\\/alltagsrassismus-thumbnail2.jpg\",\"contentUrl\":\"https:\\\/\\\/www.thebestsocial.media\\\/de\\\/wp-content\\\/uploads\\\/sites\\\/3\\\/2020\\\/07\\\/alltagsrassismus-thumbnail2.jpg\",\"width\":1200,\"height\":628},{\"@type\":\"BreadcrumbList\",\"@id\":\"https:\\\/\\\/www.thebestsocial.media\\\/de\\\/instagram-account-veranschaulicht-deutschen-alltagsrassismus\\\/#breadcrumb\",\"itemListElement\":[{\"@type\":\"ListItem\",\"position\":1,\"name\":\"Home\",\"item\":\"https:\\\/\\\/www.thebestsocial.media\\\/de\\\/\"},{\"@type\":\"ListItem\",\"position\":2,\"name\":\"Instagram-Account veranschaulicht deutschen Alltagsrassismus\"}]},{\"@type\":\"WebSite\",\"@id\":\"https:\\\/\\\/www.thebestsocial.media\\\/de\\\/#website\",\"url\":\"https:\\\/\\\/www.thebestsocial.media\\\/de\\\/\",\"name\":\"The Best Social Media DE\",\"description\":\"\",\"potentialAction\":[{\"@type\":\"SearchAction\",\"target\":{\"@type\":\"EntryPoint\",\"urlTemplate\":\"https:\\\/\\\/www.thebestsocial.media\\\/de\\\/?s={search_term_string}\"},\"query-input\":{\"@type\":\"PropertyValueSpecification\",\"valueRequired\":true,\"valueName\":\"search_term_string\"}}],\"inLanguage\":\"de\"},{\"@type\":\"Person\",\"@id\":\"https:\\\/\\\/www.thebestsocial.media\\\/de\\\/#\\\/schema\\\/person\\\/212fdd48880db42a484e589e4e27871b\",\"name\":\"Benny\",\"image\":{\"@type\":\"ImageObject\",\"inLanguage\":\"de\",\"@id\":\"https:\\\/\\\/secure.gravatar.com\\\/avatar\\\/559f54fceb59ac8654d5ca40291d2ab87f2a9d79e48e8e3c19582477cde950bf?s=96&d=mm&r=g\",\"url\":\"https:\\\/\\\/secure.gravatar.com\\\/avatar\\\/559f54fceb59ac8654d5ca40291d2ab87f2a9d79e48e8e3c19582477cde950bf?s=96&d=mm&r=g\",\"contentUrl\":\"https:\\\/\\\/secure.gravatar.com\\\/avatar\\\/559f54fceb59ac8654d5ca40291d2ab87f2a9d79e48e8e3c19582477cde950bf?s=96&d=mm&r=g\",\"caption\":\"Benny\"},\"url\":\"https:\\\/\\\/www.thebestsocial.media\\\/de\\\/author\\\/bennykrueger\\\/\"}]}<\/script>\n<!-- \/ Yoast SEO plugin. -->","yoast_head_json":{"title":"Instagram-Account veranschaulicht deutschen Alltagsrassismus - The Best Social Media DE","robots":{"index":"index","follow":"follow","max-snippet":"max-snippet:-1","max-image-preview":"max-image-preview:large","max-video-preview":"max-video-preview:-1"},"canonical":"https:\/\/www.thebestsocial.media\/de\/instagram-account-veranschaulicht-deutschen-alltagsrassismus\/","og_locale":"de_DE","og_type":"article","og_title":"Instagram-Account veranschaulicht deutschen Alltagsrassismus","og_description":"Die #BlackLivesMatter-Proteste in den USA haben ein Bewusstsein f\u00fcr Rassismus geschaffen. Auch hier in Deutschland wird mittlerweile unter diesem Hashtag gegen Rassismus und andere Formen...","og_url":"https:\/\/www.thebestsocial.media\/de\/instagram-account-veranschaulicht-deutschen-alltagsrassismus\/","og_site_name":"The Best Social Media DE","article_published_time":"2020-07-01T15:16:29+00:00","og_image":[{"width":1200,"height":628,"url":"https:\/\/www.thebestsocial.media\/de\/wp-content\/uploads\/sites\/3\/2020\/07\/alltagsrassismus-fb3.jpg","type":"image\/jpeg"}],"author":"Benny","twitter_card":"summary_large_image","twitter_misc":{"Verfasst von":"Benny","Gesch\u00e4tzte Lesezeit":"1\u00a0Minute"},"schema":{"@context":"https:\/\/schema.org","@graph":[{"@type":"Article","@id":"https:\/\/www.thebestsocial.media\/de\/instagram-account-veranschaulicht-deutschen-alltagsrassismus\/#article","isPartOf":{"@id":"https:\/\/www.thebestsocial.media\/de\/instagram-account-veranschaulicht-deutschen-alltagsrassismus\/"},"author":{"name":"Benny","@id":"https:\/\/www.thebestsocial.media\/de\/#\/schema\/person\/212fdd48880db42a484e589e4e27871b"},"headline":"Instagram-Account veranschaulicht deutschen Alltagsrassismus","datePublished":"2020-07-01T15:16:29+00:00","mainEntityOfPage":{"@id":"https:\/\/www.thebestsocial.media\/de\/instagram-account-veranschaulicht-deutschen-alltagsrassismus\/"},"wordCount":277,"commentCount":0,"image":{"@id":"https:\/\/www.thebestsocial.media\/de\/instagram-account-veranschaulicht-deutschen-alltagsrassismus\/#primaryimage"},"thumbnailUrl":"https:\/\/www.thebestsocial.media\/de\/wp-content\/uploads\/sites\/3\/2020\/07\/alltagsrassismus-thumbnail2.jpg","keywords":["Blacklivesmatter","Rassismus"],"articleSection":["Instagram"],"inLanguage":"de","potentialAction":[{"@type":"CommentAction","name":"Comment","target":["https:\/\/www.thebestsocial.media\/de\/instagram-account-veranschaulicht-deutschen-alltagsrassismus\/#respond"]}]},{"@type":"WebPage","@id":"https:\/\/www.thebestsocial.media\/de\/instagram-account-veranschaulicht-deutschen-alltagsrassismus\/","url":"https:\/\/www.thebestsocial.media\/de\/instagram-account-veranschaulicht-deutschen-alltagsrassismus\/","name":"Instagram-Account veranschaulicht deutschen Alltagsrassismus - The Best Social Media DE","isPartOf":{"@id":"https:\/\/www.thebestsocial.media\/de\/#website"},"primaryImageOfPage":{"@id":"https:\/\/www.thebestsocial.media\/de\/instagram-account-veranschaulicht-deutschen-alltagsrassismus\/#primaryimage"},"image":{"@id":"https:\/\/www.thebestsocial.media\/de\/instagram-account-veranschaulicht-deutschen-alltagsrassismus\/#primaryimage"},"thumbnailUrl":"https:\/\/www.thebestsocial.media\/de\/wp-content\/uploads\/sites\/3\/2020\/07\/alltagsrassismus-thumbnail2.jpg","datePublished":"2020-07-01T15:16:29+00:00","author":{"@id":"https:\/\/www.thebestsocial.media\/de\/#\/schema\/person\/212fdd48880db42a484e589e4e27871b"},"breadcrumb":{"@id":"https:\/\/www.thebestsocial.media\/de\/instagram-account-veranschaulicht-deutschen-alltagsrassismus\/#breadcrumb"},"inLanguage":"de","potentialAction":[{"@type":"ReadAction","target":["https:\/\/www.thebestsocial.media\/de\/instagram-account-veranschaulicht-deutschen-alltagsrassismus\/"]}]},{"@type":"ImageObject","inLanguage":"de","@id":"https:\/\/www.thebestsocial.media\/de\/instagram-account-veranschaulicht-deutschen-alltagsrassismus\/#primaryimage","url":"https:\/\/www.thebestsocial.media\/de\/wp-content\/uploads\/sites\/3\/2020\/07\/alltagsrassismus-thumbnail2.jpg","contentUrl":"https:\/\/www.thebestsocial.media\/de\/wp-content\/uploads\/sites\/3\/2020\/07\/alltagsrassismus-thumbnail2.jpg","width":1200,"height":628},{"@type":"BreadcrumbList","@id":"https:\/\/www.thebestsocial.media\/de\/instagram-account-veranschaulicht-deutschen-alltagsrassismus\/#breadcrumb","itemListElement":[{"@type":"ListItem","position":1,"name":"Home","item":"https:\/\/www.thebestsocial.media\/de\/"},{"@type":"ListItem","position":2,"name":"Instagram-Account veranschaulicht deutschen Alltagsrassismus"}]},{"@type":"WebSite","@id":"https:\/\/www.thebestsocial.media\/de\/#website","url":"https:\/\/www.thebestsocial.media\/de\/","name":"The Best Social Media DE","description":"","potentialAction":[{"@type":"SearchAction","target":{"@type":"EntryPoint","urlTemplate":"https:\/\/www.thebestsocial.media\/de\/?s={search_term_string}"},"query-input":{"@type":"PropertyValueSpecification","valueRequired":true,"valueName":"search_term_string"}}],"inLanguage":"de"},{"@type":"Person","@id":"https:\/\/www.thebestsocial.media\/de\/#\/schema\/person\/212fdd48880db42a484e589e4e27871b","name":"Benny","image":{"@type":"ImageObject","inLanguage":"de","@id":"https:\/\/secure.gravatar.com\/avatar\/559f54fceb59ac8654d5ca40291d2ab87f2a9d79e48e8e3c19582477cde950bf?s=96&d=mm&r=g","url":"https:\/\/secure.gravatar.com\/avatar\/559f54fceb59ac8654d5ca40291d2ab87f2a9d79e48e8e3c19582477cde950bf?s=96&d=mm&r=g","contentUrl":"https:\/\/secure.gravatar.com\/avatar\/559f54fceb59ac8654d5ca40291d2ab87f2a9d79e48e8e3c19582477cde950bf?s=96&d=mm&r=g","caption":"Benny"},"url":"https:\/\/www.thebestsocial.media\/de\/author\/bennykrueger\/"}]}},"amp_enabled":true,"_links":{"self":[{"href":"https:\/\/www.thebestsocial.media\/de\/wp-json\/wp\/v2\/posts\/129092","targetHints":{"allow":["GET"]}}],"collection":[{"href":"https:\/\/www.thebestsocial.media\/de\/wp-json\/wp\/v2\/posts"}],"about":[{"href":"https:\/\/www.thebestsocial.media\/de\/wp-json\/wp\/v2\/types\/post"}],"author":[{"embeddable":true,"href":"https:\/\/www.thebestsocial.media\/de\/wp-json\/wp\/v2\/users\/72"}],"replies":[{"embeddable":true,"href":"https:\/\/www.thebestsocial.media\/de\/wp-json\/wp\/v2\/comments?post=129092"}],"version-history":[{"count":1,"href":"https:\/\/www.thebestsocial.media\/de\/wp-json\/wp\/v2\/posts\/129092\/revisions"}],"predecessor-version":[{"id":129096,"href":"https:\/\/www.thebestsocial.media\/de\/wp-json\/wp\/v2\/posts\/129092\/revisions\/129096"}],"wp:featuredmedia":[{"embeddable":true,"href":"https:\/\/www.thebestsocial.media\/de\/wp-json\/wp\/v2\/media\/129094"}],"wp:attachment":[{"href":"https:\/\/www.thebestsocial.media\/de\/wp-json\/wp\/v2\/media?parent=129092"}],"wp:term":[{"taxonomy":"category","embeddable":true,"href":"https:\/\/www.thebestsocial.media\/de\/wp-json\/wp\/v2\/categories?post=129092"},{"taxonomy":"post_tag","embeddable":true,"href":"https:\/\/www.thebestsocial.media\/de\/wp-json\/wp\/v2\/tags?post=129092"}],"curies":[{"name":"wp","href":"https:\/\/api.w.org\/{rel}","templated":true}]}}