{"id":129024,"date":"2020-07-03T08:24:27","date_gmt":"2020-07-03T08:24:27","guid":{"rendered":"https:\/\/www.thebestsocial.media\/de\/?p=129024"},"modified":"2020-07-06T10:48:16","modified_gmt":"2020-07-06T10:48:16","slug":"mit-spass-in-der-spd-16-humorvolle-tweets-von-kevin-kuehnert","status":"publish","type":"post","link":"https:\/\/www.thebestsocial.media\/de\/mit-spass-in-der-spd-16-humorvolle-tweets-von-kevin-kuehnert\/","title":{"rendered":"Mit Spa\u00df ganz links: 17 humorvolle Tweets von Kevin K\u00fchnert"},"content":{"rendered":"<p>Er ist seit November 2017 Bundesvorsitzender der Jusos, der Jugendorganisation der SPD. Und\u00a0seit dem 6. Dezember 2019 gar stellvertretender Bundesvorsitzender der Sozialdemokraten. Bei Twitter ist er hingegen bereits seit 2014 aktiv. Doch so richtig Fahrt hat sein Account erst in den letzten Jahren aufgenommen, auch dank angestossenen Debatten um &#8222;Enteignungen&#8220; und um ein sozialeres Wirtschaftssystem. Seitdem scheint Kevin K\u00fchnert eines der gr\u00f6\u00dften Feindbilder der jungen und auch \u00e4lteren Konservativen zu sein. &#8222;Der soll doch erstmal was arbeiten!&#8220; lautet dabei eines der Scheinargumente oder Nebelkerzen. Wir haben gearbeitet und die besten Tweets von <a href=\"https:\/\/twitter.com\/KuehniKev\">@KuehniKev<\/a> gesammelt:<\/p>\n<p>&nbsp;<\/p>\n<h3>1. Aus aktuellem Anlass: Dit is Bayern, dit is Berlin!<\/h3>\n<p>https:\/\/twitter.com\/KuehniKev\/status\/1277950563888529408<\/p>\n<p>&nbsp;<\/p>\n<h3>2. Nachdem Kevin K\u00fchnert das Thema &#8222;Enteignung&#8220; auf die Agenda gesetzt hatte, ist hier wohl eine Klarstellung n\u00f6tig:<\/h3>\n<p>https:\/\/twitter.com\/KuehniKev\/status\/1128555236463915009<\/p>\n<p>&nbsp;<\/p>\n<h3>3. Kann Markus S\u00f6der eigentlich auch seri\u00f6s?<\/h3>\n<p>https:\/\/twitter.com\/KuehniKev\/status\/1272807673193549825<\/p>\n<p>&nbsp;<\/p>\n<h3>4. Genialer Kevin-Move:<\/h3>\n<p>https:\/\/www.instagram.com\/p\/B985uAGAthv\/<\/p>\n<p>&nbsp;<\/p>\n<h3>5. Aber laut AfD ist das doch eh alles nur &#8222;Hysterie&#8220;, wie beim Klimawandel auch:<\/h3>\n<p>https:\/\/twitter.com\/KuehniKev\/status\/1222863075382112256<\/p>\n<p>&nbsp;<\/p>\n<h3>6. In der linken Ecke: Lars Klingbeil! Und in der anderen linken Ecke: Kevin the K\u00fchnert!<\/h3>\n<p>https:\/\/twitter.com\/KuehniKev\/status\/1221787229808484352<\/p>\n<p>&nbsp;<\/p>\n<h3>7. Falls schon (oder noch!) jemand ein Geschenk f\u00fcr das n\u00e4chste Weihnachtsfest sucht:<\/h3>\n<p>https:\/\/twitter.com\/KuehniKev\/status\/1209785535050465280<\/p>\n<p>&nbsp;<\/p>\n<h3>8. Dem Hans-Georg die Ehre enteignet:<\/h3>\n<p>https:\/\/twitter.com\/KuehniKev\/status\/1174048589955379200<\/p>\n<p>&nbsp;<\/p>\n<h3>9. aBeR dEr MiTtElStAnD!1<\/h3>\n<p>https:\/\/twitter.com\/KuehniKev\/status\/1149990043861311488<\/p>\n<p>&nbsp;<\/p>\n<h3>10. Sigmar Gabriel hasst diesen Trick&#8230;<\/h3>\n<p>https:\/\/twitter.com\/KuehniKev\/status\/1278767646583001088?s=20<\/p>\n<p>&nbsp;<\/p>\n<h3>11. &#8230;und wenn wir schon mal beim Thema sind:<\/h3>\n<p>https:\/\/twitter.com\/KuehniKev\/status\/1278685682739929090?s=20<\/p>\n<p>&nbsp;<\/p>\n<h3>12. Das stimmt leider komplett:<\/h3>\n<p>https:\/\/twitter.com\/KuehniKev\/status\/1191339423918690304?s=20<\/p>\n<p>&nbsp;<\/p>\n<h3>13. Was ist wichtiger: Essen oder Trinken?<\/h3>\n<p>https:\/\/twitter.com\/KuehniKev\/status\/1172389094325796865?s=20<\/p>\n<p>&nbsp;<\/p>\n<h3>14. Naja, der ist eben noch jung:<\/h3>\n<p>https:\/\/twitter.com\/KuehniKev\/status\/956430464713097217?s=20<\/p>\n<p>&nbsp;<\/p>\n<h3>15. Doch das &#8222;WG-Thema&#8220; bleibt auch weiterhin pr\u00e4sent:<\/h3>\n<p>https:\/\/twitter.com\/KuehniKev\/status\/1146413667791118337?s=20<\/p>\n<p>&nbsp;<\/p>\n<h3>16. Manchmal sollte man aus Eigeninteresse lieber den Mund halten, gell Carsten?<\/h3>\n<p>https:\/\/twitter.com\/KuehniKev\/status\/1123875429310398464?s=20<\/p>\n<p>&nbsp;<\/p>\n<h3>17. Und das gilt \u00fcbrigens vermutlich uneingeschr\u00e4nkt, immer:<\/h3>\n<p>https:\/\/twitter.com\/KuehniKev\/status\/1225059533514514432<\/p>\n<p>\u2014\u2014<br \/>\nDanke an Kevin K\u00fchnert f\u00fcr die Postings! \u2764\ufe0f<br \/>\n\u2014\u2014<br \/>\nDu willst frische Sp\u00e4\u00dfe aus der Arbeitswelt?<br \/>\nDann folge <a href=\"https:\/\/www.instagram.com\/buero_memes\/\">buero_memes <\/a>auf Instagram!<\/p>\n<p>https:\/\/www.instagram.com\/p\/CCBYPtnnsR5\/<\/p>\n","protected":false},"excerpt":{"rendered":"<p>Er ist seit November 2017 Bundesvorsitzender der Jusos, der Jugendorganisation der SPD. Und\u00a0seit dem 6. Dezember 2019 gar stellvertretender Bundesvorsitzender der Sozialdemokraten. Bei Twitter ist&#8230;<\/p>\n","protected":false},"author":62,"featured_media":129197,"comment_status":"open","ping_status":"open","sticky":false,"template":"","format":"standard","meta":{"_acf_changed":false,"footnotes":""},"categories":[106,22,35],"tags":[2686,4208,227],"class_list":["post-129024","post","type-post","status-publish","format-standard","has-post-thumbnail","hentry","category-best-of","category-newsjacking","category-twitter","tag-kuehnert","tag-sozialdemokraten","tag-spd"],"acf":[],"yoast_head":"<!-- This site is optimized with the Yoast SEO plugin v27.5 - https:\/\/yoast.com\/product\/yoast-seo-wordpress\/ -->\n<title>Mit Spa\u00df ganz links: 17 humorvolle Tweets von Kevin K\u00fchnert - The Best Social Media DE<\/title>\n<meta name=\"robots\" content=\"index, follow, max-snippet:-1, max-image-preview:large, max-video-preview:-1\" \/>\n<link rel=\"canonical\" href=\"https:\/\/www.thebestsocial.media\/de\/mit-spass-in-der-spd-16-humorvolle-tweets-von-kevin-kuehnert\/\" \/>\n<meta property=\"og:locale\" content=\"de_DE\" \/>\n<meta property=\"og:type\" content=\"article\" \/>\n<meta property=\"og:title\" content=\"Mit Spa\u00df ganz links: 17 humorvolle Tweets von Kevin K\u00fchnert\" \/>\n<meta property=\"og:description\" content=\"Er ist seit November 2017 Bundesvorsitzender der Jusos, der Jugendorganisation der SPD. Und\u00a0seit dem 6. Dezember 2019 gar stellvertretender Bundesvorsitzender der Sozialdemokraten. Bei Twitter ist...\" \/>\n<meta property=\"og:url\" content=\"https:\/\/www.thebestsocial.media\/de\/mit-spass-in-der-spd-16-humorvolle-tweets-von-kevin-kuehnert\/\" \/>\n<meta property=\"og:site_name\" content=\"The Best Social Media DE\" \/>\n<meta property=\"article:published_time\" content=\"2020-07-03T08:24:27+00:00\" \/>\n<meta property=\"article:modified_time\" content=\"2020-07-06T10:48:16+00:00\" \/>\n<meta property=\"og:image\" content=\"https:\/\/www.thebestsocial.media\/de\/wp-content\/uploads\/sites\/3\/2020\/07\/kuehni.png\" \/>\n\t<meta property=\"og:image:width\" content=\"1200\" \/>\n\t<meta property=\"og:image:height\" content=\"628\" \/>\n\t<meta property=\"og:image:type\" content=\"image\/png\" \/>\n<meta name=\"author\" content=\"alexander\" \/>\n<meta name=\"twitter:card\" content=\"summary_large_image\" \/>\n<meta name=\"twitter:label1\" content=\"Verfasst von\" \/>\n\t<meta name=\"twitter:data1\" content=\"alexander\" \/>\n\t<meta name=\"twitter:label2\" content=\"Gesch\u00e4tzte Lesezeit\" \/>\n\t<meta name=\"twitter:data2\" content=\"2\u00a0Minuten\" \/>\n<script type=\"application\/ld+json\" class=\"yoast-schema-graph\">{\"@context\":\"https:\\\/\\\/schema.org\",\"@graph\":[{\"@type\":\"Article\",\"@id\":\"https:\\\/\\\/www.thebestsocial.media\\\/de\\\/mit-spass-in-der-spd-16-humorvolle-tweets-von-kevin-kuehnert\\\/#article\",\"isPartOf\":{\"@id\":\"https:\\\/\\\/www.thebestsocial.media\\\/de\\\/mit-spass-in-der-spd-16-humorvolle-tweets-von-kevin-kuehnert\\\/\"},\"author\":{\"name\":\"alexander\",\"@id\":\"https:\\\/\\\/www.thebestsocial.media\\\/de\\\/#\\\/schema\\\/person\\\/18153ed64a40fbf55488b4d287144fcf\"},\"headline\":\"Mit Spa\u00df ganz links: 17 humorvolle Tweets von Kevin K\u00fchnert\",\"datePublished\":\"2020-07-03T08:24:27+00:00\",\"dateModified\":\"2020-07-06T10:48:16+00:00\",\"mainEntityOfPage\":{\"@id\":\"https:\\\/\\\/www.thebestsocial.media\\\/de\\\/mit-spass-in-der-spd-16-humorvolle-tweets-von-kevin-kuehnert\\\/\"},\"wordCount\":389,\"commentCount\":0,\"image\":{\"@id\":\"https:\\\/\\\/www.thebestsocial.media\\\/de\\\/mit-spass-in-der-spd-16-humorvolle-tweets-von-kevin-kuehnert\\\/#primaryimage\"},\"thumbnailUrl\":\"https:\\\/\\\/www.thebestsocial.media\\\/de\\\/wp-content\\\/uploads\\\/sites\\\/3\\\/2020\\\/07\\\/bundestag-4468573_1280.jpg\",\"keywords\":[\"K\u00fchnert\",\"Sozialdemokraten\",\"spd\"],\"articleSection\":[\"Best of\",\"Newsjacking\",\"Twitter\"],\"inLanguage\":\"de\",\"potentialAction\":[{\"@type\":\"CommentAction\",\"name\":\"Comment\",\"target\":[\"https:\\\/\\\/www.thebestsocial.media\\\/de\\\/mit-spass-in-der-spd-16-humorvolle-tweets-von-kevin-kuehnert\\\/#respond\"]}]},{\"@type\":\"WebPage\",\"@id\":\"https:\\\/\\\/www.thebestsocial.media\\\/de\\\/mit-spass-in-der-spd-16-humorvolle-tweets-von-kevin-kuehnert\\\/\",\"url\":\"https:\\\/\\\/www.thebestsocial.media\\\/de\\\/mit-spass-in-der-spd-16-humorvolle-tweets-von-kevin-kuehnert\\\/\",\"name\":\"Mit Spa\u00df ganz links: 17 humorvolle Tweets von Kevin K\u00fchnert - The Best Social Media DE\",\"isPartOf\":{\"@id\":\"https:\\\/\\\/www.thebestsocial.media\\\/de\\\/#website\"},\"primaryImageOfPage\":{\"@id\":\"https:\\\/\\\/www.thebestsocial.media\\\/de\\\/mit-spass-in-der-spd-16-humorvolle-tweets-von-kevin-kuehnert\\\/#primaryimage\"},\"image\":{\"@id\":\"https:\\\/\\\/www.thebestsocial.media\\\/de\\\/mit-spass-in-der-spd-16-humorvolle-tweets-von-kevin-kuehnert\\\/#primaryimage\"},\"thumbnailUrl\":\"https:\\\/\\\/www.thebestsocial.media\\\/de\\\/wp-content\\\/uploads\\\/sites\\\/3\\\/2020\\\/07\\\/bundestag-4468573_1280.jpg\",\"datePublished\":\"2020-07-03T08:24:27+00:00\",\"dateModified\":\"2020-07-06T10:48:16+00:00\",\"author\":{\"@id\":\"https:\\\/\\\/www.thebestsocial.media\\\/de\\\/#\\\/schema\\\/person\\\/18153ed64a40fbf55488b4d287144fcf\"},\"breadcrumb\":{\"@id\":\"https:\\\/\\\/www.thebestsocial.media\\\/de\\\/mit-spass-in-der-spd-16-humorvolle-tweets-von-kevin-kuehnert\\\/#breadcrumb\"},\"inLanguage\":\"de\",\"potentialAction\":[{\"@type\":\"ReadAction\",\"target\":[\"https:\\\/\\\/www.thebestsocial.media\\\/de\\\/mit-spass-in-der-spd-16-humorvolle-tweets-von-kevin-kuehnert\\\/\"]}]},{\"@type\":\"ImageObject\",\"inLanguage\":\"de\",\"@id\":\"https:\\\/\\\/www.thebestsocial.media\\\/de\\\/mit-spass-in-der-spd-16-humorvolle-tweets-von-kevin-kuehnert\\\/#primaryimage\",\"url\":\"https:\\\/\\\/www.thebestsocial.media\\\/de\\\/wp-content\\\/uploads\\\/sites\\\/3\\\/2020\\\/07\\\/bundestag-4468573_1280.jpg\",\"contentUrl\":\"https:\\\/\\\/www.thebestsocial.media\\\/de\\\/wp-content\\\/uploads\\\/sites\\\/3\\\/2020\\\/07\\\/bundestag-4468573_1280.jpg\",\"width\":1200,\"height\":628},{\"@type\":\"BreadcrumbList\",\"@id\":\"https:\\\/\\\/www.thebestsocial.media\\\/de\\\/mit-spass-in-der-spd-16-humorvolle-tweets-von-kevin-kuehnert\\\/#breadcrumb\",\"itemListElement\":[{\"@type\":\"ListItem\",\"position\":1,\"name\":\"Home\",\"item\":\"https:\\\/\\\/www.thebestsocial.media\\\/de\\\/\"},{\"@type\":\"ListItem\",\"position\":2,\"name\":\"Mit Spa\u00df ganz links: 17 humorvolle Tweets von Kevin K\u00fchnert\"}]},{\"@type\":\"WebSite\",\"@id\":\"https:\\\/\\\/www.thebestsocial.media\\\/de\\\/#website\",\"url\":\"https:\\\/\\\/www.thebestsocial.media\\\/de\\\/\",\"name\":\"The Best Social Media DE\",\"description\":\"\",\"potentialAction\":[{\"@type\":\"SearchAction\",\"target\":{\"@type\":\"EntryPoint\",\"urlTemplate\":\"https:\\\/\\\/www.thebestsocial.media\\\/de\\\/?s={search_term_string}\"},\"query-input\":{\"@type\":\"PropertyValueSpecification\",\"valueRequired\":true,\"valueName\":\"search_term_string\"}}],\"inLanguage\":\"de\"},{\"@type\":\"Person\",\"@id\":\"https:\\\/\\\/www.thebestsocial.media\\\/de\\\/#\\\/schema\\\/person\\\/18153ed64a40fbf55488b4d287144fcf\",\"name\":\"alexander\",\"image\":{\"@type\":\"ImageObject\",\"inLanguage\":\"de\",\"@id\":\"https:\\\/\\\/secure.gravatar.com\\\/avatar\\\/b6544512a76b48519800c03a7b6b84a4e686fe471de45f79509f1b6c57f460fa?s=96&d=mm&r=g\",\"url\":\"https:\\\/\\\/secure.gravatar.com\\\/avatar\\\/b6544512a76b48519800c03a7b6b84a4e686fe471de45f79509f1b6c57f460fa?s=96&d=mm&r=g\",\"contentUrl\":\"https:\\\/\\\/secure.gravatar.com\\\/avatar\\\/b6544512a76b48519800c03a7b6b84a4e686fe471de45f79509f1b6c57f460fa?s=96&d=mm&r=g\",\"caption\":\"alexander\"},\"description\":\"In der Welt zuhause. Schreibt immer wieder Zeilen ins Netz.\",\"url\":\"https:\\\/\\\/www.thebestsocial.media\\\/de\\\/author\\\/alexander\\\/\"}]}<\/script>\n<!-- \/ Yoast SEO plugin. -->","yoast_head_json":{"title":"Mit Spa\u00df ganz links: 17 humorvolle Tweets von Kevin K\u00fchnert - The Best Social Media DE","robots":{"index":"index","follow":"follow","max-snippet":"max-snippet:-1","max-image-preview":"max-image-preview:large","max-video-preview":"max-video-preview:-1"},"canonical":"https:\/\/www.thebestsocial.media\/de\/mit-spass-in-der-spd-16-humorvolle-tweets-von-kevin-kuehnert\/","og_locale":"de_DE","og_type":"article","og_title":"Mit Spa\u00df ganz links: 17 humorvolle Tweets von Kevin K\u00fchnert","og_description":"Er ist seit November 2017 Bundesvorsitzender der Jusos, der Jugendorganisation der SPD. Und\u00a0seit dem 6. Dezember 2019 gar stellvertretender Bundesvorsitzender der Sozialdemokraten. Bei Twitter ist...","og_url":"https:\/\/www.thebestsocial.media\/de\/mit-spass-in-der-spd-16-humorvolle-tweets-von-kevin-kuehnert\/","og_site_name":"The Best Social Media DE","article_published_time":"2020-07-03T08:24:27+00:00","article_modified_time":"2020-07-06T10:48:16+00:00","og_image":[{"width":1200,"height":628,"url":"https:\/\/www.thebestsocial.media\/de\/wp-content\/uploads\/sites\/3\/2020\/07\/kuehni.png","type":"image\/png"}],"author":"alexander","twitter_card":"summary_large_image","twitter_misc":{"Verfasst von":"alexander","Gesch\u00e4tzte Lesezeit":"2\u00a0Minuten"},"schema":{"@context":"https:\/\/schema.org","@graph":[{"@type":"Article","@id":"https:\/\/www.thebestsocial.media\/de\/mit-spass-in-der-spd-16-humorvolle-tweets-von-kevin-kuehnert\/#article","isPartOf":{"@id":"https:\/\/www.thebestsocial.media\/de\/mit-spass-in-der-spd-16-humorvolle-tweets-von-kevin-kuehnert\/"},"author":{"name":"alexander","@id":"https:\/\/www.thebestsocial.media\/de\/#\/schema\/person\/18153ed64a40fbf55488b4d287144fcf"},"headline":"Mit Spa\u00df ganz links: 17 humorvolle Tweets von Kevin K\u00fchnert","datePublished":"2020-07-03T08:24:27+00:00","dateModified":"2020-07-06T10:48:16+00:00","mainEntityOfPage":{"@id":"https:\/\/www.thebestsocial.media\/de\/mit-spass-in-der-spd-16-humorvolle-tweets-von-kevin-kuehnert\/"},"wordCount":389,"commentCount":0,"image":{"@id":"https:\/\/www.thebestsocial.media\/de\/mit-spass-in-der-spd-16-humorvolle-tweets-von-kevin-kuehnert\/#primaryimage"},"thumbnailUrl":"https:\/\/www.thebestsocial.media\/de\/wp-content\/uploads\/sites\/3\/2020\/07\/bundestag-4468573_1280.jpg","keywords":["K\u00fchnert","Sozialdemokraten","spd"],"articleSection":["Best of","Newsjacking","Twitter"],"inLanguage":"de","potentialAction":[{"@type":"CommentAction","name":"Comment","target":["https:\/\/www.thebestsocial.media\/de\/mit-spass-in-der-spd-16-humorvolle-tweets-von-kevin-kuehnert\/#respond"]}]},{"@type":"WebPage","@id":"https:\/\/www.thebestsocial.media\/de\/mit-spass-in-der-spd-16-humorvolle-tweets-von-kevin-kuehnert\/","url":"https:\/\/www.thebestsocial.media\/de\/mit-spass-in-der-spd-16-humorvolle-tweets-von-kevin-kuehnert\/","name":"Mit Spa\u00df ganz links: 17 humorvolle Tweets von Kevin K\u00fchnert - The Best Social Media DE","isPartOf":{"@id":"https:\/\/www.thebestsocial.media\/de\/#website"},"primaryImageOfPage":{"@id":"https:\/\/www.thebestsocial.media\/de\/mit-spass-in-der-spd-16-humorvolle-tweets-von-kevin-kuehnert\/#primaryimage"},"image":{"@id":"https:\/\/www.thebestsocial.media\/de\/mit-spass-in-der-spd-16-humorvolle-tweets-von-kevin-kuehnert\/#primaryimage"},"thumbnailUrl":"https:\/\/www.thebestsocial.media\/de\/wp-content\/uploads\/sites\/3\/2020\/07\/bundestag-4468573_1280.jpg","datePublished":"2020-07-03T08:24:27+00:00","dateModified":"2020-07-06T10:48:16+00:00","author":{"@id":"https:\/\/www.thebestsocial.media\/de\/#\/schema\/person\/18153ed64a40fbf55488b4d287144fcf"},"breadcrumb":{"@id":"https:\/\/www.thebestsocial.media\/de\/mit-spass-in-der-spd-16-humorvolle-tweets-von-kevin-kuehnert\/#breadcrumb"},"inLanguage":"de","potentialAction":[{"@type":"ReadAction","target":["https:\/\/www.thebestsocial.media\/de\/mit-spass-in-der-spd-16-humorvolle-tweets-von-kevin-kuehnert\/"]}]},{"@type":"ImageObject","inLanguage":"de","@id":"https:\/\/www.thebestsocial.media\/de\/mit-spass-in-der-spd-16-humorvolle-tweets-von-kevin-kuehnert\/#primaryimage","url":"https:\/\/www.thebestsocial.media\/de\/wp-content\/uploads\/sites\/3\/2020\/07\/bundestag-4468573_1280.jpg","contentUrl":"https:\/\/www.thebestsocial.media\/de\/wp-content\/uploads\/sites\/3\/2020\/07\/bundestag-4468573_1280.jpg","width":1200,"height":628},{"@type":"BreadcrumbList","@id":"https:\/\/www.thebestsocial.media\/de\/mit-spass-in-der-spd-16-humorvolle-tweets-von-kevin-kuehnert\/#breadcrumb","itemListElement":[{"@type":"ListItem","position":1,"name":"Home","item":"https:\/\/www.thebestsocial.media\/de\/"},{"@type":"ListItem","position":2,"name":"Mit Spa\u00df ganz links: 17 humorvolle Tweets von Kevin K\u00fchnert"}]},{"@type":"WebSite","@id":"https:\/\/www.thebestsocial.media\/de\/#website","url":"https:\/\/www.thebestsocial.media\/de\/","name":"The Best Social Media DE","description":"","potentialAction":[{"@type":"SearchAction","target":{"@type":"EntryPoint","urlTemplate":"https:\/\/www.thebestsocial.media\/de\/?s={search_term_string}"},"query-input":{"@type":"PropertyValueSpecification","valueRequired":true,"valueName":"search_term_string"}}],"inLanguage":"de"},{"@type":"Person","@id":"https:\/\/www.thebestsocial.media\/de\/#\/schema\/person\/18153ed64a40fbf55488b4d287144fcf","name":"alexander","image":{"@type":"ImageObject","inLanguage":"de","@id":"https:\/\/secure.gravatar.com\/avatar\/b6544512a76b48519800c03a7b6b84a4e686fe471de45f79509f1b6c57f460fa?s=96&d=mm&r=g","url":"https:\/\/secure.gravatar.com\/avatar\/b6544512a76b48519800c03a7b6b84a4e686fe471de45f79509f1b6c57f460fa?s=96&d=mm&r=g","contentUrl":"https:\/\/secure.gravatar.com\/avatar\/b6544512a76b48519800c03a7b6b84a4e686fe471de45f79509f1b6c57f460fa?s=96&d=mm&r=g","caption":"alexander"},"description":"In der Welt zuhause. Schreibt immer wieder Zeilen ins Netz.","url":"https:\/\/www.thebestsocial.media\/de\/author\/alexander\/"}]}},"amp_enabled":true,"_links":{"self":[{"href":"https:\/\/www.thebestsocial.media\/de\/wp-json\/wp\/v2\/posts\/129024","targetHints":{"allow":["GET"]}}],"collection":[{"href":"https:\/\/www.thebestsocial.media\/de\/wp-json\/wp\/v2\/posts"}],"about":[{"href":"https:\/\/www.thebestsocial.media\/de\/wp-json\/wp\/v2\/types\/post"}],"author":[{"embeddable":true,"href":"https:\/\/www.thebestsocial.media\/de\/wp-json\/wp\/v2\/users\/62"}],"replies":[{"embeddable":true,"href":"https:\/\/www.thebestsocial.media\/de\/wp-json\/wp\/v2\/comments?post=129024"}],"version-history":[{"count":24,"href":"https:\/\/www.thebestsocial.media\/de\/wp-json\/wp\/v2\/posts\/129024\/revisions"}],"predecessor-version":[{"id":129287,"href":"https:\/\/www.thebestsocial.media\/de\/wp-json\/wp\/v2\/posts\/129024\/revisions\/129287"}],"wp:featuredmedia":[{"embeddable":true,"href":"https:\/\/www.thebestsocial.media\/de\/wp-json\/wp\/v2\/media\/129197"}],"wp:attachment":[{"href":"https:\/\/www.thebestsocial.media\/de\/wp-json\/wp\/v2\/media?parent=129024"}],"wp:term":[{"taxonomy":"category","embeddable":true,"href":"https:\/\/www.thebestsocial.media\/de\/wp-json\/wp\/v2\/categories?post=129024"},{"taxonomy":"post_tag","embeddable":true,"href":"https:\/\/www.thebestsocial.media\/de\/wp-json\/wp\/v2\/tags?post=129024"}],"curies":[{"name":"wp","href":"https:\/\/api.w.org\/{rel}","templated":true}]}}