{"id":128898,"date":"2020-06-30T10:26:04","date_gmt":"2020-06-30T10:26:04","guid":{"rendered":"https:\/\/www.thebestsocial.media\/de\/?p=128898"},"modified":"2020-06-30T10:34:49","modified_gmt":"2020-06-30T10:34:49","slug":"influencerin-kaempft-mit-ehrlichen-bildern-gegen-instagram-perfektion","status":"publish","type":"post","link":"https:\/\/www.thebestsocial.media\/de\/influencerin-kaempft-mit-ehrlichen-bildern-gegen-instagram-perfektion\/","title":{"rendered":"Influencerin k\u00e4mpft mit ehrlichen Bildern gegen Instagram-Perfektion"},"content":{"rendered":"<p>Niemand ist perfekt. Gegenteiliges scheint auf Instagram aber manchmal der Fall zu sein &#8211; zumindest, wenn man nur oberfl\u00e4chlich auf den K\u00f6rper einiger Influencerinnen und Influencer schaut. Ist nat\u00fcrlich v\u00f6lliger Quatsch. Und das ist auch gut so. Gegen den Selbsthass und gegen den Perfektionismus auf Instagram k\u00e4mpft die Influencerin <a href=\"https:\/\/www.instagram.com\/danaemercer\/\" rel=\"noopener noreferrer\" target=\"_blank\">Danae Mercer<\/a> an. Sie zeigt, dass auch die noch so perfekten Influencer ihre Macken haben k\u00f6nnen und viel von Blickwinkel, Lichtverh\u00e4ltnis und Bildbearbeitung abh\u00e4ngt. Und steht ganz offen zu ihrem K\u00f6rper!<br \/>\n&nbsp;<\/p>\n<h3>1. Unter dem Motto Instagram vs. Reality postet Danae ihre Bilder.<\/h3>\n<p>https:\/\/www.instagram.com\/p\/CB3FC2EJ3Kp\/<br \/>\n&nbsp;<\/p>\n<h3>2. Auch sie hat ihre ganz nat\u00fcrlichen Macken. Und viel h\u00e4ngt dabei auch vom Posing ab.<\/h3>\n<p>https:\/\/www.instagram.com\/p\/CBiagiRJVdS\/<br \/>\n&nbsp;<\/p>\n<h3>3. Das ist kein Vorher-Nachher-Bild. Das ist ein ganz normaler Frauenk\u00f6rper.<\/h3>\n<p>https:\/\/www.instagram.com\/p\/CB8H69gJo6U\/<br \/>\n&nbsp;<\/p>\n<h3>4. Und zu ihrem K\u00f6rper steht Danae und will ihren \u00fcber 800.000 Followern Mut machen, das selbst auch zu tun.<\/h3>\n<p>https:\/\/www.instagram.com\/p\/CBx3q_HJLvy\/<br \/>\n&nbsp;<\/p>\n<h3>5. &#8222;Posing macht Spa\u00df. Aber bequem sitzen ist einfach noch besser.&#8220;<\/h3>\n<p>https:\/\/www.instagram.com\/p\/CBauEMPJjvi\/<br \/>\n&nbsp;<\/p>\n<h3>6. In ihren Bildbeschreibungen wei\u00dft Danae immer wieder auf die Probleme der Gesellschaft und der PERFEKTEN Hochglanz-Bilder auf Instagram hin.<\/h3>\n<p>https:\/\/www.instagram.com\/p\/CBlA-LtJIA6\/<br \/>\n&nbsp;<\/p>\n<h3>7. Und sie ist nicht die Einzige. Auch deutsche Influencerinnen, wie die Radio-Moderatorin Lola Weippert, zeigen, wie viel Fake in den meisten Hochglanz-Instagram-Bildern steckt.<\/h3>\n<p>https:\/\/www.instagram.com\/p\/CCB8GjsoFV6\/<br \/>\n&nbsp;<\/p>\n<h3>8. &#8222;Du bist so wertvoll und wichtig und wie du aussiehst, sollte deinen Wert und deine Gesundheit nicht definieren&#8220;, schreibt auch Influencerin Aylish Rutherford.<\/h3>\n<p>https:\/\/www.instagram.com\/p\/CB_Fdi5AmE2\/<br \/>\n&nbsp;<\/p>\n<h3>9. Das solche Bilder wichtig sind und vielen Frauen helfen k\u00f6nnen, zeigt auch dieser Tweet.<\/h3>\n<p>https:\/\/twitter.com\/ohhellokathrina\/status\/1277540547754954757<br \/>\n&nbsp;<\/p>\n<h3>10. Und auch die Reaktionen unter den Instagram-Bildern von Danae sind nahezu ausschlie\u00dflich positiv.<\/h3>\n<p><img loading=\"lazy\" decoding=\"async\" src=\"https:\/\/www.thebestsocial.media\/de\/wp-content\/uploads\/sites\/3\/2020\/06\/Insta-1.jpg\" alt=\"\" width=\"1080\" height=\"316\" class=\"alignnone size-full wp-image-128911\" srcset=\"https:\/\/www.thebestsocial.media\/de\/wp-content\/uploads\/sites\/3\/2020\/06\/Insta-1.jpg 1080w, https:\/\/www.thebestsocial.media\/de\/wp-content\/uploads\/sites\/3\/2020\/06\/Insta-1-300x88.jpg 300w, https:\/\/www.thebestsocial.media\/de\/wp-content\/uploads\/sites\/3\/2020\/06\/Insta-1-1024x300.jpg 1024w, https:\/\/www.thebestsocial.media\/de\/wp-content\/uploads\/sites\/3\/2020\/06\/Insta-1-768x225.jpg 768w\" sizes=\"auto, (max-width: 1080px) 100vw, 1080px\" \/><\/p>\n<p><img loading=\"lazy\" decoding=\"async\" src=\"https:\/\/www.thebestsocial.media\/de\/wp-content\/uploads\/sites\/3\/2020\/06\/Insta-2.jpg\" alt=\"\" width=\"1080\" height=\"364\" class=\"alignnone size-full wp-image-128912\" srcset=\"https:\/\/www.thebestsocial.media\/de\/wp-content\/uploads\/sites\/3\/2020\/06\/Insta-2.jpg 1080w, https:\/\/www.thebestsocial.media\/de\/wp-content\/uploads\/sites\/3\/2020\/06\/Insta-2-300x101.jpg 300w, https:\/\/www.thebestsocial.media\/de\/wp-content\/uploads\/sites\/3\/2020\/06\/Insta-2-1024x345.jpg 1024w, https:\/\/www.thebestsocial.media\/de\/wp-content\/uploads\/sites\/3\/2020\/06\/Insta-2-768x259.jpg 768w\" sizes=\"auto, (max-width: 1080px) 100vw, 1080px\" \/><\/p>\n<p><img loading=\"lazy\" decoding=\"async\" src=\"https:\/\/www.thebestsocial.media\/de\/wp-content\/uploads\/sites\/3\/2020\/06\/Insta-3.png\" alt=\"\" width=\"1080\" height=\"520\" class=\"alignnone size-full wp-image-128913\" srcset=\"https:\/\/www.thebestsocial.media\/de\/wp-content\/uploads\/sites\/3\/2020\/06\/Insta-3.png 1080w, https:\/\/www.thebestsocial.media\/de\/wp-content\/uploads\/sites\/3\/2020\/06\/Insta-3-300x144.png 300w, https:\/\/www.thebestsocial.media\/de\/wp-content\/uploads\/sites\/3\/2020\/06\/Insta-3-1024x493.png 1024w, https:\/\/www.thebestsocial.media\/de\/wp-content\/uploads\/sites\/3\/2020\/06\/Insta-3-768x370.png 768w\" sizes=\"auto, (max-width: 1080px) 100vw, 1080px\" \/><\/p>\n<p>&nbsp;<\/p>\n<h3>11. Eine Frau, die anderen Frauen Mut macht. Daf\u00fcr steht Danae Mercer<\/h3>\n<p>https:\/\/www.instagram.com\/p\/CB5njhGJGjp\/<\/p>\n<p>&#8212;<\/p>\n<p>Danke an <a href=\"https:\/\/www.instagram.com\/danaemercer\/\" rel=\"noopener noreferrer\" target=\"_blank\">Danae Mercer<\/a> f\u00fcr diese Bilder<\/p>\n","protected":false},"excerpt":{"rendered":"<p>Niemand ist perfekt. Gegenteiliges scheint auf Instagram aber manchmal der Fall zu sein &#8211; zumindest, wenn man nur oberfl\u00e4chlich auf den K\u00f6rper einiger Influencerinnen und&#8230;<\/p>\n","protected":false},"author":65,"featured_media":128915,"comment_status":"open","ping_status":"open","sticky":false,"template":"","format":"standard","meta":{"_acf_changed":false,"footnotes":""},"categories":[14],"tags":[4192,929,4190,4191,4193],"class_list":["post-128898","post","type-post","status-publish","format-standard","has-post-thumbnail","hentry","category-instagram","tag-cellulite","tag-influencer","tag-instagram-vs-reality","tag-koerper","tag-selbsthass"],"acf":[],"yoast_head":"<!-- This site is optimized with the Yoast SEO plugin v27.5 - https:\/\/yoast.com\/product\/yoast-seo-wordpress\/ -->\n<title>Influencerin k\u00e4mpft gegen Insta-Perfektion - The Best Social Media DE<\/title>\n<meta name=\"description\" content=\"Niemand ist perfekt! Gegen den Selbsthass und gegen den Perfektionismus auf Instagram k\u00e4mpft die Influencerin Danae Mercer an.\" \/>\n<meta name=\"robots\" content=\"index, follow, max-snippet:-1, max-image-preview:large, max-video-preview:-1\" \/>\n<link rel=\"canonical\" href=\"https:\/\/www.thebestsocial.media\/de\/influencerin-kaempft-mit-ehrlichen-bildern-gegen-instagram-perfektion\/\" \/>\n<meta property=\"og:locale\" content=\"de_DE\" \/>\n<meta property=\"og:type\" content=\"article\" \/>\n<meta property=\"og:title\" content=\"Influencerin k\u00e4mpft mit ehrlichen Bildern gegen Instagram-Perfektion\" \/>\n<meta property=\"og:description\" content=\"Niemand ist perfekt! Gegen den Selbsthass und gegen den Perfektionismus auf Instagram k\u00e4mpft die Influencerin Danae Mercer an.\" \/>\n<meta property=\"og:url\" content=\"https:\/\/www.thebestsocial.media\/de\/influencerin-kaempft-mit-ehrlichen-bildern-gegen-instagram-perfektion\/\" \/>\n<meta property=\"og:site_name\" content=\"The Best Social Media DE\" \/>\n<meta property=\"article:published_time\" content=\"2020-06-30T10:26:04+00:00\" \/>\n<meta property=\"article:modified_time\" content=\"2020-06-30T10:34:49+00:00\" \/>\n<meta property=\"og:image\" content=\"https:\/\/www.thebestsocial.media\/de\/wp-content\/uploads\/sites\/3\/2020\/06\/neuheader.png\" \/>\n\t<meta property=\"og:image:width\" content=\"1200\" \/>\n\t<meta property=\"og:image:height\" content=\"628\" \/>\n\t<meta property=\"og:image:type\" content=\"image\/png\" \/>\n<meta name=\"author\" content=\"Jan\" \/>\n<meta name=\"twitter:card\" content=\"summary_large_image\" \/>\n<meta name=\"twitter:label1\" content=\"Verfasst von\" \/>\n\t<meta name=\"twitter:data1\" content=\"Jan\" \/>\n\t<meta name=\"twitter:label2\" content=\"Gesch\u00e4tzte Lesezeit\" \/>\n\t<meta name=\"twitter:data2\" content=\"2\u00a0Minuten\" \/>\n<script type=\"application\/ld+json\" class=\"yoast-schema-graph\">{\"@context\":\"https:\\\/\\\/schema.org\",\"@graph\":[{\"@type\":\"Article\",\"@id\":\"https:\\\/\\\/www.thebestsocial.media\\\/de\\\/influencerin-kaempft-mit-ehrlichen-bildern-gegen-instagram-perfektion\\\/#article\",\"isPartOf\":{\"@id\":\"https:\\\/\\\/www.thebestsocial.media\\\/de\\\/influencerin-kaempft-mit-ehrlichen-bildern-gegen-instagram-perfektion\\\/\"},\"author\":{\"name\":\"Jan\",\"@id\":\"https:\\\/\\\/www.thebestsocial.media\\\/de\\\/#\\\/schema\\\/person\\\/03b8d8d2905b97b499c8e0808b724821\"},\"headline\":\"Influencerin k\u00e4mpft mit ehrlichen Bildern gegen Instagram-Perfektion\",\"datePublished\":\"2020-06-30T10:26:04+00:00\",\"dateModified\":\"2020-06-30T10:34:49+00:00\",\"mainEntityOfPage\":{\"@id\":\"https:\\\/\\\/www.thebestsocial.media\\\/de\\\/influencerin-kaempft-mit-ehrlichen-bildern-gegen-instagram-perfektion\\\/\"},\"wordCount\":362,\"commentCount\":0,\"image\":{\"@id\":\"https:\\\/\\\/www.thebestsocial.media\\\/de\\\/influencerin-kaempft-mit-ehrlichen-bildern-gegen-instagram-perfektion\\\/#primaryimage\"},\"thumbnailUrl\":\"https:\\\/\\\/www.thebestsocial.media\\\/de\\\/wp-content\\\/uploads\\\/sites\\\/3\\\/2020\\\/06\\\/Shaming.png\",\"keywords\":[\"cellulite\",\"Influencer\",\"Instagram vs Reality\",\"K\u00f6rper\",\"Selbsthass\"],\"articleSection\":[\"Instagram\"],\"inLanguage\":\"de\",\"potentialAction\":[{\"@type\":\"CommentAction\",\"name\":\"Comment\",\"target\":[\"https:\\\/\\\/www.thebestsocial.media\\\/de\\\/influencerin-kaempft-mit-ehrlichen-bildern-gegen-instagram-perfektion\\\/#respond\"]}]},{\"@type\":\"WebPage\",\"@id\":\"https:\\\/\\\/www.thebestsocial.media\\\/de\\\/influencerin-kaempft-mit-ehrlichen-bildern-gegen-instagram-perfektion\\\/\",\"url\":\"https:\\\/\\\/www.thebestsocial.media\\\/de\\\/influencerin-kaempft-mit-ehrlichen-bildern-gegen-instagram-perfektion\\\/\",\"name\":\"Influencerin k\u00e4mpft gegen Insta-Perfektion - The Best Social Media DE\",\"isPartOf\":{\"@id\":\"https:\\\/\\\/www.thebestsocial.media\\\/de\\\/#website\"},\"primaryImageOfPage\":{\"@id\":\"https:\\\/\\\/www.thebestsocial.media\\\/de\\\/influencerin-kaempft-mit-ehrlichen-bildern-gegen-instagram-perfektion\\\/#primaryimage\"},\"image\":{\"@id\":\"https:\\\/\\\/www.thebestsocial.media\\\/de\\\/influencerin-kaempft-mit-ehrlichen-bildern-gegen-instagram-perfektion\\\/#primaryimage\"},\"thumbnailUrl\":\"https:\\\/\\\/www.thebestsocial.media\\\/de\\\/wp-content\\\/uploads\\\/sites\\\/3\\\/2020\\\/06\\\/Shaming.png\",\"datePublished\":\"2020-06-30T10:26:04+00:00\",\"dateModified\":\"2020-06-30T10:34:49+00:00\",\"author\":{\"@id\":\"https:\\\/\\\/www.thebestsocial.media\\\/de\\\/#\\\/schema\\\/person\\\/03b8d8d2905b97b499c8e0808b724821\"},\"description\":\"Niemand ist perfekt! Gegen den Selbsthass und gegen den Perfektionismus auf Instagram k\u00e4mpft die Influencerin Danae Mercer an.\",\"breadcrumb\":{\"@id\":\"https:\\\/\\\/www.thebestsocial.media\\\/de\\\/influencerin-kaempft-mit-ehrlichen-bildern-gegen-instagram-perfektion\\\/#breadcrumb\"},\"inLanguage\":\"de\",\"potentialAction\":[{\"@type\":\"ReadAction\",\"target\":[\"https:\\\/\\\/www.thebestsocial.media\\\/de\\\/influencerin-kaempft-mit-ehrlichen-bildern-gegen-instagram-perfektion\\\/\"]}]},{\"@type\":\"ImageObject\",\"inLanguage\":\"de\",\"@id\":\"https:\\\/\\\/www.thebestsocial.media\\\/de\\\/influencerin-kaempft-mit-ehrlichen-bildern-gegen-instagram-perfektion\\\/#primaryimage\",\"url\":\"https:\\\/\\\/www.thebestsocial.media\\\/de\\\/wp-content\\\/uploads\\\/sites\\\/3\\\/2020\\\/06\\\/Shaming.png\",\"contentUrl\":\"https:\\\/\\\/www.thebestsocial.media\\\/de\\\/wp-content\\\/uploads\\\/sites\\\/3\\\/2020\\\/06\\\/Shaming.png\",\"width\":1200,\"height\":628},{\"@type\":\"BreadcrumbList\",\"@id\":\"https:\\\/\\\/www.thebestsocial.media\\\/de\\\/influencerin-kaempft-mit-ehrlichen-bildern-gegen-instagram-perfektion\\\/#breadcrumb\",\"itemListElement\":[{\"@type\":\"ListItem\",\"position\":1,\"name\":\"Home\",\"item\":\"https:\\\/\\\/www.thebestsocial.media\\\/de\\\/\"},{\"@type\":\"ListItem\",\"position\":2,\"name\":\"Influencerin k\u00e4mpft mit ehrlichen Bildern gegen Instagram-Perfektion\"}]},{\"@type\":\"WebSite\",\"@id\":\"https:\\\/\\\/www.thebestsocial.media\\\/de\\\/#website\",\"url\":\"https:\\\/\\\/www.thebestsocial.media\\\/de\\\/\",\"name\":\"The Best Social Media DE\",\"description\":\"\",\"potentialAction\":[{\"@type\":\"SearchAction\",\"target\":{\"@type\":\"EntryPoint\",\"urlTemplate\":\"https:\\\/\\\/www.thebestsocial.media\\\/de\\\/?s={search_term_string}\"},\"query-input\":{\"@type\":\"PropertyValueSpecification\",\"valueRequired\":true,\"valueName\":\"search_term_string\"}}],\"inLanguage\":\"de\"},{\"@type\":\"Person\",\"@id\":\"https:\\\/\\\/www.thebestsocial.media\\\/de\\\/#\\\/schema\\\/person\\\/03b8d8d2905b97b499c8e0808b724821\",\"name\":\"Jan\",\"image\":{\"@type\":\"ImageObject\",\"inLanguage\":\"de\",\"@id\":\"https:\\\/\\\/secure.gravatar.com\\\/avatar\\\/6977c5e4d81f2a717dcf76e5e74d7a00b583f3f83a2b00830dedfc799d928343?s=96&d=mm&r=g\",\"url\":\"https:\\\/\\\/secure.gravatar.com\\\/avatar\\\/6977c5e4d81f2a717dcf76e5e74d7a00b583f3f83a2b00830dedfc799d928343?s=96&d=mm&r=g\",\"contentUrl\":\"https:\\\/\\\/secure.gravatar.com\\\/avatar\\\/6977c5e4d81f2a717dcf76e5e74d7a00b583f3f83a2b00830dedfc799d928343?s=96&d=mm&r=g\",\"caption\":\"Jan\"},\"description\":\"Wohnt in M\u00fcnchen, hat aber bis heute keine Ahnung, wie er dort gelandet ist. W\u00fcnscht sich manchmal eine dritte Stimme im Kopf, die ihn davon abh\u00e4lt, auszusprechen, was er gerade denkt. Mag Sport und jeden Kartoffelchip einzeln zu essen. Hasst es, sich auf neue Duschen einstellen zu m\u00fcssen. In einer Beziehung mit Social Media \u2013 aber es ist kompliziert.\",\"url\":\"https:\\\/\\\/www.thebestsocial.media\\\/de\\\/author\\\/janhorstkoetter\\\/\"}]}<\/script>\n<!-- \/ Yoast SEO plugin. -->","yoast_head_json":{"title":"Influencerin k\u00e4mpft gegen Insta-Perfektion - The Best Social Media DE","description":"Niemand ist perfekt! Gegen den Selbsthass und gegen den Perfektionismus auf Instagram k\u00e4mpft die Influencerin Danae Mercer an.","robots":{"index":"index","follow":"follow","max-snippet":"max-snippet:-1","max-image-preview":"max-image-preview:large","max-video-preview":"max-video-preview:-1"},"canonical":"https:\/\/www.thebestsocial.media\/de\/influencerin-kaempft-mit-ehrlichen-bildern-gegen-instagram-perfektion\/","og_locale":"de_DE","og_type":"article","og_title":"Influencerin k\u00e4mpft mit ehrlichen Bildern gegen Instagram-Perfektion","og_description":"Niemand ist perfekt! Gegen den Selbsthass und gegen den Perfektionismus auf Instagram k\u00e4mpft die Influencerin Danae Mercer an.","og_url":"https:\/\/www.thebestsocial.media\/de\/influencerin-kaempft-mit-ehrlichen-bildern-gegen-instagram-perfektion\/","og_site_name":"The Best Social Media DE","article_published_time":"2020-06-30T10:26:04+00:00","article_modified_time":"2020-06-30T10:34:49+00:00","og_image":[{"width":1200,"height":628,"url":"https:\/\/www.thebestsocial.media\/de\/wp-content\/uploads\/sites\/3\/2020\/06\/neuheader.png","type":"image\/png"}],"author":"Jan","twitter_card":"summary_large_image","twitter_misc":{"Verfasst von":"Jan","Gesch\u00e4tzte Lesezeit":"2\u00a0Minuten"},"schema":{"@context":"https:\/\/schema.org","@graph":[{"@type":"Article","@id":"https:\/\/www.thebestsocial.media\/de\/influencerin-kaempft-mit-ehrlichen-bildern-gegen-instagram-perfektion\/#article","isPartOf":{"@id":"https:\/\/www.thebestsocial.media\/de\/influencerin-kaempft-mit-ehrlichen-bildern-gegen-instagram-perfektion\/"},"author":{"name":"Jan","@id":"https:\/\/www.thebestsocial.media\/de\/#\/schema\/person\/03b8d8d2905b97b499c8e0808b724821"},"headline":"Influencerin k\u00e4mpft mit ehrlichen Bildern gegen Instagram-Perfektion","datePublished":"2020-06-30T10:26:04+00:00","dateModified":"2020-06-30T10:34:49+00:00","mainEntityOfPage":{"@id":"https:\/\/www.thebestsocial.media\/de\/influencerin-kaempft-mit-ehrlichen-bildern-gegen-instagram-perfektion\/"},"wordCount":362,"commentCount":0,"image":{"@id":"https:\/\/www.thebestsocial.media\/de\/influencerin-kaempft-mit-ehrlichen-bildern-gegen-instagram-perfektion\/#primaryimage"},"thumbnailUrl":"https:\/\/www.thebestsocial.media\/de\/wp-content\/uploads\/sites\/3\/2020\/06\/Shaming.png","keywords":["cellulite","Influencer","Instagram vs Reality","K\u00f6rper","Selbsthass"],"articleSection":["Instagram"],"inLanguage":"de","potentialAction":[{"@type":"CommentAction","name":"Comment","target":["https:\/\/www.thebestsocial.media\/de\/influencerin-kaempft-mit-ehrlichen-bildern-gegen-instagram-perfektion\/#respond"]}]},{"@type":"WebPage","@id":"https:\/\/www.thebestsocial.media\/de\/influencerin-kaempft-mit-ehrlichen-bildern-gegen-instagram-perfektion\/","url":"https:\/\/www.thebestsocial.media\/de\/influencerin-kaempft-mit-ehrlichen-bildern-gegen-instagram-perfektion\/","name":"Influencerin k\u00e4mpft gegen Insta-Perfektion - The Best Social Media DE","isPartOf":{"@id":"https:\/\/www.thebestsocial.media\/de\/#website"},"primaryImageOfPage":{"@id":"https:\/\/www.thebestsocial.media\/de\/influencerin-kaempft-mit-ehrlichen-bildern-gegen-instagram-perfektion\/#primaryimage"},"image":{"@id":"https:\/\/www.thebestsocial.media\/de\/influencerin-kaempft-mit-ehrlichen-bildern-gegen-instagram-perfektion\/#primaryimage"},"thumbnailUrl":"https:\/\/www.thebestsocial.media\/de\/wp-content\/uploads\/sites\/3\/2020\/06\/Shaming.png","datePublished":"2020-06-30T10:26:04+00:00","dateModified":"2020-06-30T10:34:49+00:00","author":{"@id":"https:\/\/www.thebestsocial.media\/de\/#\/schema\/person\/03b8d8d2905b97b499c8e0808b724821"},"description":"Niemand ist perfekt! Gegen den Selbsthass und gegen den Perfektionismus auf Instagram k\u00e4mpft die Influencerin Danae Mercer an.","breadcrumb":{"@id":"https:\/\/www.thebestsocial.media\/de\/influencerin-kaempft-mit-ehrlichen-bildern-gegen-instagram-perfektion\/#breadcrumb"},"inLanguage":"de","potentialAction":[{"@type":"ReadAction","target":["https:\/\/www.thebestsocial.media\/de\/influencerin-kaempft-mit-ehrlichen-bildern-gegen-instagram-perfektion\/"]}]},{"@type":"ImageObject","inLanguage":"de","@id":"https:\/\/www.thebestsocial.media\/de\/influencerin-kaempft-mit-ehrlichen-bildern-gegen-instagram-perfektion\/#primaryimage","url":"https:\/\/www.thebestsocial.media\/de\/wp-content\/uploads\/sites\/3\/2020\/06\/Shaming.png","contentUrl":"https:\/\/www.thebestsocial.media\/de\/wp-content\/uploads\/sites\/3\/2020\/06\/Shaming.png","width":1200,"height":628},{"@type":"BreadcrumbList","@id":"https:\/\/www.thebestsocial.media\/de\/influencerin-kaempft-mit-ehrlichen-bildern-gegen-instagram-perfektion\/#breadcrumb","itemListElement":[{"@type":"ListItem","position":1,"name":"Home","item":"https:\/\/www.thebestsocial.media\/de\/"},{"@type":"ListItem","position":2,"name":"Influencerin k\u00e4mpft mit ehrlichen Bildern gegen Instagram-Perfektion"}]},{"@type":"WebSite","@id":"https:\/\/www.thebestsocial.media\/de\/#website","url":"https:\/\/www.thebestsocial.media\/de\/","name":"The Best Social Media DE","description":"","potentialAction":[{"@type":"SearchAction","target":{"@type":"EntryPoint","urlTemplate":"https:\/\/www.thebestsocial.media\/de\/?s={search_term_string}"},"query-input":{"@type":"PropertyValueSpecification","valueRequired":true,"valueName":"search_term_string"}}],"inLanguage":"de"},{"@type":"Person","@id":"https:\/\/www.thebestsocial.media\/de\/#\/schema\/person\/03b8d8d2905b97b499c8e0808b724821","name":"Jan","image":{"@type":"ImageObject","inLanguage":"de","@id":"https:\/\/secure.gravatar.com\/avatar\/6977c5e4d81f2a717dcf76e5e74d7a00b583f3f83a2b00830dedfc799d928343?s=96&d=mm&r=g","url":"https:\/\/secure.gravatar.com\/avatar\/6977c5e4d81f2a717dcf76e5e74d7a00b583f3f83a2b00830dedfc799d928343?s=96&d=mm&r=g","contentUrl":"https:\/\/secure.gravatar.com\/avatar\/6977c5e4d81f2a717dcf76e5e74d7a00b583f3f83a2b00830dedfc799d928343?s=96&d=mm&r=g","caption":"Jan"},"description":"Wohnt in M\u00fcnchen, hat aber bis heute keine Ahnung, wie er dort gelandet ist. W\u00fcnscht sich manchmal eine dritte Stimme im Kopf, die ihn davon abh\u00e4lt, auszusprechen, was er gerade denkt. Mag Sport und jeden Kartoffelchip einzeln zu essen. Hasst es, sich auf neue Duschen einstellen zu m\u00fcssen. In einer Beziehung mit Social Media \u2013 aber es ist kompliziert.","url":"https:\/\/www.thebestsocial.media\/de\/author\/janhorstkoetter\/"}]}},"amp_enabled":true,"_links":{"self":[{"href":"https:\/\/www.thebestsocial.media\/de\/wp-json\/wp\/v2\/posts\/128898","targetHints":{"allow":["GET"]}}],"collection":[{"href":"https:\/\/www.thebestsocial.media\/de\/wp-json\/wp\/v2\/posts"}],"about":[{"href":"https:\/\/www.thebestsocial.media\/de\/wp-json\/wp\/v2\/types\/post"}],"author":[{"embeddable":true,"href":"https:\/\/www.thebestsocial.media\/de\/wp-json\/wp\/v2\/users\/65"}],"replies":[{"embeddable":true,"href":"https:\/\/www.thebestsocial.media\/de\/wp-json\/wp\/v2\/comments?post=128898"}],"version-history":[{"count":9,"href":"https:\/\/www.thebestsocial.media\/de\/wp-json\/wp\/v2\/posts\/128898\/revisions"}],"predecessor-version":[{"id":128937,"href":"https:\/\/www.thebestsocial.media\/de\/wp-json\/wp\/v2\/posts\/128898\/revisions\/128937"}],"wp:featuredmedia":[{"embeddable":true,"href":"https:\/\/www.thebestsocial.media\/de\/wp-json\/wp\/v2\/media\/128915"}],"wp:attachment":[{"href":"https:\/\/www.thebestsocial.media\/de\/wp-json\/wp\/v2\/media?parent=128898"}],"wp:term":[{"taxonomy":"category","embeddable":true,"href":"https:\/\/www.thebestsocial.media\/de\/wp-json\/wp\/v2\/categories?post=128898"},{"taxonomy":"post_tag","embeddable":true,"href":"https:\/\/www.thebestsocial.media\/de\/wp-json\/wp\/v2\/tags?post=128898"}],"curies":[{"name":"wp","href":"https:\/\/api.w.org\/{rel}","templated":true}]}}