{"id":128027,"date":"2020-06-18T15:14:22","date_gmt":"2020-06-18T15:14:22","guid":{"rendered":"https:\/\/www.thebestsocial.media\/de\/?p=128027"},"modified":"2020-06-18T15:35:26","modified_gmt":"2020-06-18T15:35:26","slug":"zeichen-der-zeit-uncle-bens-aendert-sein-logo","status":"publish","type":"post","link":"https:\/\/www.thebestsocial.media\/de\/zeichen-der-zeit-uncle-bens-aendert-sein-logo\/","title":{"rendered":"Zeichen der Zeit: &#8222;Uncle Ben&#8217;s&#8220; \u00e4ndert sein Logo"},"content":{"rendered":"<p>Dank der <a href=\"https:\/\/www.thebestsocial.media\/de\/autorin-stellt-weissen-menschen-auf-instagram-fragen-zur-kritischen-selbstreflexion\/\" target=\"_blank\" rel=\"noopener noreferrer\">#BlackLivesMatter-Bewegung<\/a> hat sich die Sensibilit\u00e4t gegen\u00fcber Rassismus gesch\u00e4rft. So wurden zuletzt Statuen von Personen, die Rassismus verk\u00f6rpern, <a href=\"https:\/\/www.thebestsocial.media\/de\/15-statuen-die-nicht-wegen-rassismus-abgerissen-werden-muessen\/\" target=\"_blank\" rel=\"noopener noreferrer\">aus Protest abgerissen oder beschmiert.<\/a><\/p>\n<p>Nun reagieren auch die ersten Lebensmittelkonzerne und haben angek\u00fcndigt, ihre bekannten und jahrzehntealten <a href=\"https:\/\/www.rnd.de\/panorama\/rassismus-vorwurfe-uncle-bens-und-aunt-jemima-andern-logo-I3N3F25CTVNBWCDLTIZ536ZI34.html\" target=\"_blank\" rel=\"noopener noreferrer\">Logos zu \u00fcberarbeiten<\/a>, da diese rassistischen Stereotypen entsprechen.<\/p>\n<p>&nbsp;<\/p>\n<blockquote class=\"twitter-tweet\">\n<p dir=\"ltr\" lang=\"en\">We have a responsibility to help end racial injustices. We\u2019re listening to consumers, especially in the Black community, and our Associates. We don\u2019t yet know what the exact changes or timing will be, but we will evolve Uncle Ben\u2019s visual brand identity. <a href=\"https:\/\/t.co\/n0e1pZ75OF\">pic.twitter.com\/n0e1pZ75OF<\/a><\/p>\n<p>\u2014 Uncle Ben&#8217;s USA (@UncleBens) <a href=\"https:\/\/twitter.com\/UncleBens\/status\/1273402494429913089?ref_src=twsrc%5Etfw\">June 17, 2020<\/a><\/p><\/blockquote>\n<p><script async src=\"https:\/\/platform.twitter.com\/widgets.js\" charset=\"utf-8\"><\/script><\/p>\n<p>&nbsp;<br \/>\nAm bekanntesten ist diesbez\u00fcglich die Reismarke \u201eUncle Ben\u2019s\u201c. Der Mars-Konzern k\u00fcndigte an, den Markenauftritt \u00fcberarbeiten zu wollen, da man eine gesellschaftliche Verantwortung im Kampf gegen Rassismus trage und Kundenw\u00fcnsche ber\u00fccksichtigen m\u00f6chte.<\/p>\n<p>Wie das neue Logo aussehen soll, steht noch nicht fest. Die Ank\u00fcndigung selbst rief sowohl Lob als auch Kritik hervor. Einerseits sei eine \u00dcberarbeitung \u00fcberf\u00e4llig, andererseits sei das Logo an sich nicht rassistisch, sondern der Betrachter, der es als rassistisch interpretiert, so die Argumente.<\/p>\n<p>&nbsp;<\/p>\n<blockquote class=\"twitter-tweet\" data-conversation=\"none\">\n<p dir=\"ltr\" lang=\"de\">Ich fand fr\u00fcher schon die Werbung f\u00fcr Uncle Ben&#8217;s sehr gew\u00f6hnungsbed\u00fcrftig. Das hatte was von Onkel Tom&#8217;s H\u00fctte. Der gute alte Sklave kocht l\u00e4chelnd Reis.<\/p>\n<p>\u2014 Frau Mops (@FrauMops1) <a href=\"https:\/\/twitter.com\/FrauMops1\/status\/1273572422822834176?ref_src=twsrc%5Etfw\">June 18, 2020<\/a><\/p><\/blockquote>\n<p><script async src=\"https:\/\/platform.twitter.com\/widgets.js\" charset=\"utf-8\"><\/script><\/p>\n<p>&nbsp;<\/p>\n<blockquote class=\"twitter-tweet\">\n<p dir=\"ltr\" lang=\"de\">Uncle Ben&#8217;s Reis will den Schwarzen vom Logo streichen. Wenn wir alle Schwarzen \u00fcberall streichen, damit wir nicht diskriminieren, ist das dann keine Diskriminierung?<\/p>\n<p>\u2014 Andrea Rumpold \ud83c\udde6\ud83c\uddf9 (@andrea_rumpold) <a href=\"https:\/\/twitter.com\/andrea_rumpold\/status\/1273343660311171075?ref_src=twsrc%5Etfw\">June 17, 2020<\/a><\/p><\/blockquote>\n<p><script async src=\"https:\/\/platform.twitter.com\/widgets.js\" charset=\"utf-8\"><\/script><\/p>\n<p>&nbsp;<\/p>\n<blockquote class=\"twitter-tweet\">\n<p dir=\"ltr\" lang=\"de\">Das Logo von <a href=\"https:\/\/twitter.com\/hashtag\/UncleBens?src=hash&amp;ref_src=twsrc%5Etfw\">#UncleBens<\/a> zeigt einen freundlichen \u00e4lteren dunkelh\u00e4utigen Mann. Wieso das pl\u00f6tzlich rassistisch sein soll, erschliesst sich mir nicht. D\u00fcrfen nur noch alte weisse M\u00e4nner gezeigt werden? Wenn die Kohle stimmt &#8211; ich w\u00e4re bereit \ud83d\ude00<a href=\"https:\/\/t.co\/hlpbwlyyls\">https:\/\/t.co\/hlpbwlyyls<\/a><\/p>\n<p>\u2014 Ulrich van Suntum (@Pietbull47) <a href=\"https:\/\/twitter.com\/Pietbull47\/status\/1273536756210688000?ref_src=twsrc%5Etfw\">June 18, 2020<\/a><\/p><\/blockquote>\n<p><script async src=\"https:\/\/platform.twitter.com\/widgets.js\" charset=\"utf-8\"><\/script><\/p>\n<p>&nbsp;<\/p>\n<blockquote class=\"twitter-tweet\">\n<p dir=\"ltr\" lang=\"de\">Ich gehe davon, dass solche Marken wie &#8222;Uncle Ben&#8217;s&#8220; als Marke in einer sensibilisierteren Gesellschaft Probleme haben werden zu bestehen. <a href=\"https:\/\/t.co\/APLprlYs9Y\">pic.twitter.com\/APLprlYs9Y<\/a><\/p>\n<p>\u2014 Joanalistin (@Joanalistin) <a href=\"https:\/\/twitter.com\/Joanalistin\/status\/1273258781644914689?ref_src=twsrc%5Etfw\">June 17, 2020<\/a><\/p><\/blockquote>\n<p><script async src=\"https:\/\/platform.twitter.com\/widgets.js\" charset=\"utf-8\"><\/script><\/p>\n<p>&nbsp;<br \/>\nTats\u00e4chlich zeigt das Logo keinen Reisfarmer mit dem Namen Onkel Ben, sondern das Gesicht von Frank Brown, der in dem Restaurant arbeitete, in dem die <a href=\"https:\/\/www.unclebens.com.au\/about-us\/about-unclebens\" target=\"_blank\" rel=\"noopener noreferrer\">Gr\u00fcnder<\/a> der Uncle-Ben\u2019s-Marke in den 1940er Jahren gerne Essen gingen.<\/p>\n<p>Zudem wurden Schwarze fr\u00fcher herablassend mit <em>uncle<\/em>, <em>aunt<\/em> oder <em>boy<\/em> angeredet anstatt mit <em>Mr.<\/em> oder <em>Mrs.<\/em><\/p>\n<p>&nbsp;<\/p>\n<blockquote class=\"twitter-tweet\">\n<p dir=\"ltr\" lang=\"de\">Die auf Rassen-Stereotypen gegr\u00fcndeten Logos <a href=\"https:\/\/twitter.com\/hashtag\/UncleBen?src=hash&amp;ref_src=twsrc%5Etfw\">#UncleBen<\/a>\u2019s &amp; <a href=\"https:\/\/twitter.com\/hashtag\/AuntJemima?src=hash&amp;ref_src=twsrc%5Etfw\">#AuntJemima<\/a> werden ge\u00e4ndert. Die Markennamen selbst erinnern an eine Zeit, in der sich viele Wei\u00dfe weigerten, Schwarze mit Mister\/Missis anzusprechen. J\u00fcngere POC wurden mit Vornamen, \u00e4ltere mit Onkel\/Tante angesprochen. <a href=\"https:\/\/t.co\/YV3vZAHWay\">pic.twitter.com\/YV3vZAHWay<\/a><\/p>\n<p>\u2014 Bernd Rodekohr #FightEveryCrisis (@ZeichenTaten) <a href=\"https:\/\/twitter.com\/ZeichenTaten\/status\/1273530971225284608?ref_src=twsrc%5Etfw\">June 18, 2020<\/a><\/p><\/blockquote>\n<p><script async src=\"https:\/\/platform.twitter.com\/widgets.js\" charset=\"utf-8\"><\/script><\/p>\n<p>&nbsp;<br \/>\nNeben \u201eUncle Ben\u2019s\u201c ist auch die in Deutschland eher unbekannte Marke \u201eAunt Jemima\u201c von den Rassismus-Vorw\u00fcrfen betroffen. \u201eAunt Jemima\u201c geh\u00f6rt zum Pepsi-Konzern und bietet vor allem Backmischungen f\u00fcr Pfannkuchen sowie Sirup an.<\/p>\n<p>\u201eAunt Jemima\u201c basiert auf dem Klischee des Haus- und Kinderm\u00e4dchens auf den Plantagen in den damaligen S\u00fcdstaaten der USA.<\/p>\n<p>&nbsp;<br \/>\n<figure id=\"attachment_128057\" aria-describedby=\"caption-attachment-128057\" style=\"width: 600px\" class=\"wp-caption alignnone\"><img loading=\"lazy\" decoding=\"async\" class=\"size-full wp-image-128057\" src=\"https:\/\/www.thebestsocial.media\/de\/wp-content\/uploads\/sites\/3\/2020\/06\/JemimasWeddingDay.jpg\" alt=\"\" width=\"600\" height=\"813\" srcset=\"https:\/\/www.thebestsocial.media\/de\/wp-content\/uploads\/sites\/3\/2020\/06\/JemimasWeddingDay.jpg 600w, https:\/\/www.thebestsocial.media\/de\/wp-content\/uploads\/sites\/3\/2020\/06\/JemimasWeddingDay-221x300.jpg 221w\" sizes=\"auto, (max-width: 600px) 100vw, 600px\" \/><figcaption id=\"caption-attachment-128057\" class=\"wp-caption-text\"><a href=\"https:\/\/commons.wikimedia.org\/wiki\/File:JemimasWeddingDay.jpg\" target=\"_blank\" rel=\"noopener noreferrer\">Wikimedia Commons\/public domain<\/a><\/figcaption><\/figure><\/p>\n<p>&nbsp;<br \/>\nAufgrund dieser und \u00e4hnlicher historischer Hintergr\u00fcnde m\u00f6chten viele Kunden Produkte mit solchen Logos nicht mehr konsumieren.<\/p>\n<p>&nbsp;<\/p>\n<blockquote class=\"twitter-tweet\">\n<p dir=\"ltr\" lang=\"en\">Change the name all you want. I\u2019m done. I completely forgot about the horrible history behind this. <a href=\"https:\/\/twitter.com\/hashtag\/AuntJemima?src=hash&amp;ref_src=twsrc%5Etfw\">#AuntJemima<\/a> <a href=\"https:\/\/t.co\/45bfkiW5lq\">pic.twitter.com\/45bfkiW5lq<\/a><\/p>\n<p>\u2014 Kiki (@libracakes1) <a href=\"https:\/\/twitter.com\/libracakes1\/status\/1273408368858861569?ref_src=twsrc%5Etfw\">June 18, 2020<\/a><\/p><\/blockquote>\n<p><script async src=\"https:\/\/platform.twitter.com\/widgets.js\" charset=\"utf-8\"><\/script><\/p>\n<p>&nbsp;<br \/>\nDie Debatte um rassistische Markenlogos ist nicht neu. Das prominenteste Beispiel hierzulande ist sicherlich der \u201eSarotti-Mohr\u201c, dessen Name und Aussehen 2004 angepasst wurde, sodass aus ihm der \u201eSarotti-Magier der Sinne\u201c wurde.<\/p>\n<p>Auch Lebensmittelbezeichnungen wie \u201eNegerkuss\u201c, der mittlerweile Schokokuss hei\u00dft, oder Zigeunerschnitzel sto\u00dfen immer wieder auf Kritik.<\/p>\n<p>&nbsp;<br \/>\n<figure id=\"attachment_128055\" aria-describedby=\"caption-attachment-128055\" style=\"width: 790px\" class=\"wp-caption alignnone\"><img loading=\"lazy\" decoding=\"async\" class=\"wp-image-128055 size-large\" src=\"https:\/\/www.thebestsocial.media\/de\/wp-content\/uploads\/sites\/3\/2020\/06\/833px-U-Bahnhof_Wittenbergplatz_-_Werbefl\u00e4chen_9-790x1024.jpg\" alt=\"\" width=\"790\" height=\"1024\" srcset=\"https:\/\/www.thebestsocial.media\/de\/wp-content\/uploads\/sites\/3\/2020\/06\/833px-U-Bahnhof_Wittenbergplatz_-_Werbefl\u00e4chen_9-790x1024.jpg 790w, https:\/\/www.thebestsocial.media\/de\/wp-content\/uploads\/sites\/3\/2020\/06\/833px-U-Bahnhof_Wittenbergplatz_-_Werbefl\u00e4chen_9-231x300.jpg 231w, https:\/\/www.thebestsocial.media\/de\/wp-content\/uploads\/sites\/3\/2020\/06\/833px-U-Bahnhof_Wittenbergplatz_-_Werbefl\u00e4chen_9-768x996.jpg 768w, https:\/\/www.thebestsocial.media\/de\/wp-content\/uploads\/sites\/3\/2020\/06\/833px-U-Bahnhof_Wittenbergplatz_-_Werbefl\u00e4chen_9.jpg 833w\" sizes=\"auto, (max-width: 790px) 100vw, 790px\" \/><figcaption id=\"caption-attachment-128055\" class=\"wp-caption-text\"><a href=\"https:\/\/commons.wikimedia.org\/wiki\/File:U-Bahnhof_Wittenbergplatz_-_Werbefl%C3%A4chen_(9).jpg\" target=\"_blank\" rel=\"noopener noreferrer\">Wikimedia Commons\/CC BY-SA 4.0<\/a><\/figcaption><\/figure><\/p>\n<p>&nbsp;<br \/>\nAnsonsten sind deutsche Firmen dieses Jahr schon vor den #BlackLivesMatter-Protesten ins Fettn\u00e4pfen getreten. Zum einen Kekshersteller Bahlsen, der mit einen <a href=\"https:\/\/www.thebestsocial.media\/de\/rassistisch-bahlsen-lenkt-ein-und-benennt-keks-sorte-afrika-um\/\" target=\"_blank\" rel=\"noopener noreferrer\">Schokokeks namens \u201eAfrika\u201c<\/a> f\u00fcr Irritation sorgte.<\/p>\n<p>&nbsp;<\/p>\n<blockquote class=\"instagram-media\" style=\"background: #FFF; border: 0; border-radius: 3px; box-shadow: 0 0 1px 0 rgba(0,0,0,0.5),0 1px 10px 0 rgba(0,0,0,0.15); margin: 1px; max-width: 540px; min-width: 326px; padding: 0; width: calc(100% - 2px);\" data-instgrm-version=\"12\" data-instgrm-permalink=\"https:\/\/www.instagram.com\/p\/B8iww5XCqjo\/?utm_source=ig_embed&amp;utm_campaign=loading\">\n<div style=\"padding: 16px;\">\n<p>&nbsp;<\/p>\n<div style=\"display: flex; flex-direction: row; align-items: center;\">\n<div style=\"background-color: #f4f4f4; border-radius: 50%; flex-grow: 0; height: 40px; margin-right: 14px; width: 40px;\"><\/div>\n<div style=\"display: flex; flex-direction: column; flex-grow: 1; justify-content: center;\">\n<div style=\"background-color: #f4f4f4; border-radius: 4px; flex-grow: 0; height: 14px; margin-bottom: 6px; width: 100px;\"><\/div>\n<div style=\"background-color: #f4f4f4; border-radius: 4px; flex-grow: 0; height: 14px; width: 60px;\"><\/div>\n<\/div>\n<\/div>\n<div style=\"padding: 19% 0;\"><\/div>\n<div style=\"display: block; height: 50px; margin: 0 auto 12px; width: 50px;\"><\/div>\n<div style=\"padding-top: 8px;\">\n<div style=\"color: #3897f0; font-family: Arial,sans-serif; font-size: 14px; font-style: normal; font-weight: 550; line-height: 18px;\">Sieh dir diesen Beitrag auf Instagram an<\/div>\n<\/div>\n<div style=\"padding: 12.5% 0;\"><\/div>\n<div style=\"display: flex; flex-direction: row; margin-bottom: 14px; align-items: center;\">\n<div>\n<div style=\"background-color: #f4f4f4; border-radius: 50%; height: 12.5px; width: 12.5px; transform: translateX(0px) translateY(7px);\"><\/div>\n<div style=\"background-color: #f4f4f4; height: 12.5px; transform: rotate(-45deg) translateX(3px) translateY(1px); width: 12.5px; flex-grow: 0; margin-right: 14px; margin-left: 2px;\"><\/div>\n<div style=\"background-color: #f4f4f4; border-radius: 50%; height: 12.5px; width: 12.5px; transform: translateX(9px) translateY(-18px);\"><\/div>\n<\/div>\n<div style=\"margin-left: 8px;\">\n<div style=\"background-color: #f4f4f4; border-radius: 50%; flex-grow: 0; height: 20px; width: 20px;\"><\/div>\n<div style=\"width: 0; height: 0; border-top: 2px solid transparent; border-left: 6px solid #f4f4f4; border-bottom: 2px solid transparent; transform: translateX(16px) translateY(-4px) rotate(30deg);\"><\/div>\n<\/div>\n<div style=\"margin-left: auto;\">\n<div style=\"width: 0px; border-top: 8px solid #F4F4F4; border-right: 8px solid transparent; transform: translateY(16px);\"><\/div>\n<div style=\"background-color: #f4f4f4; flex-grow: 0; height: 12px; width: 16px; transform: translateY(-4px);\"><\/div>\n<div style=\"width: 0; height: 0; border-top: 8px solid #F4F4F4; border-left: 8px solid transparent; transform: translateY(-4px) translateX(8px);\"><\/div>\n<\/div>\n<\/div>\n<div style=\"display: flex; flex-direction: column; flex-grow: 1; justify-content: center; margin-bottom: 24px;\">\n<div style=\"background-color: #f4f4f4; border-radius: 4px; flex-grow: 0; height: 14px; margin-bottom: 6px; width: 224px;\"><\/div>\n<div style=\"background-color: #f4f4f4; border-radius: 4px; flex-grow: 0; height: 14px; width: 144px;\"><\/div>\n<\/div>\n<p>&nbsp;<\/p>\n<p style=\"color: #c9c8cd; font-family: Arial,sans-serif; font-size: 14px; line-height: 17px; margin-bottom: 0; margin-top: 8px; overflow: hidden; padding: 8px 0 7px; text-align: center; text-overflow: ellipsis; white-space: nowrap;\"><a style=\"color: #c9c8cd; font-family: Arial,sans-serif; font-size: 14px; font-style: normal; font-weight: normal; line-height: 17px; text-decoration: none;\" href=\"https:\/\/www.instagram.com\/p\/B8iww5XCqjo\/?utm_source=ig_embed&amp;utm_campaign=loading\" target=\"_blank\" rel=\"noopener noreferrer\">Ein Beitrag geteilt von Bahlsen (@bahlsen)<\/a> am <time style=\"font-family: Arial,sans-serif; font-size: 14px; line-height: 17px;\" datetime=\"2020-02-14T10:00:11+00:00\">Feb 14, 2020 um 2:00 PST<\/time><\/p>\n<\/div>\n<\/blockquote>\n\n<p>&nbsp;<br \/>\nZum anderen der Autokonzern VW, der sich einen Shitstorm f\u00fcr einen Werbespot einfing, in dem ein Schwarzer von einer wei\u00dfen Hand herumgeschubst wird.<\/p>\n<p>&nbsp;<\/p>\n<blockquote class=\"twitter-tweet\">\n<p dir=\"ltr\" lang=\"de\">Hey <a href=\"https:\/\/twitter.com\/volkswagen?ref_src=twsrc%5Etfw\">@volkswagen<\/a>! Kurze Frage: warum macht ihr eine solch rassistische Werbung, in der eine \u00fcberdimensional gro\u00dfe wei\u00dfe Hand einen nicht-wei\u00dfen Mann wie ein Spielzeug behandelt und zur Kr\u00f6nung sogar noch in die \u201cPetit Colon\u201d aus dem Bild raus schnipst? <a href=\"https:\/\/t.co\/0IJL0t3jhR\">pic.twitter.com\/0IJL0t3jhR<\/a><\/p>\n<p>\u2014 Zuher Jazmati | BLM (@zuherjazmati) <a href=\"https:\/\/twitter.com\/zuherjazmati\/status\/1262676233315405825?ref_src=twsrc%5Etfw\">May 19, 2020<\/a><\/p><\/blockquote>\n<p><script async src=\"https:\/\/platform.twitter.com\/widgets.js\" charset=\"utf-8\"><\/script><\/p>\n<p>&#8212;<br \/>\nDanke f\u00fcr die Postings und Kommentare!<br \/>\n&#8212;<br \/>\n<strong>Keine Influencer! Kein Foodporn! Nur ganz viel Spa\u00df &#8211; bei uns auf Instagram:<\/strong><br \/>\nhttps:\/\/www.instagram.com\/p\/CBkYGtUHo9W\/<\/p>\n<script async defer src=\"\/instagram-embed.js\"><\/script>","protected":false},"excerpt":{"rendered":"<p>Dank der #BlackLivesMatter-Bewegung hat sich die Sensibilit\u00e4t gegen\u00fcber Rassismus gesch\u00e4rft. So wurden zuletzt Statuen von Personen, die Rassismus verk\u00f6rpern, aus Protest abgerissen oder beschmiert. Nun&#8230;<\/p>\n","protected":false},"author":72,"featured_media":128183,"comment_status":"open","ping_status":"open","sticky":false,"template":"","format":"standard","meta":{"_acf_changed":false,"footnotes":""},"categories":[35],"tags":[236,629,4164],"class_list":["post-128027","post","type-post","status-publish","format-standard","has-post-thumbnail","hentry","category-twitter","tag-logo","tag-rassismus","tag-uncle-bens"],"acf":[],"yoast_head":"<!-- This site is optimized with the Yoast SEO plugin v27.5 - https:\/\/yoast.com\/product\/yoast-seo-wordpress\/ -->\n<title>Zeichen der Zeit: &quot;Uncle Ben&#039;s&quot; \u00e4ndert sein Logo - The Best Social Media DE<\/title>\n<meta name=\"robots\" content=\"index, follow, max-snippet:-1, max-image-preview:large, max-video-preview:-1\" \/>\n<link rel=\"canonical\" href=\"https:\/\/www.thebestsocial.media\/de\/zeichen-der-zeit-uncle-bens-aendert-sein-logo\/\" \/>\n<meta property=\"og:locale\" content=\"de_DE\" \/>\n<meta property=\"og:type\" content=\"article\" \/>\n<meta property=\"og:title\" content=\"Zeichen der Zeit: &quot;Uncle Ben&#039;s&quot; \u00e4ndert sein Logo\" \/>\n<meta property=\"og:description\" content=\"Dank der #BlackLivesMatter-Bewegung hat sich die Sensibilit\u00e4t gegen\u00fcber Rassismus gesch\u00e4rft. So wurden zuletzt Statuen von Personen, die Rassismus verk\u00f6rpern, aus Protest abgerissen oder beschmiert. Nun...\" \/>\n<meta property=\"og:url\" content=\"https:\/\/www.thebestsocial.media\/de\/zeichen-der-zeit-uncle-bens-aendert-sein-logo\/\" \/>\n<meta property=\"og:site_name\" content=\"The Best Social Media DE\" \/>\n<meta property=\"article:published_time\" content=\"2020-06-18T15:14:22+00:00\" \/>\n<meta property=\"article:modified_time\" content=\"2020-06-18T15:35:26+00:00\" \/>\n<meta property=\"og:image\" content=\"https:\/\/www.thebestsocial.media\/de\/wp-content\/uploads\/sites\/3\/2020\/06\/bensfb-1.png\" \/>\n\t<meta property=\"og:image:width\" content=\"1200\" \/>\n\t<meta property=\"og:image:height\" content=\"628\" \/>\n\t<meta property=\"og:image:type\" content=\"image\/png\" \/>\n<meta name=\"author\" content=\"Benny\" \/>\n<meta name=\"twitter:card\" content=\"summary_large_image\" \/>\n<meta name=\"twitter:label1\" content=\"Verfasst von\" \/>\n\t<meta name=\"twitter:data1\" content=\"Benny\" \/>\n\t<meta name=\"twitter:label2\" content=\"Gesch\u00e4tzte Lesezeit\" \/>\n\t<meta name=\"twitter:data2\" content=\"4\u00a0Minuten\" \/>\n<script type=\"application\/ld+json\" class=\"yoast-schema-graph\">{\"@context\":\"https:\\\/\\\/schema.org\",\"@graph\":[{\"@type\":\"Article\",\"@id\":\"https:\\\/\\\/www.thebestsocial.media\\\/de\\\/zeichen-der-zeit-uncle-bens-aendert-sein-logo\\\/#article\",\"isPartOf\":{\"@id\":\"https:\\\/\\\/www.thebestsocial.media\\\/de\\\/zeichen-der-zeit-uncle-bens-aendert-sein-logo\\\/\"},\"author\":{\"name\":\"Benny\",\"@id\":\"https:\\\/\\\/www.thebestsocial.media\\\/de\\\/#\\\/schema\\\/person\\\/212fdd48880db42a484e589e4e27871b\"},\"headline\":\"Zeichen der Zeit: &#8222;Uncle Ben&#8217;s&#8220; \u00e4ndert sein Logo\",\"datePublished\":\"2020-06-18T15:14:22+00:00\",\"dateModified\":\"2020-06-18T15:35:26+00:00\",\"mainEntityOfPage\":{\"@id\":\"https:\\\/\\\/www.thebestsocial.media\\\/de\\\/zeichen-der-zeit-uncle-bens-aendert-sein-logo\\\/\"},\"wordCount\":792,\"commentCount\":0,\"image\":{\"@id\":\"https:\\\/\\\/www.thebestsocial.media\\\/de\\\/zeichen-der-zeit-uncle-bens-aendert-sein-logo\\\/#primaryimage\"},\"thumbnailUrl\":\"https:\\\/\\\/www.thebestsocial.media\\\/de\\\/wp-content\\\/uploads\\\/sites\\\/3\\\/2020\\\/06\\\/Bildschirmfoto-2020-06-18-um-17.31.13.png\",\"keywords\":[\"logo\",\"Rassismus\",\"Uncle Ben's\"],\"articleSection\":[\"Twitter\"],\"inLanguage\":\"de\",\"potentialAction\":[{\"@type\":\"CommentAction\",\"name\":\"Comment\",\"target\":[\"https:\\\/\\\/www.thebestsocial.media\\\/de\\\/zeichen-der-zeit-uncle-bens-aendert-sein-logo\\\/#respond\"]}]},{\"@type\":\"WebPage\",\"@id\":\"https:\\\/\\\/www.thebestsocial.media\\\/de\\\/zeichen-der-zeit-uncle-bens-aendert-sein-logo\\\/\",\"url\":\"https:\\\/\\\/www.thebestsocial.media\\\/de\\\/zeichen-der-zeit-uncle-bens-aendert-sein-logo\\\/\",\"name\":\"Zeichen der Zeit: \\\"Uncle Ben's\\\" \u00e4ndert sein Logo - The Best Social Media DE\",\"isPartOf\":{\"@id\":\"https:\\\/\\\/www.thebestsocial.media\\\/de\\\/#website\"},\"primaryImageOfPage\":{\"@id\":\"https:\\\/\\\/www.thebestsocial.media\\\/de\\\/zeichen-der-zeit-uncle-bens-aendert-sein-logo\\\/#primaryimage\"},\"image\":{\"@id\":\"https:\\\/\\\/www.thebestsocial.media\\\/de\\\/zeichen-der-zeit-uncle-bens-aendert-sein-logo\\\/#primaryimage\"},\"thumbnailUrl\":\"https:\\\/\\\/www.thebestsocial.media\\\/de\\\/wp-content\\\/uploads\\\/sites\\\/3\\\/2020\\\/06\\\/Bildschirmfoto-2020-06-18-um-17.31.13.png\",\"datePublished\":\"2020-06-18T15:14:22+00:00\",\"dateModified\":\"2020-06-18T15:35:26+00:00\",\"author\":{\"@id\":\"https:\\\/\\\/www.thebestsocial.media\\\/de\\\/#\\\/schema\\\/person\\\/212fdd48880db42a484e589e4e27871b\"},\"breadcrumb\":{\"@id\":\"https:\\\/\\\/www.thebestsocial.media\\\/de\\\/zeichen-der-zeit-uncle-bens-aendert-sein-logo\\\/#breadcrumb\"},\"inLanguage\":\"de\",\"potentialAction\":[{\"@type\":\"ReadAction\",\"target\":[\"https:\\\/\\\/www.thebestsocial.media\\\/de\\\/zeichen-der-zeit-uncle-bens-aendert-sein-logo\\\/\"]}]},{\"@type\":\"ImageObject\",\"inLanguage\":\"de\",\"@id\":\"https:\\\/\\\/www.thebestsocial.media\\\/de\\\/zeichen-der-zeit-uncle-bens-aendert-sein-logo\\\/#primaryimage\",\"url\":\"https:\\\/\\\/www.thebestsocial.media\\\/de\\\/wp-content\\\/uploads\\\/sites\\\/3\\\/2020\\\/06\\\/Bildschirmfoto-2020-06-18-um-17.31.13.png\",\"contentUrl\":\"https:\\\/\\\/www.thebestsocial.media\\\/de\\\/wp-content\\\/uploads\\\/sites\\\/3\\\/2020\\\/06\\\/Bildschirmfoto-2020-06-18-um-17.31.13.png\",\"width\":1534,\"height\":890},{\"@type\":\"BreadcrumbList\",\"@id\":\"https:\\\/\\\/www.thebestsocial.media\\\/de\\\/zeichen-der-zeit-uncle-bens-aendert-sein-logo\\\/#breadcrumb\",\"itemListElement\":[{\"@type\":\"ListItem\",\"position\":1,\"name\":\"Home\",\"item\":\"https:\\\/\\\/www.thebestsocial.media\\\/de\\\/\"},{\"@type\":\"ListItem\",\"position\":2,\"name\":\"Zeichen der Zeit: &#8222;Uncle Ben&#8217;s&#8220; \u00e4ndert sein Logo\"}]},{\"@type\":\"WebSite\",\"@id\":\"https:\\\/\\\/www.thebestsocial.media\\\/de\\\/#website\",\"url\":\"https:\\\/\\\/www.thebestsocial.media\\\/de\\\/\",\"name\":\"The Best Social Media DE\",\"description\":\"\",\"potentialAction\":[{\"@type\":\"SearchAction\",\"target\":{\"@type\":\"EntryPoint\",\"urlTemplate\":\"https:\\\/\\\/www.thebestsocial.media\\\/de\\\/?s={search_term_string}\"},\"query-input\":{\"@type\":\"PropertyValueSpecification\",\"valueRequired\":true,\"valueName\":\"search_term_string\"}}],\"inLanguage\":\"de\"},{\"@type\":\"Person\",\"@id\":\"https:\\\/\\\/www.thebestsocial.media\\\/de\\\/#\\\/schema\\\/person\\\/212fdd48880db42a484e589e4e27871b\",\"name\":\"Benny\",\"image\":{\"@type\":\"ImageObject\",\"inLanguage\":\"de\",\"@id\":\"https:\\\/\\\/secure.gravatar.com\\\/avatar\\\/559f54fceb59ac8654d5ca40291d2ab87f2a9d79e48e8e3c19582477cde950bf?s=96&d=mm&r=g\",\"url\":\"https:\\\/\\\/secure.gravatar.com\\\/avatar\\\/559f54fceb59ac8654d5ca40291d2ab87f2a9d79e48e8e3c19582477cde950bf?s=96&d=mm&r=g\",\"contentUrl\":\"https:\\\/\\\/secure.gravatar.com\\\/avatar\\\/559f54fceb59ac8654d5ca40291d2ab87f2a9d79e48e8e3c19582477cde950bf?s=96&d=mm&r=g\",\"caption\":\"Benny\"},\"url\":\"https:\\\/\\\/www.thebestsocial.media\\\/de\\\/author\\\/bennykrueger\\\/\"}]}<\/script>\n<!-- \/ Yoast SEO plugin. -->","yoast_head_json":{"title":"Zeichen der Zeit: \"Uncle Ben's\" \u00e4ndert sein Logo - The Best Social Media DE","robots":{"index":"index","follow":"follow","max-snippet":"max-snippet:-1","max-image-preview":"max-image-preview:large","max-video-preview":"max-video-preview:-1"},"canonical":"https:\/\/www.thebestsocial.media\/de\/zeichen-der-zeit-uncle-bens-aendert-sein-logo\/","og_locale":"de_DE","og_type":"article","og_title":"Zeichen der Zeit: \"Uncle Ben's\" \u00e4ndert sein Logo","og_description":"Dank der #BlackLivesMatter-Bewegung hat sich die Sensibilit\u00e4t gegen\u00fcber Rassismus gesch\u00e4rft. So wurden zuletzt Statuen von Personen, die Rassismus verk\u00f6rpern, aus Protest abgerissen oder beschmiert. Nun...","og_url":"https:\/\/www.thebestsocial.media\/de\/zeichen-der-zeit-uncle-bens-aendert-sein-logo\/","og_site_name":"The Best Social Media DE","article_published_time":"2020-06-18T15:14:22+00:00","article_modified_time":"2020-06-18T15:35:26+00:00","og_image":[{"width":1200,"height":628,"url":"https:\/\/www.thebestsocial.media\/de\/wp-content\/uploads\/sites\/3\/2020\/06\/bensfb-1.png","type":"image\/png"}],"author":"Benny","twitter_card":"summary_large_image","twitter_misc":{"Verfasst von":"Benny","Gesch\u00e4tzte Lesezeit":"4\u00a0Minuten"},"schema":{"@context":"https:\/\/schema.org","@graph":[{"@type":"Article","@id":"https:\/\/www.thebestsocial.media\/de\/zeichen-der-zeit-uncle-bens-aendert-sein-logo\/#article","isPartOf":{"@id":"https:\/\/www.thebestsocial.media\/de\/zeichen-der-zeit-uncle-bens-aendert-sein-logo\/"},"author":{"name":"Benny","@id":"https:\/\/www.thebestsocial.media\/de\/#\/schema\/person\/212fdd48880db42a484e589e4e27871b"},"headline":"Zeichen der Zeit: &#8222;Uncle Ben&#8217;s&#8220; \u00e4ndert sein Logo","datePublished":"2020-06-18T15:14:22+00:00","dateModified":"2020-06-18T15:35:26+00:00","mainEntityOfPage":{"@id":"https:\/\/www.thebestsocial.media\/de\/zeichen-der-zeit-uncle-bens-aendert-sein-logo\/"},"wordCount":792,"commentCount":0,"image":{"@id":"https:\/\/www.thebestsocial.media\/de\/zeichen-der-zeit-uncle-bens-aendert-sein-logo\/#primaryimage"},"thumbnailUrl":"https:\/\/www.thebestsocial.media\/de\/wp-content\/uploads\/sites\/3\/2020\/06\/Bildschirmfoto-2020-06-18-um-17.31.13.png","keywords":["logo","Rassismus","Uncle Ben's"],"articleSection":["Twitter"],"inLanguage":"de","potentialAction":[{"@type":"CommentAction","name":"Comment","target":["https:\/\/www.thebestsocial.media\/de\/zeichen-der-zeit-uncle-bens-aendert-sein-logo\/#respond"]}]},{"@type":"WebPage","@id":"https:\/\/www.thebestsocial.media\/de\/zeichen-der-zeit-uncle-bens-aendert-sein-logo\/","url":"https:\/\/www.thebestsocial.media\/de\/zeichen-der-zeit-uncle-bens-aendert-sein-logo\/","name":"Zeichen der Zeit: \"Uncle Ben's\" \u00e4ndert sein Logo - The Best Social Media DE","isPartOf":{"@id":"https:\/\/www.thebestsocial.media\/de\/#website"},"primaryImageOfPage":{"@id":"https:\/\/www.thebestsocial.media\/de\/zeichen-der-zeit-uncle-bens-aendert-sein-logo\/#primaryimage"},"image":{"@id":"https:\/\/www.thebestsocial.media\/de\/zeichen-der-zeit-uncle-bens-aendert-sein-logo\/#primaryimage"},"thumbnailUrl":"https:\/\/www.thebestsocial.media\/de\/wp-content\/uploads\/sites\/3\/2020\/06\/Bildschirmfoto-2020-06-18-um-17.31.13.png","datePublished":"2020-06-18T15:14:22+00:00","dateModified":"2020-06-18T15:35:26+00:00","author":{"@id":"https:\/\/www.thebestsocial.media\/de\/#\/schema\/person\/212fdd48880db42a484e589e4e27871b"},"breadcrumb":{"@id":"https:\/\/www.thebestsocial.media\/de\/zeichen-der-zeit-uncle-bens-aendert-sein-logo\/#breadcrumb"},"inLanguage":"de","potentialAction":[{"@type":"ReadAction","target":["https:\/\/www.thebestsocial.media\/de\/zeichen-der-zeit-uncle-bens-aendert-sein-logo\/"]}]},{"@type":"ImageObject","inLanguage":"de","@id":"https:\/\/www.thebestsocial.media\/de\/zeichen-der-zeit-uncle-bens-aendert-sein-logo\/#primaryimage","url":"https:\/\/www.thebestsocial.media\/de\/wp-content\/uploads\/sites\/3\/2020\/06\/Bildschirmfoto-2020-06-18-um-17.31.13.png","contentUrl":"https:\/\/www.thebestsocial.media\/de\/wp-content\/uploads\/sites\/3\/2020\/06\/Bildschirmfoto-2020-06-18-um-17.31.13.png","width":1534,"height":890},{"@type":"BreadcrumbList","@id":"https:\/\/www.thebestsocial.media\/de\/zeichen-der-zeit-uncle-bens-aendert-sein-logo\/#breadcrumb","itemListElement":[{"@type":"ListItem","position":1,"name":"Home","item":"https:\/\/www.thebestsocial.media\/de\/"},{"@type":"ListItem","position":2,"name":"Zeichen der Zeit: &#8222;Uncle Ben&#8217;s&#8220; \u00e4ndert sein Logo"}]},{"@type":"WebSite","@id":"https:\/\/www.thebestsocial.media\/de\/#website","url":"https:\/\/www.thebestsocial.media\/de\/","name":"The Best Social Media DE","description":"","potentialAction":[{"@type":"SearchAction","target":{"@type":"EntryPoint","urlTemplate":"https:\/\/www.thebestsocial.media\/de\/?s={search_term_string}"},"query-input":{"@type":"PropertyValueSpecification","valueRequired":true,"valueName":"search_term_string"}}],"inLanguage":"de"},{"@type":"Person","@id":"https:\/\/www.thebestsocial.media\/de\/#\/schema\/person\/212fdd48880db42a484e589e4e27871b","name":"Benny","image":{"@type":"ImageObject","inLanguage":"de","@id":"https:\/\/secure.gravatar.com\/avatar\/559f54fceb59ac8654d5ca40291d2ab87f2a9d79e48e8e3c19582477cde950bf?s=96&d=mm&r=g","url":"https:\/\/secure.gravatar.com\/avatar\/559f54fceb59ac8654d5ca40291d2ab87f2a9d79e48e8e3c19582477cde950bf?s=96&d=mm&r=g","contentUrl":"https:\/\/secure.gravatar.com\/avatar\/559f54fceb59ac8654d5ca40291d2ab87f2a9d79e48e8e3c19582477cde950bf?s=96&d=mm&r=g","caption":"Benny"},"url":"https:\/\/www.thebestsocial.media\/de\/author\/bennykrueger\/"}]}},"amp_enabled":true,"_links":{"self":[{"href":"https:\/\/www.thebestsocial.media\/de\/wp-json\/wp\/v2\/posts\/128027","targetHints":{"allow":["GET"]}}],"collection":[{"href":"https:\/\/www.thebestsocial.media\/de\/wp-json\/wp\/v2\/posts"}],"about":[{"href":"https:\/\/www.thebestsocial.media\/de\/wp-json\/wp\/v2\/types\/post"}],"author":[{"embeddable":true,"href":"https:\/\/www.thebestsocial.media\/de\/wp-json\/wp\/v2\/users\/72"}],"replies":[{"embeddable":true,"href":"https:\/\/www.thebestsocial.media\/de\/wp-json\/wp\/v2\/comments?post=128027"}],"version-history":[{"count":12,"href":"https:\/\/www.thebestsocial.media\/de\/wp-json\/wp\/v2\/posts\/128027\/revisions"}],"predecessor-version":[{"id":128186,"href":"https:\/\/www.thebestsocial.media\/de\/wp-json\/wp\/v2\/posts\/128027\/revisions\/128186"}],"wp:featuredmedia":[{"embeddable":true,"href":"https:\/\/www.thebestsocial.media\/de\/wp-json\/wp\/v2\/media\/128183"}],"wp:attachment":[{"href":"https:\/\/www.thebestsocial.media\/de\/wp-json\/wp\/v2\/media?parent=128027"}],"wp:term":[{"taxonomy":"category","embeddable":true,"href":"https:\/\/www.thebestsocial.media\/de\/wp-json\/wp\/v2\/categories?post=128027"},{"taxonomy":"post_tag","embeddable":true,"href":"https:\/\/www.thebestsocial.media\/de\/wp-json\/wp\/v2\/tags?post=128027"}],"curies":[{"name":"wp","href":"https:\/\/api.w.org\/{rel}","templated":true}]}}