{"id":127906,"date":"2020-06-17T13:28:06","date_gmt":"2020-06-17T13:28:06","guid":{"rendered":"https:\/\/www.thebestsocial.media\/de\/?p=127906"},"modified":"2020-06-17T13:30:53","modified_gmt":"2020-06-17T13:30:53","slug":"amthorruecktritt-die-13-bissigsten-kommentare-zum-eigenthor-von-philipp","status":"publish","type":"post","link":"https:\/\/www.thebestsocial.media\/de\/amthorruecktritt-die-13-bissigsten-kommentare-zum-eigenthor-von-philipp\/","title":{"rendered":"#AmthorRuecktritt: Die 13 bissigsten Kommentare zum Eigenthor von Philipp"},"content":{"rendered":"<p>Da ist man gerade eben noch ein aufstrebender Jungpolitiker und Hoffnungstr\u00e4ger seiner Partei und nur einen Enth\u00fcllungsbericht sp\u00e4ter hat man eine Lobbyismus-Aff\u00e4re an der Backe.<\/p>\n<p>CDU-Politiker <a href=\"https:\/\/www.thebestsocial.media\/de\/merz-und-amthor-schaffen-es-mit-nur-einem-auftritt-das-internet-auf-den-kopf-zu-stellen\/\">Philipp Amthor<\/a> kann aktuell ein Liedchen davon singen, hat er sich doch politisch f\u00fcr eine Firma eingesetzt, von deren Erfolg er pers\u00f6nlich profitieren h\u00e4tte. Und da man f\u00fcr den Spott nicht zu sorgen braucht, wenn man den Schaden hat, fliegen ihm nun unter dem Hashtag #AmthorRuecktritt die bissigen Kommentare nur so um die Ohren.<br \/>\n&nbsp;<br \/>\n<strong>1. Selbstverst\u00e4ndlich wird bei einem Cannabisdelikt das Arschloch kontrolliert. Oder hast du schonmal versucht, dein Bestechungsgeld im Anus \u00fcber die Grenze zu schmuggeln?<\/strong><\/p>\n<blockquote class=\"twitter-tweet\">\n<p dir=\"ltr\" lang=\"de\">Mit 27 korrupter Politiker sein: &#8222;er ist ja noch jung&#8220;<\/p>\n<p>Mit 23 einen Cannabisdelikt: Haftstrafe, Geldstrafe, BTM Eintrag ins F\u00fchrungszeugnis, F\u00fchrerscheinentzug, Hausdurchsuchung, Polizei kontrolliert dein Arschloch<\/p>\n<p>Das sind die Moralvorstellungen der CDU<a href=\"https:\/\/twitter.com\/hashtag\/AmthorRuecktritt?src=hash&amp;ref_src=twsrc%5Etfw\">#AmthorRuecktritt<\/a><\/p>\n<p>\u2014 WannWirdDasGrasLegal (@Volker_Pudt) <a href=\"https:\/\/twitter.com\/Volker_Pudt\/status\/1272922082549084164?ref_src=twsrc%5Etfw\">June 16, 2020<\/a><\/p><\/blockquote>\n<p><script async src=\"https:\/\/platform.twitter.com\/widgets.js\" charset=\"utf-8\"><\/script><br \/>\n&nbsp;<br \/>\n<strong>2. Die Vergehen von jungen 27-J\u00e4hrigen sind halt anders zu bewerten als die von fr\u00fchreifen 16-J\u00e4hrigen.<\/strong><\/p>\n<blockquote class=\"twitter-tweet\">\n<p dir=\"ltr\" lang=\"de\">Zwei Schlagzeilen in einen Bild. <a href=\"https:\/\/twitter.com\/hashtag\/AmthorRuecktritt?src=hash&amp;ref_src=twsrc%5Etfw\">#AmthorRuecktritt<\/a> <a href=\"https:\/\/t.co\/dNPdNv45Q3\">pic.twitter.com\/dNPdNv45Q3<\/a><\/p>\n<p>\u2014 Boris N. Moellers (@BorisNMoellers) <a href=\"https:\/\/twitter.com\/BorisNMoellers\/status\/1272838157659234305?ref_src=twsrc%5Etfw\">June 16, 2020<\/a><\/p><\/blockquote>\n<p><script async src=\"https:\/\/platform.twitter.com\/widgets.js\" charset=\"utf-8\"><\/script><br \/>\n&nbsp;<br \/>\n<strong>3. Politiker sollten \u00f6fters Klartext reden.<\/strong><\/p>\n<blockquote class=\"twitter-tweet\">\n<p dir=\"ltr\" lang=\"de\">Ohne \u00dcbersetzung kommen wir in dieser Diskussion nicht weiter.<a href=\"https:\/\/twitter.com\/hashtag\/AmthorRuecktritt?src=hash&amp;ref_src=twsrc%5Etfw\">#AmthorRuecktritt<\/a> <a href=\"https:\/\/t.co\/qsygx7dXSl\">pic.twitter.com\/qsygx7dXSl<\/a><\/p>\n<p>\u2014 4lert4 (@Alert4_Alert4) <a href=\"https:\/\/twitter.com\/Alert4_Alert4\/status\/1272953573039538182?ref_src=twsrc%5Etfw\">June 16, 2020<\/a><\/p><\/blockquote>\n<p><script async src=\"https:\/\/platform.twitter.com\/widgets.js\" charset=\"utf-8\"><\/script><br \/>\n&nbsp;<br \/>\n<strong>4. Deshalb ist Philipp Amthor vermutlich auch von sich selbst \u00fcberrascht, dass er diesen Fehler begangen hat.<\/strong><\/p>\n<blockquote class=\"twitter-tweet\">\n<p dir=\"ltr\" lang=\"de\">Wen will die Union eigentlich f\u00fcr dumm verkaufen? <a href=\"https:\/\/twitter.com\/hashtag\/Amthor?src=hash&amp;ref_src=twsrc%5Etfw\">#Amthor<\/a> ist weder zu jung noch hat er keine Ahnung. Er hat das 1. Examen mit Pr\u00e4dikat abgelegt und ist auf Staatsrecht spezialisiert. Der kann Euch das Abgeordnetengesetz nachts um drei im Halbschlaf runterbeten. <a href=\"https:\/\/twitter.com\/hashtag\/AmthorR%C3%BCcktritt?src=hash&amp;ref_src=twsrc%5Etfw\">#AmthorR\u00fccktritt<\/a><\/p>\n<p>\u2014 Kaj Hoffmann (@kajhoffmann) <a href=\"https:\/\/twitter.com\/kajhoffmann\/status\/1272888487340060673?ref_src=twsrc%5Etfw\">June 16, 2020<\/a><\/p><\/blockquote>\n<p><script async src=\"https:\/\/platform.twitter.com\/widgets.js\" charset=\"utf-8\"><\/script><br \/>\n&nbsp;<br \/>\n<strong>5. Aber diese jungen Menschen m\u00fcssen doch auch irgendwie ihre eigenen Erfahrungen machen und sich die H\u00f6rner absto\u00dfen.<\/strong><\/p>\n<blockquote class=\"twitter-tweet\">\n<p dir=\"ltr\" lang=\"de\">wenn die cdu jetzt pl\u00f6tzlich selbst sagt dass amthor ein junges naives k\u00e4tzchen ist sollte man ihn erst recht von politischer verantwortung fernhalten oder <a href=\"https:\/\/twitter.com\/hashtag\/AmthorR%C3%BCcktritt?src=hash&amp;ref_src=twsrc%5Etfw\">#AmthorR\u00fccktritt<\/a><\/p>\n<p>\u2014 \u00f6zge \u015f\u0131m\u00f6zge \ud83d\udc7c\ud83c\udffb (@oezgeschmoezge) <a href=\"https:\/\/twitter.com\/oezgeschmoezge\/status\/1272849927467667457?ref_src=twsrc%5Etfw\">June 16, 2020<\/a><\/p><\/blockquote>\n<p><script async src=\"https:\/\/platform.twitter.com\/widgets.js\" charset=\"utf-8\"><\/script><br \/>\n&nbsp;<br \/>\n<strong>6. Alter sch\u00fctzt vor Torheit nicht \u2013 egal welches Alter. (Wortspiele mit Amthor und Torheit bitte selbst einf\u00fcgen.)<\/strong><\/p>\n<blockquote class=\"twitter-tweet\">\n<p dir=\"ltr\" lang=\"de\">Wer nicht wei\u00df, dass K\u00e4uflichkeit im Bundestag nichts zu suchen hat, der ist weder mit 20 noch mit 60 als Abgeordneter geeignet. Mit dem Alter hat das nichts zu tun. <a href=\"https:\/\/twitter.com\/hashtag\/AmthorRuecktritt?src=hash&amp;ref_src=twsrc%5Etfw\">#AmthorRuecktritt<\/a> <a href=\"https:\/\/twitter.com\/hashtag\/Amthor?src=hash&amp;ref_src=twsrc%5Etfw\">#Amthor<\/a> <a href=\"https:\/\/twitter.com\/hashtag\/Amthorgate?src=hash&amp;ref_src=twsrc%5Etfw\">#Amthorgate<\/a> <a href=\"https:\/\/t.co\/ys6bXHP6US\">https:\/\/t.co\/ys6bXHP6US<\/a><\/p>\n<p>\u2014 Matthias H\u00f6hn, MdB (@MatthiasHoehn) <a href=\"https:\/\/twitter.com\/MatthiasHoehn\/status\/1272816842348912640?ref_src=twsrc%5Etfw\">June 16, 2020<\/a><\/p><\/blockquote>\n<p><script async src=\"https:\/\/platform.twitter.com\/widgets.js\" charset=\"utf-8\"><\/script><br \/>\n&nbsp;<br \/>\n<strong>7. Gerade junge Menschen sind f\u00fcr die Tricks der Verf\u00fchrer empf\u00e4nglich.<\/strong><\/p>\n<blockquote class=\"twitter-tweet\">\n<p dir=\"ltr\" lang=\"de\">Ja wer kennt das nicht? Wer sich in jungen Jahren noch nicht von einem fadenscheinigen Unternehmen hat kaufen lassen, werfe den ersten Geldkoffer\ud83d\ude14<a href=\"https:\/\/twitter.com\/hashtag\/Amthor?src=hash&amp;ref_src=twsrc%5Etfw\">#Amthor<\/a> <a href=\"https:\/\/twitter.com\/hashtag\/AmthorGate?src=hash&amp;ref_src=twsrc%5Etfw\">#AmthorGate<\/a> <a href=\"https:\/\/twitter.com\/hashtag\/AmthorRuecktritt?src=hash&amp;ref_src=twsrc%5Etfw\">#AmthorRuecktritt<\/a> <a href=\"https:\/\/t.co\/eUbRNSAWVT\">https:\/\/t.co\/eUbRNSAWVT<\/a><\/p>\n<p>\u2014 Nils Claasen #BlackLivesMatter \ud83e\udde1\ud83c\udf39 (@claasen_nils) <a href=\"https:\/\/twitter.com\/claasen_nils\/status\/1272813108294307840?ref_src=twsrc%5Etfw\">June 16, 2020<\/a><\/p><\/blockquote>\n<p><script async src=\"https:\/\/platform.twitter.com\/widgets.js\" charset=\"utf-8\"><\/script><br \/>\n&nbsp;<br \/>\n<strong>8. Immer diese Hipster, die Philipp Amthor schon uncool fanden bevor es cool wurde ihn uncool zu finden.<\/strong><\/p>\n<blockquote class=\"twitter-tweet\">\n<p dir=\"ltr\" lang=\"de\">Philipp \ud83d\udc4f Amthor \ud83d\udc4f \u00e4u\u00dfert \ud83d\udc4f sich \ud83d\udc4f schon \ud83d\udc4f lange \ud83d\udc4f rassistisch \ud83d\udc4f und \ud83d\udc4f sexistisch \ud83d\udc4f und \ud83d\udc4f ist \ud83d\udc4f nicht \ud83d\udc4f erst \ud83d\udc4f seit \ud83d\udc4f dem \ud83d\udc4fLobbyskandal \ud83d\udc4f uncool \ud83d\udc4f<\/p>\n<p>\u2014 Lilly Blaudszun (@LillyBlaudszun) <a href=\"https:\/\/twitter.com\/LillyBlaudszun\/status\/1272633758131335176?ref_src=twsrc%5Etfw\">June 15, 2020<\/a><\/p><\/blockquote>\n<p><script async src=\"https:\/\/platform.twitter.com\/widgets.js\" charset=\"utf-8\"><\/script><br \/>\n&nbsp;<br \/>\n<strong>9. Nun mal bitte nicht l\u00e4stern! Immerhin sitzt im Vorstand von Augustus Intelligence niemand geringeres als Karl-Theodor zu Gutenberg.<\/strong><\/p>\n<blockquote class=\"twitter-tweet\">\n<p dir=\"ltr\" lang=\"de\">Was sagt das eigentlich \u00fcber eine Firma aus, wenn sie niemand besseren f\u00fcr ihre Lobbyarbeit gewinnen konnte, als Philipp Amthor <a href=\"https:\/\/twitter.com\/hashtag\/AmthorRuecktritt?src=hash&amp;ref_src=twsrc%5Etfw\">#AmthorRuecktritt<\/a> <a href=\"https:\/\/twitter.com\/hashtag\/Amthorgate?src=hash&amp;ref_src=twsrc%5Etfw\">#Amthorgate<\/a> <a href=\"https:\/\/twitter.com\/hashtag\/Amthor?src=hash&amp;ref_src=twsrc%5Etfw\">#Amthor<\/a><\/p>\n<p>\u2014 coffee1979 (@coffee19791) <a href=\"https:\/\/twitter.com\/coffee19791\/status\/1272799790938628096?ref_src=twsrc%5Etfw\">June 16, 2020<\/a><\/p><\/blockquote>\n<p><script async src=\"https:\/\/platform.twitter.com\/widgets.js\" charset=\"utf-8\"><\/script><br \/>\n&nbsp;<br \/>\n<strong>10. Ach ja, die CDU str\u00e4ubt sich ja nach wie vor gegen die Einf\u00fchrung eines Lobbyregisters.<\/strong><\/p>\n<blockquote class=\"instagram-media\" style=\"background: #FFF; border: 0; border-radius: 3px; box-shadow: 0 0 1px 0 rgba(0,0,0,0.5),0 1px 10px 0 rgba(0,0,0,0.15); margin: 1px; max-width: 540px; min-width: 326px; padding: 0; width: calc(100% - 2px);\" data-instgrm-permalink=\"https:\/\/www.instagram.com\/p\/CBiEE3CC40M\/?utm_source=ig_embed&amp;utm_campaign=loading\" data-instgrm-version=\"12\">\n<div style=\"padding: 16px;\">\n<p>&nbsp;<\/p>\n<div style=\"display: flex; flex-direction: row; align-items: center;\">\n<div style=\"background-color: #f4f4f4; border-radius: 50%; flex-grow: 0; height: 40px; margin-right: 14px; width: 40px;\"><\/div>\n<div style=\"display: flex; flex-direction: column; flex-grow: 1; justify-content: center;\">\n<div style=\"background-color: #f4f4f4; border-radius: 4px; flex-grow: 0; height: 14px; margin-bottom: 6px; width: 100px;\"><\/div>\n<div style=\"background-color: #f4f4f4; border-radius: 4px; flex-grow: 0; height: 14px; width: 60px;\"><\/div>\n<\/div>\n<\/div>\n<div style=\"padding: 19% 0;\"><\/div>\n<div style=\"display: block; height: 50px; margin: 0 auto 12px; width: 50px;\"><\/div>\n<div style=\"padding-top: 8px;\">\n<div style=\"color: #3897f0; font-family: Arial,sans-serif; font-size: 14px; font-style: normal; font-weight: 550; line-height: 18px;\">Sieh dir diesen Beitrag auf Instagram an<\/div>\n<\/div>\n<div style=\"padding: 12.5% 0;\"><\/div>\n<div style=\"display: flex; flex-direction: row; margin-bottom: 14px; align-items: center;\">\n<div>\n<div style=\"background-color: #f4f4f4; border-radius: 50%; height: 12.5px; width: 12.5px; transform: translateX(0px) translateY(7px);\"><\/div>\n<div style=\"background-color: #f4f4f4; height: 12.5px; transform: rotate(-45deg) translateX(3px) translateY(1px); width: 12.5px; flex-grow: 0; margin-right: 14px; margin-left: 2px;\"><\/div>\n<div style=\"background-color: #f4f4f4; border-radius: 50%; height: 12.5px; width: 12.5px; transform: translateX(9px) translateY(-18px);\"><\/div>\n<\/div>\n<div style=\"margin-left: 8px;\">\n<div style=\"background-color: #f4f4f4; border-radius: 50%; flex-grow: 0; height: 20px; width: 20px;\"><\/div>\n<div style=\"width: 0; height: 0; border-top: 2px solid transparent; border-left: 6px solid #f4f4f4; border-bottom: 2px solid transparent; transform: translateX(16px) translateY(-4px) rotate(30deg);\"><\/div>\n<\/div>\n<div style=\"margin-left: auto;\">\n<div style=\"width: 0px; border-top: 8px solid #F4F4F4; border-right: 8px solid transparent; transform: translateY(16px);\"><\/div>\n<div style=\"background-color: #f4f4f4; flex-grow: 0; height: 12px; width: 16px; transform: translateY(-4px);\"><\/div>\n<div style=\"width: 0; height: 0; border-top: 8px solid #F4F4F4; border-left: 8px solid transparent; transform: translateY(-4px) translateX(8px);\"><\/div>\n<\/div>\n<\/div>\n<div style=\"display: flex; flex-direction: column; flex-grow: 1; justify-content: center; margin-bottom: 24px;\">\n<div style=\"background-color: #f4f4f4; border-radius: 4px; flex-grow: 0; height: 14px; margin-bottom: 6px; width: 224px;\"><\/div>\n<div style=\"background-color: #f4f4f4; border-radius: 4px; flex-grow: 0; height: 14px; width: 144px;\"><\/div>\n<\/div>\n<p>&nbsp;<\/p>\n<p style=\"color: #c9c8cd; font-family: Arial,sans-serif; font-size: 14px; line-height: 17px; margin-bottom: 0; margin-top: 8px; overflow: hidden; padding: 8px 0 7px; text-align: center; text-overflow: ellipsis; white-space: nowrap;\"><a style=\"color: #c9c8cd; font-family: Arial,sans-serif; font-size: 14px; font-style: normal; font-weight: normal; line-height: 17px; text-decoration: none;\" href=\"https:\/\/www.instagram.com\/p\/CBiEE3CC40M\/?utm_source=ig_embed&amp;utm_campaign=loading\" target=\"_blank\" rel=\"noopener noreferrer\">Ein Beitrag geteilt von DIE LINKE (@dielinke)<\/a> am <time style=\"font-family: Arial,sans-serif; font-size: 14px; line-height: 17px;\" datetime=\"2020-06-17T10:06:39+00:00\">Jun 17, 2020 um 3:06 PDT<\/time><\/p>\n<\/div>\n<\/blockquote>\n<p><script async src=\"\/instagram-embed.js\"><\/script><br \/>\n&nbsp;<br \/>\n<strong>11. Es mag eine Spitzfindigkeit sein, aber wo er recht hat, hat er recht. Zumindest hat sich Philipp Amthor aus dem Amri-Untersuchungsausschuss zur\u00fcckgezogen.<\/strong><\/p>\n<blockquote class=\"twitter-tweet\">\n<p dir=\"ltr\" lang=\"de\">Meines Wissens nach hat Philipp Amthor gar kein politisch relevantes Amt, von dem er zur\u00fccktreten k\u00f6nnte. Wenn ihr wollt, dass er nicht mehr im Bundestag sitzt, w\u00e4re &#8222;Niederlegung&#8220; (des Mandates) das passende Hauptwort.<br \/>\nOder seid ihr alle keine Muttersprachler?<a href=\"https:\/\/twitter.com\/hashtag\/AmthorRuecktritt?src=hash&amp;ref_src=twsrc%5Etfw\">#AmthorRuecktritt<\/a><\/p>\n<p>\u2014 Wayne Schlegel (@WayneSchlegel_) <a href=\"https:\/\/twitter.com\/WayneSchlegel_\/status\/1272849441100304384?ref_src=twsrc%5Etfw\">June 16, 2020<\/a><\/p><\/blockquote>\n<p><script async src=\"https:\/\/platform.twitter.com\/widgets.js\" charset=\"utf-8\"><\/script><br \/>\n&nbsp;<br \/>\n<strong>12. Letztlich ist so eine Lobbyismus-Aff\u00e4re wirksamer als jede Imagekampagne.<\/strong><\/p>\n<blockquote class=\"instagram-media\" style=\"background: #FFF; border: 0; border-radius: 3px; box-shadow: 0 0 1px 0 rgba(0,0,0,0.5),0 1px 10px 0 rgba(0,0,0,0.15); margin: 1px; max-width: 540px; min-width: 326px; padding: 0; width: calc(100% - 2px);\" data-instgrm-permalink=\"https:\/\/www.instagram.com\/p\/CBiDwKgqwGc\/?utm_source=ig_embed&amp;utm_campaign=loading\" data-instgrm-version=\"12\">\n<div style=\"padding: 16px;\">\n<p>&nbsp;<\/p>\n<div style=\"display: flex; flex-direction: row; align-items: center;\">\n<div style=\"background-color: #f4f4f4; border-radius: 50%; flex-grow: 0; height: 40px; margin-right: 14px; width: 40px;\"><\/div>\n<div style=\"display: flex; flex-direction: column; flex-grow: 1; justify-content: center;\">\n<div style=\"background-color: #f4f4f4; border-radius: 4px; flex-grow: 0; height: 14px; margin-bottom: 6px; width: 100px;\"><\/div>\n<div style=\"background-color: #f4f4f4; border-radius: 4px; flex-grow: 0; height: 14px; width: 60px;\"><\/div>\n<\/div>\n<\/div>\n<div style=\"padding: 19% 0;\"><\/div>\n<div style=\"display: block; height: 50px; margin: 0 auto 12px; width: 50px;\"><\/div>\n<div style=\"padding-top: 8px;\">\n<div style=\"color: #3897f0; font-family: Arial,sans-serif; font-size: 14px; font-style: normal; font-weight: 550; line-height: 18px;\">Sieh dir diesen Beitrag auf Instagram an<\/div>\n<\/div>\n<div style=\"padding: 12.5% 0;\"><\/div>\n<div style=\"display: flex; flex-direction: row; margin-bottom: 14px; align-items: center;\">\n<div>\n<div style=\"background-color: #f4f4f4; border-radius: 50%; height: 12.5px; width: 12.5px; transform: translateX(0px) translateY(7px);\"><\/div>\n<div style=\"background-color: #f4f4f4; height: 12.5px; transform: rotate(-45deg) translateX(3px) translateY(1px); width: 12.5px; flex-grow: 0; margin-right: 14px; margin-left: 2px;\"><\/div>\n<div style=\"background-color: #f4f4f4; border-radius: 50%; height: 12.5px; width: 12.5px; transform: translateX(9px) translateY(-18px);\"><\/div>\n<\/div>\n<div style=\"margin-left: 8px;\">\n<div style=\"background-color: #f4f4f4; border-radius: 50%; flex-grow: 0; height: 20px; width: 20px;\"><\/div>\n<div style=\"width: 0; height: 0; border-top: 2px solid transparent; border-left: 6px solid #f4f4f4; border-bottom: 2px solid transparent; transform: translateX(16px) translateY(-4px) rotate(30deg);\"><\/div>\n<\/div>\n<div style=\"margin-left: auto;\">\n<div style=\"width: 0px; border-top: 8px solid #F4F4F4; border-right: 8px solid transparent; transform: translateY(16px);\"><\/div>\n<div style=\"background-color: #f4f4f4; flex-grow: 0; height: 12px; width: 16px; transform: translateY(-4px);\"><\/div>\n<div style=\"width: 0; height: 0; border-top: 8px solid #F4F4F4; border-left: 8px solid transparent; transform: translateY(-4px) translateX(8px);\"><\/div>\n<\/div>\n<\/div>\n<div style=\"display: flex; flex-direction: column; flex-grow: 1; justify-content: center; margin-bottom: 24px;\">\n<div style=\"background-color: #f4f4f4; border-radius: 4px; flex-grow: 0; height: 14px; margin-bottom: 6px; width: 224px;\"><\/div>\n<div style=\"background-color: #f4f4f4; border-radius: 4px; flex-grow: 0; height: 14px; width: 144px;\"><\/div>\n<\/div>\n<p>&nbsp;<\/p>\n<p style=\"color: #c9c8cd; font-family: Arial,sans-serif; font-size: 14px; line-height: 17px; margin-bottom: 0; margin-top: 8px; overflow: hidden; padding: 8px 0 7px; text-align: center; text-overflow: ellipsis; white-space: nowrap;\"><a style=\"color: #c9c8cd; font-family: Arial,sans-serif; font-size: 14px; font-style: normal; font-weight: normal; line-height: 17px; text-decoration: none;\" href=\"https:\/\/www.instagram.com\/p\/CBiDwKgqwGc\/?utm_source=ig_embed&amp;utm_campaign=loading\" target=\"_blank\" rel=\"noopener noreferrer\">Ein Beitrag geteilt von WDR 5 politisch (@wdr5politisch)<\/a> am <time style=\"font-family: Arial,sans-serif; font-size: 14px; line-height: 17px;\" datetime=\"2020-06-17T10:03:54+00:00\">Jun 17, 2020 um 3:03 PDT<\/time><\/p>\n<\/div>\n<\/blockquote>\n<p><script async src=\"\/instagram-embed.js\"><\/script><br \/>\n&nbsp;<br \/>\n<strong>13. Man muss in dieser Sache auch mal an die Satiriker und Memes-Bastler denken.<\/strong><\/p>\n<blockquote class=\"twitter-tweet\">\n<p dir=\"ltr\" lang=\"de\">Das <a href=\"https:\/\/twitter.com\/hashtag\/AmthorRuecktritt?src=hash&amp;ref_src=twsrc%5Etfw\">#AmthorRuecktritt<\/a> trendet finde ich schade, ich m\u00f6chte auch in Zukunft mit Amthor Memes versorgt werden <a href=\"https:\/\/t.co\/F1VTQmkLhl\">pic.twitter.com\/F1VTQmkLhl<\/a><\/p>\n<p>\u2014 s\u00f8ra \u2661 (@GamerKH) <a href=\"https:\/\/twitter.com\/GamerKH\/status\/1272803647781580801?ref_src=twsrc%5Etfw\">June 16, 2020<\/a><\/p><\/blockquote>\n<p><script async src=\"https:\/\/platform.twitter.com\/widgets.js\" charset=\"utf-8\"><\/script><br \/>\n&#8212;<br \/>\nDanke an alle f\u00fcr die Postings!<br \/>\n&#8212;<br \/>\n<strong>Keine Influencer! Kein Foodporn! Nur ganz viel Spa\u00df &#8211; bei uns auf Instagram:<\/strong><br \/>\nhttps:\/\/www.instagram.com\/p\/CBiPjnRn6w2\/<\/p>\n","protected":false},"excerpt":{"rendered":"<p>Da ist man gerade eben noch ein aufstrebender Jungpolitiker und Hoffnungstr\u00e4ger seiner Partei und nur einen Enth\u00fcllungsbericht sp\u00e4ter hat man eine Lobbyismus-Aff\u00e4re an der Backe&#8230;.<\/p>\n","protected":false},"author":72,"featured_media":127922,"comment_status":"open","ping_status":"open","sticky":false,"template":"","format":"standard","meta":{"_acf_changed":false,"footnotes":""},"categories":[35],"tags":[2569,4160,2764],"class_list":["post-127906","post","type-post","status-publish","format-standard","has-post-thumbnail","hentry","category-twitter","tag-amthor","tag-lobbyismus","tag-philipp-amthor"],"acf":[],"yoast_head":"<!-- This site is optimized with the Yoast SEO plugin v27.5 - https:\/\/yoast.com\/product\/yoast-seo-wordpress\/ -->\n<title>Die 13 bissigsten Kommentare zum Eigentor von Philipp Amthor<\/title>\n<meta name=\"robots\" content=\"index, follow, max-snippet:-1, max-image-preview:large, max-video-preview:-1\" \/>\n<link rel=\"canonical\" href=\"https:\/\/www.thebestsocial.media\/de\/amthorruecktritt-die-13-bissigsten-kommentare-zum-eigenthor-von-philipp\/\" \/>\n<meta property=\"og:locale\" content=\"de_DE\" \/>\n<meta property=\"og:type\" content=\"article\" \/>\n<meta property=\"og:title\" content=\"#AmthorRuecktritt: Die 13 bissigsten Kommentare zum Eigenthor von Philipp\" \/>\n<meta property=\"og:description\" content=\"Da ist man gerade eben noch ein aufstrebender Jungpolitiker und Hoffnungstr\u00e4ger seiner Partei und nur einen Enth\u00fcllungsbericht sp\u00e4ter hat man eine Lobbyismus-Aff\u00e4re an der Backe....\" \/>\n<meta property=\"og:url\" content=\"https:\/\/www.thebestsocial.media\/de\/amthorruecktritt-die-13-bissigsten-kommentare-zum-eigenthor-von-philipp\/\" \/>\n<meta property=\"og:site_name\" content=\"The Best Social Media DE\" \/>\n<meta property=\"article:published_time\" content=\"2020-06-17T13:28:06+00:00\" \/>\n<meta property=\"article:modified_time\" content=\"2020-06-17T13:30:53+00:00\" \/>\n<meta property=\"og:image\" content=\"https:\/\/www.thebestsocial.media\/de\/wp-content\/uploads\/sites\/3\/2020\/06\/amthor.png\" \/>\n\t<meta property=\"og:image:width\" content=\"1200\" \/>\n\t<meta property=\"og:image:height\" content=\"628\" \/>\n\t<meta property=\"og:image:type\" content=\"image\/png\" \/>\n<meta name=\"author\" content=\"Benny\" \/>\n<meta name=\"twitter:card\" content=\"summary_large_image\" \/>\n<meta name=\"twitter:label1\" content=\"Verfasst von\" \/>\n\t<meta name=\"twitter:data1\" content=\"Benny\" \/>\n\t<meta name=\"twitter:label2\" content=\"Gesch\u00e4tzte Lesezeit\" \/>\n\t<meta name=\"twitter:data2\" content=\"4\u00a0Minuten\" \/>\n<script type=\"application\/ld+json\" class=\"yoast-schema-graph\">{\"@context\":\"https:\\\/\\\/schema.org\",\"@graph\":[{\"@type\":\"Article\",\"@id\":\"https:\\\/\\\/www.thebestsocial.media\\\/de\\\/amthorruecktritt-die-13-bissigsten-kommentare-zum-eigenthor-von-philipp\\\/#article\",\"isPartOf\":{\"@id\":\"https:\\\/\\\/www.thebestsocial.media\\\/de\\\/amthorruecktritt-die-13-bissigsten-kommentare-zum-eigenthor-von-philipp\\\/\"},\"author\":{\"name\":\"Benny\",\"@id\":\"https:\\\/\\\/www.thebestsocial.media\\\/de\\\/#\\\/schema\\\/person\\\/212fdd48880db42a484e589e4e27871b\"},\"headline\":\"#AmthorRuecktritt: Die 13 bissigsten Kommentare zum Eigenthor von Philipp\",\"datePublished\":\"2020-06-17T13:28:06+00:00\",\"dateModified\":\"2020-06-17T13:30:53+00:00\",\"mainEntityOfPage\":{\"@id\":\"https:\\\/\\\/www.thebestsocial.media\\\/de\\\/amthorruecktritt-die-13-bissigsten-kommentare-zum-eigenthor-von-philipp\\\/\"},\"wordCount\":747,\"commentCount\":0,\"image\":{\"@id\":\"https:\\\/\\\/www.thebestsocial.media\\\/de\\\/amthorruecktritt-die-13-bissigsten-kommentare-zum-eigenthor-von-philipp\\\/#primaryimage\"},\"thumbnailUrl\":\"https:\\\/\\\/www.thebestsocial.media\\\/de\\\/wp-content\\\/uploads\\\/sites\\\/3\\\/2020\\\/06\\\/senior-4561704_1920.jpg\",\"keywords\":[\"Amthor\",\"Lobbyismus\",\"Philipp Amthor\"],\"articleSection\":[\"Twitter\"],\"inLanguage\":\"de\",\"potentialAction\":[{\"@type\":\"CommentAction\",\"name\":\"Comment\",\"target\":[\"https:\\\/\\\/www.thebestsocial.media\\\/de\\\/amthorruecktritt-die-13-bissigsten-kommentare-zum-eigenthor-von-philipp\\\/#respond\"]}]},{\"@type\":\"WebPage\",\"@id\":\"https:\\\/\\\/www.thebestsocial.media\\\/de\\\/amthorruecktritt-die-13-bissigsten-kommentare-zum-eigenthor-von-philipp\\\/\",\"url\":\"https:\\\/\\\/www.thebestsocial.media\\\/de\\\/amthorruecktritt-die-13-bissigsten-kommentare-zum-eigenthor-von-philipp\\\/\",\"name\":\"Die 13 bissigsten Kommentare zum Eigentor von Philipp Amthor\",\"isPartOf\":{\"@id\":\"https:\\\/\\\/www.thebestsocial.media\\\/de\\\/#website\"},\"primaryImageOfPage\":{\"@id\":\"https:\\\/\\\/www.thebestsocial.media\\\/de\\\/amthorruecktritt-die-13-bissigsten-kommentare-zum-eigenthor-von-philipp\\\/#primaryimage\"},\"image\":{\"@id\":\"https:\\\/\\\/www.thebestsocial.media\\\/de\\\/amthorruecktritt-die-13-bissigsten-kommentare-zum-eigenthor-von-philipp\\\/#primaryimage\"},\"thumbnailUrl\":\"https:\\\/\\\/www.thebestsocial.media\\\/de\\\/wp-content\\\/uploads\\\/sites\\\/3\\\/2020\\\/06\\\/senior-4561704_1920.jpg\",\"datePublished\":\"2020-06-17T13:28:06+00:00\",\"dateModified\":\"2020-06-17T13:30:53+00:00\",\"author\":{\"@id\":\"https:\\\/\\\/www.thebestsocial.media\\\/de\\\/#\\\/schema\\\/person\\\/212fdd48880db42a484e589e4e27871b\"},\"breadcrumb\":{\"@id\":\"https:\\\/\\\/www.thebestsocial.media\\\/de\\\/amthorruecktritt-die-13-bissigsten-kommentare-zum-eigenthor-von-philipp\\\/#breadcrumb\"},\"inLanguage\":\"de\",\"potentialAction\":[{\"@type\":\"ReadAction\",\"target\":[\"https:\\\/\\\/www.thebestsocial.media\\\/de\\\/amthorruecktritt-die-13-bissigsten-kommentare-zum-eigenthor-von-philipp\\\/\"]}]},{\"@type\":\"ImageObject\",\"inLanguage\":\"de\",\"@id\":\"https:\\\/\\\/www.thebestsocial.media\\\/de\\\/amthorruecktritt-die-13-bissigsten-kommentare-zum-eigenthor-von-philipp\\\/#primaryimage\",\"url\":\"https:\\\/\\\/www.thebestsocial.media\\\/de\\\/wp-content\\\/uploads\\\/sites\\\/3\\\/2020\\\/06\\\/senior-4561704_1920.jpg\",\"contentUrl\":\"https:\\\/\\\/www.thebestsocial.media\\\/de\\\/wp-content\\\/uploads\\\/sites\\\/3\\\/2020\\\/06\\\/senior-4561704_1920.jpg\",\"width\":1920,\"height\":1280},{\"@type\":\"BreadcrumbList\",\"@id\":\"https:\\\/\\\/www.thebestsocial.media\\\/de\\\/amthorruecktritt-die-13-bissigsten-kommentare-zum-eigenthor-von-philipp\\\/#breadcrumb\",\"itemListElement\":[{\"@type\":\"ListItem\",\"position\":1,\"name\":\"Home\",\"item\":\"https:\\\/\\\/www.thebestsocial.media\\\/de\\\/\"},{\"@type\":\"ListItem\",\"position\":2,\"name\":\"#AmthorRuecktritt: Die 13 bissigsten Kommentare zum Eigenthor von Philipp\"}]},{\"@type\":\"WebSite\",\"@id\":\"https:\\\/\\\/www.thebestsocial.media\\\/de\\\/#website\",\"url\":\"https:\\\/\\\/www.thebestsocial.media\\\/de\\\/\",\"name\":\"The Best Social Media DE\",\"description\":\"\",\"potentialAction\":[{\"@type\":\"SearchAction\",\"target\":{\"@type\":\"EntryPoint\",\"urlTemplate\":\"https:\\\/\\\/www.thebestsocial.media\\\/de\\\/?s={search_term_string}\"},\"query-input\":{\"@type\":\"PropertyValueSpecification\",\"valueRequired\":true,\"valueName\":\"search_term_string\"}}],\"inLanguage\":\"de\"},{\"@type\":\"Person\",\"@id\":\"https:\\\/\\\/www.thebestsocial.media\\\/de\\\/#\\\/schema\\\/person\\\/212fdd48880db42a484e589e4e27871b\",\"name\":\"Benny\",\"image\":{\"@type\":\"ImageObject\",\"inLanguage\":\"de\",\"@id\":\"https:\\\/\\\/secure.gravatar.com\\\/avatar\\\/559f54fceb59ac8654d5ca40291d2ab87f2a9d79e48e8e3c19582477cde950bf?s=96&d=mm&r=g\",\"url\":\"https:\\\/\\\/secure.gravatar.com\\\/avatar\\\/559f54fceb59ac8654d5ca40291d2ab87f2a9d79e48e8e3c19582477cde950bf?s=96&d=mm&r=g\",\"contentUrl\":\"https:\\\/\\\/secure.gravatar.com\\\/avatar\\\/559f54fceb59ac8654d5ca40291d2ab87f2a9d79e48e8e3c19582477cde950bf?s=96&d=mm&r=g\",\"caption\":\"Benny\"},\"url\":\"https:\\\/\\\/www.thebestsocial.media\\\/de\\\/author\\\/bennykrueger\\\/\"}]}<\/script>\n<!-- \/ Yoast SEO plugin. -->","yoast_head_json":{"title":"Die 13 bissigsten Kommentare zum Eigentor von Philipp Amthor","robots":{"index":"index","follow":"follow","max-snippet":"max-snippet:-1","max-image-preview":"max-image-preview:large","max-video-preview":"max-video-preview:-1"},"canonical":"https:\/\/www.thebestsocial.media\/de\/amthorruecktritt-die-13-bissigsten-kommentare-zum-eigenthor-von-philipp\/","og_locale":"de_DE","og_type":"article","og_title":"#AmthorRuecktritt: Die 13 bissigsten Kommentare zum Eigenthor von Philipp","og_description":"Da ist man gerade eben noch ein aufstrebender Jungpolitiker und Hoffnungstr\u00e4ger seiner Partei und nur einen Enth\u00fcllungsbericht sp\u00e4ter hat man eine Lobbyismus-Aff\u00e4re an der Backe....","og_url":"https:\/\/www.thebestsocial.media\/de\/amthorruecktritt-die-13-bissigsten-kommentare-zum-eigenthor-von-philipp\/","og_site_name":"The Best Social Media DE","article_published_time":"2020-06-17T13:28:06+00:00","article_modified_time":"2020-06-17T13:30:53+00:00","og_image":[{"width":1200,"height":628,"url":"https:\/\/www.thebestsocial.media\/de\/wp-content\/uploads\/sites\/3\/2020\/06\/amthor.png","type":"image\/png"}],"author":"Benny","twitter_card":"summary_large_image","twitter_misc":{"Verfasst von":"Benny","Gesch\u00e4tzte Lesezeit":"4\u00a0Minuten"},"schema":{"@context":"https:\/\/schema.org","@graph":[{"@type":"Article","@id":"https:\/\/www.thebestsocial.media\/de\/amthorruecktritt-die-13-bissigsten-kommentare-zum-eigenthor-von-philipp\/#article","isPartOf":{"@id":"https:\/\/www.thebestsocial.media\/de\/amthorruecktritt-die-13-bissigsten-kommentare-zum-eigenthor-von-philipp\/"},"author":{"name":"Benny","@id":"https:\/\/www.thebestsocial.media\/de\/#\/schema\/person\/212fdd48880db42a484e589e4e27871b"},"headline":"#AmthorRuecktritt: Die 13 bissigsten Kommentare zum Eigenthor von Philipp","datePublished":"2020-06-17T13:28:06+00:00","dateModified":"2020-06-17T13:30:53+00:00","mainEntityOfPage":{"@id":"https:\/\/www.thebestsocial.media\/de\/amthorruecktritt-die-13-bissigsten-kommentare-zum-eigenthor-von-philipp\/"},"wordCount":747,"commentCount":0,"image":{"@id":"https:\/\/www.thebestsocial.media\/de\/amthorruecktritt-die-13-bissigsten-kommentare-zum-eigenthor-von-philipp\/#primaryimage"},"thumbnailUrl":"https:\/\/www.thebestsocial.media\/de\/wp-content\/uploads\/sites\/3\/2020\/06\/senior-4561704_1920.jpg","keywords":["Amthor","Lobbyismus","Philipp Amthor"],"articleSection":["Twitter"],"inLanguage":"de","potentialAction":[{"@type":"CommentAction","name":"Comment","target":["https:\/\/www.thebestsocial.media\/de\/amthorruecktritt-die-13-bissigsten-kommentare-zum-eigenthor-von-philipp\/#respond"]}]},{"@type":"WebPage","@id":"https:\/\/www.thebestsocial.media\/de\/amthorruecktritt-die-13-bissigsten-kommentare-zum-eigenthor-von-philipp\/","url":"https:\/\/www.thebestsocial.media\/de\/amthorruecktritt-die-13-bissigsten-kommentare-zum-eigenthor-von-philipp\/","name":"Die 13 bissigsten Kommentare zum Eigentor von Philipp Amthor","isPartOf":{"@id":"https:\/\/www.thebestsocial.media\/de\/#website"},"primaryImageOfPage":{"@id":"https:\/\/www.thebestsocial.media\/de\/amthorruecktritt-die-13-bissigsten-kommentare-zum-eigenthor-von-philipp\/#primaryimage"},"image":{"@id":"https:\/\/www.thebestsocial.media\/de\/amthorruecktritt-die-13-bissigsten-kommentare-zum-eigenthor-von-philipp\/#primaryimage"},"thumbnailUrl":"https:\/\/www.thebestsocial.media\/de\/wp-content\/uploads\/sites\/3\/2020\/06\/senior-4561704_1920.jpg","datePublished":"2020-06-17T13:28:06+00:00","dateModified":"2020-06-17T13:30:53+00:00","author":{"@id":"https:\/\/www.thebestsocial.media\/de\/#\/schema\/person\/212fdd48880db42a484e589e4e27871b"},"breadcrumb":{"@id":"https:\/\/www.thebestsocial.media\/de\/amthorruecktritt-die-13-bissigsten-kommentare-zum-eigenthor-von-philipp\/#breadcrumb"},"inLanguage":"de","potentialAction":[{"@type":"ReadAction","target":["https:\/\/www.thebestsocial.media\/de\/amthorruecktritt-die-13-bissigsten-kommentare-zum-eigenthor-von-philipp\/"]}]},{"@type":"ImageObject","inLanguage":"de","@id":"https:\/\/www.thebestsocial.media\/de\/amthorruecktritt-die-13-bissigsten-kommentare-zum-eigenthor-von-philipp\/#primaryimage","url":"https:\/\/www.thebestsocial.media\/de\/wp-content\/uploads\/sites\/3\/2020\/06\/senior-4561704_1920.jpg","contentUrl":"https:\/\/www.thebestsocial.media\/de\/wp-content\/uploads\/sites\/3\/2020\/06\/senior-4561704_1920.jpg","width":1920,"height":1280},{"@type":"BreadcrumbList","@id":"https:\/\/www.thebestsocial.media\/de\/amthorruecktritt-die-13-bissigsten-kommentare-zum-eigenthor-von-philipp\/#breadcrumb","itemListElement":[{"@type":"ListItem","position":1,"name":"Home","item":"https:\/\/www.thebestsocial.media\/de\/"},{"@type":"ListItem","position":2,"name":"#AmthorRuecktritt: Die 13 bissigsten Kommentare zum Eigenthor von Philipp"}]},{"@type":"WebSite","@id":"https:\/\/www.thebestsocial.media\/de\/#website","url":"https:\/\/www.thebestsocial.media\/de\/","name":"The Best Social Media DE","description":"","potentialAction":[{"@type":"SearchAction","target":{"@type":"EntryPoint","urlTemplate":"https:\/\/www.thebestsocial.media\/de\/?s={search_term_string}"},"query-input":{"@type":"PropertyValueSpecification","valueRequired":true,"valueName":"search_term_string"}}],"inLanguage":"de"},{"@type":"Person","@id":"https:\/\/www.thebestsocial.media\/de\/#\/schema\/person\/212fdd48880db42a484e589e4e27871b","name":"Benny","image":{"@type":"ImageObject","inLanguage":"de","@id":"https:\/\/secure.gravatar.com\/avatar\/559f54fceb59ac8654d5ca40291d2ab87f2a9d79e48e8e3c19582477cde950bf?s=96&d=mm&r=g","url":"https:\/\/secure.gravatar.com\/avatar\/559f54fceb59ac8654d5ca40291d2ab87f2a9d79e48e8e3c19582477cde950bf?s=96&d=mm&r=g","contentUrl":"https:\/\/secure.gravatar.com\/avatar\/559f54fceb59ac8654d5ca40291d2ab87f2a9d79e48e8e3c19582477cde950bf?s=96&d=mm&r=g","caption":"Benny"},"url":"https:\/\/www.thebestsocial.media\/de\/author\/bennykrueger\/"}]}},"amp_enabled":true,"_links":{"self":[{"href":"https:\/\/www.thebestsocial.media\/de\/wp-json\/wp\/v2\/posts\/127906","targetHints":{"allow":["GET"]}}],"collection":[{"href":"https:\/\/www.thebestsocial.media\/de\/wp-json\/wp\/v2\/posts"}],"about":[{"href":"https:\/\/www.thebestsocial.media\/de\/wp-json\/wp\/v2\/types\/post"}],"author":[{"embeddable":true,"href":"https:\/\/www.thebestsocial.media\/de\/wp-json\/wp\/v2\/users\/72"}],"replies":[{"embeddable":true,"href":"https:\/\/www.thebestsocial.media\/de\/wp-json\/wp\/v2\/comments?post=127906"}],"version-history":[{"count":13,"href":"https:\/\/www.thebestsocial.media\/de\/wp-json\/wp\/v2\/posts\/127906\/revisions"}],"predecessor-version":[{"id":127929,"href":"https:\/\/www.thebestsocial.media\/de\/wp-json\/wp\/v2\/posts\/127906\/revisions\/127929"}],"wp:featuredmedia":[{"embeddable":true,"href":"https:\/\/www.thebestsocial.media\/de\/wp-json\/wp\/v2\/media\/127922"}],"wp:attachment":[{"href":"https:\/\/www.thebestsocial.media\/de\/wp-json\/wp\/v2\/media?parent=127906"}],"wp:term":[{"taxonomy":"category","embeddable":true,"href":"https:\/\/www.thebestsocial.media\/de\/wp-json\/wp\/v2\/categories?post=127906"},{"taxonomy":"post_tag","embeddable":true,"href":"https:\/\/www.thebestsocial.media\/de\/wp-json\/wp\/v2\/tags?post=127906"}],"curies":[{"name":"wp","href":"https:\/\/api.w.org\/{rel}","templated":true}]}}