{"id":126731,"date":"2020-06-02T13:49:44","date_gmt":"2020-06-02T13:49:44","guid":{"rendered":"https:\/\/www.thebestsocial.media\/de\/?p=126731"},"modified":"2020-06-02T14:22:00","modified_gmt":"2020-06-02T14:22:00","slug":"so-zeigen-menschen-und-firmen-weltweit-solidaritaet-mit-blacklivesmatter","status":"publish","type":"post","link":"https:\/\/www.thebestsocial.media\/de\/so-zeigen-menschen-und-firmen-weltweit-solidaritaet-mit-blacklivesmatter\/","title":{"rendered":"So zeigen Menschen und Firmen weltweit Solidarit\u00e4t"},"content":{"rendered":"<p>Rund um den Globus fordert eine gro\u00dfe Gruppe von Menschen gesellschaftliche Ver\u00e4nderungen. Grund daf\u00fcr ist der Tod des Amerikaners George Floyd durch einen wei\u00dfen Polizisten. Mit dem Slogan #blacklivesmatter wird in den sozialen Medien dazu aufgerufen, den Rassismus endlich zu stoppen. Und auch wenn die hintergr\u00fcndigen Geschehenisse durchweg negativ und schrecklich sind, kann man in den Postings aus den vergangenen Tagen durchaus auch positive Impulse ziehen. <\/p>\n<p>&nbsp;<\/p>\n<h3>Der FC Liverpool setzte am Montag beim Training ein Zeichen und ging in die Knie.<\/h3>\n<div class=\"dbsm-oembed\">\n<blockquote class=\"twitter-tweet\" data-width=\"500\" data-dnt=\"true\">\n<p lang=\"en\" dir=\"ltr\">Unity is strength! <a href=\"https:\/\/twitter.com\/hashtag\/BlackLivesMatter?src=hash&amp;ref_src=twsrc%5Etfw\">#BlackLivesMatter<\/a> <a href=\"https:\/\/t.co\/NSyaK3GLz5\">pic.twitter.com\/NSyaK3GLz5<\/a><\/p>\n<p>&mdash; Curtis Jones (@curtisjr_10) <a href=\"https:\/\/twitter.com\/curtisjr_10\/status\/1267513019753431041?ref_src=twsrc%5Etfw\">June 1, 2020<\/a><\/p><\/blockquote>\n<p><script async src=\"https:\/\/platform.twitter.com\/widgets.js\" charset=\"utf-8\"><\/script><\/div>\n<p>&nbsp;<\/p>\n<h3>Solidarit\u00e4t aus Syrien&#8230;<\/h3>\n<div class=\"dbsm-oembed\">\n<blockquote class=\"twitter-tweet\" data-width=\"500\" data-dnt=\"true\">\n<p lang=\"de\" dir=\"ltr\">Solidarit\u00e4t. Aus Syrien in die USA. Dier Verletzten vergessen die Verletzten nicht. <a href=\"https:\/\/t.co\/tO2416SlSK\">pic.twitter.com\/tO2416SlSK<\/a><\/p>\n<p>&mdash; Tarek Ba\u00e9 (@Tarek_Bae) <a href=\"https:\/\/twitter.com\/Tarek_Bae\/status\/1267503123968528392?ref_src=twsrc%5Etfw\">June 1, 2020<\/a><\/p><\/blockquote>\n<p><script async src=\"https:\/\/platform.twitter.com\/widgets.js\" charset=\"utf-8\"><\/script><\/div>\n<p>&nbsp;<\/p>\n<h3>&#8230; und von wei\u00dfen Nachbarn in den USA.<\/h3>\n<div class=\"dbsm-oembed\">\n<blockquote class=\"twitter-tweet\" data-width=\"500\" data-dnt=\"true\">\n<p lang=\"de\" dir=\"ltr\">Bei all den Gewalttaten und Pl\u00fcnderungen in Amerika gibt es auch tolle Momente der Solidarit\u00e4t. Wei\u00dfe Nachbarn knien nieder und bitten ihre schwarzen Nachbarn um Vergebung, f\u00fcr all die Jahre des Rassismus.<a href=\"https:\/\/twitter.com\/hashtag\/GeorgeFloyd?src=hash&amp;ref_src=twsrc%5Etfw\">#GeorgeFloyd<\/a> <a href=\"https:\/\/t.co\/KWd7nuv1Sq\">pic.twitter.com\/KWd7nuv1Sq<\/a><\/p>\n<p>&mdash; EHA News &#8211; Deutsch (@eha_deutsch) <a href=\"https:\/\/twitter.com\/eha_deutsch\/status\/1267474203969798144?ref_src=twsrc%5Etfw\">June 1, 2020<\/a><\/p><\/blockquote>\n<p><script async src=\"https:\/\/platform.twitter.com\/widgets.js\" charset=\"utf-8\"><\/script><\/div>\n<p>&nbsp;<\/p>\n<h3>Surreale Bilder.<\/h3>\n<div class=\"dbsm-oembed\">\n<blockquote class=\"twitter-tweet\" data-width=\"500\" data-dnt=\"true\">\n<p lang=\"en\" dir=\"ltr\">Helicopter isn\u2019t moving and neither is the crowd. The show of military force on US streets is like nothing I would have believed if I weren\u2019t here <a href=\"https:\/\/t.co\/80UnzDNx17\">pic.twitter.com\/80UnzDNx17<\/a><\/p>\n<p>&mdash; Katie Hill (@KatieHill4CA) <a href=\"https:\/\/twitter.com\/KatieHill4CA\/status\/1267638733089751040?ref_src=twsrc%5Etfw\">June 2, 2020<\/a><\/p><\/blockquote>\n<p><script async src=\"https:\/\/platform.twitter.com\/widgets.js\" charset=\"utf-8\"><\/script><\/div>\n<p>&nbsp;<\/p>\n<h3>Der viral gegangene Kniefall der Polizei vor Demonstranten sorgt auch f\u00fcr Kritik. Vor allem im Bezug auf weitere Polizeigewalt.<\/h3>\n<p>https:\/\/www.facebook.com\/ShahakShapira\/posts\/2660031297653566<\/p>\n<div class=\"dbsm-oembed\">\n<blockquote class=\"twitter-tweet\" data-width=\"500\" data-dnt=\"true\">\n<p lang=\"en\" dir=\"ltr\">p r o p a g a n d a is the most important weapon in a fascist society <a href=\"https:\/\/t.co\/TfroWDCguF\">https:\/\/t.co\/TfroWDCguF<\/a><\/p>\n<p>&mdash; indie (@INDIEWASHERE) <a href=\"https:\/\/twitter.com\/INDIEWASHERE\/status\/1267536267149017089?ref_src=twsrc%5Etfw\">June 1, 2020<\/a><\/p><\/blockquote>\n<p><script async src=\"https:\/\/platform.twitter.com\/widgets.js\" charset=\"utf-8\"><\/script><\/div>\n<blockquote class=\"twitter-tweet\" data-conversation=\"none\">\n<p lang=\"en\" dir=\"ltr\">*Cops kneeling <br \/>Cops after kneeling: ok let em have the tear gas<\/p>\n<p>&mdash; Kev (@KCab08) <a href=\"https:\/\/twitter.com\/KCab08\/status\/1267614774646448132?ref_src=twsrc%5Etfw\">June 2, 2020<\/a><\/p><\/blockquote>\n<p> <script async src=\"https:\/\/platform.twitter.com\/widgets.js\" charset=\"utf-8\"><\/script><\/p>\n<p>&nbsp;<\/p>\n<h3>Viele Marken stehen hinter den Demonstranten.<\/h3>\n<p>https:\/\/www.instagram.com\/p\/CAygJoHABcX\/<br \/>\nhttps:\/\/www.instagram.com\/p\/CA012Z3nM6n\/<br \/>\nhttps:\/\/www.instagram.com\/p\/CA3o6L7jPuk\/<\/p>\n<p>&nbsp;<\/p>\n<h3>Auch in deutschen St\u00e4dten gibt es zahlreiche Demos.<\/h3>\n<p>https:\/\/twitter.com\/babiebearjk\/status\/1267042029944614917<\/p>\n<p>&nbsp;<\/p>\n<h3>Seth Rogan inklusiver starker Caption.<\/h3>\n<p>https:\/\/www.instagram.com\/p\/CA5y_I5hag8\/<\/p>\n<p>&nbsp;<\/p>\n<h3>Microsoft gibt denjenigen die B\u00fchne, denen sie geh\u00f6rt.<\/h3>\n<div class=\"dbsm-oembed\">\n<blockquote class=\"twitter-tweet\" data-width=\"500\" data-dnt=\"true\">\n<p lang=\"en\" dir=\"ltr\">At this time, we will be using our platform to amplify voices from the Black and African American community at Microsoft. <\/p>\n<p>And we\u2019re starting with Megan Carpenter: <a href=\"https:\/\/t.co\/cFFHxFQCrQ\">https:\/\/t.co\/cFFHxFQCrQ<\/a>. <a href=\"https:\/\/t.co\/nDrMi4MPR2\">pic.twitter.com\/nDrMi4MPR2<\/a><\/p>\n<p>&mdash; Microsoft (@Microsoft) <a href=\"https:\/\/twitter.com\/Microsoft\/status\/1267491927110438912?ref_src=twsrc%5Etfw\">June 1, 2020<\/a><\/p><\/blockquote>\n<p><script async src=\"https:\/\/platform.twitter.com\/widgets.js\" charset=\"utf-8\"><\/script><\/div>\n<p>&nbsp;<\/p>\n<h3>So auch X-Box.<\/h3>\n<div class=\"dbsm-oembed\">\n<blockquote class=\"twitter-tweet\" data-width=\"500\" data-dnt=\"true\">\n<p lang=\"en\" dir=\"ltr\">Xbox stands together with our fans, creators, colleagues, friends, and the entire African American &amp; Black Community against systemic racism and injustice.<\/p>\n<p>We are proud to join with <a href=\"https:\/\/twitter.com\/Microsoft?ref_src=twsrc%5Etfw\">@Microsoft<\/a> in amplifying Black and African American voices. <a href=\"https:\/\/t.co\/sHrXqf454y\">https:\/\/t.co\/sHrXqf454y<\/a><\/p>\n<p>&mdash; Xbox (@Xbox) <a href=\"https:\/\/twitter.com\/Xbox\/status\/1267500800688836608?ref_src=twsrc%5Etfw\">June 1, 2020<\/a><\/p><\/blockquote>\n<p><script async src=\"https:\/\/platform.twitter.com\/widgets.js\" charset=\"utf-8\"><\/script><\/div>\n<p>&nbsp;<\/p>\n<h3>Besonders auf Instagram dominiert heute der Hashtag #blackouttuesday &#8211; zahlreiche Politiker, Influencer und Memeseiten knipsen die Lichter ihrer Accounts aus und posten lediglich ein schwarzes Quadrat. Der zugeh\u00f6rige <a href=\"https:\/\/www.instagram.com\/explore\/tags\/blackouttuesday\/\">Hashtag<\/a> hat bereits knapp 10 Millionen Beitr\u00e4ge, unter <a href=\"https:\/\/www.instagram.com\/explore\/tags\/blacklivesmatter\/\">#blacklivesmatter<\/a> sind es fast 15 Millionen. <\/h3>\n<p>https:\/\/www.instagram.com\/p\/CA7dTyynfPp\/<\/p>\n<p>https:\/\/www.instagram.com\/p\/CA7z09lDU5R\/<\/p>\n<p>https:\/\/www.instagram.com\/p\/CA7Vpe6qVXV\/<\/p>\n<p>&nbsp;<br \/>\nWas DU tun kannst? Einen kleinen Auszug an M\u00f6glichkeiten findest du <a href=\"https:\/\/www.slamonline.com\/the-magazine\/where-to-donate-support-black-lives-matter\/\">hier<\/a>.<\/p>\n","protected":false},"excerpt":{"rendered":"<p>Rund um den Globus fordert eine gro\u00dfe Gruppe von Menschen gesellschaftliche Ver\u00e4nderungen. Grund daf\u00fcr ist der Tod des Amerikaners George Floyd durch einen wei\u00dfen Polizisten&#8230;.<\/p>\n","protected":false},"author":14,"featured_media":126748,"comment_status":"open","ping_status":"open","sticky":false,"template":"","format":"standard","meta":{"_acf_changed":false,"footnotes":""},"categories":[1],"tags":[4107],"class_list":["post-126731","post","type-post","status-publish","format-standard","has-post-thumbnail","hentry","category-uncategorized","tag-blacklivesmatter"],"acf":[],"yoast_head":"<!-- This site is optimized with the Yoast SEO plugin v27.5 - https:\/\/yoast.com\/product\/yoast-seo-wordpress\/ -->\n<title>So zeigen Menschen und Firmen weltweit Solidarit\u00e4t - The Best Social Media DE<\/title>\n<meta name=\"robots\" content=\"index, follow, max-snippet:-1, max-image-preview:large, max-video-preview:-1\" \/>\n<link rel=\"canonical\" href=\"https:\/\/www.thebestsocial.media\/de\/so-zeigen-menschen-und-firmen-weltweit-solidaritaet-mit-blacklivesmatter\/\" \/>\n<meta property=\"og:locale\" content=\"de_DE\" \/>\n<meta property=\"og:type\" content=\"article\" \/>\n<meta property=\"og:title\" content=\"So zeigen Menschen und Firmen weltweit Solidarit\u00e4t\" \/>\n<meta property=\"og:description\" content=\"Rund um den Globus fordert eine gro\u00dfe Gruppe von Menschen gesellschaftliche Ver\u00e4nderungen. Grund daf\u00fcr ist der Tod des Amerikaners George Floyd durch einen wei\u00dfen Polizisten....\" \/>\n<meta property=\"og:url\" content=\"https:\/\/www.thebestsocial.media\/de\/so-zeigen-menschen-und-firmen-weltweit-solidaritaet-mit-blacklivesmatter\/\" \/>\n<meta property=\"og:site_name\" content=\"The Best Social Media DE\" \/>\n<meta property=\"article:published_time\" content=\"2020-06-02T13:49:44+00:00\" \/>\n<meta property=\"article:modified_time\" content=\"2020-06-02T14:22:00+00:00\" \/>\n<meta property=\"og:image\" content=\"https:\/\/www.thebestsocial.media\/de\/wp-content\/uploads\/sites\/3\/2020\/06\/solidar-1.png\" \/>\n\t<meta property=\"og:image:width\" content=\"1200\" \/>\n\t<meta property=\"og:image:height\" content=\"628\" \/>\n\t<meta property=\"og:image:type\" content=\"image\/png\" \/>\n<meta name=\"author\" content=\"Constanze\" \/>\n<meta name=\"twitter:card\" content=\"summary_large_image\" \/>\n<meta name=\"twitter:label1\" content=\"Verfasst von\" \/>\n\t<meta name=\"twitter:data1\" content=\"Constanze\" \/>\n\t<meta name=\"twitter:label2\" content=\"Gesch\u00e4tzte Lesezeit\" \/>\n\t<meta name=\"twitter:data2\" content=\"2\u00a0Minuten\" \/>\n<script type=\"application\/ld+json\" class=\"yoast-schema-graph\">{\"@context\":\"https:\\\/\\\/schema.org\",\"@graph\":[{\"@type\":\"Article\",\"@id\":\"https:\\\/\\\/www.thebestsocial.media\\\/de\\\/so-zeigen-menschen-und-firmen-weltweit-solidaritaet-mit-blacklivesmatter\\\/#article\",\"isPartOf\":{\"@id\":\"https:\\\/\\\/www.thebestsocial.media\\\/de\\\/so-zeigen-menschen-und-firmen-weltweit-solidaritaet-mit-blacklivesmatter\\\/\"},\"author\":{\"name\":\"Constanze\",\"@id\":\"https:\\\/\\\/www.thebestsocial.media\\\/de\\\/#\\\/schema\\\/person\\\/d1c756792eddf0f6cee18795050a9a19\"},\"headline\":\"So zeigen Menschen und Firmen weltweit Solidarit\u00e4t\",\"datePublished\":\"2020-06-02T13:49:44+00:00\",\"dateModified\":\"2020-06-02T14:22:00+00:00\",\"mainEntityOfPage\":{\"@id\":\"https:\\\/\\\/www.thebestsocial.media\\\/de\\\/so-zeigen-menschen-und-firmen-weltweit-solidaritaet-mit-blacklivesmatter\\\/\"},\"wordCount\":350,\"commentCount\":0,\"image\":{\"@id\":\"https:\\\/\\\/www.thebestsocial.media\\\/de\\\/so-zeigen-menschen-und-firmen-weltweit-solidaritaet-mit-blacklivesmatter\\\/#primaryimage\"},\"thumbnailUrl\":\"https:\\\/\\\/www.thebestsocial.media\\\/de\\\/wp-content\\\/uploads\\\/sites\\\/3\\\/2020\\\/06\\\/black_background.png\",\"keywords\":[\"Blacklivesmatter\"],\"articleSection\":[\"Uncategorized\"],\"inLanguage\":\"de\",\"potentialAction\":[{\"@type\":\"CommentAction\",\"name\":\"Comment\",\"target\":[\"https:\\\/\\\/www.thebestsocial.media\\\/de\\\/so-zeigen-menschen-und-firmen-weltweit-solidaritaet-mit-blacklivesmatter\\\/#respond\"]}]},{\"@type\":\"WebPage\",\"@id\":\"https:\\\/\\\/www.thebestsocial.media\\\/de\\\/so-zeigen-menschen-und-firmen-weltweit-solidaritaet-mit-blacklivesmatter\\\/\",\"url\":\"https:\\\/\\\/www.thebestsocial.media\\\/de\\\/so-zeigen-menschen-und-firmen-weltweit-solidaritaet-mit-blacklivesmatter\\\/\",\"name\":\"So zeigen Menschen und Firmen weltweit Solidarit\u00e4t - The Best Social Media DE\",\"isPartOf\":{\"@id\":\"https:\\\/\\\/www.thebestsocial.media\\\/de\\\/#website\"},\"primaryImageOfPage\":{\"@id\":\"https:\\\/\\\/www.thebestsocial.media\\\/de\\\/so-zeigen-menschen-und-firmen-weltweit-solidaritaet-mit-blacklivesmatter\\\/#primaryimage\"},\"image\":{\"@id\":\"https:\\\/\\\/www.thebestsocial.media\\\/de\\\/so-zeigen-menschen-und-firmen-weltweit-solidaritaet-mit-blacklivesmatter\\\/#primaryimage\"},\"thumbnailUrl\":\"https:\\\/\\\/www.thebestsocial.media\\\/de\\\/wp-content\\\/uploads\\\/sites\\\/3\\\/2020\\\/06\\\/black_background.png\",\"datePublished\":\"2020-06-02T13:49:44+00:00\",\"dateModified\":\"2020-06-02T14:22:00+00:00\",\"author\":{\"@id\":\"https:\\\/\\\/www.thebestsocial.media\\\/de\\\/#\\\/schema\\\/person\\\/d1c756792eddf0f6cee18795050a9a19\"},\"breadcrumb\":{\"@id\":\"https:\\\/\\\/www.thebestsocial.media\\\/de\\\/so-zeigen-menschen-und-firmen-weltweit-solidaritaet-mit-blacklivesmatter\\\/#breadcrumb\"},\"inLanguage\":\"de\",\"potentialAction\":[{\"@type\":\"ReadAction\",\"target\":[\"https:\\\/\\\/www.thebestsocial.media\\\/de\\\/so-zeigen-menschen-und-firmen-weltweit-solidaritaet-mit-blacklivesmatter\\\/\"]}]},{\"@type\":\"ImageObject\",\"inLanguage\":\"de\",\"@id\":\"https:\\\/\\\/www.thebestsocial.media\\\/de\\\/so-zeigen-menschen-und-firmen-weltweit-solidaritaet-mit-blacklivesmatter\\\/#primaryimage\",\"url\":\"https:\\\/\\\/www.thebestsocial.media\\\/de\\\/wp-content\\\/uploads\\\/sites\\\/3\\\/2020\\\/06\\\/black_background.png\",\"contentUrl\":\"https:\\\/\\\/www.thebestsocial.media\\\/de\\\/wp-content\\\/uploads\\\/sites\\\/3\\\/2020\\\/06\\\/black_background.png\",\"width\":685,\"height\":391},{\"@type\":\"BreadcrumbList\",\"@id\":\"https:\\\/\\\/www.thebestsocial.media\\\/de\\\/so-zeigen-menschen-und-firmen-weltweit-solidaritaet-mit-blacklivesmatter\\\/#breadcrumb\",\"itemListElement\":[{\"@type\":\"ListItem\",\"position\":1,\"name\":\"Home\",\"item\":\"https:\\\/\\\/www.thebestsocial.media\\\/de\\\/\"},{\"@type\":\"ListItem\",\"position\":2,\"name\":\"So zeigen Menschen und Firmen weltweit Solidarit\u00e4t\"}]},{\"@type\":\"WebSite\",\"@id\":\"https:\\\/\\\/www.thebestsocial.media\\\/de\\\/#website\",\"url\":\"https:\\\/\\\/www.thebestsocial.media\\\/de\\\/\",\"name\":\"The Best Social Media DE\",\"description\":\"\",\"potentialAction\":[{\"@type\":\"SearchAction\",\"target\":{\"@type\":\"EntryPoint\",\"urlTemplate\":\"https:\\\/\\\/www.thebestsocial.media\\\/de\\\/?s={search_term_string}\"},\"query-input\":{\"@type\":\"PropertyValueSpecification\",\"valueRequired\":true,\"valueName\":\"search_term_string\"}}],\"inLanguage\":\"de\"},{\"@type\":\"Person\",\"@id\":\"https:\\\/\\\/www.thebestsocial.media\\\/de\\\/#\\\/schema\\\/person\\\/d1c756792eddf0f6cee18795050a9a19\",\"name\":\"Constanze\",\"image\":{\"@type\":\"ImageObject\",\"inLanguage\":\"de\",\"@id\":\"https:\\\/\\\/secure.gravatar.com\\\/avatar\\\/773dfbea8e343d713fab9f9d260928e7d0cdec810ed77069deb62cbb28aa8aba?s=96&d=mm&r=g\",\"url\":\"https:\\\/\\\/secure.gravatar.com\\\/avatar\\\/773dfbea8e343d713fab9f9d260928e7d0cdec810ed77069deb62cbb28aa8aba?s=96&d=mm&r=g\",\"contentUrl\":\"https:\\\/\\\/secure.gravatar.com\\\/avatar\\\/773dfbea8e343d713fab9f9d260928e7d0cdec810ed77069deb62cbb28aa8aba?s=96&d=mm&r=g\",\"caption\":\"Constanze\"},\"description\":\"...ist die Melange aus Wiener Gem\u00fctlichkeit und Berliner Lifestyle. Schw\u00e4che f\u00fcr Popculture und Memes. Sie isst, trinkt, lebt Social Media und verst\u00e4rkt nach ihrem Studium in \u00d6sterreich nun unser Team in Berlin. \u00d6fter beim Feiern als auf der Yogamatte anzutreffend behaupten manche, ihr Lieblings-Emoji sei der Mittelfinger - wir nennen es Wiener Charme. Ganz Sicher!\",\"sameAs\":[\"instagram.com\\\/conzi.conzi\"],\"url\":\"https:\\\/\\\/www.thebestsocial.media\\\/de\\\/author\\\/andrea\\\/\"}]}<\/script>\n<!-- \/ Yoast SEO plugin. -->","yoast_head_json":{"title":"So zeigen Menschen und Firmen weltweit Solidarit\u00e4t - The Best Social Media DE","robots":{"index":"index","follow":"follow","max-snippet":"max-snippet:-1","max-image-preview":"max-image-preview:large","max-video-preview":"max-video-preview:-1"},"canonical":"https:\/\/www.thebestsocial.media\/de\/so-zeigen-menschen-und-firmen-weltweit-solidaritaet-mit-blacklivesmatter\/","og_locale":"de_DE","og_type":"article","og_title":"So zeigen Menschen und Firmen weltweit Solidarit\u00e4t","og_description":"Rund um den Globus fordert eine gro\u00dfe Gruppe von Menschen gesellschaftliche Ver\u00e4nderungen. Grund daf\u00fcr ist der Tod des Amerikaners George Floyd durch einen wei\u00dfen Polizisten....","og_url":"https:\/\/www.thebestsocial.media\/de\/so-zeigen-menschen-und-firmen-weltweit-solidaritaet-mit-blacklivesmatter\/","og_site_name":"The Best Social Media DE","article_published_time":"2020-06-02T13:49:44+00:00","article_modified_time":"2020-06-02T14:22:00+00:00","og_image":[{"width":1200,"height":628,"url":"https:\/\/www.thebestsocial.media\/de\/wp-content\/uploads\/sites\/3\/2020\/06\/solidar-1.png","type":"image\/png"}],"author":"Constanze","twitter_card":"summary_large_image","twitter_misc":{"Verfasst von":"Constanze","Gesch\u00e4tzte Lesezeit":"2\u00a0Minuten"},"schema":{"@context":"https:\/\/schema.org","@graph":[{"@type":"Article","@id":"https:\/\/www.thebestsocial.media\/de\/so-zeigen-menschen-und-firmen-weltweit-solidaritaet-mit-blacklivesmatter\/#article","isPartOf":{"@id":"https:\/\/www.thebestsocial.media\/de\/so-zeigen-menschen-und-firmen-weltweit-solidaritaet-mit-blacklivesmatter\/"},"author":{"name":"Constanze","@id":"https:\/\/www.thebestsocial.media\/de\/#\/schema\/person\/d1c756792eddf0f6cee18795050a9a19"},"headline":"So zeigen Menschen und Firmen weltweit Solidarit\u00e4t","datePublished":"2020-06-02T13:49:44+00:00","dateModified":"2020-06-02T14:22:00+00:00","mainEntityOfPage":{"@id":"https:\/\/www.thebestsocial.media\/de\/so-zeigen-menschen-und-firmen-weltweit-solidaritaet-mit-blacklivesmatter\/"},"wordCount":350,"commentCount":0,"image":{"@id":"https:\/\/www.thebestsocial.media\/de\/so-zeigen-menschen-und-firmen-weltweit-solidaritaet-mit-blacklivesmatter\/#primaryimage"},"thumbnailUrl":"https:\/\/www.thebestsocial.media\/de\/wp-content\/uploads\/sites\/3\/2020\/06\/black_background.png","keywords":["Blacklivesmatter"],"articleSection":["Uncategorized"],"inLanguage":"de","potentialAction":[{"@type":"CommentAction","name":"Comment","target":["https:\/\/www.thebestsocial.media\/de\/so-zeigen-menschen-und-firmen-weltweit-solidaritaet-mit-blacklivesmatter\/#respond"]}]},{"@type":"WebPage","@id":"https:\/\/www.thebestsocial.media\/de\/so-zeigen-menschen-und-firmen-weltweit-solidaritaet-mit-blacklivesmatter\/","url":"https:\/\/www.thebestsocial.media\/de\/so-zeigen-menschen-und-firmen-weltweit-solidaritaet-mit-blacklivesmatter\/","name":"So zeigen Menschen und Firmen weltweit Solidarit\u00e4t - The Best Social Media DE","isPartOf":{"@id":"https:\/\/www.thebestsocial.media\/de\/#website"},"primaryImageOfPage":{"@id":"https:\/\/www.thebestsocial.media\/de\/so-zeigen-menschen-und-firmen-weltweit-solidaritaet-mit-blacklivesmatter\/#primaryimage"},"image":{"@id":"https:\/\/www.thebestsocial.media\/de\/so-zeigen-menschen-und-firmen-weltweit-solidaritaet-mit-blacklivesmatter\/#primaryimage"},"thumbnailUrl":"https:\/\/www.thebestsocial.media\/de\/wp-content\/uploads\/sites\/3\/2020\/06\/black_background.png","datePublished":"2020-06-02T13:49:44+00:00","dateModified":"2020-06-02T14:22:00+00:00","author":{"@id":"https:\/\/www.thebestsocial.media\/de\/#\/schema\/person\/d1c756792eddf0f6cee18795050a9a19"},"breadcrumb":{"@id":"https:\/\/www.thebestsocial.media\/de\/so-zeigen-menschen-und-firmen-weltweit-solidaritaet-mit-blacklivesmatter\/#breadcrumb"},"inLanguage":"de","potentialAction":[{"@type":"ReadAction","target":["https:\/\/www.thebestsocial.media\/de\/so-zeigen-menschen-und-firmen-weltweit-solidaritaet-mit-blacklivesmatter\/"]}]},{"@type":"ImageObject","inLanguage":"de","@id":"https:\/\/www.thebestsocial.media\/de\/so-zeigen-menschen-und-firmen-weltweit-solidaritaet-mit-blacklivesmatter\/#primaryimage","url":"https:\/\/www.thebestsocial.media\/de\/wp-content\/uploads\/sites\/3\/2020\/06\/black_background.png","contentUrl":"https:\/\/www.thebestsocial.media\/de\/wp-content\/uploads\/sites\/3\/2020\/06\/black_background.png","width":685,"height":391},{"@type":"BreadcrumbList","@id":"https:\/\/www.thebestsocial.media\/de\/so-zeigen-menschen-und-firmen-weltweit-solidaritaet-mit-blacklivesmatter\/#breadcrumb","itemListElement":[{"@type":"ListItem","position":1,"name":"Home","item":"https:\/\/www.thebestsocial.media\/de\/"},{"@type":"ListItem","position":2,"name":"So zeigen Menschen und Firmen weltweit Solidarit\u00e4t"}]},{"@type":"WebSite","@id":"https:\/\/www.thebestsocial.media\/de\/#website","url":"https:\/\/www.thebestsocial.media\/de\/","name":"The Best Social Media DE","description":"","potentialAction":[{"@type":"SearchAction","target":{"@type":"EntryPoint","urlTemplate":"https:\/\/www.thebestsocial.media\/de\/?s={search_term_string}"},"query-input":{"@type":"PropertyValueSpecification","valueRequired":true,"valueName":"search_term_string"}}],"inLanguage":"de"},{"@type":"Person","@id":"https:\/\/www.thebestsocial.media\/de\/#\/schema\/person\/d1c756792eddf0f6cee18795050a9a19","name":"Constanze","image":{"@type":"ImageObject","inLanguage":"de","@id":"https:\/\/secure.gravatar.com\/avatar\/773dfbea8e343d713fab9f9d260928e7d0cdec810ed77069deb62cbb28aa8aba?s=96&d=mm&r=g","url":"https:\/\/secure.gravatar.com\/avatar\/773dfbea8e343d713fab9f9d260928e7d0cdec810ed77069deb62cbb28aa8aba?s=96&d=mm&r=g","contentUrl":"https:\/\/secure.gravatar.com\/avatar\/773dfbea8e343d713fab9f9d260928e7d0cdec810ed77069deb62cbb28aa8aba?s=96&d=mm&r=g","caption":"Constanze"},"description":"...ist die Melange aus Wiener Gem\u00fctlichkeit und Berliner Lifestyle. Schw\u00e4che f\u00fcr Popculture und Memes. Sie isst, trinkt, lebt Social Media und verst\u00e4rkt nach ihrem Studium in \u00d6sterreich nun unser Team in Berlin. \u00d6fter beim Feiern als auf der Yogamatte anzutreffend behaupten manche, ihr Lieblings-Emoji sei der Mittelfinger - wir nennen es Wiener Charme. Ganz Sicher!","sameAs":["instagram.com\/conzi.conzi"],"url":"https:\/\/www.thebestsocial.media\/de\/author\/andrea\/"}]}},"amp_enabled":true,"_links":{"self":[{"href":"https:\/\/www.thebestsocial.media\/de\/wp-json\/wp\/v2\/posts\/126731","targetHints":{"allow":["GET"]}}],"collection":[{"href":"https:\/\/www.thebestsocial.media\/de\/wp-json\/wp\/v2\/posts"}],"about":[{"href":"https:\/\/www.thebestsocial.media\/de\/wp-json\/wp\/v2\/types\/post"}],"author":[{"embeddable":true,"href":"https:\/\/www.thebestsocial.media\/de\/wp-json\/wp\/v2\/users\/14"}],"replies":[{"embeddable":true,"href":"https:\/\/www.thebestsocial.media\/de\/wp-json\/wp\/v2\/comments?post=126731"}],"version-history":[{"count":22,"href":"https:\/\/www.thebestsocial.media\/de\/wp-json\/wp\/v2\/posts\/126731\/revisions"}],"predecessor-version":[{"id":126783,"href":"https:\/\/www.thebestsocial.media\/de\/wp-json\/wp\/v2\/posts\/126731\/revisions\/126783"}],"wp:featuredmedia":[{"embeddable":true,"href":"https:\/\/www.thebestsocial.media\/de\/wp-json\/wp\/v2\/media\/126748"}],"wp:attachment":[{"href":"https:\/\/www.thebestsocial.media\/de\/wp-json\/wp\/v2\/media?parent=126731"}],"wp:term":[{"taxonomy":"category","embeddable":true,"href":"https:\/\/www.thebestsocial.media\/de\/wp-json\/wp\/v2\/categories?post=126731"},{"taxonomy":"post_tag","embeddable":true,"href":"https:\/\/www.thebestsocial.media\/de\/wp-json\/wp\/v2\/tags?post=126731"}],"curies":[{"name":"wp","href":"https:\/\/api.w.org\/{rel}","templated":true}]}}