{"id":125916,"date":"2020-05-20T18:01:31","date_gmt":"2020-05-20T18:01:31","guid":{"rendered":"https:\/\/www.thebestsocial.media\/de\/?p=125916"},"modified":"2020-05-20T18:01:54","modified_gmt":"2020-05-20T18:01:54","slug":"die-cdu-berlin-hat-ein-neues-logo-und-das-laesst-user-kreativ-werden","status":"publish","type":"post","link":"https:\/\/www.thebestsocial.media\/de\/die-cdu-berlin-hat-ein-neues-logo-und-das-laesst-user-kreativ-werden\/","title":{"rendered":"Die CDU Berlin hat ein neues Logo und das l\u00e4sst User kreativ werden"},"content":{"rendered":"<p>Die CDU hat sich gedacht, man k\u00f6nnte das Logo ja mal \u00e4ndern. Ein bisschen frischer, jugendlicher. Andere Farben, mal was Neues ausprobieren. Wurde dann auch sch\u00f6n \u00f6ffentlich bei einer Rede pr\u00e4sentiert. Dann kam die Twitter Bubble und stellte prompt Vergleiche auf. Ein Schelm ist wer&#8230;.<\/p>\n<p>&nbsp;<\/p>\n<h3>&#8222;Achtung Verwechslungsgefahr&#8220; &#8211; bleibt bitte in 2017, aber \u00e4hh&#8230;.<\/h3>\n<div class=\"dbsm-oembed\">\n<blockquote class=\"twitter-tweet\" data-width=\"500\" data-dnt=\"true\">\n<p lang=\"de\" dir=\"ltr\">Ja gut, warum nicht. <a href=\"https:\/\/t.co\/Nz5iudp55e\">pic.twitter.com\/Nz5iudp55e<\/a><\/p>\n<p>&mdash; Carline Mohr (@Mohrenpost) <a href=\"https:\/\/twitter.com\/Mohrenpost\/status\/1263067398065848320?ref_src=twsrc%5Etfw\">May 20, 2020<\/a><\/p><\/blockquote>\n<p><script async src=\"https:\/\/platform.twitter.com\/widgets.js\" charset=\"utf-8\"><\/script><\/div>\n<p>&nbsp;<\/p>\n<h3>Keine Aussage ohne Beleg: Hier das Original Posting.<\/h3>\n<div class=\"dbsm-oembed\">\n<blockquote class=\"twitter-tweet\" data-width=\"500\" data-dnt=\"true\">\n<p lang=\"de\" dir=\"ltr\">Die <a href=\"https:\/\/twitter.com\/cduberlin?ref_src=twsrc%5Etfw\">@cduberlin<\/a> pr\u00e4sentiert sich ab heute mit neuen Farben und einem neuen Stil. Wir glauben an die Kraft der Ver\u00e4nderung und der Motivation. <a href=\"https:\/\/twitter.com\/hashtag\/Gemeinsam?src=hash&amp;ref_src=twsrc%5Etfw\">#Gemeinsam<\/a> wollen wir <a href=\"https:\/\/twitter.com\/hashtag\/Berlin?src=hash&amp;ref_src=twsrc%5Etfw\">#Berlin<\/a> von unserer Politik \u00fcberzeugen, um 2021 <a href=\"https:\/\/twitter.com\/hashtag\/r2g?src=hash&amp;ref_src=twsrc%5Etfw\">#r2g<\/a> abzul\u00f6sen. <a href=\"https:\/\/twitter.com\/hashtag\/aufgehtsberlin?src=hash&amp;ref_src=twsrc%5Etfw\">#aufgehtsberlin<\/a> <a href=\"https:\/\/t.co\/UheMNPHg3V\">pic.twitter.com\/UheMNPHg3V<\/a><\/p>\n<p>&mdash; CDU Berlin (@cduberlin) <a href=\"https:\/\/twitter.com\/cduberlin\/status\/1262453376694071296?ref_src=twsrc%5Etfw\">May 18, 2020<\/a><\/p><\/blockquote>\n<p><script async src=\"https:\/\/platform.twitter.com\/widgets.js\" charset=\"utf-8\"><\/script><\/div>\n<p>&nbsp;<\/p>\n<h3>Ja.<\/h3>\n<blockquote class=\"twitter-tweet\" data-conversation=\"none\">\n<p lang=\"de\" dir=\"ltr\">Also der Frauenanteil ist bei Pornhub deutlich h\u00f6her.<\/p>\n<p>&mdash; Zweitwahl (@Second_Best_yet) <a href=\"https:\/\/twitter.com\/Second_Best_yet\/status\/1263069098411507714?ref_src=twsrc%5Etfw\">May 20, 2020<\/a><\/p><\/blockquote>\n<p> <script async src=\"https:\/\/platform.twitter.com\/widgets.js\" charset=\"utf-8\"><\/script><\/p>\n<p>&nbsp;<\/p>\n<h3>Wenn man ganz lieb fragt, werden W\u00fcnsche erf\u00fcllt.<\/h3>\n<blockquote class=\"twitter-tweet\" data-conversation=\"none\">\n<p lang=\"de\" dir=\"ltr\">Kann das bitte mal jemand hier einf\u00fcgen? \ud83d\ude05 <a href=\"https:\/\/t.co\/DwNTDoy1Dd\">pic.twitter.com\/DwNTDoy1Dd<\/a><\/p>\n<p>&mdash; Paddy \ud83c\udfad (@Paddy_GE) <a href=\"https:\/\/twitter.com\/Paddy_GE\/status\/1263071428456349697?ref_src=twsrc%5Etfw\">May 20, 2020<\/a><\/p><\/blockquote>\n<p> <script async src=\"https:\/\/platform.twitter.com\/widgets.js\" charset=\"utf-8\"><\/script><\/p>\n<blockquote class=\"twitter-tweet\" data-conversation=\"none\">\n<p lang=\"und\" dir=\"ltr\"> <a href=\"https:\/\/t.co\/nikGXtLjzh\">pic.twitter.com\/nikGXtLjzh<\/a><\/p>\n<p>&mdash; Tuminix (@3xlgeek) <a href=\"https:\/\/twitter.com\/3xlgeek\/status\/1263078577194532864?ref_src=twsrc%5Etfw\">May 20, 2020<\/a><\/p><\/blockquote>\n<p> <script async src=\"https:\/\/platform.twitter.com\/widgets.js\" charset=\"utf-8\"><\/script><\/p>\n<p>&nbsp;<\/p>\n<h3>Und nochmal als Bewegtbild: Ton an!<\/h3>\n<blockquote class=\"twitter-tweet\" data-conversation=\"none\">\n<p lang=\"und\" dir=\"ltr\"> <a href=\"https:\/\/t.co\/CIfXtCNgMI\">pic.twitter.com\/CIfXtCNgMI<\/a><\/p>\n<p>&mdash; Johannes Laubmeier (@jfxlaubmeier) <a href=\"https:\/\/twitter.com\/jfxlaubmeier\/status\/1263087321966141441?ref_src=twsrc%5Etfw\">May 20, 2020<\/a><\/p><\/blockquote>\n<p> <script async src=\"https:\/\/platform.twitter.com\/widgets.js\" charset=\"utf-8\"><\/script><\/p>\n<p>&nbsp;<\/p>\n<h3>Old Man public hummilating people HD.<\/h3>\n<blockquote class=\"twitter-tweet\" data-conversation=\"none\">\n<p lang=\"de\" dir=\"ltr\">Kann man die Reden der Parteimitglieder auch unter &#39;Humilation&#39; posten? \ud83e\udd2a\ud83d\ude04<\/p>\n<p>&mdash; Martin Zehetmayer (@mzehetm) <a href=\"https:\/\/twitter.com\/mzehetm\/status\/1263069215046668289?ref_src=twsrc%5Etfw\">May 20, 2020<\/a><\/p><\/blockquote>\n<p> <script async src=\"https:\/\/platform.twitter.com\/widgets.js\" charset=\"utf-8\"><\/script><\/p>\n<p>&nbsp;<\/p>\n<h3>\ud83e\udd24\ud83e\udd24\ud83e\udd24\ud83e\udd24\ud83e\udd24<\/h3>\n<blockquote class=\"twitter-tweet\" data-conversation=\"none\">\n<p lang=\"de\" dir=\"ltr\">&quot;scharfe verkehrsminister in DEINER umgebung wollen, dass du ihre brieftasche bis zum platzen f\u00fcllst&quot;<\/p>\n<p>&mdash; mad mads (@anriactual) <a href=\"https:\/\/twitter.com\/anriactual\/status\/1263087425104068612?ref_src=twsrc%5Etfw\">May 20, 2020<\/a><\/p><\/blockquote>\n<p> <script async src=\"https:\/\/platform.twitter.com\/widgets.js\" charset=\"utf-8\"><\/script><\/p>\n<p>&nbsp;<\/p>\n<h3>Pornhub, Michael &#8211; Pornhub!<\/h3>\n<blockquote class=\"twitter-tweet\" data-conversation=\"none\">\n<p lang=\"de\" dir=\"ltr\">An was erinnert mich das&#8230;?<\/p>\n<p>&mdash; Michael Praetorius (@praetorius) <a href=\"https:\/\/twitter.com\/praetorius\/status\/1263070107728822273?ref_src=twsrc%5Etfw\">May 20, 2020<\/a><\/p><\/blockquote>\n<p> <script async src=\"https:\/\/platform.twitter.com\/widgets.js\" charset=\"utf-8\"><\/script><\/p>\n<p>&nbsp;<\/p>\n<h3>Endlich, damit uns nicht langweilig wird.<\/h3>\n<blockquote class=\"twitter-tweet\" data-conversation=\"none\">\n<p lang=\"de\" dir=\"ltr\">Endlich mal wieder ein handfester Skandal!<\/p>\n<p>&mdash; Karl B. Auer \ud83c\udf4c (@karl_auer) <a href=\"https:\/\/twitter.com\/karl_auer\/status\/1263112992012541952?ref_src=twsrc%5Etfw\">May 20, 2020<\/a><\/p><\/blockquote>\n<p> <script async src=\"https:\/\/platform.twitter.com\/widgets.js\" charset=\"utf-8\"><\/script><\/p>\n<p>&nbsp;<\/p>\n<h3>Logo wurde \u00fcbrigens von diesem K\u00fcnstler erstellt.<\/h3>\n<div class=\"dbsm-oembed\">\n<blockquote class=\"twitter-tweet\" data-width=\"500\" data-dnt=\"true\">\n<p lang=\"de\" dir=\"ltr\">Alles gut bei euch, <a href=\"https:\/\/twitter.com\/cduberlin?ref_src=twsrc%5Etfw\">@cduberlin<\/a>? <a href=\"https:\/\/t.co\/DhUhyIzl2x\">https:\/\/t.co\/DhUhyIzl2x<\/a> <a href=\"https:\/\/t.co\/UPXzgiKeRq\">pic.twitter.com\/UPXzgiKeRq<\/a><\/p>\n<p>&mdash; Yannick Brugger (@Yantschi) <a href=\"https:\/\/twitter.com\/Yantschi\/status\/1262420204824526855?ref_src=twsrc%5Etfw\">May 18, 2020<\/a><\/p><\/blockquote>\n<p><script async src=\"https:\/\/platform.twitter.com\/widgets.js\" charset=\"utf-8\"><\/script><\/div>\n<p>&nbsp;<\/p>\n<h3>Und ja. Der Ausgangspost ist nat\u00fcrlich etwas <em>interpretiert<\/em> und k\u00fcnstlerisch frei umgesetzt, aber die neue Corporate Identity der CDU liefert eine zu gute Vorlage.<\/h3>\n<blockquote class=\"twitter-tweet\" data-conversation=\"none\">\n<p lang=\"de\" dir=\"ltr\">Das Logo sieht \u00fcbrigens nicht ganz genauso aus, wie im Tweet von <a href=\"https:\/\/twitter.com\/Mohrenpost?ref_src=twsrc%5Etfw\">@Mohrenpost<\/a> dargestellt. Aber auch ich finde das ein ganz kleines bisschen lustig. <a href=\"https:\/\/t.co\/OI8iHqtAIG\">pic.twitter.com\/OI8iHqtAIG<\/a><\/p>\n<p>&mdash; Anja Pfeffermann (@PolyPepper) <a href=\"https:\/\/twitter.com\/PolyPepper\/status\/1263069175070822402?ref_src=twsrc%5Etfw\">May 20, 2020<\/a><\/p><\/blockquote>\n<p> <script async src=\"https:\/\/platform.twitter.com\/widgets.js\" charset=\"utf-8\"><\/script><\/p>\n<p>&nbsp;<br \/>\n&#8212;<br \/>\nVielen Dank an alle die Postings &#038; Edits <3\n<\/p>\n","protected":false},"excerpt":{"rendered":"<p>Die CDU hat sich gedacht, man k\u00f6nnte das Logo ja mal \u00e4ndern. Ein bisschen frischer, jugendlicher. Andere Farben, mal was Neues ausprobieren. Wurde dann auch&#8230;<\/p>\n","protected":false},"author":14,"featured_media":125923,"comment_status":"open","ping_status":"open","sticky":false,"template":"","format":"standard","meta":{"_acf_changed":false,"footnotes":""},"categories":[1728,35],"tags":[188,177,236,58],"class_list":["post-125916","post","type-post","status-publish","format-standard","has-post-thumbnail","hentry","category-humor","category-twitter","tag-cdu","tag-fail","tag-logo","tag-twitter"],"acf":[],"yoast_head":"<!-- This site is optimized with the Yoast SEO plugin v27.5 - https:\/\/yoast.com\/product\/yoast-seo-wordpress\/ -->\n<title>Die CDU Berlin hat ein neues Logo und das l\u00e4sst User kreativ werden - The Best Social Media DE<\/title>\n<meta name=\"robots\" content=\"index, follow, max-snippet:-1, max-image-preview:large, max-video-preview:-1\" \/>\n<link rel=\"canonical\" href=\"https:\/\/www.thebestsocial.media\/de\/die-cdu-berlin-hat-ein-neues-logo-und-das-laesst-user-kreativ-werden\/\" \/>\n<meta property=\"og:locale\" content=\"de_DE\" \/>\n<meta property=\"og:type\" content=\"article\" \/>\n<meta property=\"og:title\" content=\"Die CDU Berlin hat ein neues Logo und das l\u00e4sst User kreativ werden\" \/>\n<meta property=\"og:description\" content=\"Die CDU hat sich gedacht, man k\u00f6nnte das Logo ja mal \u00e4ndern. Ein bisschen frischer, jugendlicher. Andere Farben, mal was Neues ausprobieren. Wurde dann auch...\" \/>\n<meta property=\"og:url\" content=\"https:\/\/www.thebestsocial.media\/de\/die-cdu-berlin-hat-ein-neues-logo-und-das-laesst-user-kreativ-werden\/\" \/>\n<meta property=\"og:site_name\" content=\"The Best Social Media DE\" \/>\n<meta property=\"article:published_time\" content=\"2020-05-20T18:01:31+00:00\" \/>\n<meta property=\"article:modified_time\" content=\"2020-05-20T18:01:54+00:00\" \/>\n<meta property=\"og:image\" content=\"https:\/\/www.thebestsocial.media\/de\/wp-content\/uploads\/sites\/3\/2020\/05\/cduphfb.png\" \/>\n\t<meta property=\"og:image:width\" content=\"1200\" \/>\n\t<meta property=\"og:image:height\" content=\"628\" \/>\n\t<meta property=\"og:image:type\" content=\"image\/png\" \/>\n<meta name=\"author\" content=\"Constanze\" \/>\n<meta name=\"twitter:card\" content=\"summary_large_image\" \/>\n<meta name=\"twitter:label1\" content=\"Verfasst von\" \/>\n\t<meta name=\"twitter:data1\" content=\"Constanze\" \/>\n\t<meta name=\"twitter:label2\" content=\"Gesch\u00e4tzte Lesezeit\" \/>\n\t<meta name=\"twitter:data2\" content=\"2\u00a0Minuten\" \/>\n<script type=\"application\/ld+json\" class=\"yoast-schema-graph\">{\"@context\":\"https:\\\/\\\/schema.org\",\"@graph\":[{\"@type\":\"Article\",\"@id\":\"https:\\\/\\\/www.thebestsocial.media\\\/de\\\/die-cdu-berlin-hat-ein-neues-logo-und-das-laesst-user-kreativ-werden\\\/#article\",\"isPartOf\":{\"@id\":\"https:\\\/\\\/www.thebestsocial.media\\\/de\\\/die-cdu-berlin-hat-ein-neues-logo-und-das-laesst-user-kreativ-werden\\\/\"},\"author\":{\"name\":\"Constanze\",\"@id\":\"https:\\\/\\\/www.thebestsocial.media\\\/de\\\/#\\\/schema\\\/person\\\/d1c756792eddf0f6cee18795050a9a19\"},\"headline\":\"Die CDU Berlin hat ein neues Logo und das l\u00e4sst User kreativ werden\",\"datePublished\":\"2020-05-20T18:01:31+00:00\",\"dateModified\":\"2020-05-20T18:01:54+00:00\",\"mainEntityOfPage\":{\"@id\":\"https:\\\/\\\/www.thebestsocial.media\\\/de\\\/die-cdu-berlin-hat-ein-neues-logo-und-das-laesst-user-kreativ-werden\\\/\"},\"wordCount\":324,\"commentCount\":0,\"image\":{\"@id\":\"https:\\\/\\\/www.thebestsocial.media\\\/de\\\/die-cdu-berlin-hat-ein-neues-logo-und-das-laesst-user-kreativ-werden\\\/#primaryimage\"},\"thumbnailUrl\":\"https:\\\/\\\/www.thebestsocial.media\\\/de\\\/wp-content\\\/uploads\\\/sites\\\/3\\\/2020\\\/05\\\/gray-concrete-statue-of-man-holding-book-beside-brown-34704-scaled.jpg\",\"keywords\":[\"CDU\",\"fail\",\"logo\",\"twitter\"],\"articleSection\":[\"Humor\",\"Twitter\"],\"inLanguage\":\"de\",\"potentialAction\":[{\"@type\":\"CommentAction\",\"name\":\"Comment\",\"target\":[\"https:\\\/\\\/www.thebestsocial.media\\\/de\\\/die-cdu-berlin-hat-ein-neues-logo-und-das-laesst-user-kreativ-werden\\\/#respond\"]}]},{\"@type\":\"WebPage\",\"@id\":\"https:\\\/\\\/www.thebestsocial.media\\\/de\\\/die-cdu-berlin-hat-ein-neues-logo-und-das-laesst-user-kreativ-werden\\\/\",\"url\":\"https:\\\/\\\/www.thebestsocial.media\\\/de\\\/die-cdu-berlin-hat-ein-neues-logo-und-das-laesst-user-kreativ-werden\\\/\",\"name\":\"Die CDU Berlin hat ein neues Logo und das l\u00e4sst User kreativ werden - The Best Social Media DE\",\"isPartOf\":{\"@id\":\"https:\\\/\\\/www.thebestsocial.media\\\/de\\\/#website\"},\"primaryImageOfPage\":{\"@id\":\"https:\\\/\\\/www.thebestsocial.media\\\/de\\\/die-cdu-berlin-hat-ein-neues-logo-und-das-laesst-user-kreativ-werden\\\/#primaryimage\"},\"image\":{\"@id\":\"https:\\\/\\\/www.thebestsocial.media\\\/de\\\/die-cdu-berlin-hat-ein-neues-logo-und-das-laesst-user-kreativ-werden\\\/#primaryimage\"},\"thumbnailUrl\":\"https:\\\/\\\/www.thebestsocial.media\\\/de\\\/wp-content\\\/uploads\\\/sites\\\/3\\\/2020\\\/05\\\/gray-concrete-statue-of-man-holding-book-beside-brown-34704-scaled.jpg\",\"datePublished\":\"2020-05-20T18:01:31+00:00\",\"dateModified\":\"2020-05-20T18:01:54+00:00\",\"author\":{\"@id\":\"https:\\\/\\\/www.thebestsocial.media\\\/de\\\/#\\\/schema\\\/person\\\/d1c756792eddf0f6cee18795050a9a19\"},\"breadcrumb\":{\"@id\":\"https:\\\/\\\/www.thebestsocial.media\\\/de\\\/die-cdu-berlin-hat-ein-neues-logo-und-das-laesst-user-kreativ-werden\\\/#breadcrumb\"},\"inLanguage\":\"de\",\"potentialAction\":[{\"@type\":\"ReadAction\",\"target\":[\"https:\\\/\\\/www.thebestsocial.media\\\/de\\\/die-cdu-berlin-hat-ein-neues-logo-und-das-laesst-user-kreativ-werden\\\/\"]}]},{\"@type\":\"ImageObject\",\"inLanguage\":\"de\",\"@id\":\"https:\\\/\\\/www.thebestsocial.media\\\/de\\\/die-cdu-berlin-hat-ein-neues-logo-und-das-laesst-user-kreativ-werden\\\/#primaryimage\",\"url\":\"https:\\\/\\\/www.thebestsocial.media\\\/de\\\/wp-content\\\/uploads\\\/sites\\\/3\\\/2020\\\/05\\\/gray-concrete-statue-of-man-holding-book-beside-brown-34704-scaled.jpg\",\"contentUrl\":\"https:\\\/\\\/www.thebestsocial.media\\\/de\\\/wp-content\\\/uploads\\\/sites\\\/3\\\/2020\\\/05\\\/gray-concrete-statue-of-man-holding-book-beside-brown-34704-scaled.jpg\",\"width\":2560,\"height\":1707},{\"@type\":\"BreadcrumbList\",\"@id\":\"https:\\\/\\\/www.thebestsocial.media\\\/de\\\/die-cdu-berlin-hat-ein-neues-logo-und-das-laesst-user-kreativ-werden\\\/#breadcrumb\",\"itemListElement\":[{\"@type\":\"ListItem\",\"position\":1,\"name\":\"Home\",\"item\":\"https:\\\/\\\/www.thebestsocial.media\\\/de\\\/\"},{\"@type\":\"ListItem\",\"position\":2,\"name\":\"Die CDU Berlin hat ein neues Logo und das l\u00e4sst User kreativ werden\"}]},{\"@type\":\"WebSite\",\"@id\":\"https:\\\/\\\/www.thebestsocial.media\\\/de\\\/#website\",\"url\":\"https:\\\/\\\/www.thebestsocial.media\\\/de\\\/\",\"name\":\"The Best Social Media DE\",\"description\":\"\",\"potentialAction\":[{\"@type\":\"SearchAction\",\"target\":{\"@type\":\"EntryPoint\",\"urlTemplate\":\"https:\\\/\\\/www.thebestsocial.media\\\/de\\\/?s={search_term_string}\"},\"query-input\":{\"@type\":\"PropertyValueSpecification\",\"valueRequired\":true,\"valueName\":\"search_term_string\"}}],\"inLanguage\":\"de\"},{\"@type\":\"Person\",\"@id\":\"https:\\\/\\\/www.thebestsocial.media\\\/de\\\/#\\\/schema\\\/person\\\/d1c756792eddf0f6cee18795050a9a19\",\"name\":\"Constanze\",\"image\":{\"@type\":\"ImageObject\",\"inLanguage\":\"de\",\"@id\":\"https:\\\/\\\/secure.gravatar.com\\\/avatar\\\/773dfbea8e343d713fab9f9d260928e7d0cdec810ed77069deb62cbb28aa8aba?s=96&d=mm&r=g\",\"url\":\"https:\\\/\\\/secure.gravatar.com\\\/avatar\\\/773dfbea8e343d713fab9f9d260928e7d0cdec810ed77069deb62cbb28aa8aba?s=96&d=mm&r=g\",\"contentUrl\":\"https:\\\/\\\/secure.gravatar.com\\\/avatar\\\/773dfbea8e343d713fab9f9d260928e7d0cdec810ed77069deb62cbb28aa8aba?s=96&d=mm&r=g\",\"caption\":\"Constanze\"},\"description\":\"...ist die Melange aus Wiener Gem\u00fctlichkeit und Berliner Lifestyle. Schw\u00e4che f\u00fcr Popculture und Memes. Sie isst, trinkt, lebt Social Media und verst\u00e4rkt nach ihrem Studium in \u00d6sterreich nun unser Team in Berlin. \u00d6fter beim Feiern als auf der Yogamatte anzutreffend behaupten manche, ihr Lieblings-Emoji sei der Mittelfinger - wir nennen es Wiener Charme. Ganz Sicher!\",\"sameAs\":[\"instagram.com\\\/conzi.conzi\"],\"url\":\"https:\\\/\\\/www.thebestsocial.media\\\/de\\\/author\\\/andrea\\\/\"}]}<\/script>\n<!-- \/ Yoast SEO plugin. -->","yoast_head_json":{"title":"Die CDU Berlin hat ein neues Logo und das l\u00e4sst User kreativ werden - The Best Social Media DE","robots":{"index":"index","follow":"follow","max-snippet":"max-snippet:-1","max-image-preview":"max-image-preview:large","max-video-preview":"max-video-preview:-1"},"canonical":"https:\/\/www.thebestsocial.media\/de\/die-cdu-berlin-hat-ein-neues-logo-und-das-laesst-user-kreativ-werden\/","og_locale":"de_DE","og_type":"article","og_title":"Die CDU Berlin hat ein neues Logo und das l\u00e4sst User kreativ werden","og_description":"Die CDU hat sich gedacht, man k\u00f6nnte das Logo ja mal \u00e4ndern. Ein bisschen frischer, jugendlicher. Andere Farben, mal was Neues ausprobieren. Wurde dann auch...","og_url":"https:\/\/www.thebestsocial.media\/de\/die-cdu-berlin-hat-ein-neues-logo-und-das-laesst-user-kreativ-werden\/","og_site_name":"The Best Social Media DE","article_published_time":"2020-05-20T18:01:31+00:00","article_modified_time":"2020-05-20T18:01:54+00:00","og_image":[{"width":1200,"height":628,"url":"https:\/\/www.thebestsocial.media\/de\/wp-content\/uploads\/sites\/3\/2020\/05\/cduphfb.png","type":"image\/png"}],"author":"Constanze","twitter_card":"summary_large_image","twitter_misc":{"Verfasst von":"Constanze","Gesch\u00e4tzte Lesezeit":"2\u00a0Minuten"},"schema":{"@context":"https:\/\/schema.org","@graph":[{"@type":"Article","@id":"https:\/\/www.thebestsocial.media\/de\/die-cdu-berlin-hat-ein-neues-logo-und-das-laesst-user-kreativ-werden\/#article","isPartOf":{"@id":"https:\/\/www.thebestsocial.media\/de\/die-cdu-berlin-hat-ein-neues-logo-und-das-laesst-user-kreativ-werden\/"},"author":{"name":"Constanze","@id":"https:\/\/www.thebestsocial.media\/de\/#\/schema\/person\/d1c756792eddf0f6cee18795050a9a19"},"headline":"Die CDU Berlin hat ein neues Logo und das l\u00e4sst User kreativ werden","datePublished":"2020-05-20T18:01:31+00:00","dateModified":"2020-05-20T18:01:54+00:00","mainEntityOfPage":{"@id":"https:\/\/www.thebestsocial.media\/de\/die-cdu-berlin-hat-ein-neues-logo-und-das-laesst-user-kreativ-werden\/"},"wordCount":324,"commentCount":0,"image":{"@id":"https:\/\/www.thebestsocial.media\/de\/die-cdu-berlin-hat-ein-neues-logo-und-das-laesst-user-kreativ-werden\/#primaryimage"},"thumbnailUrl":"https:\/\/www.thebestsocial.media\/de\/wp-content\/uploads\/sites\/3\/2020\/05\/gray-concrete-statue-of-man-holding-book-beside-brown-34704-scaled.jpg","keywords":["CDU","fail","logo","twitter"],"articleSection":["Humor","Twitter"],"inLanguage":"de","potentialAction":[{"@type":"CommentAction","name":"Comment","target":["https:\/\/www.thebestsocial.media\/de\/die-cdu-berlin-hat-ein-neues-logo-und-das-laesst-user-kreativ-werden\/#respond"]}]},{"@type":"WebPage","@id":"https:\/\/www.thebestsocial.media\/de\/die-cdu-berlin-hat-ein-neues-logo-und-das-laesst-user-kreativ-werden\/","url":"https:\/\/www.thebestsocial.media\/de\/die-cdu-berlin-hat-ein-neues-logo-und-das-laesst-user-kreativ-werden\/","name":"Die CDU Berlin hat ein neues Logo und das l\u00e4sst User kreativ werden - The Best Social Media DE","isPartOf":{"@id":"https:\/\/www.thebestsocial.media\/de\/#website"},"primaryImageOfPage":{"@id":"https:\/\/www.thebestsocial.media\/de\/die-cdu-berlin-hat-ein-neues-logo-und-das-laesst-user-kreativ-werden\/#primaryimage"},"image":{"@id":"https:\/\/www.thebestsocial.media\/de\/die-cdu-berlin-hat-ein-neues-logo-und-das-laesst-user-kreativ-werden\/#primaryimage"},"thumbnailUrl":"https:\/\/www.thebestsocial.media\/de\/wp-content\/uploads\/sites\/3\/2020\/05\/gray-concrete-statue-of-man-holding-book-beside-brown-34704-scaled.jpg","datePublished":"2020-05-20T18:01:31+00:00","dateModified":"2020-05-20T18:01:54+00:00","author":{"@id":"https:\/\/www.thebestsocial.media\/de\/#\/schema\/person\/d1c756792eddf0f6cee18795050a9a19"},"breadcrumb":{"@id":"https:\/\/www.thebestsocial.media\/de\/die-cdu-berlin-hat-ein-neues-logo-und-das-laesst-user-kreativ-werden\/#breadcrumb"},"inLanguage":"de","potentialAction":[{"@type":"ReadAction","target":["https:\/\/www.thebestsocial.media\/de\/die-cdu-berlin-hat-ein-neues-logo-und-das-laesst-user-kreativ-werden\/"]}]},{"@type":"ImageObject","inLanguage":"de","@id":"https:\/\/www.thebestsocial.media\/de\/die-cdu-berlin-hat-ein-neues-logo-und-das-laesst-user-kreativ-werden\/#primaryimage","url":"https:\/\/www.thebestsocial.media\/de\/wp-content\/uploads\/sites\/3\/2020\/05\/gray-concrete-statue-of-man-holding-book-beside-brown-34704-scaled.jpg","contentUrl":"https:\/\/www.thebestsocial.media\/de\/wp-content\/uploads\/sites\/3\/2020\/05\/gray-concrete-statue-of-man-holding-book-beside-brown-34704-scaled.jpg","width":2560,"height":1707},{"@type":"BreadcrumbList","@id":"https:\/\/www.thebestsocial.media\/de\/die-cdu-berlin-hat-ein-neues-logo-und-das-laesst-user-kreativ-werden\/#breadcrumb","itemListElement":[{"@type":"ListItem","position":1,"name":"Home","item":"https:\/\/www.thebestsocial.media\/de\/"},{"@type":"ListItem","position":2,"name":"Die CDU Berlin hat ein neues Logo und das l\u00e4sst User kreativ werden"}]},{"@type":"WebSite","@id":"https:\/\/www.thebestsocial.media\/de\/#website","url":"https:\/\/www.thebestsocial.media\/de\/","name":"The Best Social Media DE","description":"","potentialAction":[{"@type":"SearchAction","target":{"@type":"EntryPoint","urlTemplate":"https:\/\/www.thebestsocial.media\/de\/?s={search_term_string}"},"query-input":{"@type":"PropertyValueSpecification","valueRequired":true,"valueName":"search_term_string"}}],"inLanguage":"de"},{"@type":"Person","@id":"https:\/\/www.thebestsocial.media\/de\/#\/schema\/person\/d1c756792eddf0f6cee18795050a9a19","name":"Constanze","image":{"@type":"ImageObject","inLanguage":"de","@id":"https:\/\/secure.gravatar.com\/avatar\/773dfbea8e343d713fab9f9d260928e7d0cdec810ed77069deb62cbb28aa8aba?s=96&d=mm&r=g","url":"https:\/\/secure.gravatar.com\/avatar\/773dfbea8e343d713fab9f9d260928e7d0cdec810ed77069deb62cbb28aa8aba?s=96&d=mm&r=g","contentUrl":"https:\/\/secure.gravatar.com\/avatar\/773dfbea8e343d713fab9f9d260928e7d0cdec810ed77069deb62cbb28aa8aba?s=96&d=mm&r=g","caption":"Constanze"},"description":"...ist die Melange aus Wiener Gem\u00fctlichkeit und Berliner Lifestyle. Schw\u00e4che f\u00fcr Popculture und Memes. Sie isst, trinkt, lebt Social Media und verst\u00e4rkt nach ihrem Studium in \u00d6sterreich nun unser Team in Berlin. \u00d6fter beim Feiern als auf der Yogamatte anzutreffend behaupten manche, ihr Lieblings-Emoji sei der Mittelfinger - wir nennen es Wiener Charme. Ganz Sicher!","sameAs":["instagram.com\/conzi.conzi"],"url":"https:\/\/www.thebestsocial.media\/de\/author\/andrea\/"}]}},"amp_enabled":true,"_links":{"self":[{"href":"https:\/\/www.thebestsocial.media\/de\/wp-json\/wp\/v2\/posts\/125916","targetHints":{"allow":["GET"]}}],"collection":[{"href":"https:\/\/www.thebestsocial.media\/de\/wp-json\/wp\/v2\/posts"}],"about":[{"href":"https:\/\/www.thebestsocial.media\/de\/wp-json\/wp\/v2\/types\/post"}],"author":[{"embeddable":true,"href":"https:\/\/www.thebestsocial.media\/de\/wp-json\/wp\/v2\/users\/14"}],"replies":[{"embeddable":true,"href":"https:\/\/www.thebestsocial.media\/de\/wp-json\/wp\/v2\/comments?post=125916"}],"version-history":[{"count":9,"href":"https:\/\/www.thebestsocial.media\/de\/wp-json\/wp\/v2\/posts\/125916\/revisions"}],"predecessor-version":[{"id":125933,"href":"https:\/\/www.thebestsocial.media\/de\/wp-json\/wp\/v2\/posts\/125916\/revisions\/125933"}],"wp:featuredmedia":[{"embeddable":true,"href":"https:\/\/www.thebestsocial.media\/de\/wp-json\/wp\/v2\/media\/125923"}],"wp:attachment":[{"href":"https:\/\/www.thebestsocial.media\/de\/wp-json\/wp\/v2\/media?parent=125916"}],"wp:term":[{"taxonomy":"category","embeddable":true,"href":"https:\/\/www.thebestsocial.media\/de\/wp-json\/wp\/v2\/categories?post=125916"},{"taxonomy":"post_tag","embeddable":true,"href":"https:\/\/www.thebestsocial.media\/de\/wp-json\/wp\/v2\/tags?post=125916"}],"curies":[{"name":"wp","href":"https:\/\/api.w.org\/{rel}","templated":true}]}}