{"id":125847,"date":"2020-05-20T14:36:40","date_gmt":"2020-05-20T14:36:40","guid":{"rendered":"https:\/\/www.thebestsocial.media\/de\/?p=125847"},"modified":"2020-05-20T14:37:07","modified_gmt":"2020-05-20T14:37:07","slug":"ein-neues-meme-zeigt-2020-laeuft-vielleicht-etwas-anders-als-vorher-gedacht","status":"publish","type":"post","link":"https:\/\/www.thebestsocial.media\/de\/ein-neues-meme-zeigt-2020-laeuft-vielleicht-etwas-anders-als-vorher-gedacht\/","title":{"rendered":"Ein neues Meme zeigt: 2020 l\u00e4uft vielleicht etwas anders, als urspr\u00fcnglich erwartet"},"content":{"rendered":"<p>Wir k\u00f6nnen getrost alle sagen, dass 2020 nicht das ist, was wir uns erhofft haben. Und selbst das ist eine Untertreibung. Wegen der Pandemie sind viele Hoffnungen und Pl\u00e4ne f\u00fcr dieses Jahr erstmal vom Tisch. Kein Reisen, mit Freunden etwas trinken ist auch schwierig, viel zu Hause bleiben. Zum Gl\u00fcck sind wir immer f\u00fcr einen Scherz zu haben, und es entsteht somit das Meme &#8222;Meine Pl\u00e4ne gegen 2020&#8220;.<\/p>\n<p>&nbsp;<\/p>\n<h3>2020 h\u00e4tte der letzte Schrei werden k\u00f6nnen. Hat jetzt aber eher &#8217;n Messer im R\u00fccken.<\/h3>\n<div class=\"dbsm-oembed\">\n<blockquote class=\"twitter-tweet\" data-width=\"500\" data-dnt=\"true\">\n<p lang=\"en\" dir=\"ltr\">my plans                    2020 <a href=\"https:\/\/t.co\/ggOeslPhUl\">pic.twitter.com\/ggOeslPhUl<\/a><\/p>\n<p>&mdash; Horror Flicks \ud83e\ude93 (@HorrorFlickss) <a href=\"https:\/\/twitter.com\/HorrorFlickss\/status\/1262466727146926080?ref_src=twsrc%5Etfw\">May 18, 2020<\/a><\/p><\/blockquote>\n<p><script async src=\"https:\/\/platform.twitter.com\/widgets.js\" charset=\"utf-8\"><\/script><\/div>\n<p>&nbsp;<\/p>\n<h3>Weil jetzt nat\u00fcrlich alles stillsteht.<\/h3>\n<div class=\"dbsm-oembed\">\n<blockquote class=\"twitter-tweet\" data-width=\"500\" data-dnt=\"true\">\n<p lang=\"en\" dir=\"ltr\">my plans                           2020 <a href=\"https:\/\/t.co\/sFq5rh5Uma\">pic.twitter.com\/sFq5rh5Uma<\/a><\/p>\n<p>&mdash; \ud83c\udf0c (@memoriesdw) <a href=\"https:\/\/twitter.com\/memoriesdw\/status\/1262487401135509505?ref_src=twsrc%5Etfw\">May 18, 2020<\/a><\/p><\/blockquote>\n<p><script async src=\"https:\/\/platform.twitter.com\/widgets.js\" charset=\"utf-8\"><\/script><\/div>\n<p>&nbsp;<\/p>\n<h3>Und Meme Girls \u00e4hh Mean Girls kommen ins Spiel.<\/h3>\n<div class=\"dbsm-oembed\">\n<blockquote class=\"twitter-tweet\" data-width=\"500\" data-dnt=\"true\">\n<p lang=\"en\" dir=\"ltr\">my plans                                2020 <a href=\"https:\/\/t.co\/ErSUObdM1A\">pic.twitter.com\/ErSUObdM1A<\/a><\/p>\n<p>&mdash; emil .\u141f \uaa5c \ud83c\udf49 FREE PALESTINE (@timeoutmixtapes) <a href=\"https:\/\/twitter.com\/timeoutmixtapes\/status\/1262750662284070915?ref_src=twsrc%5Etfw\">May 19, 2020<\/a><\/p><\/blockquote>\n<p><script async src=\"https:\/\/platform.twitter.com\/widgets.js\" charset=\"utf-8\"><\/script><\/div>\n<p>&nbsp;<\/p>\n<h3>Kaum Fu\u00dfball im Fernsehen, daf\u00fcr hier aber dabei.<\/h3>\n<div class=\"dbsm-oembed\">\n<blockquote class=\"twitter-tweet\" data-width=\"500\" data-dnt=\"true\">\n<p lang=\"en\" dir=\"ltr\">my plans                              2020 <a href=\"https:\/\/t.co\/iicqkusaID\">pic.twitter.com\/iicqkusaID<\/a><\/p>\n<p>&mdash; Joe Baiamonte (@JoeBaia) <a href=\"https:\/\/twitter.com\/JoeBaia\/status\/1262753813582057473?ref_src=twsrc%5Etfw\">May 19, 2020<\/a><\/p><\/blockquote>\n<p><script async src=\"https:\/\/platform.twitter.com\/widgets.js\" charset=\"utf-8\"><\/script><\/div>\n<div class=\"dbsm-oembed\">\n<blockquote class=\"twitter-tweet\" data-width=\"500\" data-dnt=\"true\">\n<p lang=\"en\" dir=\"ltr\">My plans                                  2020 <a href=\"https:\/\/t.co\/7FX8EBeNTu\">pic.twitter.com\/7FX8EBeNTu<\/a><\/p>\n<p>&mdash; BK (@bkmh) <a href=\"https:\/\/twitter.com\/bkmh\/status\/1262755341210550282?ref_src=twsrc%5Etfw\">May 19, 2020<\/a><\/p><\/blockquote>\n<p><script async src=\"https:\/\/platform.twitter.com\/widgets.js\" charset=\"utf-8\"><\/script><\/div>\n<p>&nbsp;<\/p>\n<h3>Der Game of Thrones Verglech trifft voll ins Gr\u00fcne.<\/h3>\n<div class=\"dbsm-oembed\">\n<blockquote class=\"twitter-tweet\" data-width=\"500\" data-dnt=\"true\">\n<p lang=\"en\" dir=\"ltr\">My plans:                                2020: <a href=\"https:\/\/t.co\/zo0zrUWU33\">pic.twitter.com\/zo0zrUWU33<\/a><\/p>\n<p>&mdash; Andy \u2728 (@AndyDO_) <a href=\"https:\/\/twitter.com\/AndyDO_\/status\/1262312836094713856?ref_src=twsrc%5Etfw\">May 18, 2020<\/a><\/p><\/blockquote>\n<p><script async src=\"https:\/\/platform.twitter.com\/widgets.js\" charset=\"utf-8\"><\/script><\/div>\n<p>&nbsp;<\/p>\n<h3>Auch die Netflix-Serie &#8218;YOU&#8216; ist dabei.<\/h3>\n<div class=\"dbsm-oembed\">\n<blockquote class=\"twitter-tweet\" data-width=\"500\" data-dnt=\"true\">\n<p lang=\"en\" dir=\"ltr\">My plans.                           2020 <a href=\"https:\/\/t.co\/0a553T0EL3\">pic.twitter.com\/0a553T0EL3<\/a><\/p>\n<p>&mdash; Prerna (Prayer-na) Pickett \ud83c\udf32\ud83e\udd8c (@prernapickett) <a href=\"https:\/\/twitter.com\/prernapickett\/status\/1262749597232848896?ref_src=twsrc%5Etfw\">May 19, 2020<\/a><\/p><\/blockquote>\n<p><script async src=\"https:\/\/platform.twitter.com\/widgets.js\" charset=\"utf-8\"><\/script><\/div>\n<p>&nbsp;<\/p>\n<h3>Und klar, Joe Exotic.<\/h3>\n<div class=\"dbsm-oembed\">\n<blockquote class=\"twitter-tweet\" data-width=\"500\" data-dnt=\"true\">\n<p lang=\"en\" dir=\"ltr\">my plans                                        2020 <a href=\"https:\/\/t.co\/Cls0PpibMk\">pic.twitter.com\/Cls0PpibMk<\/a><\/p>\n<p>&mdash; fagner (@aefgnr) <a href=\"https:\/\/twitter.com\/aefgnr\/status\/1262754339497455619?ref_src=twsrc%5Etfw\">May 19, 2020<\/a><\/p><\/blockquote>\n<p><script async src=\"https:\/\/platform.twitter.com\/widgets.js\" charset=\"utf-8\"><\/script><\/div>\n<p>&nbsp;<\/p>\n<h3>Nat\u00fcrlich Blond.<\/h3>\n<p>https:\/\/twitter.com\/seonaid90\/status\/1262739312799432708<\/p>\n<p>&nbsp;<\/p>\n<h3>Is nicht viel mit Hakuna Matata.<\/h3>\n<div class=\"dbsm-oembed\">\n<blockquote class=\"twitter-tweet\" data-width=\"500\" data-dnt=\"true\">\n<p lang=\"en\" dir=\"ltr\">My plans:                       2020: <a href=\"https:\/\/twitter.com\/hashtag\/TheLionKing?src=hash&amp;ref_src=twsrc%5Etfw\">#TheLionKing<\/a> <a href=\"https:\/\/twitter.com\/hashtag\/CoronavirusPandemic?src=hash&amp;ref_src=twsrc%5Etfw\">#CoronavirusPandemic<\/a> <a href=\"https:\/\/t.co\/vL0N1xtL5O\">pic.twitter.com\/vL0N1xtL5O<\/a><\/p>\n<p>&mdash; Christopher Ruiz (@chrisaug99) <a href=\"https:\/\/twitter.com\/chrisaug99\/status\/1262738498127306752?ref_src=twsrc%5Etfw\">May 19, 2020<\/a><\/p><\/blockquote>\n<p><script async src=\"https:\/\/platform.twitter.com\/widgets.js\" charset=\"utf-8\"><\/script><\/div>\n<div class=\"dbsm-oembed\">\n<blockquote class=\"twitter-tweet\" data-width=\"500\" data-dnt=\"true\">\n<p lang=\"en\" dir=\"ltr\">My plans                                2020 <a href=\"https:\/\/t.co\/K3QpP6ypNj\">pic.twitter.com\/K3QpP6ypNj<\/a><\/p>\n<p>&mdash; \ud83d\udc51 Ninja\ud83c\uddef\ud83c\uddf2 (@_Marz101) <a href=\"https:\/\/twitter.com\/_Marz101\/status\/1262753443443208199?ref_src=twsrc%5Etfw\">May 19, 2020<\/a><\/p><\/blockquote>\n<p><script async src=\"https:\/\/platform.twitter.com\/widgets.js\" charset=\"utf-8\"><\/script><\/div>\n<p>&nbsp;<\/p>\n<h3>Die Macher vom Fyre Festival pr\u00e4sentieren stolz das Jahr 2020. <\/h3>\n<div class=\"dbsm-oembed\">\n<blockquote class=\"twitter-tweet\" data-width=\"500\" data-dnt=\"true\">\n<p lang=\"en\" dir=\"ltr\">My plans                          2020 <a href=\"https:\/\/t.co\/z9pcGt4D40\">pic.twitter.com\/z9pcGt4D40<\/a><\/p>\n<p>&mdash; Dan Hett (@danhett) <a href=\"https:\/\/twitter.com\/danhett\/status\/1262738018252861441?ref_src=twsrc%5Etfw\">May 19, 2020<\/a><\/p><\/blockquote>\n<p><script async src=\"https:\/\/platform.twitter.com\/widgets.js\" charset=\"utf-8\"><\/script><\/div>\n<p>&nbsp;<\/p>\n<h3>Klar, Titanic darf nicht fehlen.<\/h3>\n<p>https:\/\/twitter.com\/JillSixx\/status\/1262754681383579649<\/p>\n<p>https:\/\/twitter.com\/Kristina_Mahr\/status\/1262756023246319621<\/p>\n<p>&nbsp;<\/p>\n<h3>Oh und \u00fcbrigens: F\u00fcr einige hat sich vielleicht auch gar nicht so viel ge\u00e4ndert.<\/h3>\n<div class=\"dbsm-oembed\">\n<blockquote class=\"twitter-tweet\" data-width=\"500\" data-dnt=\"true\">\n<p lang=\"en\" dir=\"ltr\"><a href=\"https:\/\/twitter.com\/hashtag\/SunnyFXX?src=hash&amp;ref_src=twsrc%5Etfw\">#SunnyFXX<\/a><br \/>My plans                           2020 <a href=\"https:\/\/t.co\/3hbe9Nlb4h\">pic.twitter.com\/3hbe9Nlb4h<\/a><\/p>\n<p>&mdash; It&#39;s Always Sunny (@alwayssunny) <a href=\"https:\/\/twitter.com\/alwayssunny\/status\/1262475592252833792?ref_src=twsrc%5Etfw\">May 18, 2020<\/a><\/p><\/blockquote>\n<p><script async src=\"https:\/\/platform.twitter.com\/widgets.js\" charset=\"utf-8\"><\/script><\/div>\n<div class=\"dbsm-oembed\">\n<blockquote class=\"twitter-tweet\" data-width=\"500\" data-dnt=\"true\">\n<p lang=\"en\" dir=\"ltr\">My plans.                                           2020 <a href=\"https:\/\/t.co\/4yKCY4ZDuP\">pic.twitter.com\/4yKCY4ZDuP<\/a><\/p>\n<p>&mdash; Huwpaz (@h_paz) <a href=\"https:\/\/twitter.com\/h_paz\/status\/1262753086994477059?ref_src=twsrc%5Etfw\">May 19, 2020<\/a><\/p><\/blockquote>\n<p><script async src=\"https:\/\/platform.twitter.com\/widgets.js\" charset=\"utf-8\"><\/script><\/div>\n<p>&nbsp;<br \/>\n&#8212;<br \/>\nNicht nur unsere Sommerpl\u00e4ne haben sich durch Corona ge\u00e4ndert, auch die <a href=\"https:\/\/www.thebestsocial.media\/de\/20-wunderschoene-naturspektakel-die-dank-corona-wieder-zu-bestaunen-sind\/\">Natur<\/a>.<\/p>\n","protected":false},"excerpt":{"rendered":"<p>Wir k\u00f6nnen getrost alle sagen, dass 2020 nicht das ist, was wir uns erhofft haben. Und selbst das ist eine Untertreibung. Wegen der Pandemie sind&#8230;<\/p>\n","protected":false},"author":14,"featured_media":125882,"comment_status":"open","ping_status":"open","sticky":false,"template":"","format":"standard","meta":{"_acf_changed":false,"footnotes":""},"categories":[1717,1728,35],"tags":[3800,299,4081],"class_list":["post-125847","post","type-post","status-publish","format-standard","has-post-thumbnail","hentry","category-community","category-humor","category-twitter","tag-corona","tag-memes","tag-sommerplaene"],"acf":[],"yoast_head":"<!-- This site is optimized with the Yoast SEO plugin v27.5 - https:\/\/yoast.com\/product\/yoast-seo-wordpress\/ -->\n<title>Ein neues Meme zeigt: 2020 l\u00e4uft vielleicht etwas anders, als urspr\u00fcnglich erwartet - The Best Social Media DE<\/title>\n<meta name=\"robots\" content=\"index, follow, max-snippet:-1, max-image-preview:large, max-video-preview:-1\" \/>\n<link rel=\"canonical\" href=\"https:\/\/www.thebestsocial.media\/de\/ein-neues-meme-zeigt-2020-laeuft-vielleicht-etwas-anders-als-vorher-gedacht\/\" \/>\n<meta property=\"og:locale\" content=\"de_DE\" \/>\n<meta property=\"og:type\" content=\"article\" \/>\n<meta property=\"og:title\" content=\"Ein neues Meme zeigt: 2020 l\u00e4uft vielleicht etwas anders, als urspr\u00fcnglich erwartet\" \/>\n<meta property=\"og:description\" content=\"Wir k\u00f6nnen getrost alle sagen, dass 2020 nicht das ist, was wir uns erhofft haben. Und selbst das ist eine Untertreibung. Wegen der Pandemie sind...\" \/>\n<meta property=\"og:url\" content=\"https:\/\/www.thebestsocial.media\/de\/ein-neues-meme-zeigt-2020-laeuft-vielleicht-etwas-anders-als-vorher-gedacht\/\" \/>\n<meta property=\"og:site_name\" content=\"The Best Social Media DE\" \/>\n<meta property=\"article:published_time\" content=\"2020-05-20T14:36:40+00:00\" \/>\n<meta property=\"article:modified_time\" content=\"2020-05-20T14:37:07+00:00\" \/>\n<meta property=\"og:image\" content=\"https:\/\/www.thebestsocial.media\/de\/wp-content\/uploads\/sites\/3\/2020\/05\/plans2020FB.png\" \/>\n\t<meta property=\"og:image:width\" content=\"1200\" \/>\n\t<meta property=\"og:image:height\" content=\"628\" \/>\n\t<meta property=\"og:image:type\" content=\"image\/png\" \/>\n<meta name=\"author\" content=\"Constanze\" \/>\n<meta name=\"twitter:card\" content=\"summary_large_image\" \/>\n<meta name=\"twitter:label1\" content=\"Verfasst von\" \/>\n\t<meta name=\"twitter:data1\" content=\"Constanze\" \/>\n\t<meta name=\"twitter:label2\" content=\"Gesch\u00e4tzte Lesezeit\" \/>\n\t<meta name=\"twitter:data2\" content=\"1\u00a0Minute\" \/>\n<script type=\"application\/ld+json\" class=\"yoast-schema-graph\">{\"@context\":\"https:\\\/\\\/schema.org\",\"@graph\":[{\"@type\":\"Article\",\"@id\":\"https:\\\/\\\/www.thebestsocial.media\\\/de\\\/ein-neues-meme-zeigt-2020-laeuft-vielleicht-etwas-anders-als-vorher-gedacht\\\/#article\",\"isPartOf\":{\"@id\":\"https:\\\/\\\/www.thebestsocial.media\\\/de\\\/ein-neues-meme-zeigt-2020-laeuft-vielleicht-etwas-anders-als-vorher-gedacht\\\/\"},\"author\":{\"name\":\"Constanze\",\"@id\":\"https:\\\/\\\/www.thebestsocial.media\\\/de\\\/#\\\/schema\\\/person\\\/d1c756792eddf0f6cee18795050a9a19\"},\"headline\":\"Ein neues Meme zeigt: 2020 l\u00e4uft vielleicht etwas anders, als urspr\u00fcnglich erwartet\",\"datePublished\":\"2020-05-20T14:36:40+00:00\",\"dateModified\":\"2020-05-20T14:37:07+00:00\",\"mainEntityOfPage\":{\"@id\":\"https:\\\/\\\/www.thebestsocial.media\\\/de\\\/ein-neues-meme-zeigt-2020-laeuft-vielleicht-etwas-anders-als-vorher-gedacht\\\/\"},\"wordCount\":298,\"commentCount\":0,\"image\":{\"@id\":\"https:\\\/\\\/www.thebestsocial.media\\\/de\\\/ein-neues-meme-zeigt-2020-laeuft-vielleicht-etwas-anders-als-vorher-gedacht\\\/#primaryimage\"},\"thumbnailUrl\":\"https:\\\/\\\/www.thebestsocial.media\\\/de\\\/wp-content\\\/uploads\\\/sites\\\/3\\\/2020\\\/05\\\/coveid19-text-on-paper-3952238-scaled.jpg\",\"keywords\":[\"Corona\",\"memes\",\"sommerpl\u00e4ne\"],\"articleSection\":[\"Community\",\"Humor\",\"Twitter\"],\"inLanguage\":\"de\",\"potentialAction\":[{\"@type\":\"CommentAction\",\"name\":\"Comment\",\"target\":[\"https:\\\/\\\/www.thebestsocial.media\\\/de\\\/ein-neues-meme-zeigt-2020-laeuft-vielleicht-etwas-anders-als-vorher-gedacht\\\/#respond\"]}]},{\"@type\":\"WebPage\",\"@id\":\"https:\\\/\\\/www.thebestsocial.media\\\/de\\\/ein-neues-meme-zeigt-2020-laeuft-vielleicht-etwas-anders-als-vorher-gedacht\\\/\",\"url\":\"https:\\\/\\\/www.thebestsocial.media\\\/de\\\/ein-neues-meme-zeigt-2020-laeuft-vielleicht-etwas-anders-als-vorher-gedacht\\\/\",\"name\":\"Ein neues Meme zeigt: 2020 l\u00e4uft vielleicht etwas anders, als urspr\u00fcnglich erwartet - The Best Social Media DE\",\"isPartOf\":{\"@id\":\"https:\\\/\\\/www.thebestsocial.media\\\/de\\\/#website\"},\"primaryImageOfPage\":{\"@id\":\"https:\\\/\\\/www.thebestsocial.media\\\/de\\\/ein-neues-meme-zeigt-2020-laeuft-vielleicht-etwas-anders-als-vorher-gedacht\\\/#primaryimage\"},\"image\":{\"@id\":\"https:\\\/\\\/www.thebestsocial.media\\\/de\\\/ein-neues-meme-zeigt-2020-laeuft-vielleicht-etwas-anders-als-vorher-gedacht\\\/#primaryimage\"},\"thumbnailUrl\":\"https:\\\/\\\/www.thebestsocial.media\\\/de\\\/wp-content\\\/uploads\\\/sites\\\/3\\\/2020\\\/05\\\/coveid19-text-on-paper-3952238-scaled.jpg\",\"datePublished\":\"2020-05-20T14:36:40+00:00\",\"dateModified\":\"2020-05-20T14:37:07+00:00\",\"author\":{\"@id\":\"https:\\\/\\\/www.thebestsocial.media\\\/de\\\/#\\\/schema\\\/person\\\/d1c756792eddf0f6cee18795050a9a19\"},\"breadcrumb\":{\"@id\":\"https:\\\/\\\/www.thebestsocial.media\\\/de\\\/ein-neues-meme-zeigt-2020-laeuft-vielleicht-etwas-anders-als-vorher-gedacht\\\/#breadcrumb\"},\"inLanguage\":\"de\",\"potentialAction\":[{\"@type\":\"ReadAction\",\"target\":[\"https:\\\/\\\/www.thebestsocial.media\\\/de\\\/ein-neues-meme-zeigt-2020-laeuft-vielleicht-etwas-anders-als-vorher-gedacht\\\/\"]}]},{\"@type\":\"ImageObject\",\"inLanguage\":\"de\",\"@id\":\"https:\\\/\\\/www.thebestsocial.media\\\/de\\\/ein-neues-meme-zeigt-2020-laeuft-vielleicht-etwas-anders-als-vorher-gedacht\\\/#primaryimage\",\"url\":\"https:\\\/\\\/www.thebestsocial.media\\\/de\\\/wp-content\\\/uploads\\\/sites\\\/3\\\/2020\\\/05\\\/coveid19-text-on-paper-3952238-scaled.jpg\",\"contentUrl\":\"https:\\\/\\\/www.thebestsocial.media\\\/de\\\/wp-content\\\/uploads\\\/sites\\\/3\\\/2020\\\/05\\\/coveid19-text-on-paper-3952238-scaled.jpg\",\"width\":2560,\"height\":1707},{\"@type\":\"BreadcrumbList\",\"@id\":\"https:\\\/\\\/www.thebestsocial.media\\\/de\\\/ein-neues-meme-zeigt-2020-laeuft-vielleicht-etwas-anders-als-vorher-gedacht\\\/#breadcrumb\",\"itemListElement\":[{\"@type\":\"ListItem\",\"position\":1,\"name\":\"Home\",\"item\":\"https:\\\/\\\/www.thebestsocial.media\\\/de\\\/\"},{\"@type\":\"ListItem\",\"position\":2,\"name\":\"Ein neues Meme zeigt: 2020 l\u00e4uft vielleicht etwas anders, als urspr\u00fcnglich erwartet\"}]},{\"@type\":\"WebSite\",\"@id\":\"https:\\\/\\\/www.thebestsocial.media\\\/de\\\/#website\",\"url\":\"https:\\\/\\\/www.thebestsocial.media\\\/de\\\/\",\"name\":\"The Best Social Media DE\",\"description\":\"\",\"potentialAction\":[{\"@type\":\"SearchAction\",\"target\":{\"@type\":\"EntryPoint\",\"urlTemplate\":\"https:\\\/\\\/www.thebestsocial.media\\\/de\\\/?s={search_term_string}\"},\"query-input\":{\"@type\":\"PropertyValueSpecification\",\"valueRequired\":true,\"valueName\":\"search_term_string\"}}],\"inLanguage\":\"de\"},{\"@type\":\"Person\",\"@id\":\"https:\\\/\\\/www.thebestsocial.media\\\/de\\\/#\\\/schema\\\/person\\\/d1c756792eddf0f6cee18795050a9a19\",\"name\":\"Constanze\",\"image\":{\"@type\":\"ImageObject\",\"inLanguage\":\"de\",\"@id\":\"https:\\\/\\\/secure.gravatar.com\\\/avatar\\\/773dfbea8e343d713fab9f9d260928e7d0cdec810ed77069deb62cbb28aa8aba?s=96&d=mm&r=g\",\"url\":\"https:\\\/\\\/secure.gravatar.com\\\/avatar\\\/773dfbea8e343d713fab9f9d260928e7d0cdec810ed77069deb62cbb28aa8aba?s=96&d=mm&r=g\",\"contentUrl\":\"https:\\\/\\\/secure.gravatar.com\\\/avatar\\\/773dfbea8e343d713fab9f9d260928e7d0cdec810ed77069deb62cbb28aa8aba?s=96&d=mm&r=g\",\"caption\":\"Constanze\"},\"description\":\"...ist die Melange aus Wiener Gem\u00fctlichkeit und Berliner Lifestyle. Schw\u00e4che f\u00fcr Popculture und Memes. Sie isst, trinkt, lebt Social Media und verst\u00e4rkt nach ihrem Studium in \u00d6sterreich nun unser Team in Berlin. \u00d6fter beim Feiern als auf der Yogamatte anzutreffend behaupten manche, ihr Lieblings-Emoji sei der Mittelfinger - wir nennen es Wiener Charme. Ganz Sicher!\",\"sameAs\":[\"instagram.com\\\/conzi.conzi\"],\"url\":\"https:\\\/\\\/www.thebestsocial.media\\\/de\\\/author\\\/andrea\\\/\"}]}<\/script>\n<!-- \/ Yoast SEO plugin. -->","yoast_head_json":{"title":"Ein neues Meme zeigt: 2020 l\u00e4uft vielleicht etwas anders, als urspr\u00fcnglich erwartet - The Best Social Media DE","robots":{"index":"index","follow":"follow","max-snippet":"max-snippet:-1","max-image-preview":"max-image-preview:large","max-video-preview":"max-video-preview:-1"},"canonical":"https:\/\/www.thebestsocial.media\/de\/ein-neues-meme-zeigt-2020-laeuft-vielleicht-etwas-anders-als-vorher-gedacht\/","og_locale":"de_DE","og_type":"article","og_title":"Ein neues Meme zeigt: 2020 l\u00e4uft vielleicht etwas anders, als urspr\u00fcnglich erwartet","og_description":"Wir k\u00f6nnen getrost alle sagen, dass 2020 nicht das ist, was wir uns erhofft haben. Und selbst das ist eine Untertreibung. Wegen der Pandemie sind...","og_url":"https:\/\/www.thebestsocial.media\/de\/ein-neues-meme-zeigt-2020-laeuft-vielleicht-etwas-anders-als-vorher-gedacht\/","og_site_name":"The Best Social Media DE","article_published_time":"2020-05-20T14:36:40+00:00","article_modified_time":"2020-05-20T14:37:07+00:00","og_image":[{"width":1200,"height":628,"url":"https:\/\/www.thebestsocial.media\/de\/wp-content\/uploads\/sites\/3\/2020\/05\/plans2020FB.png","type":"image\/png"}],"author":"Constanze","twitter_card":"summary_large_image","twitter_misc":{"Verfasst von":"Constanze","Gesch\u00e4tzte Lesezeit":"1\u00a0Minute"},"schema":{"@context":"https:\/\/schema.org","@graph":[{"@type":"Article","@id":"https:\/\/www.thebestsocial.media\/de\/ein-neues-meme-zeigt-2020-laeuft-vielleicht-etwas-anders-als-vorher-gedacht\/#article","isPartOf":{"@id":"https:\/\/www.thebestsocial.media\/de\/ein-neues-meme-zeigt-2020-laeuft-vielleicht-etwas-anders-als-vorher-gedacht\/"},"author":{"name":"Constanze","@id":"https:\/\/www.thebestsocial.media\/de\/#\/schema\/person\/d1c756792eddf0f6cee18795050a9a19"},"headline":"Ein neues Meme zeigt: 2020 l\u00e4uft vielleicht etwas anders, als urspr\u00fcnglich erwartet","datePublished":"2020-05-20T14:36:40+00:00","dateModified":"2020-05-20T14:37:07+00:00","mainEntityOfPage":{"@id":"https:\/\/www.thebestsocial.media\/de\/ein-neues-meme-zeigt-2020-laeuft-vielleicht-etwas-anders-als-vorher-gedacht\/"},"wordCount":298,"commentCount":0,"image":{"@id":"https:\/\/www.thebestsocial.media\/de\/ein-neues-meme-zeigt-2020-laeuft-vielleicht-etwas-anders-als-vorher-gedacht\/#primaryimage"},"thumbnailUrl":"https:\/\/www.thebestsocial.media\/de\/wp-content\/uploads\/sites\/3\/2020\/05\/coveid19-text-on-paper-3952238-scaled.jpg","keywords":["Corona","memes","sommerpl\u00e4ne"],"articleSection":["Community","Humor","Twitter"],"inLanguage":"de","potentialAction":[{"@type":"CommentAction","name":"Comment","target":["https:\/\/www.thebestsocial.media\/de\/ein-neues-meme-zeigt-2020-laeuft-vielleicht-etwas-anders-als-vorher-gedacht\/#respond"]}]},{"@type":"WebPage","@id":"https:\/\/www.thebestsocial.media\/de\/ein-neues-meme-zeigt-2020-laeuft-vielleicht-etwas-anders-als-vorher-gedacht\/","url":"https:\/\/www.thebestsocial.media\/de\/ein-neues-meme-zeigt-2020-laeuft-vielleicht-etwas-anders-als-vorher-gedacht\/","name":"Ein neues Meme zeigt: 2020 l\u00e4uft vielleicht etwas anders, als urspr\u00fcnglich erwartet - The Best Social Media DE","isPartOf":{"@id":"https:\/\/www.thebestsocial.media\/de\/#website"},"primaryImageOfPage":{"@id":"https:\/\/www.thebestsocial.media\/de\/ein-neues-meme-zeigt-2020-laeuft-vielleicht-etwas-anders-als-vorher-gedacht\/#primaryimage"},"image":{"@id":"https:\/\/www.thebestsocial.media\/de\/ein-neues-meme-zeigt-2020-laeuft-vielleicht-etwas-anders-als-vorher-gedacht\/#primaryimage"},"thumbnailUrl":"https:\/\/www.thebestsocial.media\/de\/wp-content\/uploads\/sites\/3\/2020\/05\/coveid19-text-on-paper-3952238-scaled.jpg","datePublished":"2020-05-20T14:36:40+00:00","dateModified":"2020-05-20T14:37:07+00:00","author":{"@id":"https:\/\/www.thebestsocial.media\/de\/#\/schema\/person\/d1c756792eddf0f6cee18795050a9a19"},"breadcrumb":{"@id":"https:\/\/www.thebestsocial.media\/de\/ein-neues-meme-zeigt-2020-laeuft-vielleicht-etwas-anders-als-vorher-gedacht\/#breadcrumb"},"inLanguage":"de","potentialAction":[{"@type":"ReadAction","target":["https:\/\/www.thebestsocial.media\/de\/ein-neues-meme-zeigt-2020-laeuft-vielleicht-etwas-anders-als-vorher-gedacht\/"]}]},{"@type":"ImageObject","inLanguage":"de","@id":"https:\/\/www.thebestsocial.media\/de\/ein-neues-meme-zeigt-2020-laeuft-vielleicht-etwas-anders-als-vorher-gedacht\/#primaryimage","url":"https:\/\/www.thebestsocial.media\/de\/wp-content\/uploads\/sites\/3\/2020\/05\/coveid19-text-on-paper-3952238-scaled.jpg","contentUrl":"https:\/\/www.thebestsocial.media\/de\/wp-content\/uploads\/sites\/3\/2020\/05\/coveid19-text-on-paper-3952238-scaled.jpg","width":2560,"height":1707},{"@type":"BreadcrumbList","@id":"https:\/\/www.thebestsocial.media\/de\/ein-neues-meme-zeigt-2020-laeuft-vielleicht-etwas-anders-als-vorher-gedacht\/#breadcrumb","itemListElement":[{"@type":"ListItem","position":1,"name":"Home","item":"https:\/\/www.thebestsocial.media\/de\/"},{"@type":"ListItem","position":2,"name":"Ein neues Meme zeigt: 2020 l\u00e4uft vielleicht etwas anders, als urspr\u00fcnglich erwartet"}]},{"@type":"WebSite","@id":"https:\/\/www.thebestsocial.media\/de\/#website","url":"https:\/\/www.thebestsocial.media\/de\/","name":"The Best Social Media DE","description":"","potentialAction":[{"@type":"SearchAction","target":{"@type":"EntryPoint","urlTemplate":"https:\/\/www.thebestsocial.media\/de\/?s={search_term_string}"},"query-input":{"@type":"PropertyValueSpecification","valueRequired":true,"valueName":"search_term_string"}}],"inLanguage":"de"},{"@type":"Person","@id":"https:\/\/www.thebestsocial.media\/de\/#\/schema\/person\/d1c756792eddf0f6cee18795050a9a19","name":"Constanze","image":{"@type":"ImageObject","inLanguage":"de","@id":"https:\/\/secure.gravatar.com\/avatar\/773dfbea8e343d713fab9f9d260928e7d0cdec810ed77069deb62cbb28aa8aba?s=96&d=mm&r=g","url":"https:\/\/secure.gravatar.com\/avatar\/773dfbea8e343d713fab9f9d260928e7d0cdec810ed77069deb62cbb28aa8aba?s=96&d=mm&r=g","contentUrl":"https:\/\/secure.gravatar.com\/avatar\/773dfbea8e343d713fab9f9d260928e7d0cdec810ed77069deb62cbb28aa8aba?s=96&d=mm&r=g","caption":"Constanze"},"description":"...ist die Melange aus Wiener Gem\u00fctlichkeit und Berliner Lifestyle. Schw\u00e4che f\u00fcr Popculture und Memes. Sie isst, trinkt, lebt Social Media und verst\u00e4rkt nach ihrem Studium in \u00d6sterreich nun unser Team in Berlin. \u00d6fter beim Feiern als auf der Yogamatte anzutreffend behaupten manche, ihr Lieblings-Emoji sei der Mittelfinger - wir nennen es Wiener Charme. Ganz Sicher!","sameAs":["instagram.com\/conzi.conzi"],"url":"https:\/\/www.thebestsocial.media\/de\/author\/andrea\/"}]}},"amp_enabled":true,"_links":{"self":[{"href":"https:\/\/www.thebestsocial.media\/de\/wp-json\/wp\/v2\/posts\/125847","targetHints":{"allow":["GET"]}}],"collection":[{"href":"https:\/\/www.thebestsocial.media\/de\/wp-json\/wp\/v2\/posts"}],"about":[{"href":"https:\/\/www.thebestsocial.media\/de\/wp-json\/wp\/v2\/types\/post"}],"author":[{"embeddable":true,"href":"https:\/\/www.thebestsocial.media\/de\/wp-json\/wp\/v2\/users\/14"}],"replies":[{"embeddable":true,"href":"https:\/\/www.thebestsocial.media\/de\/wp-json\/wp\/v2\/comments?post=125847"}],"version-history":[{"count":6,"href":"https:\/\/www.thebestsocial.media\/de\/wp-json\/wp\/v2\/posts\/125847\/revisions"}],"predecessor-version":[{"id":125922,"href":"https:\/\/www.thebestsocial.media\/de\/wp-json\/wp\/v2\/posts\/125847\/revisions\/125922"}],"wp:featuredmedia":[{"embeddable":true,"href":"https:\/\/www.thebestsocial.media\/de\/wp-json\/wp\/v2\/media\/125882"}],"wp:attachment":[{"href":"https:\/\/www.thebestsocial.media\/de\/wp-json\/wp\/v2\/media?parent=125847"}],"wp:term":[{"taxonomy":"category","embeddable":true,"href":"https:\/\/www.thebestsocial.media\/de\/wp-json\/wp\/v2\/categories?post=125847"},{"taxonomy":"post_tag","embeddable":true,"href":"https:\/\/www.thebestsocial.media\/de\/wp-json\/wp\/v2\/tags?post=125847"}],"curies":[{"name":"wp","href":"https:\/\/api.w.org\/{rel}","templated":true}]}}