{"id":125187,"date":"2020-05-14T10:48:19","date_gmt":"2020-05-14T10:48:19","guid":{"rendered":"https:\/\/www.thebestsocial.media\/de\/?p=125187"},"modified":"2020-05-14T10:48:19","modified_gmt":"2020-05-14T10:48:19","slug":"nie-wieder-helge-schneider-wenn-das-so-weiter-geht-wars-das","status":"publish","type":"post","link":"https:\/\/www.thebestsocial.media\/de\/nie-wieder-helge-schneider-wenn-das-so-weiter-geht-wars-das\/","title":{"rendered":"Nie wieder Helge Schneider? &#8222;Wenn das so weiter geht, war&#8217;s das!&#8220;"},"content":{"rendered":"<p>Helge Schneider ist Komiker, Entertainer, Musiker, Komponist, Filmemacher, Autor, Zeichner \u2026 alles in allem ein K\u00fcnstler! Dem Gro\u00dfteil der Republik durch Bl\u00f6deleien und witzige Nummer bekannt. Auf Facebook richtet er sich nun an seine Fans. Mit einem Statement so ernst wie nie.<br \/>\n&nbsp;<\/p>\n<h3>1. Helge Schneider ist absolut Kult. Aber sein letztes Video ist anders. Ernster. Denn gerade die freischaffenden K\u00fcnstler, die mit Auftritten ihr Geld verdienen, sind in der aktuellen Lage besonders betroffen. Werden wir nie wieder Helge Schneider auftreten sehen?<\/h3>\n<p>https:\/\/www.facebook.com\/helgeschneider\/videos\/543229883246936\/<br \/>\n&nbsp;<\/p>\n<h3>2. Allein die Tatsache, Helge Schneider einmal ernst zu sehen, sollte Warnung genug sein.<\/h3>\n<p><img loading=\"lazy\" decoding=\"async\" class=\"alignnone size-full wp-image-125194\" src=\"https:\/\/www.thebestsocial.media\/de\/wp-content\/uploads\/sites\/3\/2020\/05\/Noch-nie-so-ernst-gesehen.png\" alt=\"\" width=\"808\" height=\"245\" srcset=\"https:\/\/www.thebestsocial.media\/de\/wp-content\/uploads\/sites\/3\/2020\/05\/Noch-nie-so-ernst-gesehen.png 808w, https:\/\/www.thebestsocial.media\/de\/wp-content\/uploads\/sites\/3\/2020\/05\/Noch-nie-so-ernst-gesehen-300x91.png 300w, https:\/\/www.thebestsocial.media\/de\/wp-content\/uploads\/sites\/3\/2020\/05\/Noch-nie-so-ernst-gesehen-768x233.png 768w\" sizes=\"auto, (max-width: 808px) 100vw, 808px\" \/><br \/>\n&nbsp;<\/p>\n<h3>3. Das macht die Fans irgendwie &#8230; traurig.<\/h3>\n<p><img loading=\"lazy\" decoding=\"async\" class=\"alignnone size-full wp-image-125191\" src=\"https:\/\/www.thebestsocial.media\/de\/wp-content\/uploads\/sites\/3\/2020\/05\/Ernster-Helge.png\" alt=\"\" width=\"808\" height=\"227\" srcset=\"https:\/\/www.thebestsocial.media\/de\/wp-content\/uploads\/sites\/3\/2020\/05\/Ernster-Helge.png 808w, https:\/\/www.thebestsocial.media\/de\/wp-content\/uploads\/sites\/3\/2020\/05\/Ernster-Helge-300x84.png 300w, https:\/\/www.thebestsocial.media\/de\/wp-content\/uploads\/sites\/3\/2020\/05\/Ernster-Helge-768x216.png 768w\" sizes=\"auto, (max-width: 808px) 100vw, 808px\" \/><br \/>\n&nbsp;<\/p>\n<h3>4. Helge Schneider k\u00fcndigt auch an, n\u00e4chstes Jahr wom\u00f6glich in Rente zu gehen.<\/h3>\n<p><img loading=\"lazy\" decoding=\"async\" class=\"alignnone size-full wp-image-125190\" src=\"https:\/\/www.thebestsocial.media\/de\/wp-content\/uploads\/sites\/3\/2020\/05\/Sehr-traurig.png\" alt=\"\" width=\"808\" height=\"264\" srcset=\"https:\/\/www.thebestsocial.media\/de\/wp-content\/uploads\/sites\/3\/2020\/05\/Sehr-traurig.png 808w, https:\/\/www.thebestsocial.media\/de\/wp-content\/uploads\/sites\/3\/2020\/05\/Sehr-traurig-300x98.png 300w, https:\/\/www.thebestsocial.media\/de\/wp-content\/uploads\/sites\/3\/2020\/05\/Sehr-traurig-768x251.png 768w\" sizes=\"auto, (max-width: 808px) 100vw, 808px\" \/><br \/>\n&nbsp;<\/p>\n<h3>5. Von seiner Community bekommt er allerdings ganz viel Support.<\/h3>\n<p><img loading=\"lazy\" decoding=\"async\" class=\"alignnone size-full wp-image-125195\" src=\"https:\/\/www.thebestsocial.media\/de\/wp-content\/uploads\/sites\/3\/2020\/05\/Worte-machen-traurig.png\" alt=\"\" width=\"808\" height=\"284\" srcset=\"https:\/\/www.thebestsocial.media\/de\/wp-content\/uploads\/sites\/3\/2020\/05\/Worte-machen-traurig.png 808w, https:\/\/www.thebestsocial.media\/de\/wp-content\/uploads\/sites\/3\/2020\/05\/Worte-machen-traurig-300x105.png 300w, https:\/\/www.thebestsocial.media\/de\/wp-content\/uploads\/sites\/3\/2020\/05\/Worte-machen-traurig-768x270.png 768w\" sizes=\"auto, (max-width: 808px) 100vw, 808px\" \/><br \/>\n&nbsp;<\/p>\n<h3>6. Und Respekt f\u00fcr seine klare Haltung: Keine halben Sachen!<\/h3>\n<p><img loading=\"lazy\" decoding=\"async\" class=\"alignnone size-full wp-image-125192\" src=\"https:\/\/www.thebestsocial.media\/de\/wp-content\/uploads\/sites\/3\/2020\/05\/Klare-Haltung.png\" alt=\"\" width=\"808\" height=\"163\" srcset=\"https:\/\/www.thebestsocial.media\/de\/wp-content\/uploads\/sites\/3\/2020\/05\/Klare-Haltung.png 808w, https:\/\/www.thebestsocial.media\/de\/wp-content\/uploads\/sites\/3\/2020\/05\/Klare-Haltung-300x61.png 300w, https:\/\/www.thebestsocial.media\/de\/wp-content\/uploads\/sites\/3\/2020\/05\/Klare-Haltung-768x155.png 768w\" sizes=\"auto, (max-width: 808px) 100vw, 808px\" \/><br \/>\n&nbsp;<\/p>\n<h3>7. Helge funktioniert schlie\u00dflich nur live LIVE.<\/h3>\n<p><img loading=\"lazy\" decoding=\"async\" class=\"alignnone size-full wp-image-125193\" src=\"https:\/\/www.thebestsocial.media\/de\/wp-content\/uploads\/sites\/3\/2020\/05\/Nur-sinn-live.png\" alt=\"\" width=\"808\" height=\"245\" srcset=\"https:\/\/www.thebestsocial.media\/de\/wp-content\/uploads\/sites\/3\/2020\/05\/Nur-sinn-live.png 808w, https:\/\/www.thebestsocial.media\/de\/wp-content\/uploads\/sites\/3\/2020\/05\/Nur-sinn-live-300x91.png 300w, https:\/\/www.thebestsocial.media\/de\/wp-content\/uploads\/sites\/3\/2020\/05\/Nur-sinn-live-768x233.png 768w\" sizes=\"auto, (max-width: 808px) 100vw, 808px\" \/><br \/>\n&nbsp;<\/p>\n<h3>8. Und daran erinnern sich die Fans gerne zur\u00fcck.<\/h3>\n<p><img loading=\"lazy\" decoding=\"async\" class=\"alignnone size-full wp-image-125196\" src=\"https:\/\/www.thebestsocial.media\/de\/wp-content\/uploads\/sites\/3\/2020\/05\/viel-liebe-f\u00fcr-helge.png\" alt=\"\" width=\"808\" height=\"251\" srcset=\"https:\/\/www.thebestsocial.media\/de\/wp-content\/uploads\/sites\/3\/2020\/05\/viel-liebe-f\u00fcr-helge.png 808w, https:\/\/www.thebestsocial.media\/de\/wp-content\/uploads\/sites\/3\/2020\/05\/viel-liebe-f\u00fcr-helge-300x93.png 300w, https:\/\/www.thebestsocial.media\/de\/wp-content\/uploads\/sites\/3\/2020\/05\/viel-liebe-f\u00fcr-helge-768x239.png 768w\" sizes=\"auto, (max-width: 808px) 100vw, 808px\" \/><br \/>\n&nbsp;<\/p>\n<h3>9. Wobei Helge nat\u00fcrlich aktuell nicht der einzige in dieser Situation ist.<\/h3>\n<p><img loading=\"lazy\" decoding=\"async\" class=\"alignnone size-full wp-image-125197\" src=\"https:\/\/www.thebestsocial.media\/de\/wp-content\/uploads\/sites\/3\/2020\/05\/habe-aehnliches-prob.png\" alt=\"\" width=\"808\" height=\"282\" srcset=\"https:\/\/www.thebestsocial.media\/de\/wp-content\/uploads\/sites\/3\/2020\/05\/habe-aehnliches-prob.png 808w, https:\/\/www.thebestsocial.media\/de\/wp-content\/uploads\/sites\/3\/2020\/05\/habe-aehnliches-prob-300x105.png 300w, https:\/\/www.thebestsocial.media\/de\/wp-content\/uploads\/sites\/3\/2020\/05\/habe-aehnliches-prob-768x268.png 768w\" sizes=\"auto, (max-width: 808px) 100vw, 808px\" \/><br \/>\n&nbsp;<\/p>\n<h3>10. Die User w\u00fcrden sich aber wenigstens eins w\u00fcnschen:<\/h3>\n<p><img loading=\"lazy\" decoding=\"async\" class=\"alignnone size-full wp-image-125189\" src=\"https:\/\/www.thebestsocial.media\/de\/wp-content\/uploads\/sites\/3\/2020\/05\/bleib-bei-fb.png\" alt=\"\" width=\"808\" height=\"264\" srcset=\"https:\/\/www.thebestsocial.media\/de\/wp-content\/uploads\/sites\/3\/2020\/05\/bleib-bei-fb.png 808w, https:\/\/www.thebestsocial.media\/de\/wp-content\/uploads\/sites\/3\/2020\/05\/bleib-bei-fb-300x98.png 300w, https:\/\/www.thebestsocial.media\/de\/wp-content\/uploads\/sites\/3\/2020\/05\/bleib-bei-fb-768x251.png 768w\" sizes=\"auto, (max-width: 808px) 100vw, 808px\" \/><br \/>\n&#8212;<br \/>\nFolgst du uns schon auf Instagram? Na los, Abfahrt:<\/p>\n<p>https:\/\/www.instagram.com\/p\/CAITH8Sg_Ar\/<\/p>\n","protected":false},"excerpt":{"rendered":"<p>Helge Schneider ist Komiker, Entertainer, Musiker, Komponist, Filmemacher, Autor, Zeichner \u2026 alles in allem ein K\u00fcnstler! Dem Gro\u00dfteil der Republik durch Bl\u00f6deleien und witzige Nummer&#8230;<\/p>\n","protected":false},"author":65,"featured_media":125200,"comment_status":"open","ping_status":"open","sticky":false,"template":"","format":"standard","meta":{"_acf_changed":false,"footnotes":""},"categories":[26],"tags":[867,25,4060,2542,2291],"class_list":["post-125187","post","type-post","status-publish","format-standard","has-post-thumbnail","hentry","category-facebook","tag-botschaft","tag-facebook","tag-helge-schneider","tag-kuenstler","tag-statement"],"acf":[],"yoast_head":"<!-- This site is optimized with the Yoast SEO plugin v27.5 - https:\/\/yoast.com\/product\/yoast-seo-wordpress\/ -->\n<title>Statement! Nie wieder Helge Schneider? - The Best Social Media DE<\/title>\n<meta name=\"description\" content=\"Helge Schneider ist Komiker, Entertainer, Musiker, \u2026 alles in allem ein K\u00fcnstler! Auf Facebook gab es nun ein Statement so ernst wie nie.\" \/>\n<meta name=\"robots\" content=\"index, follow, max-snippet:-1, max-image-preview:large, max-video-preview:-1\" \/>\n<link rel=\"canonical\" href=\"https:\/\/www.thebestsocial.media\/de\/nie-wieder-helge-schneider-wenn-das-so-weiter-geht-wars-das\/\" \/>\n<meta property=\"og:locale\" content=\"de_DE\" \/>\n<meta property=\"og:type\" content=\"article\" \/>\n<meta property=\"og:title\" content=\"Nie wieder Helge Schneider? &quot;Wenn das so weiter geht, war&#039;s das!&quot;\" \/>\n<meta property=\"og:description\" content=\"Helge Schneider ist Komiker, Entertainer, Musiker, \u2026 alles in allem ein K\u00fcnstler! Auf Facebook gab es nun ein Statement so ernst wie nie.\" \/>\n<meta property=\"og:url\" content=\"https:\/\/www.thebestsocial.media\/de\/nie-wieder-helge-schneider-wenn-das-so-weiter-geht-wars-das\/\" \/>\n<meta property=\"og:site_name\" content=\"The Best Social Media DE\" \/>\n<meta property=\"article:published_time\" content=\"2020-05-14T10:48:19+00:00\" \/>\n<meta property=\"og:image\" content=\"https:\/\/www.thebestsocial.media\/de\/wp-content\/uploads\/sites\/3\/2020\/05\/Helge-ernst.png\" \/>\n\t<meta property=\"og:image:width\" content=\"1200\" \/>\n\t<meta property=\"og:image:height\" content=\"628\" \/>\n\t<meta property=\"og:image:type\" content=\"image\/png\" \/>\n<meta name=\"author\" content=\"Jan\" \/>\n<meta name=\"twitter:card\" content=\"summary_large_image\" \/>\n<meta name=\"twitter:label1\" content=\"Verfasst von\" \/>\n\t<meta name=\"twitter:data1\" content=\"Jan\" \/>\n\t<meta name=\"twitter:label2\" content=\"Gesch\u00e4tzte Lesezeit\" \/>\n\t<meta name=\"twitter:data2\" content=\"1\u00a0Minute\" \/>\n<script type=\"application\/ld+json\" class=\"yoast-schema-graph\">{\"@context\":\"https:\\\/\\\/schema.org\",\"@graph\":[{\"@type\":\"Article\",\"@id\":\"https:\\\/\\\/www.thebestsocial.media\\\/de\\\/nie-wieder-helge-schneider-wenn-das-so-weiter-geht-wars-das\\\/#article\",\"isPartOf\":{\"@id\":\"https:\\\/\\\/www.thebestsocial.media\\\/de\\\/nie-wieder-helge-schneider-wenn-das-so-weiter-geht-wars-das\\\/\"},\"author\":{\"name\":\"Jan\",\"@id\":\"https:\\\/\\\/www.thebestsocial.media\\\/de\\\/#\\\/schema\\\/person\\\/03b8d8d2905b97b499c8e0808b724821\"},\"headline\":\"Nie wieder Helge Schneider? &#8222;Wenn das so weiter geht, war&#8217;s das!&#8220;\",\"datePublished\":\"2020-05-14T10:48:19+00:00\",\"mainEntityOfPage\":{\"@id\":\"https:\\\/\\\/www.thebestsocial.media\\\/de\\\/nie-wieder-helge-schneider-wenn-das-so-weiter-geht-wars-das\\\/\"},\"wordCount\":219,\"commentCount\":0,\"image\":{\"@id\":\"https:\\\/\\\/www.thebestsocial.media\\\/de\\\/nie-wieder-helge-schneider-wenn-das-so-weiter-geht-wars-das\\\/#primaryimage\"},\"thumbnailUrl\":\"https:\\\/\\\/www.thebestsocial.media\\\/de\\\/wp-content\\\/uploads\\\/sites\\\/3\\\/2020\\\/05\\\/Klav.png\",\"keywords\":[\"botschaft\",\"facebook\",\"Helge Schneider\",\"K\u00fcnstler\",\"Statement\"],\"articleSection\":[\"Facebook\"],\"inLanguage\":\"de\",\"potentialAction\":[{\"@type\":\"CommentAction\",\"name\":\"Comment\",\"target\":[\"https:\\\/\\\/www.thebestsocial.media\\\/de\\\/nie-wieder-helge-schneider-wenn-das-so-weiter-geht-wars-das\\\/#respond\"]}]},{\"@type\":\"WebPage\",\"@id\":\"https:\\\/\\\/www.thebestsocial.media\\\/de\\\/nie-wieder-helge-schneider-wenn-das-so-weiter-geht-wars-das\\\/\",\"url\":\"https:\\\/\\\/www.thebestsocial.media\\\/de\\\/nie-wieder-helge-schneider-wenn-das-so-weiter-geht-wars-das\\\/\",\"name\":\"Statement! Nie wieder Helge Schneider? - The Best Social Media DE\",\"isPartOf\":{\"@id\":\"https:\\\/\\\/www.thebestsocial.media\\\/de\\\/#website\"},\"primaryImageOfPage\":{\"@id\":\"https:\\\/\\\/www.thebestsocial.media\\\/de\\\/nie-wieder-helge-schneider-wenn-das-so-weiter-geht-wars-das\\\/#primaryimage\"},\"image\":{\"@id\":\"https:\\\/\\\/www.thebestsocial.media\\\/de\\\/nie-wieder-helge-schneider-wenn-das-so-weiter-geht-wars-das\\\/#primaryimage\"},\"thumbnailUrl\":\"https:\\\/\\\/www.thebestsocial.media\\\/de\\\/wp-content\\\/uploads\\\/sites\\\/3\\\/2020\\\/05\\\/Klav.png\",\"datePublished\":\"2020-05-14T10:48:19+00:00\",\"author\":{\"@id\":\"https:\\\/\\\/www.thebestsocial.media\\\/de\\\/#\\\/schema\\\/person\\\/03b8d8d2905b97b499c8e0808b724821\"},\"description\":\"Helge Schneider ist Komiker, Entertainer, Musiker, \u2026 alles in allem ein K\u00fcnstler! Auf Facebook gab es nun ein Statement so ernst wie nie.\",\"breadcrumb\":{\"@id\":\"https:\\\/\\\/www.thebestsocial.media\\\/de\\\/nie-wieder-helge-schneider-wenn-das-so-weiter-geht-wars-das\\\/#breadcrumb\"},\"inLanguage\":\"de\",\"potentialAction\":[{\"@type\":\"ReadAction\",\"target\":[\"https:\\\/\\\/www.thebestsocial.media\\\/de\\\/nie-wieder-helge-schneider-wenn-das-so-weiter-geht-wars-das\\\/\"]}]},{\"@type\":\"ImageObject\",\"inLanguage\":\"de\",\"@id\":\"https:\\\/\\\/www.thebestsocial.media\\\/de\\\/nie-wieder-helge-schneider-wenn-das-so-weiter-geht-wars-das\\\/#primaryimage\",\"url\":\"https:\\\/\\\/www.thebestsocial.media\\\/de\\\/wp-content\\\/uploads\\\/sites\\\/3\\\/2020\\\/05\\\/Klav.png\",\"contentUrl\":\"https:\\\/\\\/www.thebestsocial.media\\\/de\\\/wp-content\\\/uploads\\\/sites\\\/3\\\/2020\\\/05\\\/Klav.png\",\"width\":1200,\"height\":628},{\"@type\":\"BreadcrumbList\",\"@id\":\"https:\\\/\\\/www.thebestsocial.media\\\/de\\\/nie-wieder-helge-schneider-wenn-das-so-weiter-geht-wars-das\\\/#breadcrumb\",\"itemListElement\":[{\"@type\":\"ListItem\",\"position\":1,\"name\":\"Home\",\"item\":\"https:\\\/\\\/www.thebestsocial.media\\\/de\\\/\"},{\"@type\":\"ListItem\",\"position\":2,\"name\":\"Nie wieder Helge Schneider? &#8222;Wenn das so weiter geht, war&#8217;s das!&#8220;\"}]},{\"@type\":\"WebSite\",\"@id\":\"https:\\\/\\\/www.thebestsocial.media\\\/de\\\/#website\",\"url\":\"https:\\\/\\\/www.thebestsocial.media\\\/de\\\/\",\"name\":\"The Best Social Media DE\",\"description\":\"\",\"potentialAction\":[{\"@type\":\"SearchAction\",\"target\":{\"@type\":\"EntryPoint\",\"urlTemplate\":\"https:\\\/\\\/www.thebestsocial.media\\\/de\\\/?s={search_term_string}\"},\"query-input\":{\"@type\":\"PropertyValueSpecification\",\"valueRequired\":true,\"valueName\":\"search_term_string\"}}],\"inLanguage\":\"de\"},{\"@type\":\"Person\",\"@id\":\"https:\\\/\\\/www.thebestsocial.media\\\/de\\\/#\\\/schema\\\/person\\\/03b8d8d2905b97b499c8e0808b724821\",\"name\":\"Jan\",\"image\":{\"@type\":\"ImageObject\",\"inLanguage\":\"de\",\"@id\":\"https:\\\/\\\/secure.gravatar.com\\\/avatar\\\/6977c5e4d81f2a717dcf76e5e74d7a00b583f3f83a2b00830dedfc799d928343?s=96&d=mm&r=g\",\"url\":\"https:\\\/\\\/secure.gravatar.com\\\/avatar\\\/6977c5e4d81f2a717dcf76e5e74d7a00b583f3f83a2b00830dedfc799d928343?s=96&d=mm&r=g\",\"contentUrl\":\"https:\\\/\\\/secure.gravatar.com\\\/avatar\\\/6977c5e4d81f2a717dcf76e5e74d7a00b583f3f83a2b00830dedfc799d928343?s=96&d=mm&r=g\",\"caption\":\"Jan\"},\"description\":\"Wohnt in M\u00fcnchen, hat aber bis heute keine Ahnung, wie er dort gelandet ist. W\u00fcnscht sich manchmal eine dritte Stimme im Kopf, die ihn davon abh\u00e4lt, auszusprechen, was er gerade denkt. Mag Sport und jeden Kartoffelchip einzeln zu essen. Hasst es, sich auf neue Duschen einstellen zu m\u00fcssen. In einer Beziehung mit Social Media \u2013 aber es ist kompliziert.\",\"url\":\"https:\\\/\\\/www.thebestsocial.media\\\/de\\\/author\\\/janhorstkoetter\\\/\"}]}<\/script>\n<!-- \/ Yoast SEO plugin. -->","yoast_head_json":{"title":"Statement! Nie wieder Helge Schneider? - The Best Social Media DE","description":"Helge Schneider ist Komiker, Entertainer, Musiker, \u2026 alles in allem ein K\u00fcnstler! Auf Facebook gab es nun ein Statement so ernst wie nie.","robots":{"index":"index","follow":"follow","max-snippet":"max-snippet:-1","max-image-preview":"max-image-preview:large","max-video-preview":"max-video-preview:-1"},"canonical":"https:\/\/www.thebestsocial.media\/de\/nie-wieder-helge-schneider-wenn-das-so-weiter-geht-wars-das\/","og_locale":"de_DE","og_type":"article","og_title":"Nie wieder Helge Schneider? \"Wenn das so weiter geht, war's das!\"","og_description":"Helge Schneider ist Komiker, Entertainer, Musiker, \u2026 alles in allem ein K\u00fcnstler! Auf Facebook gab es nun ein Statement so ernst wie nie.","og_url":"https:\/\/www.thebestsocial.media\/de\/nie-wieder-helge-schneider-wenn-das-so-weiter-geht-wars-das\/","og_site_name":"The Best Social Media DE","article_published_time":"2020-05-14T10:48:19+00:00","og_image":[{"width":1200,"height":628,"url":"https:\/\/www.thebestsocial.media\/de\/wp-content\/uploads\/sites\/3\/2020\/05\/Helge-ernst.png","type":"image\/png"}],"author":"Jan","twitter_card":"summary_large_image","twitter_misc":{"Verfasst von":"Jan","Gesch\u00e4tzte Lesezeit":"1\u00a0Minute"},"schema":{"@context":"https:\/\/schema.org","@graph":[{"@type":"Article","@id":"https:\/\/www.thebestsocial.media\/de\/nie-wieder-helge-schneider-wenn-das-so-weiter-geht-wars-das\/#article","isPartOf":{"@id":"https:\/\/www.thebestsocial.media\/de\/nie-wieder-helge-schneider-wenn-das-so-weiter-geht-wars-das\/"},"author":{"name":"Jan","@id":"https:\/\/www.thebestsocial.media\/de\/#\/schema\/person\/03b8d8d2905b97b499c8e0808b724821"},"headline":"Nie wieder Helge Schneider? &#8222;Wenn das so weiter geht, war&#8217;s das!&#8220;","datePublished":"2020-05-14T10:48:19+00:00","mainEntityOfPage":{"@id":"https:\/\/www.thebestsocial.media\/de\/nie-wieder-helge-schneider-wenn-das-so-weiter-geht-wars-das\/"},"wordCount":219,"commentCount":0,"image":{"@id":"https:\/\/www.thebestsocial.media\/de\/nie-wieder-helge-schneider-wenn-das-so-weiter-geht-wars-das\/#primaryimage"},"thumbnailUrl":"https:\/\/www.thebestsocial.media\/de\/wp-content\/uploads\/sites\/3\/2020\/05\/Klav.png","keywords":["botschaft","facebook","Helge Schneider","K\u00fcnstler","Statement"],"articleSection":["Facebook"],"inLanguage":"de","potentialAction":[{"@type":"CommentAction","name":"Comment","target":["https:\/\/www.thebestsocial.media\/de\/nie-wieder-helge-schneider-wenn-das-so-weiter-geht-wars-das\/#respond"]}]},{"@type":"WebPage","@id":"https:\/\/www.thebestsocial.media\/de\/nie-wieder-helge-schneider-wenn-das-so-weiter-geht-wars-das\/","url":"https:\/\/www.thebestsocial.media\/de\/nie-wieder-helge-schneider-wenn-das-so-weiter-geht-wars-das\/","name":"Statement! Nie wieder Helge Schneider? - The Best Social Media DE","isPartOf":{"@id":"https:\/\/www.thebestsocial.media\/de\/#website"},"primaryImageOfPage":{"@id":"https:\/\/www.thebestsocial.media\/de\/nie-wieder-helge-schneider-wenn-das-so-weiter-geht-wars-das\/#primaryimage"},"image":{"@id":"https:\/\/www.thebestsocial.media\/de\/nie-wieder-helge-schneider-wenn-das-so-weiter-geht-wars-das\/#primaryimage"},"thumbnailUrl":"https:\/\/www.thebestsocial.media\/de\/wp-content\/uploads\/sites\/3\/2020\/05\/Klav.png","datePublished":"2020-05-14T10:48:19+00:00","author":{"@id":"https:\/\/www.thebestsocial.media\/de\/#\/schema\/person\/03b8d8d2905b97b499c8e0808b724821"},"description":"Helge Schneider ist Komiker, Entertainer, Musiker, \u2026 alles in allem ein K\u00fcnstler! Auf Facebook gab es nun ein Statement so ernst wie nie.","breadcrumb":{"@id":"https:\/\/www.thebestsocial.media\/de\/nie-wieder-helge-schneider-wenn-das-so-weiter-geht-wars-das\/#breadcrumb"},"inLanguage":"de","potentialAction":[{"@type":"ReadAction","target":["https:\/\/www.thebestsocial.media\/de\/nie-wieder-helge-schneider-wenn-das-so-weiter-geht-wars-das\/"]}]},{"@type":"ImageObject","inLanguage":"de","@id":"https:\/\/www.thebestsocial.media\/de\/nie-wieder-helge-schneider-wenn-das-so-weiter-geht-wars-das\/#primaryimage","url":"https:\/\/www.thebestsocial.media\/de\/wp-content\/uploads\/sites\/3\/2020\/05\/Klav.png","contentUrl":"https:\/\/www.thebestsocial.media\/de\/wp-content\/uploads\/sites\/3\/2020\/05\/Klav.png","width":1200,"height":628},{"@type":"BreadcrumbList","@id":"https:\/\/www.thebestsocial.media\/de\/nie-wieder-helge-schneider-wenn-das-so-weiter-geht-wars-das\/#breadcrumb","itemListElement":[{"@type":"ListItem","position":1,"name":"Home","item":"https:\/\/www.thebestsocial.media\/de\/"},{"@type":"ListItem","position":2,"name":"Nie wieder Helge Schneider? &#8222;Wenn das so weiter geht, war&#8217;s das!&#8220;"}]},{"@type":"WebSite","@id":"https:\/\/www.thebestsocial.media\/de\/#website","url":"https:\/\/www.thebestsocial.media\/de\/","name":"The Best Social Media DE","description":"","potentialAction":[{"@type":"SearchAction","target":{"@type":"EntryPoint","urlTemplate":"https:\/\/www.thebestsocial.media\/de\/?s={search_term_string}"},"query-input":{"@type":"PropertyValueSpecification","valueRequired":true,"valueName":"search_term_string"}}],"inLanguage":"de"},{"@type":"Person","@id":"https:\/\/www.thebestsocial.media\/de\/#\/schema\/person\/03b8d8d2905b97b499c8e0808b724821","name":"Jan","image":{"@type":"ImageObject","inLanguage":"de","@id":"https:\/\/secure.gravatar.com\/avatar\/6977c5e4d81f2a717dcf76e5e74d7a00b583f3f83a2b00830dedfc799d928343?s=96&d=mm&r=g","url":"https:\/\/secure.gravatar.com\/avatar\/6977c5e4d81f2a717dcf76e5e74d7a00b583f3f83a2b00830dedfc799d928343?s=96&d=mm&r=g","contentUrl":"https:\/\/secure.gravatar.com\/avatar\/6977c5e4d81f2a717dcf76e5e74d7a00b583f3f83a2b00830dedfc799d928343?s=96&d=mm&r=g","caption":"Jan"},"description":"Wohnt in M\u00fcnchen, hat aber bis heute keine Ahnung, wie er dort gelandet ist. W\u00fcnscht sich manchmal eine dritte Stimme im Kopf, die ihn davon abh\u00e4lt, auszusprechen, was er gerade denkt. Mag Sport und jeden Kartoffelchip einzeln zu essen. Hasst es, sich auf neue Duschen einstellen zu m\u00fcssen. In einer Beziehung mit Social Media \u2013 aber es ist kompliziert.","url":"https:\/\/www.thebestsocial.media\/de\/author\/janhorstkoetter\/"}]}},"amp_enabled":true,"_links":{"self":[{"href":"https:\/\/www.thebestsocial.media\/de\/wp-json\/wp\/v2\/posts\/125187","targetHints":{"allow":["GET"]}}],"collection":[{"href":"https:\/\/www.thebestsocial.media\/de\/wp-json\/wp\/v2\/posts"}],"about":[{"href":"https:\/\/www.thebestsocial.media\/de\/wp-json\/wp\/v2\/types\/post"}],"author":[{"embeddable":true,"href":"https:\/\/www.thebestsocial.media\/de\/wp-json\/wp\/v2\/users\/65"}],"replies":[{"embeddable":true,"href":"https:\/\/www.thebestsocial.media\/de\/wp-json\/wp\/v2\/comments?post=125187"}],"version-history":[{"count":6,"href":"https:\/\/www.thebestsocial.media\/de\/wp-json\/wp\/v2\/posts\/125187\/revisions"}],"predecessor-version":[{"id":125205,"href":"https:\/\/www.thebestsocial.media\/de\/wp-json\/wp\/v2\/posts\/125187\/revisions\/125205"}],"wp:featuredmedia":[{"embeddable":true,"href":"https:\/\/www.thebestsocial.media\/de\/wp-json\/wp\/v2\/media\/125200"}],"wp:attachment":[{"href":"https:\/\/www.thebestsocial.media\/de\/wp-json\/wp\/v2\/media?parent=125187"}],"wp:term":[{"taxonomy":"category","embeddable":true,"href":"https:\/\/www.thebestsocial.media\/de\/wp-json\/wp\/v2\/categories?post=125187"},{"taxonomy":"post_tag","embeddable":true,"href":"https:\/\/www.thebestsocial.media\/de\/wp-json\/wp\/v2\/tags?post=125187"}],"curies":[{"name":"wp","href":"https:\/\/api.w.org\/{rel}","templated":true}]}}