{"id":124253,"date":"2020-05-11T07:14:51","date_gmt":"2020-05-11T07:14:51","guid":{"rendered":"https:\/\/www.thebestsocial.media\/de\/?p=124253"},"modified":"2020-05-11T07:17:27","modified_gmt":"2020-05-11T07:17:27","slug":"was-schon-so-spaet-14-alarmierende-tweets-ueber-wecker","status":"publish","type":"post","link":"https:\/\/www.thebestsocial.media\/de\/was-schon-so-spaet-14-alarmierende-tweets-ueber-wecker\/","title":{"rendered":"Aufstehen! 14 alarmierende Tweets \u00fcber Wecker"},"content":{"rendered":"<p>Es gibt Haushaltsger\u00e4te, \u00fcber die freut man sich jeden Morgen. Die Kaffeemaschine beispielsweise, oder auch der Toaster. Und es gibt Wecker. Diese kleinen und gemeinen Ger\u00e4te, die uns jeden Tag aufs Neue aus dem wohl verdienten Schlaf werfen. &#8222;KLINGELING, AUFSTEHEN!&#8220; hei\u00dft es dann. Schleudert eurem Wecker doch morgen Fr\u00fch einen der folgenden Tweeds entgegen, dann ist sicherlich Ruhe!<\/p>\n<p>&nbsp;<\/p>\n<h3>1. Macht das nicht jeder so?<\/h3>\n<p>https:\/\/twitter.com\/Wortweber\/status\/930314186701369344?s=20<\/p>\n<p>&nbsp;<\/p>\n<h3>2. Man wird ja wohl noch tr\u00e4umen d\u00fcrfen:<\/h3>\n<div class=\"dbsm-oembed\">\n<blockquote class=\"twitter-tweet\" data-width=\"500\" data-dnt=\"true\">\n<p lang=\"de\" dir=\"ltr\">Wie geil ein Wecker w\u00e4re, der mich nicht durch L\u00e4rm weckt, sondern indem er mir Essen in den Mund schiebt.<\/p>\n<p>Schlemmer-Funktion statt Schlummer-Funktion!<\/p>\n<p>&mdash; Kraftbiber (@Akira_86) <a href=\"https:\/\/twitter.com\/Akira_86\/status\/1130717564567527424?ref_src=twsrc%5Etfw\">May 21, 2019<\/a><\/p><\/blockquote>\n<p><script async src=\"https:\/\/platform.twitter.com\/widgets.js\" charset=\"utf-8\"><\/script><\/div>\n<p>&nbsp;<\/p>\n<h3>3. Um diese Uhrzeit schlafen doch Wecker normalerweise noch, &#8230;<\/h3>\n<div class=\"dbsm-oembed\">\n<blockquote class=\"twitter-tweet\" data-width=\"500\" data-dnt=\"true\">\n<p lang=\"de\" dir=\"ltr\">Ich habe meinen Wecker soeben auf 4:50 Uhr gestellt. So etwas sollte streng verboten werden. <br \/>Einige wissen ja nicht mal, dass es diese Uhrzeit \u00fcberhaupt gibt.<\/p>\n<p>&mdash; Fl\u00f6tenton (@_Floetenton) <a href=\"https:\/\/twitter.com\/_Floetenton\/status\/1038847898404966401?ref_src=twsrc%5Etfw\">September 9, 2018<\/a><\/p><\/blockquote>\n<p><script async src=\"https:\/\/platform.twitter.com\/widgets.js\" charset=\"utf-8\"><\/script><\/div>\n<p>&nbsp;<\/p>\n<h3>4. &#8230;wobei manche nat\u00fcrlich l\u00e4ngst schon wach sind:<\/h3>\n<div class=\"dbsm-oembed\">\n<blockquote class=\"twitter-tweet\" data-width=\"500\" data-dnt=\"true\">\n<p lang=\"de\" dir=\"ltr\">\u201eSchau mal Mama. Der Wecker zeigt 4.44 Uhr. Lustig, oder?\u201c<\/p>\n<p>\u201eHUMOR HAT DA SEINE GRENZEN, WO ER ANDERE VERLETZT!!!\u201c<\/p>\n<p>&mdash; Lilli Marlene (@MarleneHellene) <a href=\"https:\/\/twitter.com\/MarleneHellene\/status\/1068378941600268288?ref_src=twsrc%5Etfw\">November 30, 2018<\/a><\/p><\/blockquote>\n<p><script async src=\"https:\/\/platform.twitter.com\/widgets.js\" charset=\"utf-8\"><\/script><\/div>\n<p>&nbsp;<\/p>\n<h3>5. Wenn der Wecker ein Bier zu viel hatte:<\/h3>\n<p>https:\/\/twitter.com\/MissSchmaguelze\/status\/782853369606074368?s=20<\/p>\n<p>&nbsp;<\/p>\n<h3>6. Gerade dann ist es immer am gem\u00fctlichsten! *dreht sich nochmal rum*<\/h3>\n<div class=\"dbsm-oembed\">\n<blockquote class=\"twitter-tweet\" data-width=\"500\" data-dnt=\"true\">\n<p lang=\"de\" dir=\"ltr\">Die 1800 verschiedenen Schlafpositionen, die ich abends probiere, sind nie so geil wie die eine morgens, wenn der Wecker klingelt.<\/p>\n<p>&mdash; Einh\u00f6rnsche (@einhoernsche) <a href=\"https:\/\/twitter.com\/einhoernsche\/status\/879065389656924161?ref_src=twsrc%5Etfw\">June 25, 2017<\/a><\/p><\/blockquote>\n<p><script async src=\"https:\/\/platform.twitter.com\/widgets.js\" charset=\"utf-8\"><\/script><\/div>\n<p>&nbsp;<\/p>\n<h3>7. Oder als Snoozetaste?<\/h3>\n<p>https:\/\/twitter.com\/silentsouvlaki\/status\/461011683172188160?s=20<\/p>\n<p>&nbsp;<\/p>\n<h3>8. Niemand kann das wollen. NIEMAND!<\/h3>\n<div class=\"dbsm-oembed\">\n<blockquote class=\"twitter-tweet\" data-width=\"500\" data-dnt=\"true\">\n<p lang=\"de\" dir=\"ltr\">&quot;Willst du mal h\u00f6ren, wie morgen mein Wecker klingelt?\u201c<\/p>\n<p>Flirten? Kann ich.<\/p>\n<p>&mdash; Vanny_Snowbunny\u2122 (@LittleHorney) <a href=\"https:\/\/twitter.com\/LittleHorney\/status\/959930051373518849?ref_src=twsrc%5Etfw\">February 3, 2018<\/a><\/p><\/blockquote>\n<p><script async src=\"https:\/\/platform.twitter.com\/widgets.js\" charset=\"utf-8\"><\/script><\/div>\n<p>&nbsp;<\/p>\n<h3>9. Aufh\u00f6ren. Sofort aufh\u00f6ren!<\/h3>\n<p>https:\/\/twitter.com\/wittschicat\/status\/1210047198655852546?s=20<\/p>\n<p>&nbsp;<\/p>\n<h3>10. Wobei so mancher Wecker schon auch toll ist:<\/h3>\n<div class=\"dbsm-oembed\">\n<blockquote class=\"twitter-tweet\" data-width=\"500\" data-dnt=\"true\">\n<p lang=\"de\" dir=\"ltr\">Wenn man bei offenen Fenstern schl\u00e4ft, kann der Wecker schon mal hereingeflattert kommen. <a href=\"https:\/\/t.co\/e6ZVvVwJuF\">pic.twitter.com\/e6ZVvVwJuF<\/a><\/p>\n<p>&mdash; Inke Hummel (@HummelFamilie) <a href=\"https:\/\/twitter.com\/HummelFamilie\/status\/1019472308585496576?ref_src=twsrc%5Etfw\">July 18, 2018<\/a><\/p><\/blockquote>\n<p><script async src=\"https:\/\/platform.twitter.com\/widgets.js\" charset=\"utf-8\"><\/script><\/div>\n<p>&nbsp;<\/p>\n<h3>11. Nur 25? Da stell ich doch zur Sicherheit lieber noch einen, wer wei\u00df!<\/h3>\n<div class=\"dbsm-oembed\">\n<blockquote class=\"twitter-tweet\" data-width=\"500\" data-dnt=\"true\">\n<p lang=\"de\" dir=\"ltr\">Ihr habt doch auch 25 verschiedene Wecker im Handy gespeichert, oder?<br \/>ODER?????<\/p>\n<p>&mdash; TopFritte \uea00\u201eBattle scared crippled Cherry\u201c\ud83c\udf52 (@Topfritte) <a href=\"https:\/\/twitter.com\/Topfritte\/status\/1224710871844298752?ref_src=twsrc%5Etfw\">February 4, 2020<\/a><\/p><\/blockquote>\n<p><script async src=\"https:\/\/platform.twitter.com\/widgets.js\" charset=\"utf-8\"><\/script><\/div>\n<p>&nbsp;<\/p>\n<h3>12. Aufgewacht, die Sonne lacht:<\/h3>\n<p>https:\/\/twitter.com\/keinvogel\/status\/940999468685676545?s=20<\/p>\n<p>&nbsp;<\/p>\n<h3>13. Sorry, but true:<\/h3>\n<div class=\"dbsm-oembed\">\n<blockquote class=\"twitter-tweet\" data-width=\"500\" data-dnt=\"true\">\n<p lang=\"de\" dir=\"ltr\">&quot;Ich lasse mir von nichts und niemandem sagen, was ich ich zu tun habe!&quot;<\/p>\n<p>Wecker: &quot;Ja genau.&quot;<\/p>\n<p>&mdash; Couchionista (@Couchionista) <a href=\"https:\/\/twitter.com\/Couchionista\/status\/1219848134190387200?ref_src=twsrc%5Etfw\">January 22, 2020<\/a><\/p><\/blockquote>\n<p><script async src=\"https:\/\/platform.twitter.com\/widgets.js\" charset=\"utf-8\"><\/script><\/div>\n<p>&nbsp;<\/p>\n<h3>14. Aww!<\/h3>\n<div class=\"dbsm-oembed\">\n<blockquote class=\"twitter-tweet\" data-width=\"500\" data-dnt=\"true\">\n<p lang=\"de\" dir=\"ltr\">Der Waschb\u00e4r stellt doch blo\u00df seinen Wecker aus! <a href=\"https:\/\/t.co\/n0IzQLwq1V\">pic.twitter.com\/n0IzQLwq1V<\/a><\/p>\n<p>&mdash; Petziege (@petziege) <a href=\"https:\/\/twitter.com\/petziege\/status\/1251455335468011520?ref_src=twsrc%5Etfw\">April 18, 2020<\/a><\/p><\/blockquote>\n<p><script async src=\"https:\/\/platform.twitter.com\/widgets.js\" charset=\"utf-8\"><\/script><\/div>\n<p>&nbsp;<\/p>\n<p>\u2014\u2014<br \/>\nDanke an alle f\u00fcr die Postings! \u2764\ufe0f<br \/>\n\u2014\u2014<br \/>\n<strong>Keine Wecker, kein Klingeln! Nur ganz viel Spa\u00df &#8211; bei uns auf Instagram:<\/strong><br \/>\nhttps:\/\/www.instagram.com\/p\/B_sRGcnDE7s\/<\/p>\n","protected":false},"excerpt":{"rendered":"<p>Es gibt Haushaltsger\u00e4te, \u00fcber die freut man sich jeden Morgen. Die Kaffeemaschine beispielsweise, oder auch der Toaster. Und es gibt Wecker. Diese kleinen und gemeinen&#8230;<\/p>\n","protected":false},"author":62,"featured_media":124275,"comment_status":"open","ping_status":"open","sticky":false,"template":"","format":"standard","meta":{"_acf_changed":false,"footnotes":""},"categories":[11,1728,35],"tags":[4017,4018,4016],"class_list":["post-124253","post","type-post","status-publish","format-standard","has-post-thumbnail","hentry","category-creative-content","category-humor","category-twitter","tag-aufstehen","tag-frueh","tag-wecker"],"acf":[],"yoast_head":"<!-- This site is optimized with the Yoast SEO plugin v27.5 - https:\/\/yoast.com\/product\/yoast-seo-wordpress\/ -->\n<title>Niemand mag Wecker: 14 p\u00fcnktliche Tweets \u00fcber Wecker<\/title>\n<meta name=\"description\" content=\"Wenn der Wecker klingelt: 14 p\u00fcnktliche Tweets, die den Hass und den Unmut der User auf Wecker und deren Aufgabe am Morgen zeigen\" \/>\n<meta name=\"robots\" content=\"index, follow, max-snippet:-1, max-image-preview:large, max-video-preview:-1\" \/>\n<link rel=\"canonical\" href=\"https:\/\/www.thebestsocial.media\/de\/was-schon-so-spaet-14-alarmierende-tweets-ueber-wecker\/\" \/>\n<meta property=\"og:locale\" content=\"de_DE\" \/>\n<meta property=\"og:type\" content=\"article\" \/>\n<meta property=\"og:title\" content=\"Aufstehen! 14 alarmierende Tweets \u00fcber Wecker\" \/>\n<meta property=\"og:description\" content=\"Wenn der Wecker klingelt: 14 p\u00fcnktliche Tweets, die den Hass und den Unmut der User auf Wecker und deren Aufgabe am Morgen zeigen\" \/>\n<meta property=\"og:url\" content=\"https:\/\/www.thebestsocial.media\/de\/was-schon-so-spaet-14-alarmierende-tweets-ueber-wecker\/\" \/>\n<meta property=\"og:site_name\" content=\"The Best Social Media DE\" \/>\n<meta property=\"article:published_time\" content=\"2020-05-11T07:14:51+00:00\" \/>\n<meta property=\"article:modified_time\" content=\"2020-05-11T07:17:27+00:00\" \/>\n<meta property=\"og:image\" content=\"https:\/\/www.thebestsocial.media\/de\/wp-content\/uploads\/sites\/3\/2020\/05\/weckerfb.png\" \/>\n\t<meta property=\"og:image:width\" content=\"1200\" \/>\n\t<meta property=\"og:image:height\" content=\"628\" \/>\n\t<meta property=\"og:image:type\" content=\"image\/png\" \/>\n<meta name=\"author\" content=\"alexander\" \/>\n<meta name=\"twitter:card\" content=\"summary_large_image\" \/>\n<meta name=\"twitter:label1\" content=\"Verfasst von\" \/>\n\t<meta name=\"twitter:data1\" content=\"alexander\" \/>\n\t<meta name=\"twitter:label2\" content=\"Gesch\u00e4tzte Lesezeit\" \/>\n\t<meta name=\"twitter:data2\" content=\"1\u00a0Minute\" \/>\n<script type=\"application\/ld+json\" class=\"yoast-schema-graph\">{\"@context\":\"https:\\\/\\\/schema.org\",\"@graph\":[{\"@type\":\"Article\",\"@id\":\"https:\\\/\\\/www.thebestsocial.media\\\/de\\\/was-schon-so-spaet-14-alarmierende-tweets-ueber-wecker\\\/#article\",\"isPartOf\":{\"@id\":\"https:\\\/\\\/www.thebestsocial.media\\\/de\\\/was-schon-so-spaet-14-alarmierende-tweets-ueber-wecker\\\/\"},\"author\":{\"name\":\"alexander\",\"@id\":\"https:\\\/\\\/www.thebestsocial.media\\\/de\\\/#\\\/schema\\\/person\\\/18153ed64a40fbf55488b4d287144fcf\"},\"headline\":\"Aufstehen! 14 alarmierende Tweets \u00fcber Wecker\",\"datePublished\":\"2020-05-11T07:14:51+00:00\",\"dateModified\":\"2020-05-11T07:17:27+00:00\",\"mainEntityOfPage\":{\"@id\":\"https:\\\/\\\/www.thebestsocial.media\\\/de\\\/was-schon-so-spaet-14-alarmierende-tweets-ueber-wecker\\\/\"},\"wordCount\":286,\"commentCount\":0,\"image\":{\"@id\":\"https:\\\/\\\/www.thebestsocial.media\\\/de\\\/was-schon-so-spaet-14-alarmierende-tweets-ueber-wecker\\\/#primaryimage\"},\"thumbnailUrl\":\"https:\\\/\\\/www.thebestsocial.media\\\/de\\\/wp-content\\\/uploads\\\/sites\\\/3\\\/2020\\\/05\\\/alarm-clock-2116007_1280.jpg\",\"keywords\":[\"Aufstehen\",\"Fr\u00fch\",\"Wecker\"],\"articleSection\":[\"Creative Content\",\"Humor\",\"Twitter\"],\"inLanguage\":\"de\",\"potentialAction\":[{\"@type\":\"CommentAction\",\"name\":\"Comment\",\"target\":[\"https:\\\/\\\/www.thebestsocial.media\\\/de\\\/was-schon-so-spaet-14-alarmierende-tweets-ueber-wecker\\\/#respond\"]}]},{\"@type\":\"WebPage\",\"@id\":\"https:\\\/\\\/www.thebestsocial.media\\\/de\\\/was-schon-so-spaet-14-alarmierende-tweets-ueber-wecker\\\/\",\"url\":\"https:\\\/\\\/www.thebestsocial.media\\\/de\\\/was-schon-so-spaet-14-alarmierende-tweets-ueber-wecker\\\/\",\"name\":\"Niemand mag Wecker: 14 p\u00fcnktliche Tweets \u00fcber Wecker\",\"isPartOf\":{\"@id\":\"https:\\\/\\\/www.thebestsocial.media\\\/de\\\/#website\"},\"primaryImageOfPage\":{\"@id\":\"https:\\\/\\\/www.thebestsocial.media\\\/de\\\/was-schon-so-spaet-14-alarmierende-tweets-ueber-wecker\\\/#primaryimage\"},\"image\":{\"@id\":\"https:\\\/\\\/www.thebestsocial.media\\\/de\\\/was-schon-so-spaet-14-alarmierende-tweets-ueber-wecker\\\/#primaryimage\"},\"thumbnailUrl\":\"https:\\\/\\\/www.thebestsocial.media\\\/de\\\/wp-content\\\/uploads\\\/sites\\\/3\\\/2020\\\/05\\\/alarm-clock-2116007_1280.jpg\",\"datePublished\":\"2020-05-11T07:14:51+00:00\",\"dateModified\":\"2020-05-11T07:17:27+00:00\",\"author\":{\"@id\":\"https:\\\/\\\/www.thebestsocial.media\\\/de\\\/#\\\/schema\\\/person\\\/18153ed64a40fbf55488b4d287144fcf\"},\"description\":\"Wenn der Wecker klingelt: 14 p\u00fcnktliche Tweets, die den Hass und den Unmut der User auf Wecker und deren Aufgabe am Morgen zeigen\",\"breadcrumb\":{\"@id\":\"https:\\\/\\\/www.thebestsocial.media\\\/de\\\/was-schon-so-spaet-14-alarmierende-tweets-ueber-wecker\\\/#breadcrumb\"},\"inLanguage\":\"de\",\"potentialAction\":[{\"@type\":\"ReadAction\",\"target\":[\"https:\\\/\\\/www.thebestsocial.media\\\/de\\\/was-schon-so-spaet-14-alarmierende-tweets-ueber-wecker\\\/\"]}]},{\"@type\":\"ImageObject\",\"inLanguage\":\"de\",\"@id\":\"https:\\\/\\\/www.thebestsocial.media\\\/de\\\/was-schon-so-spaet-14-alarmierende-tweets-ueber-wecker\\\/#primaryimage\",\"url\":\"https:\\\/\\\/www.thebestsocial.media\\\/de\\\/wp-content\\\/uploads\\\/sites\\\/3\\\/2020\\\/05\\\/alarm-clock-2116007_1280.jpg\",\"contentUrl\":\"https:\\\/\\\/www.thebestsocial.media\\\/de\\\/wp-content\\\/uploads\\\/sites\\\/3\\\/2020\\\/05\\\/alarm-clock-2116007_1280.jpg\",\"width\":1200,\"height\":628,\"caption\":\"Wecker\"},{\"@type\":\"BreadcrumbList\",\"@id\":\"https:\\\/\\\/www.thebestsocial.media\\\/de\\\/was-schon-so-spaet-14-alarmierende-tweets-ueber-wecker\\\/#breadcrumb\",\"itemListElement\":[{\"@type\":\"ListItem\",\"position\":1,\"name\":\"Home\",\"item\":\"https:\\\/\\\/www.thebestsocial.media\\\/de\\\/\"},{\"@type\":\"ListItem\",\"position\":2,\"name\":\"Aufstehen! 14 alarmierende Tweets \u00fcber Wecker\"}]},{\"@type\":\"WebSite\",\"@id\":\"https:\\\/\\\/www.thebestsocial.media\\\/de\\\/#website\",\"url\":\"https:\\\/\\\/www.thebestsocial.media\\\/de\\\/\",\"name\":\"The Best Social Media DE\",\"description\":\"\",\"potentialAction\":[{\"@type\":\"SearchAction\",\"target\":{\"@type\":\"EntryPoint\",\"urlTemplate\":\"https:\\\/\\\/www.thebestsocial.media\\\/de\\\/?s={search_term_string}\"},\"query-input\":{\"@type\":\"PropertyValueSpecification\",\"valueRequired\":true,\"valueName\":\"search_term_string\"}}],\"inLanguage\":\"de\"},{\"@type\":\"Person\",\"@id\":\"https:\\\/\\\/www.thebestsocial.media\\\/de\\\/#\\\/schema\\\/person\\\/18153ed64a40fbf55488b4d287144fcf\",\"name\":\"alexander\",\"image\":{\"@type\":\"ImageObject\",\"inLanguage\":\"de\",\"@id\":\"https:\\\/\\\/secure.gravatar.com\\\/avatar\\\/b6544512a76b48519800c03a7b6b84a4e686fe471de45f79509f1b6c57f460fa?s=96&d=mm&r=g\",\"url\":\"https:\\\/\\\/secure.gravatar.com\\\/avatar\\\/b6544512a76b48519800c03a7b6b84a4e686fe471de45f79509f1b6c57f460fa?s=96&d=mm&r=g\",\"contentUrl\":\"https:\\\/\\\/secure.gravatar.com\\\/avatar\\\/b6544512a76b48519800c03a7b6b84a4e686fe471de45f79509f1b6c57f460fa?s=96&d=mm&r=g\",\"caption\":\"alexander\"},\"description\":\"In der Welt zuhause. Schreibt immer wieder Zeilen ins Netz.\",\"url\":\"https:\\\/\\\/www.thebestsocial.media\\\/de\\\/author\\\/alexander\\\/\"}]}<\/script>\n<!-- \/ Yoast SEO plugin. -->","yoast_head_json":{"title":"Niemand mag Wecker: 14 p\u00fcnktliche Tweets \u00fcber Wecker","description":"Wenn der Wecker klingelt: 14 p\u00fcnktliche Tweets, die den Hass und den Unmut der User auf Wecker und deren Aufgabe am Morgen zeigen","robots":{"index":"index","follow":"follow","max-snippet":"max-snippet:-1","max-image-preview":"max-image-preview:large","max-video-preview":"max-video-preview:-1"},"canonical":"https:\/\/www.thebestsocial.media\/de\/was-schon-so-spaet-14-alarmierende-tweets-ueber-wecker\/","og_locale":"de_DE","og_type":"article","og_title":"Aufstehen! 14 alarmierende Tweets \u00fcber Wecker","og_description":"Wenn der Wecker klingelt: 14 p\u00fcnktliche Tweets, die den Hass und den Unmut der User auf Wecker und deren Aufgabe am Morgen zeigen","og_url":"https:\/\/www.thebestsocial.media\/de\/was-schon-so-spaet-14-alarmierende-tweets-ueber-wecker\/","og_site_name":"The Best Social Media DE","article_published_time":"2020-05-11T07:14:51+00:00","article_modified_time":"2020-05-11T07:17:27+00:00","og_image":[{"width":1200,"height":628,"url":"https:\/\/www.thebestsocial.media\/de\/wp-content\/uploads\/sites\/3\/2020\/05\/weckerfb.png","type":"image\/png"}],"author":"alexander","twitter_card":"summary_large_image","twitter_misc":{"Verfasst von":"alexander","Gesch\u00e4tzte Lesezeit":"1\u00a0Minute"},"schema":{"@context":"https:\/\/schema.org","@graph":[{"@type":"Article","@id":"https:\/\/www.thebestsocial.media\/de\/was-schon-so-spaet-14-alarmierende-tweets-ueber-wecker\/#article","isPartOf":{"@id":"https:\/\/www.thebestsocial.media\/de\/was-schon-so-spaet-14-alarmierende-tweets-ueber-wecker\/"},"author":{"name":"alexander","@id":"https:\/\/www.thebestsocial.media\/de\/#\/schema\/person\/18153ed64a40fbf55488b4d287144fcf"},"headline":"Aufstehen! 14 alarmierende Tweets \u00fcber Wecker","datePublished":"2020-05-11T07:14:51+00:00","dateModified":"2020-05-11T07:17:27+00:00","mainEntityOfPage":{"@id":"https:\/\/www.thebestsocial.media\/de\/was-schon-so-spaet-14-alarmierende-tweets-ueber-wecker\/"},"wordCount":286,"commentCount":0,"image":{"@id":"https:\/\/www.thebestsocial.media\/de\/was-schon-so-spaet-14-alarmierende-tweets-ueber-wecker\/#primaryimage"},"thumbnailUrl":"https:\/\/www.thebestsocial.media\/de\/wp-content\/uploads\/sites\/3\/2020\/05\/alarm-clock-2116007_1280.jpg","keywords":["Aufstehen","Fr\u00fch","Wecker"],"articleSection":["Creative Content","Humor","Twitter"],"inLanguage":"de","potentialAction":[{"@type":"CommentAction","name":"Comment","target":["https:\/\/www.thebestsocial.media\/de\/was-schon-so-spaet-14-alarmierende-tweets-ueber-wecker\/#respond"]}]},{"@type":"WebPage","@id":"https:\/\/www.thebestsocial.media\/de\/was-schon-so-spaet-14-alarmierende-tweets-ueber-wecker\/","url":"https:\/\/www.thebestsocial.media\/de\/was-schon-so-spaet-14-alarmierende-tweets-ueber-wecker\/","name":"Niemand mag Wecker: 14 p\u00fcnktliche Tweets \u00fcber Wecker","isPartOf":{"@id":"https:\/\/www.thebestsocial.media\/de\/#website"},"primaryImageOfPage":{"@id":"https:\/\/www.thebestsocial.media\/de\/was-schon-so-spaet-14-alarmierende-tweets-ueber-wecker\/#primaryimage"},"image":{"@id":"https:\/\/www.thebestsocial.media\/de\/was-schon-so-spaet-14-alarmierende-tweets-ueber-wecker\/#primaryimage"},"thumbnailUrl":"https:\/\/www.thebestsocial.media\/de\/wp-content\/uploads\/sites\/3\/2020\/05\/alarm-clock-2116007_1280.jpg","datePublished":"2020-05-11T07:14:51+00:00","dateModified":"2020-05-11T07:17:27+00:00","author":{"@id":"https:\/\/www.thebestsocial.media\/de\/#\/schema\/person\/18153ed64a40fbf55488b4d287144fcf"},"description":"Wenn der Wecker klingelt: 14 p\u00fcnktliche Tweets, die den Hass und den Unmut der User auf Wecker und deren Aufgabe am Morgen zeigen","breadcrumb":{"@id":"https:\/\/www.thebestsocial.media\/de\/was-schon-so-spaet-14-alarmierende-tweets-ueber-wecker\/#breadcrumb"},"inLanguage":"de","potentialAction":[{"@type":"ReadAction","target":["https:\/\/www.thebestsocial.media\/de\/was-schon-so-spaet-14-alarmierende-tweets-ueber-wecker\/"]}]},{"@type":"ImageObject","inLanguage":"de","@id":"https:\/\/www.thebestsocial.media\/de\/was-schon-so-spaet-14-alarmierende-tweets-ueber-wecker\/#primaryimage","url":"https:\/\/www.thebestsocial.media\/de\/wp-content\/uploads\/sites\/3\/2020\/05\/alarm-clock-2116007_1280.jpg","contentUrl":"https:\/\/www.thebestsocial.media\/de\/wp-content\/uploads\/sites\/3\/2020\/05\/alarm-clock-2116007_1280.jpg","width":1200,"height":628,"caption":"Wecker"},{"@type":"BreadcrumbList","@id":"https:\/\/www.thebestsocial.media\/de\/was-schon-so-spaet-14-alarmierende-tweets-ueber-wecker\/#breadcrumb","itemListElement":[{"@type":"ListItem","position":1,"name":"Home","item":"https:\/\/www.thebestsocial.media\/de\/"},{"@type":"ListItem","position":2,"name":"Aufstehen! 14 alarmierende Tweets \u00fcber Wecker"}]},{"@type":"WebSite","@id":"https:\/\/www.thebestsocial.media\/de\/#website","url":"https:\/\/www.thebestsocial.media\/de\/","name":"The Best Social Media DE","description":"","potentialAction":[{"@type":"SearchAction","target":{"@type":"EntryPoint","urlTemplate":"https:\/\/www.thebestsocial.media\/de\/?s={search_term_string}"},"query-input":{"@type":"PropertyValueSpecification","valueRequired":true,"valueName":"search_term_string"}}],"inLanguage":"de"},{"@type":"Person","@id":"https:\/\/www.thebestsocial.media\/de\/#\/schema\/person\/18153ed64a40fbf55488b4d287144fcf","name":"alexander","image":{"@type":"ImageObject","inLanguage":"de","@id":"https:\/\/secure.gravatar.com\/avatar\/b6544512a76b48519800c03a7b6b84a4e686fe471de45f79509f1b6c57f460fa?s=96&d=mm&r=g","url":"https:\/\/secure.gravatar.com\/avatar\/b6544512a76b48519800c03a7b6b84a4e686fe471de45f79509f1b6c57f460fa?s=96&d=mm&r=g","contentUrl":"https:\/\/secure.gravatar.com\/avatar\/b6544512a76b48519800c03a7b6b84a4e686fe471de45f79509f1b6c57f460fa?s=96&d=mm&r=g","caption":"alexander"},"description":"In der Welt zuhause. Schreibt immer wieder Zeilen ins Netz.","url":"https:\/\/www.thebestsocial.media\/de\/author\/alexander\/"}]}},"amp_enabled":true,"_links":{"self":[{"href":"https:\/\/www.thebestsocial.media\/de\/wp-json\/wp\/v2\/posts\/124253","targetHints":{"allow":["GET"]}}],"collection":[{"href":"https:\/\/www.thebestsocial.media\/de\/wp-json\/wp\/v2\/posts"}],"about":[{"href":"https:\/\/www.thebestsocial.media\/de\/wp-json\/wp\/v2\/types\/post"}],"author":[{"embeddable":true,"href":"https:\/\/www.thebestsocial.media\/de\/wp-json\/wp\/v2\/users\/62"}],"replies":[{"embeddable":true,"href":"https:\/\/www.thebestsocial.media\/de\/wp-json\/wp\/v2\/comments?post=124253"}],"version-history":[{"count":11,"href":"https:\/\/www.thebestsocial.media\/de\/wp-json\/wp\/v2\/posts\/124253\/revisions"}],"predecessor-version":[{"id":124728,"href":"https:\/\/www.thebestsocial.media\/de\/wp-json\/wp\/v2\/posts\/124253\/revisions\/124728"}],"wp:featuredmedia":[{"embeddable":true,"href":"https:\/\/www.thebestsocial.media\/de\/wp-json\/wp\/v2\/media\/124275"}],"wp:attachment":[{"href":"https:\/\/www.thebestsocial.media\/de\/wp-json\/wp\/v2\/media?parent=124253"}],"wp:term":[{"taxonomy":"category","embeddable":true,"href":"https:\/\/www.thebestsocial.media\/de\/wp-json\/wp\/v2\/categories?post=124253"},{"taxonomy":"post_tag","embeddable":true,"href":"https:\/\/www.thebestsocial.media\/de\/wp-json\/wp\/v2\/tags?post=124253"}],"curies":[{"name":"wp","href":"https:\/\/api.w.org\/{rel}","templated":true}]}}