{"id":123086,"date":"2020-04-21T14:33:47","date_gmt":"2020-04-21T14:33:47","guid":{"rendered":"https:\/\/www.thebestsocial.media\/de\/?p=123086"},"modified":"2020-04-21T14:52:51","modified_gmt":"2020-04-21T14:52:51","slug":"weit-ueber-der-belastungsgrenze-corona-eltern-setzen-klare-statements","status":"publish","type":"post","link":"https:\/\/www.thebestsocial.media\/de\/weit-ueber-der-belastungsgrenze-corona-eltern-setzen-klare-statements\/","title":{"rendered":"Weit \u00fcber der Belastungsgrenze &#8211; &#8218;Corona-Eltern&#8216; setzen klare Statements"},"content":{"rendered":"<p>Der Lockdown betrifft alle. Trifft aber Familien besonders hart. Wie ist Arbeit, Familie, Kinder und das alles auf engstem Raum vereinbar? Wie funktioniert Beruf und Erziehung gleichzeitig? Gar nicht! Das war auch ein Resultat der gestrigen Ausgabe &#8222;Hart aber Fair&#8220; \u2013 unter anderem mit SZ-Journalistin Barbara Vorsame. Auf Twitter trendete im Anschluss der Hashtag #CoronaEltern, unter dem zahlreiche Betroffene ein emotionales Statement abgaben.<br \/>\n&nbsp;<\/p>\n<h3>1. Denn so sieht es aktuell in vielen Haushalten aus.<\/h3>\n<p>https:\/\/twitter.com\/ebonyplusirony\/status\/1252310302269616134<br \/>\n&nbsp;<\/p>\n<h3>2. W\u00e4r doch mal ein Zeichen. <\/h3>\n<div class=\"dbsm-oembed\">\n<blockquote class=\"twitter-tweet\" data-width=\"500\" data-dnt=\"true\">\n<p lang=\"de\" dir=\"ltr\">Ich w\u00fcrde es ja besser finden, wenn alle G\u00e4ste ihre Kinder zu <a href=\"https:\/\/twitter.com\/hashtag\/hartaberfair?src=hash&amp;ref_src=twsrc%5Etfw\">#hartaberfair<\/a> h\u00e4tten mitbringen m\u00fcssen, damit alle mal live sehen, wie super man dabei arbeiten kann. <a href=\"https:\/\/twitter.com\/hashtag\/CoronaEltern?src=hash&amp;ref_src=twsrc%5Etfw\">#CoronaEltern<\/a><\/p>\n<p>&mdash; Sara Flieder (@_die_sara) <a href=\"https:\/\/twitter.com\/_die_sara\/status\/1252321517003853842?ref_src=twsrc%5Etfw\">April 20, 2020<\/a><\/p><\/blockquote>\n<p><script async src=\"https:\/\/platform.twitter.com\/widgets.js\" charset=\"utf-8\"><\/script><\/div>\n<p>&nbsp;<\/p>\n<h3>3. Auch Vorschl\u00e4ge werden genannt. <\/h3>\n<div class=\"dbsm-oembed\">\n<blockquote class=\"twitter-tweet\" data-width=\"500\" data-dnt=\"true\">\n<p lang=\"de\" dir=\"ltr\">Kinderbetreuung  geht nicht nebenbei. Und das Prinzip \u201eMama macht das schon\u201c ist keine politische L\u00f6sung. <\/p>\n<p>Wir brauchen ein Corona-Elterngeld, damit sich Eltern w\u00e4hrend der Krise nicht zwischen finanzieller Not oder kompletter \u00dcberlastung entscheiden m\u00fcssen. <a href=\"https:\/\/twitter.com\/hashtag\/CoronaEltern?src=hash&amp;ref_src=twsrc%5Etfw\">#CoronaEltern<\/a><\/p>\n<p>&mdash; Ricarda Lang (@Ricarda_Lang) <a href=\"https:\/\/twitter.com\/Ricarda_Lang\/status\/1252308233403928577?ref_src=twsrc%5Etfw\">April 20, 2020<\/a><\/p><\/blockquote>\n<p><script async src=\"https:\/\/platform.twitter.com\/widgets.js\" charset=\"utf-8\"><\/script><\/div>\n<p>&nbsp;<\/p>\n<h3>4. Die in verschiedene Richtungen gehen:<\/h3>\n<p>https:\/\/twitter.com\/vollekannette\/status\/1252318223661498371<\/p>\n<h3>5. Denn so sieht aktuell der Alltag bei vielen aus:<\/h3>\n<div class=\"dbsm-oembed\">\n<blockquote class=\"twitter-tweet\" data-width=\"500\" data-dnt=\"true\">\n<p lang=\"de\" dir=\"ltr\">Es gibt Tage, da will ich nicht aufstehen, weil ich das Gef\u00fchl habe, keinen weiteren Tag im Homeoffice mit 3 Kitakindern durchzustehen. Nat\u00fcrlich tue ich es doch und zerrei\u00dfe mich von 6:30 bis 23:30. Dann geht&#39;s ins Bett und am n\u00e4chsten Morgen beginnt alles von vorn<a href=\"https:\/\/twitter.com\/hashtag\/Coronaeltern?src=hash&amp;ref_src=twsrc%5Etfw\">#Coronaeltern<\/a><\/p>\n<p>&mdash; Andrea Zschocher (@Runzelfuesschen) <a href=\"https:\/\/twitter.com\/Runzelfuesschen\/status\/1252299008841842690?ref_src=twsrc%5Etfw\">April 20, 2020<\/a><\/p><\/blockquote>\n<p><script async src=\"https:\/\/platform.twitter.com\/widgets.js\" charset=\"utf-8\"><\/script><\/div>\n<p>&nbsp;<\/p>\n<h3>6. Und das geht an die Substanz. <\/h3>\n<div class=\"dbsm-oembed\">\n<blockquote class=\"twitter-tweet\" data-width=\"500\" data-dnt=\"true\">\n<p lang=\"de\" dir=\"ltr\">Wir haben aufgegeben die Kinder abends ins Bett zu bringen. Ich bin so m\u00fcde, mein R\u00fccken schmerzt. Wir sind Eltern, Lehrer, Spielkamerad, Pflegeperson, Therapeuten, Elternvertreter, Arbeitgeber. Wir sind alles f\u00fcr sie &amp; wir sind verdammt ausgebrannt.<a href=\"https:\/\/twitter.com\/hashtag\/coronaeltern?src=hash&amp;ref_src=twsrc%5Etfw\">#coronaeltern<\/a><\/p>\n<p>&mdash; Frau (@vonDistel) <a href=\"https:\/\/twitter.com\/vonDistel\/status\/1252318693222240257?ref_src=twsrc%5Etfw\">April 20, 2020<\/a><\/p><\/blockquote>\n<p><script async src=\"https:\/\/platform.twitter.com\/widgets.js\" charset=\"utf-8\"><\/script><\/div>\n<p>&nbsp;<\/p>\n<h3>7. Die Menschen f\u00fchlen sich allein gelassen. <\/h3>\n<div class=\"dbsm-oembed\">\n<blockquote class=\"twitter-tweet\" data-width=\"500\" data-dnt=\"true\">\n<p lang=\"de\" dir=\"ltr\"><a href=\"https:\/\/twitter.com\/hashtag\/CoronaEltern?src=hash&amp;ref_src=twsrc%5Etfw\">#CoronaEltern<\/a> sein bedeutet, dass das komplette Betreuungsnetz weggebrochen ist. Dass die Freund*innen und Erzieher*innen massivst vermisst werden. Dass jeder Tag ein Jonglieren verschiedenster Anspr\u00fcche und Bed\u00fcrfnisse ist, wobei dir am Ende alle B\u00e4lle voll in die Fresse fallen.<\/p>\n<p>&mdash; Anna Aridzanjan (@textautomat) <a href=\"https:\/\/twitter.com\/textautomat\/status\/1252283939408003072?ref_src=twsrc%5Etfw\">April 20, 2020<\/a><\/p><\/blockquote>\n<p><script async src=\"https:\/\/platform.twitter.com\/widgets.js\" charset=\"utf-8\"><\/script><\/div>\n<p>&nbsp;<\/p>\n<h3>8. Und m\u00fcssen dann auch noch mit Anfeindungen k\u00e4mpfen! <\/h3>\n<div class=\"dbsm-oembed\">\n<blockquote class=\"twitter-tweet\" data-width=\"500\" data-dnt=\"true\">\n<p lang=\"de\" dir=\"ltr\">Anonyme Einsendung: &quot;Was wollen diese <a href=\"https:\/\/twitter.com\/hashtag\/CoronaEltern?src=hash&amp;ref_src=twsrc%5Etfw\">#CoronaEltern<\/a> eigentlich? Mein Opa hatte 12 Kinder, einen  Bauernhof und eine kriegsversehrte Frau, trotzdem hat er das alles geschafft. Da hat man die Kleidung noch mit der Hand gewaschen und Kindergarten gab es nicht!&quot;<\/p>\n<p>&mdash; Das bisschen Arbeit (@dasbisschenarb1) <a href=\"https:\/\/twitter.com\/dasbisschenarb1\/status\/1252356691955339268?ref_src=twsrc%5Etfw\">April 20, 2020<\/a><\/p><\/blockquote>\n<p><script async src=\"https:\/\/platform.twitter.com\/widgets.js\" charset=\"utf-8\"><\/script><\/div>\n<p>&nbsp;<\/p>\n<h3>9. W\u00e4hrend in der Gesellschaft ganz andere Dinge im Mittelpunkt stehen. <\/h3>\n<div class=\"dbsm-oembed\">\n<blockquote class=\"twitter-tweet\" data-width=\"500\" data-dnt=\"true\">\n<p lang=\"de\" dir=\"ltr\">Ich m\u00f6chte EINMAL erleben, dass \u00fcber Kinderseelen so intensiv berichtet wird wie \u00fcber Geisterspiele. <a href=\"https:\/\/twitter.com\/hashtag\/coronaeltern?src=hash&amp;ref_src=twsrc%5Etfw\">#coronaeltern<\/a><\/p>\n<p>&mdash; Juli liest (@JuliLiest) <a href=\"https:\/\/twitter.com\/JuliLiest\/status\/1252296118077136896?ref_src=twsrc%5Etfw\">April 20, 2020<\/a><\/p><\/blockquote>\n<p><script async src=\"https:\/\/platform.twitter.com\/widgets.js\" charset=\"utf-8\"><\/script><\/div>\n<p>&nbsp;<\/p>\n<h3>10. Vorschlag:<\/h3>\n<div class=\"dbsm-oembed\">\n<blockquote class=\"twitter-tweet\" data-width=\"500\" data-dnt=\"true\">\n<p lang=\"de\" dir=\"ltr\">Jedem Politiker wird jetzt ein Kleinkind, ein Schulkind und eine Vollzeit arbeitende Frau zugeteilt und die Pflicht auferlegt, sich zu 50% an der Care-Arbeit zu beteiligen. Mal schauen, ob sich doch L\u00f6sungen f\u00fcr Familien finden lassen <a href=\"https:\/\/twitter.com\/hashtag\/CoronaEltern?src=hash&amp;ref_src=twsrc%5Etfw\">#CoronaEltern<\/a><\/p>\n<p>&mdash; Patricia Cammarata @dasnuf@mastodon.social (@dasnuf) <a href=\"https:\/\/twitter.com\/dasnuf\/status\/1252332693985153024?ref_src=twsrc%5Etfw\">April 20, 2020<\/a><\/p><\/blockquote>\n<p><script async src=\"https:\/\/platform.twitter.com\/widgets.js\" charset=\"utf-8\"><\/script><\/div>\n<p>&nbsp;<\/p>\n<h3>11. Was viele auch nicht bedenken: <\/h3>\n<p>https:\/\/twitter.com\/vollekannette\/status\/1252340181941673990<br \/>\n&nbsp;<\/p>\n<h3>12. Weit \u00fcber der Belastungsgrenze! <\/h3>\n<div class=\"dbsm-oembed\">\n<blockquote class=\"twitter-tweet\" data-width=\"500\" data-dnt=\"true\">\n<p lang=\"de\" dir=\"ltr\">Ich bin eine psychisch kranke Mutter eines Kleinkindes. Ich kann nicht mehr. Bitte gebt uns vergessenen Familien eine Stimme in der Politik. Ich habe keine Kraft zu k\u00e4mpfen. <a href=\"https:\/\/twitter.com\/hashtag\/CoronaEltern?src=hash&amp;ref_src=twsrc%5Etfw\">#CoronaEltern<\/a><\/p>\n<p>&mdash; ANTIDEPRESScat (@AntidepresScat) <a href=\"https:\/\/twitter.com\/AntidepresScat\/status\/1252305638245445641?ref_src=twsrc%5Etfw\">April 20, 2020<\/a><\/p><\/blockquote>\n<p><script async src=\"https:\/\/platform.twitter.com\/widgets.js\" charset=\"utf-8\"><\/script><\/div>\n<p>&nbsp;<\/p>\n<h3>13. Ein wichtiges Statement.   <\/h3>\n<div class=\"dbsm-oembed\">\n<blockquote class=\"twitter-tweet\" data-width=\"500\" data-dnt=\"true\">\n<p lang=\"de\" dir=\"ltr\">Die meisten <a href=\"https:\/\/twitter.com\/hashtag\/CoronaEltern?src=hash&amp;ref_src=twsrc%5Etfw\">#CoronaEltern<\/a>, die ich kenne, isolieren sich seit mindestens 5 Wochen &#8211; oft st\u00e4rker als andere das tun. Sie \u00fcbernehmen damit gesellschaftliche Verantwortung.<\/p>\n<p>Welche Verantwortung \u00fcbernimmt die Gesellschaft f\u00fcr sie?<\/p>\n<p>&mdash; handrea (@HandreaEnkel) <a href=\"https:\/\/twitter.com\/HandreaEnkel\/status\/1252314278503297024?ref_src=twsrc%5Etfw\">April 20, 2020<\/a><\/p><\/blockquote>\n<p><script async src=\"https:\/\/platform.twitter.com\/widgets.js\" charset=\"utf-8\"><\/script><\/div>\n<p>&nbsp;<\/p>\n<h3>14. #CoronaEltern trendet nicht umsonst auf Twitter. <\/h3>\n<div class=\"dbsm-oembed\">\n<blockquote class=\"twitter-tweet\" data-width=\"500\" data-dnt=\"true\">\n<p lang=\"de\" dir=\"ltr\"><a href=\"https:\/\/twitter.com\/hashtag\/CoronaEltern?src=hash&amp;ref_src=twsrc%5Etfw\">#CoronaEltern<\/a> freuen sich \u00fcber den guten Tag, wenn die Kinder nur 3x wegen der Hausaufgaben geschrien und nur 3h an der Konsole verbracht haben, w\u00e4hrend sie sich nur 3x von Kollegen sagen lassen mussten, dass es ja entt\u00e4uschend ist, dass 3000 Dinge noch nicht fertig sind.<\/p>\n<p>&mdash; OMG! (@OhMeinGlueck) <a href=\"https:\/\/twitter.com\/OhMeinGlueck\/status\/1252318308919128078?ref_src=twsrc%5Etfw\">April 20, 2020<\/a><\/p><\/blockquote>\n<p><script async src=\"https:\/\/platform.twitter.com\/widgets.js\" charset=\"utf-8\"><\/script><\/div>\n<p>&nbsp;<\/p>\n<h3>15. Und das wollen auch wir unterst\u00fctzen! <\/h3>\n<div class=\"dbsm-oembed\">\n<blockquote class=\"twitter-tweet\" data-width=\"500\" data-dnt=\"true\">\n<p lang=\"de\" dir=\"ltr\"><a href=\"https:\/\/twitter.com\/hashtag\/CoronaEltern?src=hash&amp;ref_src=twsrc%5Etfw\">#CoronaEltern<\/a> sind auch w\u00fctend dar\u00fcber, dass wir und vor allem unsere Kinder sich wochenlang maximal einschr\u00e4nken und isolieren mussten, nur damit jetzt zB verkaufsoffene Sonntage abgehalten werden. Die Kindertrauer und der Elternstress waren also umsonst, ja? Danke f\u00fcr nichts.<\/p>\n<p>&mdash; Anna Aridzanjan (@textautomat) <a href=\"https:\/\/twitter.com\/textautomat\/status\/1252465680345116672?ref_src=twsrc%5Etfw\">April 21, 2020<\/a><\/p><\/blockquote>\n<p><script async src=\"https:\/\/platform.twitter.com\/widgets.js\" charset=\"utf-8\"><\/script><\/div>\n<p>\u2014\u2014<br \/>\nDanke an alle f\u00fcr die Statements. \u2764\ufe0f\ufe0f<\/p>\n","protected":false},"excerpt":{"rendered":"<p>Der Lockdown betrifft alle. Trifft aber Familien besonders hart. Wie ist Arbeit, Familie, Kinder und das alles auf engstem Raum vereinbar? Wie funktioniert Beruf und&#8230;<\/p>\n","protected":false},"author":65,"featured_media":123124,"comment_status":"open","ping_status":"open","sticky":false,"template":"","format":"standard","meta":{"_acf_changed":false,"footnotes":""},"categories":[1],"tags":[3988,3800,3983,1038,3984,1039,3986,3985,3987],"class_list":["post-123086","post","type-post","status-publish","format-standard","has-post-thumbnail","hentry","category-uncategorized","tag-ausgangsbeschraenkung","tag-corona","tag-coronaeltern","tag-eltern","tag-hart-aber-fair","tag-kinder","tag-lockdown","tag-panedmie","tag-shutdown"],"acf":[],"yoast_head":"<!-- This site is optimized with the Yoast SEO plugin v27.5 - https:\/\/yoast.com\/product\/yoast-seo-wordpress\/ -->\n<title>Corona-Eltern setzen klares Statement - The Best Social Media DE<\/title>\n<meta name=\"description\" content=\"Der Lockdown betrifft alle. Trifft Familien besonders hart. Wie ist Arbeit und Kinder auf engstem Raum vereinbar? Gar nicht! Darum geht es bei #CoronaEltern\" \/>\n<meta name=\"robots\" content=\"index, follow, max-snippet:-1, max-image-preview:large, max-video-preview:-1\" \/>\n<link rel=\"canonical\" href=\"https:\/\/www.thebestsocial.media\/de\/weit-ueber-der-belastungsgrenze-corona-eltern-setzen-klare-statements\/\" \/>\n<meta property=\"og:locale\" content=\"de_DE\" \/>\n<meta property=\"og:type\" content=\"article\" \/>\n<meta property=\"og:title\" content=\"Weit \u00fcber der Belastungsgrenze - &#039;Corona-Eltern&#039; setzen klare Statements\" \/>\n<meta property=\"og:description\" content=\"Der Lockdown betrifft alle. Trifft Familien besonders hart. Wie ist Arbeit und Kinder auf engstem Raum vereinbar? Gar nicht! Darum geht es bei #CoronaEltern\" \/>\n<meta property=\"og:url\" content=\"https:\/\/www.thebestsocial.media\/de\/weit-ueber-der-belastungsgrenze-corona-eltern-setzen-klare-statements\/\" \/>\n<meta property=\"og:site_name\" content=\"The Best Social Media DE\" \/>\n<meta property=\"article:published_time\" content=\"2020-04-21T14:33:47+00:00\" \/>\n<meta property=\"article:modified_time\" content=\"2020-04-21T14:52:51+00:00\" \/>\n<meta property=\"og:image\" content=\"https:\/\/www.thebestsocial.media\/de\/wp-content\/uploads\/sites\/3\/2020\/04\/Corona-Eltern-FB.png\" \/>\n\t<meta property=\"og:image:width\" content=\"1200\" \/>\n\t<meta property=\"og:image:height\" content=\"628\" \/>\n\t<meta property=\"og:image:type\" content=\"image\/png\" \/>\n<meta name=\"author\" content=\"Jan\" \/>\n<meta name=\"twitter:card\" content=\"summary_large_image\" \/>\n<meta name=\"twitter:label1\" content=\"Verfasst von\" \/>\n\t<meta name=\"twitter:data1\" content=\"Jan\" \/>\n\t<meta name=\"twitter:label2\" content=\"Gesch\u00e4tzte Lesezeit\" \/>\n\t<meta name=\"twitter:data2\" content=\"1\u00a0Minute\" \/>\n<script type=\"application\/ld+json\" class=\"yoast-schema-graph\">{\"@context\":\"https:\\\/\\\/schema.org\",\"@graph\":[{\"@type\":\"Article\",\"@id\":\"https:\\\/\\\/www.thebestsocial.media\\\/de\\\/weit-ueber-der-belastungsgrenze-corona-eltern-setzen-klare-statements\\\/#article\",\"isPartOf\":{\"@id\":\"https:\\\/\\\/www.thebestsocial.media\\\/de\\\/weit-ueber-der-belastungsgrenze-corona-eltern-setzen-klare-statements\\\/\"},\"author\":{\"name\":\"Jan\",\"@id\":\"https:\\\/\\\/www.thebestsocial.media\\\/de\\\/#\\\/schema\\\/person\\\/03b8d8d2905b97b499c8e0808b724821\"},\"headline\":\"Weit \u00fcber der Belastungsgrenze &#8211; &#8218;Corona-Eltern&#8216; setzen klare Statements\",\"datePublished\":\"2020-04-21T14:33:47+00:00\",\"dateModified\":\"2020-04-21T14:52:51+00:00\",\"mainEntityOfPage\":{\"@id\":\"https:\\\/\\\/www.thebestsocial.media\\\/de\\\/weit-ueber-der-belastungsgrenze-corona-eltern-setzen-klare-statements\\\/\"},\"wordCount\":263,\"commentCount\":0,\"image\":{\"@id\":\"https:\\\/\\\/www.thebestsocial.media\\\/de\\\/weit-ueber-der-belastungsgrenze-corona-eltern-setzen-klare-statements\\\/#primaryimage\"},\"thumbnailUrl\":\"https:\\\/\\\/www.thebestsocial.media\\\/de\\\/wp-content\\\/uploads\\\/sites\\\/3\\\/2020\\\/04\\\/Corona-Eltern.png\",\"keywords\":[\"AUsgangsbeschr\u00e4nkung\",\"Corona\",\"CoronaEltern\",\"Eltern\",\"Hart aber Fair\",\"Kinder\",\"Lockdown\",\"Panedmie\",\"Shutdown\"],\"articleSection\":[\"Uncategorized\"],\"inLanguage\":\"de\",\"potentialAction\":[{\"@type\":\"CommentAction\",\"name\":\"Comment\",\"target\":[\"https:\\\/\\\/www.thebestsocial.media\\\/de\\\/weit-ueber-der-belastungsgrenze-corona-eltern-setzen-klare-statements\\\/#respond\"]}]},{\"@type\":\"WebPage\",\"@id\":\"https:\\\/\\\/www.thebestsocial.media\\\/de\\\/weit-ueber-der-belastungsgrenze-corona-eltern-setzen-klare-statements\\\/\",\"url\":\"https:\\\/\\\/www.thebestsocial.media\\\/de\\\/weit-ueber-der-belastungsgrenze-corona-eltern-setzen-klare-statements\\\/\",\"name\":\"Corona-Eltern setzen klares Statement - The Best Social Media DE\",\"isPartOf\":{\"@id\":\"https:\\\/\\\/www.thebestsocial.media\\\/de\\\/#website\"},\"primaryImageOfPage\":{\"@id\":\"https:\\\/\\\/www.thebestsocial.media\\\/de\\\/weit-ueber-der-belastungsgrenze-corona-eltern-setzen-klare-statements\\\/#primaryimage\"},\"image\":{\"@id\":\"https:\\\/\\\/www.thebestsocial.media\\\/de\\\/weit-ueber-der-belastungsgrenze-corona-eltern-setzen-klare-statements\\\/#primaryimage\"},\"thumbnailUrl\":\"https:\\\/\\\/www.thebestsocial.media\\\/de\\\/wp-content\\\/uploads\\\/sites\\\/3\\\/2020\\\/04\\\/Corona-Eltern.png\",\"datePublished\":\"2020-04-21T14:33:47+00:00\",\"dateModified\":\"2020-04-21T14:52:51+00:00\",\"author\":{\"@id\":\"https:\\\/\\\/www.thebestsocial.media\\\/de\\\/#\\\/schema\\\/person\\\/03b8d8d2905b97b499c8e0808b724821\"},\"description\":\"Der Lockdown betrifft alle. Trifft Familien besonders hart. Wie ist Arbeit und Kinder auf engstem Raum vereinbar? Gar nicht! Darum geht es bei #CoronaEltern\",\"breadcrumb\":{\"@id\":\"https:\\\/\\\/www.thebestsocial.media\\\/de\\\/weit-ueber-der-belastungsgrenze-corona-eltern-setzen-klare-statements\\\/#breadcrumb\"},\"inLanguage\":\"de\",\"potentialAction\":[{\"@type\":\"ReadAction\",\"target\":[\"https:\\\/\\\/www.thebestsocial.media\\\/de\\\/weit-ueber-der-belastungsgrenze-corona-eltern-setzen-klare-statements\\\/\"]}]},{\"@type\":\"ImageObject\",\"inLanguage\":\"de\",\"@id\":\"https:\\\/\\\/www.thebestsocial.media\\\/de\\\/weit-ueber-der-belastungsgrenze-corona-eltern-setzen-klare-statements\\\/#primaryimage\",\"url\":\"https:\\\/\\\/www.thebestsocial.media\\\/de\\\/wp-content\\\/uploads\\\/sites\\\/3\\\/2020\\\/04\\\/Corona-Eltern.png\",\"contentUrl\":\"https:\\\/\\\/www.thebestsocial.media\\\/de\\\/wp-content\\\/uploads\\\/sites\\\/3\\\/2020\\\/04\\\/Corona-Eltern.png\",\"width\":1200,\"height\":628},{\"@type\":\"BreadcrumbList\",\"@id\":\"https:\\\/\\\/www.thebestsocial.media\\\/de\\\/weit-ueber-der-belastungsgrenze-corona-eltern-setzen-klare-statements\\\/#breadcrumb\",\"itemListElement\":[{\"@type\":\"ListItem\",\"position\":1,\"name\":\"Home\",\"item\":\"https:\\\/\\\/www.thebestsocial.media\\\/de\\\/\"},{\"@type\":\"ListItem\",\"position\":2,\"name\":\"Weit \u00fcber der Belastungsgrenze &#8211; &#8218;Corona-Eltern&#8216; setzen klare Statements\"}]},{\"@type\":\"WebSite\",\"@id\":\"https:\\\/\\\/www.thebestsocial.media\\\/de\\\/#website\",\"url\":\"https:\\\/\\\/www.thebestsocial.media\\\/de\\\/\",\"name\":\"The Best Social Media DE\",\"description\":\"\",\"potentialAction\":[{\"@type\":\"SearchAction\",\"target\":{\"@type\":\"EntryPoint\",\"urlTemplate\":\"https:\\\/\\\/www.thebestsocial.media\\\/de\\\/?s={search_term_string}\"},\"query-input\":{\"@type\":\"PropertyValueSpecification\",\"valueRequired\":true,\"valueName\":\"search_term_string\"}}],\"inLanguage\":\"de\"},{\"@type\":\"Person\",\"@id\":\"https:\\\/\\\/www.thebestsocial.media\\\/de\\\/#\\\/schema\\\/person\\\/03b8d8d2905b97b499c8e0808b724821\",\"name\":\"Jan\",\"image\":{\"@type\":\"ImageObject\",\"inLanguage\":\"de\",\"@id\":\"https:\\\/\\\/secure.gravatar.com\\\/avatar\\\/6977c5e4d81f2a717dcf76e5e74d7a00b583f3f83a2b00830dedfc799d928343?s=96&d=mm&r=g\",\"url\":\"https:\\\/\\\/secure.gravatar.com\\\/avatar\\\/6977c5e4d81f2a717dcf76e5e74d7a00b583f3f83a2b00830dedfc799d928343?s=96&d=mm&r=g\",\"contentUrl\":\"https:\\\/\\\/secure.gravatar.com\\\/avatar\\\/6977c5e4d81f2a717dcf76e5e74d7a00b583f3f83a2b00830dedfc799d928343?s=96&d=mm&r=g\",\"caption\":\"Jan\"},\"description\":\"Wohnt in M\u00fcnchen, hat aber bis heute keine Ahnung, wie er dort gelandet ist. W\u00fcnscht sich manchmal eine dritte Stimme im Kopf, die ihn davon abh\u00e4lt, auszusprechen, was er gerade denkt. Mag Sport und jeden Kartoffelchip einzeln zu essen. Hasst es, sich auf neue Duschen einstellen zu m\u00fcssen. In einer Beziehung mit Social Media \u2013 aber es ist kompliziert.\",\"url\":\"https:\\\/\\\/www.thebestsocial.media\\\/de\\\/author\\\/janhorstkoetter\\\/\"}]}<\/script>\n<!-- \/ Yoast SEO plugin. -->","yoast_head_json":{"title":"Corona-Eltern setzen klares Statement - The Best Social Media DE","description":"Der Lockdown betrifft alle. Trifft Familien besonders hart. Wie ist Arbeit und Kinder auf engstem Raum vereinbar? Gar nicht! Darum geht es bei #CoronaEltern","robots":{"index":"index","follow":"follow","max-snippet":"max-snippet:-1","max-image-preview":"max-image-preview:large","max-video-preview":"max-video-preview:-1"},"canonical":"https:\/\/www.thebestsocial.media\/de\/weit-ueber-der-belastungsgrenze-corona-eltern-setzen-klare-statements\/","og_locale":"de_DE","og_type":"article","og_title":"Weit \u00fcber der Belastungsgrenze - 'Corona-Eltern' setzen klare Statements","og_description":"Der Lockdown betrifft alle. Trifft Familien besonders hart. Wie ist Arbeit und Kinder auf engstem Raum vereinbar? Gar nicht! Darum geht es bei #CoronaEltern","og_url":"https:\/\/www.thebestsocial.media\/de\/weit-ueber-der-belastungsgrenze-corona-eltern-setzen-klare-statements\/","og_site_name":"The Best Social Media DE","article_published_time":"2020-04-21T14:33:47+00:00","article_modified_time":"2020-04-21T14:52:51+00:00","og_image":[{"width":1200,"height":628,"url":"https:\/\/www.thebestsocial.media\/de\/wp-content\/uploads\/sites\/3\/2020\/04\/Corona-Eltern-FB.png","type":"image\/png"}],"author":"Jan","twitter_card":"summary_large_image","twitter_misc":{"Verfasst von":"Jan","Gesch\u00e4tzte Lesezeit":"1\u00a0Minute"},"schema":{"@context":"https:\/\/schema.org","@graph":[{"@type":"Article","@id":"https:\/\/www.thebestsocial.media\/de\/weit-ueber-der-belastungsgrenze-corona-eltern-setzen-klare-statements\/#article","isPartOf":{"@id":"https:\/\/www.thebestsocial.media\/de\/weit-ueber-der-belastungsgrenze-corona-eltern-setzen-klare-statements\/"},"author":{"name":"Jan","@id":"https:\/\/www.thebestsocial.media\/de\/#\/schema\/person\/03b8d8d2905b97b499c8e0808b724821"},"headline":"Weit \u00fcber der Belastungsgrenze &#8211; &#8218;Corona-Eltern&#8216; setzen klare Statements","datePublished":"2020-04-21T14:33:47+00:00","dateModified":"2020-04-21T14:52:51+00:00","mainEntityOfPage":{"@id":"https:\/\/www.thebestsocial.media\/de\/weit-ueber-der-belastungsgrenze-corona-eltern-setzen-klare-statements\/"},"wordCount":263,"commentCount":0,"image":{"@id":"https:\/\/www.thebestsocial.media\/de\/weit-ueber-der-belastungsgrenze-corona-eltern-setzen-klare-statements\/#primaryimage"},"thumbnailUrl":"https:\/\/www.thebestsocial.media\/de\/wp-content\/uploads\/sites\/3\/2020\/04\/Corona-Eltern.png","keywords":["AUsgangsbeschr\u00e4nkung","Corona","CoronaEltern","Eltern","Hart aber Fair","Kinder","Lockdown","Panedmie","Shutdown"],"articleSection":["Uncategorized"],"inLanguage":"de","potentialAction":[{"@type":"CommentAction","name":"Comment","target":["https:\/\/www.thebestsocial.media\/de\/weit-ueber-der-belastungsgrenze-corona-eltern-setzen-klare-statements\/#respond"]}]},{"@type":"WebPage","@id":"https:\/\/www.thebestsocial.media\/de\/weit-ueber-der-belastungsgrenze-corona-eltern-setzen-klare-statements\/","url":"https:\/\/www.thebestsocial.media\/de\/weit-ueber-der-belastungsgrenze-corona-eltern-setzen-klare-statements\/","name":"Corona-Eltern setzen klares Statement - The Best Social Media DE","isPartOf":{"@id":"https:\/\/www.thebestsocial.media\/de\/#website"},"primaryImageOfPage":{"@id":"https:\/\/www.thebestsocial.media\/de\/weit-ueber-der-belastungsgrenze-corona-eltern-setzen-klare-statements\/#primaryimage"},"image":{"@id":"https:\/\/www.thebestsocial.media\/de\/weit-ueber-der-belastungsgrenze-corona-eltern-setzen-klare-statements\/#primaryimage"},"thumbnailUrl":"https:\/\/www.thebestsocial.media\/de\/wp-content\/uploads\/sites\/3\/2020\/04\/Corona-Eltern.png","datePublished":"2020-04-21T14:33:47+00:00","dateModified":"2020-04-21T14:52:51+00:00","author":{"@id":"https:\/\/www.thebestsocial.media\/de\/#\/schema\/person\/03b8d8d2905b97b499c8e0808b724821"},"description":"Der Lockdown betrifft alle. Trifft Familien besonders hart. Wie ist Arbeit und Kinder auf engstem Raum vereinbar? Gar nicht! Darum geht es bei #CoronaEltern","breadcrumb":{"@id":"https:\/\/www.thebestsocial.media\/de\/weit-ueber-der-belastungsgrenze-corona-eltern-setzen-klare-statements\/#breadcrumb"},"inLanguage":"de","potentialAction":[{"@type":"ReadAction","target":["https:\/\/www.thebestsocial.media\/de\/weit-ueber-der-belastungsgrenze-corona-eltern-setzen-klare-statements\/"]}]},{"@type":"ImageObject","inLanguage":"de","@id":"https:\/\/www.thebestsocial.media\/de\/weit-ueber-der-belastungsgrenze-corona-eltern-setzen-klare-statements\/#primaryimage","url":"https:\/\/www.thebestsocial.media\/de\/wp-content\/uploads\/sites\/3\/2020\/04\/Corona-Eltern.png","contentUrl":"https:\/\/www.thebestsocial.media\/de\/wp-content\/uploads\/sites\/3\/2020\/04\/Corona-Eltern.png","width":1200,"height":628},{"@type":"BreadcrumbList","@id":"https:\/\/www.thebestsocial.media\/de\/weit-ueber-der-belastungsgrenze-corona-eltern-setzen-klare-statements\/#breadcrumb","itemListElement":[{"@type":"ListItem","position":1,"name":"Home","item":"https:\/\/www.thebestsocial.media\/de\/"},{"@type":"ListItem","position":2,"name":"Weit \u00fcber der Belastungsgrenze &#8211; &#8218;Corona-Eltern&#8216; setzen klare Statements"}]},{"@type":"WebSite","@id":"https:\/\/www.thebestsocial.media\/de\/#website","url":"https:\/\/www.thebestsocial.media\/de\/","name":"The Best Social Media DE","description":"","potentialAction":[{"@type":"SearchAction","target":{"@type":"EntryPoint","urlTemplate":"https:\/\/www.thebestsocial.media\/de\/?s={search_term_string}"},"query-input":{"@type":"PropertyValueSpecification","valueRequired":true,"valueName":"search_term_string"}}],"inLanguage":"de"},{"@type":"Person","@id":"https:\/\/www.thebestsocial.media\/de\/#\/schema\/person\/03b8d8d2905b97b499c8e0808b724821","name":"Jan","image":{"@type":"ImageObject","inLanguage":"de","@id":"https:\/\/secure.gravatar.com\/avatar\/6977c5e4d81f2a717dcf76e5e74d7a00b583f3f83a2b00830dedfc799d928343?s=96&d=mm&r=g","url":"https:\/\/secure.gravatar.com\/avatar\/6977c5e4d81f2a717dcf76e5e74d7a00b583f3f83a2b00830dedfc799d928343?s=96&d=mm&r=g","contentUrl":"https:\/\/secure.gravatar.com\/avatar\/6977c5e4d81f2a717dcf76e5e74d7a00b583f3f83a2b00830dedfc799d928343?s=96&d=mm&r=g","caption":"Jan"},"description":"Wohnt in M\u00fcnchen, hat aber bis heute keine Ahnung, wie er dort gelandet ist. W\u00fcnscht sich manchmal eine dritte Stimme im Kopf, die ihn davon abh\u00e4lt, auszusprechen, was er gerade denkt. Mag Sport und jeden Kartoffelchip einzeln zu essen. Hasst es, sich auf neue Duschen einstellen zu m\u00fcssen. In einer Beziehung mit Social Media \u2013 aber es ist kompliziert.","url":"https:\/\/www.thebestsocial.media\/de\/author\/janhorstkoetter\/"}]}},"amp_enabled":true,"_links":{"self":[{"href":"https:\/\/www.thebestsocial.media\/de\/wp-json\/wp\/v2\/posts\/123086","targetHints":{"allow":["GET"]}}],"collection":[{"href":"https:\/\/www.thebestsocial.media\/de\/wp-json\/wp\/v2\/posts"}],"about":[{"href":"https:\/\/www.thebestsocial.media\/de\/wp-json\/wp\/v2\/types\/post"}],"author":[{"embeddable":true,"href":"https:\/\/www.thebestsocial.media\/de\/wp-json\/wp\/v2\/users\/65"}],"replies":[{"embeddable":true,"href":"https:\/\/www.thebestsocial.media\/de\/wp-json\/wp\/v2\/comments?post=123086"}],"version-history":[{"count":6,"href":"https:\/\/www.thebestsocial.media\/de\/wp-json\/wp\/v2\/posts\/123086\/revisions"}],"predecessor-version":[{"id":123158,"href":"https:\/\/www.thebestsocial.media\/de\/wp-json\/wp\/v2\/posts\/123086\/revisions\/123158"}],"wp:featuredmedia":[{"embeddable":true,"href":"https:\/\/www.thebestsocial.media\/de\/wp-json\/wp\/v2\/media\/123124"}],"wp:attachment":[{"href":"https:\/\/www.thebestsocial.media\/de\/wp-json\/wp\/v2\/media?parent=123086"}],"wp:term":[{"taxonomy":"category","embeddable":true,"href":"https:\/\/www.thebestsocial.media\/de\/wp-json\/wp\/v2\/categories?post=123086"},{"taxonomy":"post_tag","embeddable":true,"href":"https:\/\/www.thebestsocial.media\/de\/wp-json\/wp\/v2\/tags?post=123086"}],"curies":[{"name":"wp","href":"https:\/\/api.w.org\/{rel}","templated":true}]}}