{"id":122790,"date":"2020-04-17T15:04:13","date_gmt":"2020-04-17T15:04:13","guid":{"rendered":"https:\/\/www.thebestsocial.media\/de\/?p=122790"},"modified":"2020-04-17T15:09:23","modified_gmt":"2020-04-17T15:09:23","slug":"nach-bizarrem-werbevideo-baeckerei-felber-reagiert-wunderbar-exzentrisch-auf-den-hate","status":"publish","type":"post","link":"https:\/\/www.thebestsocial.media\/de\/nach-bizarrem-werbevideo-baeckerei-felber-reagiert-wunderbar-exzentrisch-auf-den-hate\/","title":{"rendered":"Nach bizarrem Werbevideo: B\u00e4ckerei Felber reagiert wunderbar exzentrisch auf den Hate"},"content":{"rendered":"<p>Ein sehr au\u00dfergew\u00f6hnliches <a href=\"https:\/\/www.thebestsocial.media\/de\/baeckerei-veroeffentlicht-verstoerendes-promo-video-und-wir-haben-fragen\">Werbevideo der B\u00e4ckerei Felber<\/a> hat in den letzten Tagen f\u00fcr Aufsehen im Netz gesorgt. In dem Clip redet Frau Felber davon sich &#8222;die Stangerl reinzuhexeln und eine Topfengolatsche zu nageln&#8220;.<br \/>\nKommt Reichweite, kommt Spott. Die \u00f6sterreichische Version von Claudia Obert hat nun aber ein Statement-Video gedroppt. Ob das von Anfang an eine geplante Guerilla Marketing-Aktion war oder nach dem letzten Flop 100 Agenturen ihre Pitches hingeschickt haben, wird man wohl nie erfahren. Sie haben auf jeden Fall das beste(?) aus der Situation gemacht, und wir f\u00fchlen uns durchaus gut unterhalten.<\/p>\n<p>&nbsp;<\/p>\n<h3>Falls du das Video noch nicht kennst, hier bitte.<\/h3>\n<blockquote class=\"twitter-tweet\" data-conversation=\"none\">\n<p lang=\"de\" dir=\"ltr\">Ich hab dieses St\u00fcck Zeitgeschichte archiviert \u2014 Man wird sich auf immer &amp; ewig an die langersehnte \u00d6ffnung der Baum\u00e4rkte am 14.4.2020 und den Beitrag von Frau Felber erinnern. \ud83c\udde6\ud83c\uddf9\ud83c\udde6\ud83c\uddf9 <a href=\"https:\/\/twitter.com\/hashtag\/%C3%96sterreichbrot?src=hash&amp;ref_src=twsrc%5Etfw\">#\u00d6sterreichbrot<\/a> <a href=\"https:\/\/twitter.com\/hashtag\/Aromasemmel?src=hash&amp;ref_src=twsrc%5Etfw\">#Aromasemmel<\/a> <a href=\"https:\/\/twitter.com\/hashtag\/COVID19at?src=hash&amp;ref_src=twsrc%5Etfw\">#COVID19at<\/a> <a href=\"https:\/\/t.co\/sV5GIj2kAe\">pic.twitter.com\/sV5GIj2kAe<\/a><\/p>\n<p>&mdash; Lukas (@lukaswww_) <a href=\"https:\/\/twitter.com\/lukaswww_\/status\/1250075603249790978?ref_src=twsrc%5Etfw\">April 14, 2020<\/a><\/p><\/blockquote>\n<p> <script async src=\"https:\/\/platform.twitter.com\/widgets.js\" charset=\"utf-8\"><\/script> <\/p>\n<p>&nbsp;<\/p>\n<h3>Das neue Video folgt dem Format &#8222;Mean Tweets&#8220; und die Doris gl\u00e4nzt in ihrer Rolle.<\/h3>\n<p>https:\/\/www.facebook.com\/Felberbrot\/posts\/2999141813479322<br \/>\n&nbsp;<\/p>\n<h3>Die zahlreichen positiven Kommentare unter dem Video zeigen, dass die Aktion sich gelohnt hat.<\/h3>\n<p><img loading=\"lazy\" decoding=\"async\" class=\"alignnone wp-image-122829 size-full\" src=\"https:\/\/www.thebestsocial.media\/de\/wp-content\/uploads\/sites\/3\/2020\/04\/IMG_4025.jpg\" alt=\"\" width=\"750\" height=\"788\" srcset=\"https:\/\/www.thebestsocial.media\/de\/wp-content\/uploads\/sites\/3\/2020\/04\/IMG_4025.jpg 750w, https:\/\/www.thebestsocial.media\/de\/wp-content\/uploads\/sites\/3\/2020\/04\/IMG_4025-286x300.jpg 286w\" sizes=\"auto, (max-width: 750px) 100vw, 750px\" \/><\/p>\n<p><img loading=\"lazy\" decoding=\"async\" class=\"alignnone wp-image-122830 size-full\" src=\"https:\/\/www.thebestsocial.media\/de\/wp-content\/uploads\/sites\/3\/2020\/04\/IMG_4026.jpg\" alt=\"\" width=\"750\" height=\"530\" srcset=\"https:\/\/www.thebestsocial.media\/de\/wp-content\/uploads\/sites\/3\/2020\/04\/IMG_4026.jpg 750w, https:\/\/www.thebestsocial.media\/de\/wp-content\/uploads\/sites\/3\/2020\/04\/IMG_4026-300x212.jpg 300w\" sizes=\"auto, (max-width: 750px) 100vw, 750px\" \/><\/p>\n<p><img loading=\"lazy\" decoding=\"async\" class=\"alignnone wp-image-122831 size-full\" src=\"https:\/\/www.thebestsocial.media\/de\/wp-content\/uploads\/sites\/3\/2020\/04\/IMG_4027.jpg\" alt=\"\" width=\"739\" height=\"292\" srcset=\"https:\/\/www.thebestsocial.media\/de\/wp-content\/uploads\/sites\/3\/2020\/04\/IMG_4027.jpg 739w, https:\/\/www.thebestsocial.media\/de\/wp-content\/uploads\/sites\/3\/2020\/04\/IMG_4027-300x119.jpg 300w\" sizes=\"auto, (max-width: 739px) 100vw, 739px\" \/><\/p>\n<p><img loading=\"lazy\" decoding=\"async\" class=\"alignnone wp-image-122832 size-full\" src=\"https:\/\/www.thebestsocial.media\/de\/wp-content\/uploads\/sites\/3\/2020\/04\/IMG_4028.jpg\" alt=\"\" width=\"750\" height=\"619\" srcset=\"https:\/\/www.thebestsocial.media\/de\/wp-content\/uploads\/sites\/3\/2020\/04\/IMG_4028.jpg 750w, https:\/\/www.thebestsocial.media\/de\/wp-content\/uploads\/sites\/3\/2020\/04\/IMG_4028-300x248.jpg 300w\" sizes=\"auto, (max-width: 750px) 100vw, 750px\" \/><\/p>\n<p><img loading=\"lazy\" decoding=\"async\" class=\"alignnone wp-image-122833 size-full\" src=\"https:\/\/www.thebestsocial.media\/de\/wp-content\/uploads\/sites\/3\/2020\/04\/IMG_4029.jpg\" alt=\"\" width=\"750\" height=\"294\" srcset=\"https:\/\/www.thebestsocial.media\/de\/wp-content\/uploads\/sites\/3\/2020\/04\/IMG_4029.jpg 750w, https:\/\/www.thebestsocial.media\/de\/wp-content\/uploads\/sites\/3\/2020\/04\/IMG_4029-300x118.jpg 300w\" sizes=\"auto, (max-width: 750px) 100vw, 750px\" \/><\/p>\n<p><img loading=\"lazy\" decoding=\"async\" class=\"alignnone wp-image-122834 size-full\" src=\"https:\/\/www.thebestsocial.media\/de\/wp-content\/uploads\/sites\/3\/2020\/04\/IMG_4031.jpg\" alt=\"\" width=\"745\" height=\"440\" srcset=\"https:\/\/www.thebestsocial.media\/de\/wp-content\/uploads\/sites\/3\/2020\/04\/IMG_4031.jpg 745w, https:\/\/www.thebestsocial.media\/de\/wp-content\/uploads\/sites\/3\/2020\/04\/IMG_4031-300x177.jpg 300w\" sizes=\"auto, (max-width: 745px) 100vw, 745px\" \/><\/p>\n<p><img loading=\"lazy\" decoding=\"async\" class=\"alignnone wp-image-122835 size-full\" src=\"https:\/\/www.thebestsocial.media\/de\/wp-content\/uploads\/sites\/3\/2020\/04\/IMG_4032.jpg\" alt=\"\" width=\"750\" height=\"357\" srcset=\"https:\/\/www.thebestsocial.media\/de\/wp-content\/uploads\/sites\/3\/2020\/04\/IMG_4032.jpg 750w, https:\/\/www.thebestsocial.media\/de\/wp-content\/uploads\/sites\/3\/2020\/04\/IMG_4032-300x143.jpg 300w\" sizes=\"auto, (max-width: 750px) 100vw, 750px\" \/><\/p>\n<p>&nbsp;<\/p>\n<h3>Auf Twitter ist man sich noch nicht ganz sicher&#8230;<\/h3>\n<div class=\"dbsm-oembed\">\n<blockquote class=\"twitter-tweet\" data-width=\"500\" data-dnt=\"true\">\n<p lang=\"de\" dir=\"ltr\">morgen kommt dann tweet wie flo klenk felber  falter-abo schenkt<\/p>\n<p>&mdash; dichti (@dichterpoet) <a href=\"https:\/\/twitter.com\/dichterpoet\/status\/1250897832501968900?ref_src=twsrc%5Etfw\">April 16, 2020<\/a><\/p><\/blockquote>\n<p><script async src=\"https:\/\/platform.twitter.com\/widgets.js\" charset=\"utf-8\"><\/script><\/div>\n<div class=\"dbsm-oembed\">\n<blockquote class=\"twitter-tweet\" data-width=\"500\" data-dnt=\"true\">\n<p lang=\"de\" dir=\"ltr\">ich wie ich seh dass die falter redaktion gratis felber topfengolatschen vertilgt <a href=\"https:\/\/t.co\/vAPcf9SoaK\">pic.twitter.com\/vAPcf9SoaK<\/a><\/p>\n<p>&mdash; dichti (@dichterpoet) <a href=\"https:\/\/twitter.com\/dichterpoet\/status\/1250913920778416129?ref_src=twsrc%5Etfw\">April 16, 2020<\/a><\/p><\/blockquote>\n<p><script async src=\"https:\/\/platform.twitter.com\/widgets.js\" charset=\"utf-8\"><\/script><\/div>\n<h3>Side Note: Florian Klenk ist Chefredakteur des &#8222;Falters&#8220; und hat sich von Anfang an auf Twitter f\u00fcr die Firma Felber positioniert.<\/h3>\n<p>https:\/\/twitter.com\/florianklenk\/status\/1250722736420372480<\/p>\n<p>&nbsp;<\/p>\n<h3>&#8230;aber auch hier ist das Echo gro\u00dfteils positiv. Die Felber Topfengolatsche hat auf jeden Fall Kultstatus-Potenzial.<\/h3>\n<div class=\"dbsm-oembed\">\n<blockquote class=\"twitter-tweet\" data-width=\"500\" data-dnt=\"true\">\n<p lang=\"de\" dir=\"ltr\">Ich liebe das Video von Frau Felber, alles daran, sie ist top und erw\u00e4rmt mein Herz, ich geh morgen eine Topfengolatsche nageln, was auch immer das hei\u00dft.<\/p>\n<p>&mdash; Tini Paspertini (@gruen_wald) <a href=\"https:\/\/twitter.com\/gruen_wald\/status\/1250097925868437511?ref_src=twsrc%5Etfw\">April 14, 2020<\/a><\/p><\/blockquote>\n<p><script async src=\"https:\/\/platform.twitter.com\/widgets.js\" charset=\"utf-8\"><\/script><\/div>\n<p>https:\/\/twitter.com\/PhoenixToelle\/status\/1251090911238463488<\/p>\n<div class=\"dbsm-oembed\">\n<blockquote class=\"twitter-tweet\" data-width=\"500\" data-dnt=\"true\">\n<p lang=\"de\" dir=\"ltr\">ich nachdem ich felber topfengolatsche koste <a href=\"https:\/\/t.co\/uNceH0JtF5\">pic.twitter.com\/uNceH0JtF5<\/a><\/p>\n<p>&mdash; dichti (@dichterpoet) <a href=\"https:\/\/twitter.com\/dichterpoet\/status\/1251064051087683589?ref_src=twsrc%5Etfw\">April 17, 2020<\/a><\/p><\/blockquote>\n<p><script async src=\"https:\/\/platform.twitter.com\/widgets.js\" charset=\"utf-8\"><\/script><\/div>\n<div class=\"dbsm-oembed\">\n<blockquote class=\"twitter-tweet\" data-width=\"500\" data-dnt=\"true\">\n<p lang=\"de\" dir=\"ltr\">no felber topfengolatsch no party<\/p>\n<p>&mdash; dichti (@dichterpoet) <a href=\"https:\/\/twitter.com\/dichterpoet\/status\/1250894580972687360?ref_src=twsrc%5Etfw\">April 16, 2020<\/a><\/p><\/blockquote>\n<p><script async src=\"https:\/\/platform.twitter.com\/widgets.js\" charset=\"utf-8\"><\/script><\/div>\n<div class=\"dbsm-oembed\">\n<blockquote class=\"twitter-tweet\" data-width=\"500\" data-dnt=\"true\">\n<p lang=\"de\" dir=\"ltr\">Dies ist diese Woche das wichtigste Internet-Ereignis in \u00d6sterreich. Wenn ihr es wissen wollt: sucht \u201eFelber\u201c.<\/p>\n<p>Und nagelt Euch in der Pause eine Topfengolatsche! <a href=\"https:\/\/t.co\/O9YPYbcWvf\">https:\/\/t.co\/O9YPYbcWvf<\/a><\/p>\n<p>&mdash; Michael B\u00fcker \ud83c\uddfa\ud83c\udde6 (@emtiu) <a href=\"https:\/\/twitter.com\/emtiu\/status\/1250878695293759488?ref_src=twsrc%5Etfw\">April 16, 2020<\/a><\/p><\/blockquote>\n<p><script async src=\"https:\/\/platform.twitter.com\/widgets.js\" charset=\"utf-8\"><\/script><\/div>\n<p>\u2014\u2014<br \/>\nDanke an alle f\u00fcr die Postings! \u2764\ufe0f\ufe0f<\/p>\n","protected":false},"excerpt":{"rendered":"<p>Ein sehr au\u00dfergew\u00f6hnliches Werbevideo der B\u00e4ckerei Felber hat in den letzten Tagen f\u00fcr Aufsehen im Netz gesorgt. In dem Clip redet Frau Felber davon sich&#8230;<\/p>\n","protected":false},"author":14,"featured_media":122836,"comment_status":"open","ping_status":"open","sticky":false,"template":"","format":"standard","meta":{"_acf_changed":false,"footnotes":""},"categories":[1717,1728,182],"tags":[3972],"class_list":["post-122790","post","type-post","status-publish","format-standard","has-post-thumbnail","hentry","category-community","category-humor","category-videos","tag-felber"],"acf":[],"yoast_head":"<!-- This site is optimized with the Yoast SEO plugin v27.5 - https:\/\/yoast.com\/product\/yoast-seo-wordpress\/ -->\n<title>B\u00e4ckerei Felber reagiert wunderbar exzentrisch auf Internet-Hate<\/title>\n<meta name=\"robots\" content=\"index, follow, max-snippet:-1, max-image-preview:large, max-video-preview:-1\" \/>\n<link rel=\"canonical\" href=\"https:\/\/www.thebestsocial.media\/de\/nach-bizarrem-werbevideo-baeckerei-felber-reagiert-wunderbar-exzentrisch-auf-den-hate\/\" \/>\n<meta property=\"og:locale\" content=\"de_DE\" \/>\n<meta property=\"og:type\" content=\"article\" \/>\n<meta property=\"og:title\" content=\"Nach bizarrem Werbevideo: B\u00e4ckerei Felber reagiert wunderbar exzentrisch auf den Hate\" \/>\n<meta property=\"og:description\" content=\"Ein sehr au\u00dfergew\u00f6hnliches Werbevideo der B\u00e4ckerei Felber hat in den letzten Tagen f\u00fcr Aufsehen im Netz gesorgt. In dem Clip redet Frau Felber davon sich...\" \/>\n<meta property=\"og:url\" content=\"https:\/\/www.thebestsocial.media\/de\/nach-bizarrem-werbevideo-baeckerei-felber-reagiert-wunderbar-exzentrisch-auf-den-hate\/\" \/>\n<meta property=\"og:site_name\" content=\"The Best Social Media DE\" \/>\n<meta property=\"article:published_time\" content=\"2020-04-17T15:04:13+00:00\" \/>\n<meta property=\"article:modified_time\" content=\"2020-04-17T15:09:23+00:00\" \/>\n<meta property=\"og:image\" content=\"https:\/\/www.thebestsocial.media\/de\/wp-content\/uploads\/sites\/3\/2020\/04\/WhatsApp-Image-2020-04-17-at-13.46.22.jpeg\" \/>\n\t<meta property=\"og:image:width\" content=\"1200\" \/>\n\t<meta property=\"og:image:height\" content=\"628\" \/>\n\t<meta property=\"og:image:type\" content=\"image\/jpeg\" \/>\n<meta name=\"author\" content=\"Constanze\" \/>\n<meta name=\"twitter:card\" content=\"summary_large_image\" \/>\n<meta name=\"twitter:label1\" content=\"Verfasst von\" \/>\n\t<meta name=\"twitter:data1\" content=\"Constanze\" \/>\n\t<meta name=\"twitter:label2\" content=\"Gesch\u00e4tzte Lesezeit\" \/>\n\t<meta name=\"twitter:data2\" content=\"1\u00a0Minute\" \/>\n<script type=\"application\/ld+json\" class=\"yoast-schema-graph\">{\"@context\":\"https:\\\/\\\/schema.org\",\"@graph\":[{\"@type\":\"Article\",\"@id\":\"https:\\\/\\\/www.thebestsocial.media\\\/de\\\/nach-bizarrem-werbevideo-baeckerei-felber-reagiert-wunderbar-exzentrisch-auf-den-hate\\\/#article\",\"isPartOf\":{\"@id\":\"https:\\\/\\\/www.thebestsocial.media\\\/de\\\/nach-bizarrem-werbevideo-baeckerei-felber-reagiert-wunderbar-exzentrisch-auf-den-hate\\\/\"},\"author\":{\"name\":\"Constanze\",\"@id\":\"https:\\\/\\\/www.thebestsocial.media\\\/de\\\/#\\\/schema\\\/person\\\/d1c756792eddf0f6cee18795050a9a19\"},\"headline\":\"Nach bizarrem Werbevideo: B\u00e4ckerei Felber reagiert wunderbar exzentrisch auf den Hate\",\"datePublished\":\"2020-04-17T15:04:13+00:00\",\"dateModified\":\"2020-04-17T15:09:23+00:00\",\"mainEntityOfPage\":{\"@id\":\"https:\\\/\\\/www.thebestsocial.media\\\/de\\\/nach-bizarrem-werbevideo-baeckerei-felber-reagiert-wunderbar-exzentrisch-auf-den-hate\\\/\"},\"wordCount\":298,\"commentCount\":0,\"image\":{\"@id\":\"https:\\\/\\\/www.thebestsocial.media\\\/de\\\/nach-bizarrem-werbevideo-baeckerei-felber-reagiert-wunderbar-exzentrisch-auf-den-hate\\\/#primaryimage\"},\"thumbnailUrl\":\"https:\\\/\\\/www.thebestsocial.media\\\/de\\\/wp-content\\\/uploads\\\/sites\\\/3\\\/2020\\\/04\\\/baked-bread-1756061-scaled.jpg\",\"keywords\":[\"Felber\"],\"articleSection\":[\"Community\",\"Humor\",\"Videos\"],\"inLanguage\":\"de\",\"potentialAction\":[{\"@type\":\"CommentAction\",\"name\":\"Comment\",\"target\":[\"https:\\\/\\\/www.thebestsocial.media\\\/de\\\/nach-bizarrem-werbevideo-baeckerei-felber-reagiert-wunderbar-exzentrisch-auf-den-hate\\\/#respond\"]}]},{\"@type\":\"WebPage\",\"@id\":\"https:\\\/\\\/www.thebestsocial.media\\\/de\\\/nach-bizarrem-werbevideo-baeckerei-felber-reagiert-wunderbar-exzentrisch-auf-den-hate\\\/\",\"url\":\"https:\\\/\\\/www.thebestsocial.media\\\/de\\\/nach-bizarrem-werbevideo-baeckerei-felber-reagiert-wunderbar-exzentrisch-auf-den-hate\\\/\",\"name\":\"B\u00e4ckerei Felber reagiert wunderbar exzentrisch auf Internet-Hate\",\"isPartOf\":{\"@id\":\"https:\\\/\\\/www.thebestsocial.media\\\/de\\\/#website\"},\"primaryImageOfPage\":{\"@id\":\"https:\\\/\\\/www.thebestsocial.media\\\/de\\\/nach-bizarrem-werbevideo-baeckerei-felber-reagiert-wunderbar-exzentrisch-auf-den-hate\\\/#primaryimage\"},\"image\":{\"@id\":\"https:\\\/\\\/www.thebestsocial.media\\\/de\\\/nach-bizarrem-werbevideo-baeckerei-felber-reagiert-wunderbar-exzentrisch-auf-den-hate\\\/#primaryimage\"},\"thumbnailUrl\":\"https:\\\/\\\/www.thebestsocial.media\\\/de\\\/wp-content\\\/uploads\\\/sites\\\/3\\\/2020\\\/04\\\/baked-bread-1756061-scaled.jpg\",\"datePublished\":\"2020-04-17T15:04:13+00:00\",\"dateModified\":\"2020-04-17T15:09:23+00:00\",\"author\":{\"@id\":\"https:\\\/\\\/www.thebestsocial.media\\\/de\\\/#\\\/schema\\\/person\\\/d1c756792eddf0f6cee18795050a9a19\"},\"breadcrumb\":{\"@id\":\"https:\\\/\\\/www.thebestsocial.media\\\/de\\\/nach-bizarrem-werbevideo-baeckerei-felber-reagiert-wunderbar-exzentrisch-auf-den-hate\\\/#breadcrumb\"},\"inLanguage\":\"de\",\"potentialAction\":[{\"@type\":\"ReadAction\",\"target\":[\"https:\\\/\\\/www.thebestsocial.media\\\/de\\\/nach-bizarrem-werbevideo-baeckerei-felber-reagiert-wunderbar-exzentrisch-auf-den-hate\\\/\"]}]},{\"@type\":\"ImageObject\",\"inLanguage\":\"de\",\"@id\":\"https:\\\/\\\/www.thebestsocial.media\\\/de\\\/nach-bizarrem-werbevideo-baeckerei-felber-reagiert-wunderbar-exzentrisch-auf-den-hate\\\/#primaryimage\",\"url\":\"https:\\\/\\\/www.thebestsocial.media\\\/de\\\/wp-content\\\/uploads\\\/sites\\\/3\\\/2020\\\/04\\\/baked-bread-1756061-scaled.jpg\",\"contentUrl\":\"https:\\\/\\\/www.thebestsocial.media\\\/de\\\/wp-content\\\/uploads\\\/sites\\\/3\\\/2020\\\/04\\\/baked-bread-1756061-scaled.jpg\",\"width\":2560,\"height\":1719},{\"@type\":\"BreadcrumbList\",\"@id\":\"https:\\\/\\\/www.thebestsocial.media\\\/de\\\/nach-bizarrem-werbevideo-baeckerei-felber-reagiert-wunderbar-exzentrisch-auf-den-hate\\\/#breadcrumb\",\"itemListElement\":[{\"@type\":\"ListItem\",\"position\":1,\"name\":\"Home\",\"item\":\"https:\\\/\\\/www.thebestsocial.media\\\/de\\\/\"},{\"@type\":\"ListItem\",\"position\":2,\"name\":\"Nach bizarrem Werbevideo: B\u00e4ckerei Felber reagiert wunderbar exzentrisch auf den Hate\"}]},{\"@type\":\"WebSite\",\"@id\":\"https:\\\/\\\/www.thebestsocial.media\\\/de\\\/#website\",\"url\":\"https:\\\/\\\/www.thebestsocial.media\\\/de\\\/\",\"name\":\"The Best Social Media DE\",\"description\":\"\",\"potentialAction\":[{\"@type\":\"SearchAction\",\"target\":{\"@type\":\"EntryPoint\",\"urlTemplate\":\"https:\\\/\\\/www.thebestsocial.media\\\/de\\\/?s={search_term_string}\"},\"query-input\":{\"@type\":\"PropertyValueSpecification\",\"valueRequired\":true,\"valueName\":\"search_term_string\"}}],\"inLanguage\":\"de\"},{\"@type\":\"Person\",\"@id\":\"https:\\\/\\\/www.thebestsocial.media\\\/de\\\/#\\\/schema\\\/person\\\/d1c756792eddf0f6cee18795050a9a19\",\"name\":\"Constanze\",\"image\":{\"@type\":\"ImageObject\",\"inLanguage\":\"de\",\"@id\":\"https:\\\/\\\/secure.gravatar.com\\\/avatar\\\/773dfbea8e343d713fab9f9d260928e7d0cdec810ed77069deb62cbb28aa8aba?s=96&d=mm&r=g\",\"url\":\"https:\\\/\\\/secure.gravatar.com\\\/avatar\\\/773dfbea8e343d713fab9f9d260928e7d0cdec810ed77069deb62cbb28aa8aba?s=96&d=mm&r=g\",\"contentUrl\":\"https:\\\/\\\/secure.gravatar.com\\\/avatar\\\/773dfbea8e343d713fab9f9d260928e7d0cdec810ed77069deb62cbb28aa8aba?s=96&d=mm&r=g\",\"caption\":\"Constanze\"},\"description\":\"...ist die Melange aus Wiener Gem\u00fctlichkeit und Berliner Lifestyle. Schw\u00e4che f\u00fcr Popculture und Memes. Sie isst, trinkt, lebt Social Media und verst\u00e4rkt nach ihrem Studium in \u00d6sterreich nun unser Team in Berlin. \u00d6fter beim Feiern als auf der Yogamatte anzutreffend behaupten manche, ihr Lieblings-Emoji sei der Mittelfinger - wir nennen es Wiener Charme. Ganz Sicher!\",\"sameAs\":[\"instagram.com\\\/conzi.conzi\"],\"url\":\"https:\\\/\\\/www.thebestsocial.media\\\/de\\\/author\\\/andrea\\\/\"}]}<\/script>\n<!-- \/ Yoast SEO plugin. -->","yoast_head_json":{"title":"B\u00e4ckerei Felber reagiert wunderbar exzentrisch auf Internet-Hate","robots":{"index":"index","follow":"follow","max-snippet":"max-snippet:-1","max-image-preview":"max-image-preview:large","max-video-preview":"max-video-preview:-1"},"canonical":"https:\/\/www.thebestsocial.media\/de\/nach-bizarrem-werbevideo-baeckerei-felber-reagiert-wunderbar-exzentrisch-auf-den-hate\/","og_locale":"de_DE","og_type":"article","og_title":"Nach bizarrem Werbevideo: B\u00e4ckerei Felber reagiert wunderbar exzentrisch auf den Hate","og_description":"Ein sehr au\u00dfergew\u00f6hnliches Werbevideo der B\u00e4ckerei Felber hat in den letzten Tagen f\u00fcr Aufsehen im Netz gesorgt. In dem Clip redet Frau Felber davon sich...","og_url":"https:\/\/www.thebestsocial.media\/de\/nach-bizarrem-werbevideo-baeckerei-felber-reagiert-wunderbar-exzentrisch-auf-den-hate\/","og_site_name":"The Best Social Media DE","article_published_time":"2020-04-17T15:04:13+00:00","article_modified_time":"2020-04-17T15:09:23+00:00","og_image":[{"width":1200,"height":628,"url":"https:\/\/www.thebestsocial.media\/de\/wp-content\/uploads\/sites\/3\/2020\/04\/WhatsApp-Image-2020-04-17-at-13.46.22.jpeg","type":"image\/jpeg"}],"author":"Constanze","twitter_card":"summary_large_image","twitter_misc":{"Verfasst von":"Constanze","Gesch\u00e4tzte Lesezeit":"1\u00a0Minute"},"schema":{"@context":"https:\/\/schema.org","@graph":[{"@type":"Article","@id":"https:\/\/www.thebestsocial.media\/de\/nach-bizarrem-werbevideo-baeckerei-felber-reagiert-wunderbar-exzentrisch-auf-den-hate\/#article","isPartOf":{"@id":"https:\/\/www.thebestsocial.media\/de\/nach-bizarrem-werbevideo-baeckerei-felber-reagiert-wunderbar-exzentrisch-auf-den-hate\/"},"author":{"name":"Constanze","@id":"https:\/\/www.thebestsocial.media\/de\/#\/schema\/person\/d1c756792eddf0f6cee18795050a9a19"},"headline":"Nach bizarrem Werbevideo: B\u00e4ckerei Felber reagiert wunderbar exzentrisch auf den Hate","datePublished":"2020-04-17T15:04:13+00:00","dateModified":"2020-04-17T15:09:23+00:00","mainEntityOfPage":{"@id":"https:\/\/www.thebestsocial.media\/de\/nach-bizarrem-werbevideo-baeckerei-felber-reagiert-wunderbar-exzentrisch-auf-den-hate\/"},"wordCount":298,"commentCount":0,"image":{"@id":"https:\/\/www.thebestsocial.media\/de\/nach-bizarrem-werbevideo-baeckerei-felber-reagiert-wunderbar-exzentrisch-auf-den-hate\/#primaryimage"},"thumbnailUrl":"https:\/\/www.thebestsocial.media\/de\/wp-content\/uploads\/sites\/3\/2020\/04\/baked-bread-1756061-scaled.jpg","keywords":["Felber"],"articleSection":["Community","Humor","Videos"],"inLanguage":"de","potentialAction":[{"@type":"CommentAction","name":"Comment","target":["https:\/\/www.thebestsocial.media\/de\/nach-bizarrem-werbevideo-baeckerei-felber-reagiert-wunderbar-exzentrisch-auf-den-hate\/#respond"]}]},{"@type":"WebPage","@id":"https:\/\/www.thebestsocial.media\/de\/nach-bizarrem-werbevideo-baeckerei-felber-reagiert-wunderbar-exzentrisch-auf-den-hate\/","url":"https:\/\/www.thebestsocial.media\/de\/nach-bizarrem-werbevideo-baeckerei-felber-reagiert-wunderbar-exzentrisch-auf-den-hate\/","name":"B\u00e4ckerei Felber reagiert wunderbar exzentrisch auf Internet-Hate","isPartOf":{"@id":"https:\/\/www.thebestsocial.media\/de\/#website"},"primaryImageOfPage":{"@id":"https:\/\/www.thebestsocial.media\/de\/nach-bizarrem-werbevideo-baeckerei-felber-reagiert-wunderbar-exzentrisch-auf-den-hate\/#primaryimage"},"image":{"@id":"https:\/\/www.thebestsocial.media\/de\/nach-bizarrem-werbevideo-baeckerei-felber-reagiert-wunderbar-exzentrisch-auf-den-hate\/#primaryimage"},"thumbnailUrl":"https:\/\/www.thebestsocial.media\/de\/wp-content\/uploads\/sites\/3\/2020\/04\/baked-bread-1756061-scaled.jpg","datePublished":"2020-04-17T15:04:13+00:00","dateModified":"2020-04-17T15:09:23+00:00","author":{"@id":"https:\/\/www.thebestsocial.media\/de\/#\/schema\/person\/d1c756792eddf0f6cee18795050a9a19"},"breadcrumb":{"@id":"https:\/\/www.thebestsocial.media\/de\/nach-bizarrem-werbevideo-baeckerei-felber-reagiert-wunderbar-exzentrisch-auf-den-hate\/#breadcrumb"},"inLanguage":"de","potentialAction":[{"@type":"ReadAction","target":["https:\/\/www.thebestsocial.media\/de\/nach-bizarrem-werbevideo-baeckerei-felber-reagiert-wunderbar-exzentrisch-auf-den-hate\/"]}]},{"@type":"ImageObject","inLanguage":"de","@id":"https:\/\/www.thebestsocial.media\/de\/nach-bizarrem-werbevideo-baeckerei-felber-reagiert-wunderbar-exzentrisch-auf-den-hate\/#primaryimage","url":"https:\/\/www.thebestsocial.media\/de\/wp-content\/uploads\/sites\/3\/2020\/04\/baked-bread-1756061-scaled.jpg","contentUrl":"https:\/\/www.thebestsocial.media\/de\/wp-content\/uploads\/sites\/3\/2020\/04\/baked-bread-1756061-scaled.jpg","width":2560,"height":1719},{"@type":"BreadcrumbList","@id":"https:\/\/www.thebestsocial.media\/de\/nach-bizarrem-werbevideo-baeckerei-felber-reagiert-wunderbar-exzentrisch-auf-den-hate\/#breadcrumb","itemListElement":[{"@type":"ListItem","position":1,"name":"Home","item":"https:\/\/www.thebestsocial.media\/de\/"},{"@type":"ListItem","position":2,"name":"Nach bizarrem Werbevideo: B\u00e4ckerei Felber reagiert wunderbar exzentrisch auf den Hate"}]},{"@type":"WebSite","@id":"https:\/\/www.thebestsocial.media\/de\/#website","url":"https:\/\/www.thebestsocial.media\/de\/","name":"The Best Social Media DE","description":"","potentialAction":[{"@type":"SearchAction","target":{"@type":"EntryPoint","urlTemplate":"https:\/\/www.thebestsocial.media\/de\/?s={search_term_string}"},"query-input":{"@type":"PropertyValueSpecification","valueRequired":true,"valueName":"search_term_string"}}],"inLanguage":"de"},{"@type":"Person","@id":"https:\/\/www.thebestsocial.media\/de\/#\/schema\/person\/d1c756792eddf0f6cee18795050a9a19","name":"Constanze","image":{"@type":"ImageObject","inLanguage":"de","@id":"https:\/\/secure.gravatar.com\/avatar\/773dfbea8e343d713fab9f9d260928e7d0cdec810ed77069deb62cbb28aa8aba?s=96&d=mm&r=g","url":"https:\/\/secure.gravatar.com\/avatar\/773dfbea8e343d713fab9f9d260928e7d0cdec810ed77069deb62cbb28aa8aba?s=96&d=mm&r=g","contentUrl":"https:\/\/secure.gravatar.com\/avatar\/773dfbea8e343d713fab9f9d260928e7d0cdec810ed77069deb62cbb28aa8aba?s=96&d=mm&r=g","caption":"Constanze"},"description":"...ist die Melange aus Wiener Gem\u00fctlichkeit und Berliner Lifestyle. Schw\u00e4che f\u00fcr Popculture und Memes. Sie isst, trinkt, lebt Social Media und verst\u00e4rkt nach ihrem Studium in \u00d6sterreich nun unser Team in Berlin. \u00d6fter beim Feiern als auf der Yogamatte anzutreffend behaupten manche, ihr Lieblings-Emoji sei der Mittelfinger - wir nennen es Wiener Charme. Ganz Sicher!","sameAs":["instagram.com\/conzi.conzi"],"url":"https:\/\/www.thebestsocial.media\/de\/author\/andrea\/"}]}},"amp_enabled":true,"_links":{"self":[{"href":"https:\/\/www.thebestsocial.media\/de\/wp-json\/wp\/v2\/posts\/122790","targetHints":{"allow":["GET"]}}],"collection":[{"href":"https:\/\/www.thebestsocial.media\/de\/wp-json\/wp\/v2\/posts"}],"about":[{"href":"https:\/\/www.thebestsocial.media\/de\/wp-json\/wp\/v2\/types\/post"}],"author":[{"embeddable":true,"href":"https:\/\/www.thebestsocial.media\/de\/wp-json\/wp\/v2\/users\/14"}],"replies":[{"embeddable":true,"href":"https:\/\/www.thebestsocial.media\/de\/wp-json\/wp\/v2\/comments?post=122790"}],"version-history":[{"count":11,"href":"https:\/\/www.thebestsocial.media\/de\/wp-json\/wp\/v2\/posts\/122790\/revisions"}],"predecessor-version":[{"id":122864,"href":"https:\/\/www.thebestsocial.media\/de\/wp-json\/wp\/v2\/posts\/122790\/revisions\/122864"}],"wp:featuredmedia":[{"embeddable":true,"href":"https:\/\/www.thebestsocial.media\/de\/wp-json\/wp\/v2\/media\/122836"}],"wp:attachment":[{"href":"https:\/\/www.thebestsocial.media\/de\/wp-json\/wp\/v2\/media?parent=122790"}],"wp:term":[{"taxonomy":"category","embeddable":true,"href":"https:\/\/www.thebestsocial.media\/de\/wp-json\/wp\/v2\/categories?post=122790"},{"taxonomy":"post_tag","embeddable":true,"href":"https:\/\/www.thebestsocial.media\/de\/wp-json\/wp\/v2\/tags?post=122790"}],"curies":[{"name":"wp","href":"https:\/\/api.w.org\/{rel}","templated":true}]}}