{"id":121255,"date":"2020-04-01T07:32:07","date_gmt":"2020-04-01T07:32:07","guid":{"rendered":"https:\/\/www.thebestsocial.media\/de\/?p=121255"},"modified":"2021-03-30T13:29:30","modified_gmt":"2021-03-30T13:29:30","slug":"diese-speziellen-dinge-verbinden-uns-deutsche-bereits-von-kleinauf","status":"publish","type":"post","link":"https:\/\/www.thebestsocial.media\/de\/diese-speziellen-dinge-verbinden-uns-deutsche-bereits-von-kleinauf\/","title":{"rendered":"Diese speziellen Dinge verbinden uns Deutsche bereits von kleinauf"},"content":{"rendered":"<p>Was ist typisch deutsch? Was verbindet uns alle? Auf einer Ebene, die h\u00f6her ist, als dass man sie wahrnehmen kann. Was ist in unserer DNA so tief verankert, dass wir f\u00fcr immer damit verbunden sein werden? Diese Fragen stellen sich einige User. Also vielleicht tun sie das. Keine Ahnung, wir wissen doch auch nicht, was andere denken. Jedenfalls gibt es User, die Dinge gefunden haben, die uns Deutsche verbinden. Und das finden wir durchaus (ganz untypisch) am\u00fcsant!<br \/>\n&nbsp;<\/p>\n<h3>1. Da ist sie. Der Heilige Gral aller Deutschen. Die Glasschale im Bl\u00e4tterdesign!<\/h3>\n<p>https:\/\/twitter.com\/MalibuMeinhof\/status\/1243660266686033922<br \/>\n&nbsp;<\/p>\n<h3>2. Und die gibt es sogar in blau, \u2026<\/h3>\n<blockquote class=\"twitter-tweet\" data-conversation=\"none\">\n<p lang=\"de\" dir=\"ltr\">Hier sogar in Yves-Klein-Blau. <a href=\"https:\/\/t.co\/zgdr1H5xZn\">pic.twitter.com\/zgdr1H5xZn<\/a><\/p>\n<p>&mdash; Anja (@AnjaAmaranth) <a href=\"https:\/\/twitter.com\/AnjaAmaranth\/status\/1243826239598723073?ref_src=twsrc%5Etfw\">March 28, 2020<\/a><\/p><\/blockquote>\n<p> <script async src=\"https:\/\/platform.twitter.com\/widgets.js\" charset=\"utf-8\"><\/script><br \/>\n&nbsp;<\/p>\n<h3>3. \u2026 oder im 3er-Set, &#8230;<\/h3>\n<blockquote class=\"twitter-tweet\" data-conversation=\"none\">\n<p lang=\"de\" dir=\"ltr\">Damit wir das Ganze auch abrunden. <a href=\"https:\/\/t.co\/PE7iCd7kXq\">pic.twitter.com\/PE7iCd7kXq<\/a><\/p>\n<p>&mdash; Ruhrpottlady (\ud83c\udfe1) (@mitPunkimHerzen) <a href=\"https:\/\/twitter.com\/mitPunkimHerzen\/status\/1243683011666812928?ref_src=twsrc%5Etfw\">March 27, 2020<\/a><\/p><\/blockquote>\n<p> <script async src=\"https:\/\/platform.twitter.com\/widgets.js\" charset=\"utf-8\"><\/script><br \/>\n&nbsp;<\/p>\n<h3>4. \u2026 oder sogar frisch gesp\u00fclt!<\/h3>\n<blockquote class=\"twitter-tweet\" data-conversation=\"none\">\n<p lang=\"de\" dir=\"ltr\">So wie die, in frisch gesp\u00fclt? \ud83d\ude00 <a href=\"https:\/\/t.co\/vh70VBj5hT\">pic.twitter.com\/vh70VBj5hT<\/a><\/p>\n<p>&mdash; Brat-A-Rat (@Bratarrat) <a href=\"https:\/\/twitter.com\/Bratarrat\/status\/1243680401035530240?ref_src=twsrc%5Etfw\">March 27, 2020<\/a><\/p><\/blockquote>\n<p> <script async src=\"https:\/\/platform.twitter.com\/widgets.js\" charset=\"utf-8\"><\/script><br \/>\n&nbsp;<\/p>\n<h3>5. Die User beweisen jedenfalls eindrucksvoll, dass an der Aussage was dran ist! Jeder hat doch noch irgendwo so ein Teil rumstehen.<\/h3>\n<blockquote class=\"twitter-tweet\" data-conversation=\"none\">\n<p lang=\"de\" dir=\"ltr\">tja, was soll ich sagen&#8230;<br \/>EINE ist noch \u00fcbrig \ud83d\ude48\ud83d\ude02 <a href=\"https:\/\/t.co\/ApBWE3IWlR\">pic.twitter.com\/ApBWE3IWlR<\/a><\/p>\n<p>&mdash; Mrs. Penny \ud83c\udfe0 (@MrsPennyBean) <a href=\"https:\/\/twitter.com\/MrsPennyBean\/status\/1243677798524477440?ref_src=twsrc%5Etfw\">March 27, 2020<\/a><\/p><\/blockquote>\n<p> <script async src=\"https:\/\/platform.twitter.com\/widgets.js\" charset=\"utf-8\"><\/script><\/p>\n<blockquote class=\"twitter-tweet\" data-conversation=\"none\">\n<p lang=\"de\" dir=\"ltr\">kenne ich irgendwoher&#8230;. <a href=\"https:\/\/t.co\/4qvdzB48Nf\">pic.twitter.com\/4qvdzB48Nf<\/a><\/p>\n<p>&mdash; christian neumann (@krustytheboss) <a href=\"https:\/\/twitter.com\/krustytheboss\/status\/1243818261835366402?ref_src=twsrc%5Etfw\">March 28, 2020<\/a><\/p><\/blockquote>\n<p> <script async src=\"https:\/\/platform.twitter.com\/widgets.js\" charset=\"utf-8\"><\/script><\/p>\n<blockquote class=\"twitter-tweet\" data-conversation=\"none\">\n<p lang=\"de\" dir=\"ltr\">Oh. Mein. Gott. <a href=\"https:\/\/t.co\/QR79aV7KvZ\">pic.twitter.com\/QR79aV7KvZ<\/a><\/p>\n<p>&mdash; Home-Office-Meru (@djmeru) <a href=\"https:\/\/twitter.com\/djmeru\/status\/1243802458171850752?ref_src=twsrc%5Etfw\">March 28, 2020<\/a><\/p><\/blockquote>\n<p> <script async src=\"https:\/\/platform.twitter.com\/widgets.js\" charset=\"utf-8\"><\/script><br \/>\n&nbsp;<\/p>\n<h3>6. Aber was noch? Was verbindet uns Deutsche noch? Na klar:<\/h3>\n<div class=\"dbsm-oembed\">\n<blockquote class=\"reddit-embed-bq\" style=\"height:500px\" ><p><a href=\"https:\/\/www.reddit.com\/r\/de\/comments\/fr3y3f\/wenn_uns_deutsche_etwas_verbindet_dann_dieser\/\">Wenn uns Deutsche etwas verbindet dann dieser Ketchup<\/a><br \/> by<a href=\"https:\/\/www.reddit.com\/user\/Racoonhero\/\">u\/Racoonhero<\/a> in<a href=\"https:\/\/www.reddit.com\/r\/de\/\">de<\/a><\/p><\/blockquote>\n<p><script async src=\"https:\/\/embed.reddit.com\/widgets.js\" charset=\"UTF-8\"><\/script><\/div>\n<p>&nbsp;<\/p>\n<h3>7. Die hatten wir doch alle. \ud83d\ude09<\/h3>\n<div class=\"dbsm-oembed\">\n<blockquote class=\"reddit-embed-bq\" style=\"height:500px\" ><p><a href=\"https:\/\/www.reddit.com\/r\/de\/comments\/fqkf0n\/wenn_uns_deutsche_etwas_verbindet_dann_ist_es\/\">Wenn uns Deutsche etwas verbindet, dann ist es diese Schreibtischunterlage.<\/a><br \/> by<a href=\"https:\/\/www.reddit.com\/user\/Tikkinger\/\">u\/Tikkinger<\/a> in<a href=\"https:\/\/www.reddit.com\/r\/de\/\">de<\/a><\/p><\/blockquote>\n<p><script async src=\"https:\/\/embed.reddit.com\/widgets.js\" charset=\"UTF-8\"><\/script><\/div>\n<p>&nbsp;<\/p>\n<h3>8. Und ich realisiere erst jetzt, dass es ein Senfglas war. All die Jahre \u2026<\/h3>\n<div class=\"dbsm-oembed\">\n<blockquote class=\"reddit-embed-bq\" style=\"height:500px\" ><p><a href=\"https:\/\/www.reddit.com\/r\/de\/comments\/fqr262\/wenn_uns_deutsche_etwas_verbindet_dann_dass_wir\/\">Wenn uns deutsche etwas verbindet, dann, dass wir als Kinder aus Senfgl\u00e4sern getrunken haben.<\/a><br \/> by<a href=\"https:\/\/www.reddit.com\/user\/bravesentry\/\">u\/bravesentry<\/a> in<a href=\"https:\/\/www.reddit.com\/r\/de\/\">de<\/a><\/p><\/blockquote>\n<p><script async src=\"https:\/\/embed.reddit.com\/widgets.js\" charset=\"UTF-8\"><\/script><\/div>\n<p>&nbsp;<\/p>\n<h3>9. Aber was verbindet uns WIRKLICH? Aaaaahhh ja:<\/h3>\n<div class=\"dbsm-oembed\">\n<blockquote class=\"reddit-embed-bq\" style=\"height:500px\" ><p><a href=\"https:\/\/www.reddit.com\/r\/de\/comments\/frfjsl\/wenn_uns_deutsche_was_verbindet_dann_die_a7\/\">Wenn uns Deutsche was verbindet, dann die A7<\/a><br \/> by<a href=\"https:\/\/www.reddit.com\/user\/maishammer\/\">u\/maishammer<\/a> in<a href=\"https:\/\/www.reddit.com\/r\/de\/\">de<\/a><\/p><\/blockquote>\n<p><script async src=\"https:\/\/embed.reddit.com\/widgets.js\" charset=\"UTF-8\"><\/script><\/div>\n<p>&nbsp;<\/p>\n<h3>10. So und was gibt es sonst noch so?<\/h3>\n<blockquote class=\"twitter-tweet\" data-conversation=\"none\">\n<p lang=\"de\" dir=\"ltr\">Und DIESE Gl\u00e4ser <a href=\"https:\/\/t.co\/gXxepnMEdP\">pic.twitter.com\/gXxepnMEdP<\/a><\/p>\n<p>&mdash; JannaMK (@Janna_MK) <a href=\"https:\/\/twitter.com\/Janna_MK\/status\/1243824717657600000?ref_src=twsrc%5Etfw\">March 28, 2020<\/a><\/p><\/blockquote>\n<p> <script async src=\"https:\/\/platform.twitter.com\/widgets.js\" charset=\"utf-8\"><\/script><br \/>\n&nbsp;<\/p>\n<h3>11. Kennt noch jemand dieses &#8222;Porzellan&#8220;?<\/h3>\n<blockquote class=\"twitter-tweet\" data-conversation=\"none\">\n<p lang=\"und\" dir=\"ltr\"> <a href=\"https:\/\/t.co\/X0y4ZgHOqz\">pic.twitter.com\/X0y4ZgHOqz<\/a><\/p>\n<p>&mdash; Das Ende ist nah! (@schroederator) <a href=\"https:\/\/twitter.com\/schroederator\/status\/1243662539432566790?ref_src=twsrc%5Etfw\">March 27, 2020<\/a><\/p><\/blockquote>\n<p> <script async src=\"https:\/\/platform.twitter.com\/widgets.js\" charset=\"utf-8\"><\/script><br \/>\n&nbsp;<\/p>\n<h3>12. Darf nat\u00fcrlich auch nicht fehlen: <a href=\"https:\/\/www.thebestsocial.media\/de\/der-fliesentisch-aus-zahlreichen-rtl-ii-sendungen-hat-im-netz-absoluten-kult-status\/\" rel=\"noopener noreferrer\" target=\"_blank\">Der weltber\u00fchmte Fliesentisch aus zahlreichen RTL II Sendungen<\/a>.<\/h3>\n<blockquote class=\"instagram-media\" data-instgrm-permalink=\"https:\/\/www.instagram.com\/p\/B03ALXUIPl-\/?utm_source=ig_embed&amp;utm_campaign=loading\" data-instgrm-version=\"13\" style=\" background:#FFF; border:0; border-radius:3px; box-shadow:0 0 1px 0 rgba(0,0,0,0.5),0 1px 10px 0 rgba(0,0,0,0.15); margin: 1px; max-width:540px; min-width:326px; padding:0; width:99.375%; width:-webkit-calc(100% - 2px); width:calc(100% - 2px);\">\n<div style=\"padding:16px;\"> <a href=\"https:\/\/www.instagram.com\/p\/B03ALXUIPl-\/?utm_source=ig_embed&amp;utm_campaign=loading\" style=\" background:#FFFFFF; line-height:0; padding:0 0; text-align:center; text-decoration:none; width:100%;\" target=\"_blank\" rel=\"noopener\"> <\/p>\n<div style=\" display: flex; flex-direction: row; align-items: center;\">\n<div style=\"background-color: #F4F4F4; border-radius: 50%; flex-grow: 0; height: 40px; margin-right: 14px; width: 40px;\"><\/div>\n<div style=\"display: flex; flex-direction: column; flex-grow: 1; justify-content: center;\">\n<div style=\" background-color: #F4F4F4; border-radius: 4px; flex-grow: 0; height: 14px; margin-bottom: 6px; width: 100px;\"><\/div>\n<div style=\" background-color: #F4F4F4; border-radius: 4px; flex-grow: 0; height: 14px; width: 60px;\"><\/div>\n<\/div>\n<\/div>\n<div style=\"padding: 19% 0;\"><\/div>\n<div style=\"display:block; height:50px; margin:0 auto 12px; width:50px;\"><svg width=\"50px\" height=\"50px\" viewBox=\"0 0 60 60\" version=\"1.1\" xmlns=\"https:\/\/www.w3.org\/2000\/svg\" xmlns:xlink=\"https:\/\/www.w3.org\/1999\/xlink\"><g stroke=\"none\" stroke-width=\"1\" fill=\"none\" fill-rule=\"evenodd\"><g transform=\"translate(-511.000000, -20.000000)\" fill=\"#000000\"><g><path d=\"M556.869,30.41 C554.814,30.41 553.148,32.076 553.148,34.131 C553.148,36.186 554.814,37.852 556.869,37.852 C558.924,37.852 560.59,36.186 560.59,34.131 C560.59,32.076 558.924,30.41 556.869,30.41 M541,60.657 C535.114,60.657 530.342,55.887 530.342,50 C530.342,44.114 535.114,39.342 541,39.342 C546.887,39.342 551.658,44.114 551.658,50 C551.658,55.887 546.887,60.657 541,60.657 M541,33.886 C532.1,33.886 524.886,41.1 524.886,50 C524.886,58.899 532.1,66.113 541,66.113 C549.9,66.113 557.115,58.899 557.115,50 C557.115,41.1 549.9,33.886 541,33.886 M565.378,62.101 C565.244,65.022 564.756,66.606 564.346,67.663 C563.803,69.06 563.154,70.057 562.106,71.106 C561.058,72.155 560.06,72.803 558.662,73.347 C557.607,73.757 556.021,74.244 553.102,74.378 C549.944,74.521 548.997,74.552 541,74.552 C533.003,74.552 532.056,74.521 528.898,74.378 C525.979,74.244 524.393,73.757 523.338,73.347 C521.94,72.803 520.942,72.155 519.894,71.106 C518.846,70.057 518.197,69.06 517.654,67.663 C517.244,66.606 516.755,65.022 516.623,62.101 C516.479,58.943 516.448,57.996 516.448,50 C516.448,42.003 516.479,41.056 516.623,37.899 C516.755,34.978 517.244,33.391 517.654,32.338 C518.197,30.938 518.846,29.942 519.894,28.894 C520.942,27.846 521.94,27.196 523.338,26.654 C524.393,26.244 525.979,25.756 528.898,25.623 C532.057,25.479 533.004,25.448 541,25.448 C548.997,25.448 549.943,25.479 553.102,25.623 C556.021,25.756 557.607,26.244 558.662,26.654 C560.06,27.196 561.058,27.846 562.106,28.894 C563.154,29.942 563.803,30.938 564.346,32.338 C564.756,33.391 565.244,34.978 565.378,37.899 C565.522,41.056 565.552,42.003 565.552,50 C565.552,57.996 565.522,58.943 565.378,62.101 M570.82,37.631 C570.674,34.438 570.167,32.258 569.425,30.349 C568.659,28.377 567.633,26.702 565.965,25.035 C564.297,23.368 562.623,22.342 560.652,21.575 C558.743,20.834 556.562,20.326 553.369,20.18 C550.169,20.033 549.148,20 541,20 C532.853,20 531.831,20.033 528.631,20.18 C525.438,20.326 523.257,20.834 521.349,21.575 C519.376,22.342 517.703,23.368 516.035,25.035 C514.368,26.702 513.342,28.377 512.574,30.349 C511.834,32.258 511.326,34.438 511.181,37.631 C511.035,40.831 511,41.851 511,50 C511,58.147 511.035,59.17 511.181,62.369 C511.326,65.562 511.834,67.743 512.574,69.651 C513.342,71.625 514.368,73.296 516.035,74.965 C517.703,76.634 519.376,77.658 521.349,78.425 C523.257,79.167 525.438,79.673 528.631,79.82 C531.831,79.965 532.853,80.001 541,80.001 C549.148,80.001 550.169,79.965 553.369,79.82 C556.562,79.673 558.743,79.167 560.652,78.425 C562.623,77.658 564.297,76.634 565.965,74.965 C567.633,73.296 568.659,71.625 569.425,69.651 C570.167,67.743 570.674,65.562 570.82,62.369 C570.966,59.17 571,58.147 571,50 C571,41.851 570.966,40.831 570.82,37.631\"><\/path><\/g><\/g><\/g><\/svg><\/div>\n<div style=\"padding-top: 8px;\">\n<div style=\" color:#3897f0; font-family:Arial,sans-serif; font-size:14px; font-style:normal; font-weight:550; line-height:18px;\"> Sieh dir diesen Beitrag auf Instagram an<\/div>\n<\/div>\n<div style=\"padding: 12.5% 0;\"><\/div>\n<div style=\"display: flex; flex-direction: row; margin-bottom: 14px; align-items: center;\">\n<div>\n<div style=\"background-color: #F4F4F4; border-radius: 50%; height: 12.5px; width: 12.5px; transform: translateX(0px) translateY(7px);\"><\/div>\n<div style=\"background-color: #F4F4F4; height: 12.5px; transform: rotate(-45deg) translateX(3px) translateY(1px); width: 12.5px; flex-grow: 0; margin-right: 14px; margin-left: 2px;\"><\/div>\n<div style=\"background-color: #F4F4F4; border-radius: 50%; height: 12.5px; width: 12.5px; transform: translateX(9px) translateY(-18px);\"><\/div>\n<\/div>\n<div style=\"margin-left: 8px;\">\n<div style=\" background-color: #F4F4F4; border-radius: 50%; flex-grow: 0; height: 20px; width: 20px;\"><\/div>\n<div style=\" width: 0; height: 0; border-top: 2px solid transparent; border-left: 6px solid #f4f4f4; border-bottom: 2px solid transparent; transform: translateX(16px) translateY(-4px) rotate(30deg)\"><\/div>\n<\/div>\n<div style=\"margin-left: auto;\">\n<div style=\" width: 0px; border-top: 8px solid #F4F4F4; border-right: 8px solid transparent; transform: translateY(16px);\"><\/div>\n<div style=\" background-color: #F4F4F4; flex-grow: 0; height: 12px; width: 16px; transform: translateY(-4px);\"><\/div>\n<div style=\" width: 0; height: 0; border-top: 8px solid #F4F4F4; border-left: 8px solid transparent; transform: translateY(-4px) translateX(8px);\"><\/div>\n<\/div>\n<\/div>\n<div style=\"display: flex; flex-direction: column; flex-grow: 1; justify-content: center; margin-bottom: 24px;\">\n<div style=\" background-color: #F4F4F4; border-radius: 4px; flex-grow: 0; height: 14px; margin-bottom: 6px; width: 224px;\"><\/div>\n<div style=\" background-color: #F4F4F4; border-radius: 4px; flex-grow: 0; height: 14px; width: 144px;\"><\/div>\n<\/div>\n<p><\/a><\/p>\n<p style=\" color:#c9c8cd; font-family:Arial,sans-serif; font-size:14px; line-height:17px; margin-bottom:0; margin-top:8px; overflow:hidden; padding:8px 0 7px; text-align:center; text-overflow:ellipsis; white-space:nowrap;\"><a href=\"https:\/\/www.instagram.com\/p\/B03ALXUIPl-\/?utm_source=ig_embed&amp;utm_campaign=loading\" style=\" color:#c9c8cd; font-family:Arial,sans-serif; font-size:14px; font-style:normal; font-weight:normal; line-height:17px; text-decoration:none;\" target=\"_blank\" rel=\"noopener\">Ein Beitrag geteilt von Best of Kleinanzeigen (@bestofkleinanzeigen1)<\/a><\/p>\n<\/div>\n<\/blockquote>\n\n<p>&nbsp;<\/p>\n<h3>13. Aber zum Abschluss noch einmal ein Blick, auf das wirklich Wichtige! Denn die machen gerade einen verdammt guten Job!<\/h3>\n<div class=\"dbsm-oembed\">\n<blockquote class=\"reddit-embed-bq\" style=\"height:500px\" ><p><a href=\"https:\/\/www.reddit.com\/r\/de\/comments\/fro6gg\/wenn_uns_deutsche_was_verbindet_dann_unsere_\u00e4rzte\/\">Wenn uns Deutsche was verbindet, dann unsere \u00c4rzte und Pfleger<\/a><br \/> by<a href=\"https:\/\/www.reddit.com\/user\/HerrDoktorAmsel\/\">u\/HerrDoktorAmsel<\/a> in<a href=\"https:\/\/www.reddit.com\/r\/de\/\">de<\/a><\/p><\/blockquote>\n<p><script async src=\"https:\/\/embed.reddit.com\/widgets.js\" charset=\"UTF-8\"><\/script><\/div>\n<p>\u2014\u2014<br \/>\nDanke an alle f\u00fcr die Postings! \u2764\ufe0f<br \/>\n\u2014\u2014<br \/>\n<strong>Kein Foodporn, keine Influencer! Nur ganz viel Spa\u00df &#8211; bei uns auf Instagram:<\/strong><br \/>\nhttps:\/\/www.instagram.com\/p\/B-WvcAuAHn5\/<\/p>\n<script async defer src=\"\/instagram-embed.js\"><\/script>","protected":false},"excerpt":{"rendered":"<p>Was ist typisch deutsch? Was verbindet uns alle? Auf einer Ebene, die h\u00f6her ist, als dass man sie wahrnehmen kann. Was ist in unserer DNA&#8230;<\/p>\n","protected":false},"author":65,"featured_media":121264,"comment_status":"open","ping_status":"open","sticky":false,"template":"","format":"standard","meta":{"_acf_changed":false,"footnotes":""},"categories":[106],"tags":[2882,2027,514,58,3933],"class_list":["post-121255","post","type-post","status-publish","format-standard","has-post-thumbnail","hentry","category-best-of","tag-deutsche","tag-dinge","tag-reddit","tag-twitter","tag-verbinden"],"acf":[],"yoast_head":"<!-- This site is optimized with the Yoast SEO plugin v27.5 - https:\/\/yoast.com\/product\/yoast-seo-wordpress\/ -->\n<title>Diese Dinge verbinden uns Deutsche bereits von kleinauf<\/title>\n<meta name=\"description\" content=\"Was ist typisch deutsch? Was verbindet uns alle? Diese Fragen stellen sich einige User. Und es gibt doch gewisse Dinge, die es ganz gut treffen.\" \/>\n<meta name=\"robots\" content=\"index, follow, max-snippet:-1, max-image-preview:large, max-video-preview:-1\" \/>\n<link rel=\"canonical\" href=\"https:\/\/www.thebestsocial.media\/de\/diese-speziellen-dinge-verbinden-uns-deutsche-bereits-von-kleinauf\/\" \/>\n<meta property=\"og:locale\" content=\"de_DE\" \/>\n<meta property=\"og:type\" content=\"article\" \/>\n<meta property=\"og:title\" content=\"Diese speziellen Dinge verbinden uns Deutsche bereits von kleinauf\" \/>\n<meta property=\"og:description\" content=\"Was ist typisch deutsch? Was verbindet uns alle? Diese Fragen stellen sich einige User. Und es gibt doch gewisse Dinge, die es ganz gut treffen.\" \/>\n<meta property=\"og:url\" content=\"https:\/\/www.thebestsocial.media\/de\/diese-speziellen-dinge-verbinden-uns-deutsche-bereits-von-kleinauf\/\" \/>\n<meta property=\"og:site_name\" content=\"The Best Social Media DE\" \/>\n<meta property=\"article:published_time\" content=\"2020-04-01T07:32:07+00:00\" \/>\n<meta property=\"article:modified_time\" content=\"2021-03-30T13:29:30+00:00\" \/>\n<meta property=\"og:image\" content=\"https:\/\/www.thebestsocial.media\/de\/wp-content\/uploads\/sites\/3\/2020\/03\/ketchup.png\" \/>\n\t<meta property=\"og:image:width\" content=\"1200\" \/>\n\t<meta property=\"og:image:height\" content=\"628\" \/>\n\t<meta property=\"og:image:type\" content=\"image\/png\" \/>\n<meta name=\"author\" content=\"Jan\" \/>\n<meta name=\"twitter:card\" content=\"summary_large_image\" \/>\n<meta name=\"twitter:label1\" content=\"Verfasst von\" \/>\n\t<meta name=\"twitter:data1\" content=\"Jan\" \/>\n\t<meta name=\"twitter:label2\" content=\"Gesch\u00e4tzte Lesezeit\" \/>\n\t<meta name=\"twitter:data2\" content=\"2\u00a0Minuten\" \/>\n<script type=\"application\/ld+json\" class=\"yoast-schema-graph\">{\"@context\":\"https:\\\/\\\/schema.org\",\"@graph\":[{\"@type\":\"Article\",\"@id\":\"https:\\\/\\\/www.thebestsocial.media\\\/de\\\/diese-speziellen-dinge-verbinden-uns-deutsche-bereits-von-kleinauf\\\/#article\",\"isPartOf\":{\"@id\":\"https:\\\/\\\/www.thebestsocial.media\\\/de\\\/diese-speziellen-dinge-verbinden-uns-deutsche-bereits-von-kleinauf\\\/\"},\"author\":{\"name\":\"Jan\",\"@id\":\"https:\\\/\\\/www.thebestsocial.media\\\/de\\\/#\\\/schema\\\/person\\\/03b8d8d2905b97b499c8e0808b724821\"},\"headline\":\"Diese speziellen Dinge verbinden uns Deutsche bereits von kleinauf\",\"datePublished\":\"2020-04-01T07:32:07+00:00\",\"dateModified\":\"2021-03-30T13:29:30+00:00\",\"mainEntityOfPage\":{\"@id\":\"https:\\\/\\\/www.thebestsocial.media\\\/de\\\/diese-speziellen-dinge-verbinden-uns-deutsche-bereits-von-kleinauf\\\/\"},\"wordCount\":484,\"commentCount\":0,\"image\":{\"@id\":\"https:\\\/\\\/www.thebestsocial.media\\\/de\\\/diese-speziellen-dinge-verbinden-uns-deutsche-bereits-von-kleinauf\\\/#primaryimage\"},\"thumbnailUrl\":\"https:\\\/\\\/www.thebestsocial.media\\\/de\\\/wp-content\\\/uploads\\\/sites\\\/3\\\/2020\\\/03\\\/deutsche-art.png\",\"keywords\":[\"Deutsche\",\"Dinge\",\"Reddit\",\"twitter\",\"Verbinden\"],\"articleSection\":[\"Best of\"],\"inLanguage\":\"de\",\"potentialAction\":[{\"@type\":\"CommentAction\",\"name\":\"Comment\",\"target\":[\"https:\\\/\\\/www.thebestsocial.media\\\/de\\\/diese-speziellen-dinge-verbinden-uns-deutsche-bereits-von-kleinauf\\\/#respond\"]}]},{\"@type\":\"WebPage\",\"@id\":\"https:\\\/\\\/www.thebestsocial.media\\\/de\\\/diese-speziellen-dinge-verbinden-uns-deutsche-bereits-von-kleinauf\\\/\",\"url\":\"https:\\\/\\\/www.thebestsocial.media\\\/de\\\/diese-speziellen-dinge-verbinden-uns-deutsche-bereits-von-kleinauf\\\/\",\"name\":\"Diese Dinge verbinden uns Deutsche bereits von kleinauf\",\"isPartOf\":{\"@id\":\"https:\\\/\\\/www.thebestsocial.media\\\/de\\\/#website\"},\"primaryImageOfPage\":{\"@id\":\"https:\\\/\\\/www.thebestsocial.media\\\/de\\\/diese-speziellen-dinge-verbinden-uns-deutsche-bereits-von-kleinauf\\\/#primaryimage\"},\"image\":{\"@id\":\"https:\\\/\\\/www.thebestsocial.media\\\/de\\\/diese-speziellen-dinge-verbinden-uns-deutsche-bereits-von-kleinauf\\\/#primaryimage\"},\"thumbnailUrl\":\"https:\\\/\\\/www.thebestsocial.media\\\/de\\\/wp-content\\\/uploads\\\/sites\\\/3\\\/2020\\\/03\\\/deutsche-art.png\",\"datePublished\":\"2020-04-01T07:32:07+00:00\",\"dateModified\":\"2021-03-30T13:29:30+00:00\",\"author\":{\"@id\":\"https:\\\/\\\/www.thebestsocial.media\\\/de\\\/#\\\/schema\\\/person\\\/03b8d8d2905b97b499c8e0808b724821\"},\"description\":\"Was ist typisch deutsch? Was verbindet uns alle? Diese Fragen stellen sich einige User. Und es gibt doch gewisse Dinge, die es ganz gut treffen.\",\"breadcrumb\":{\"@id\":\"https:\\\/\\\/www.thebestsocial.media\\\/de\\\/diese-speziellen-dinge-verbinden-uns-deutsche-bereits-von-kleinauf\\\/#breadcrumb\"},\"inLanguage\":\"de\",\"potentialAction\":[{\"@type\":\"ReadAction\",\"target\":[\"https:\\\/\\\/www.thebestsocial.media\\\/de\\\/diese-speziellen-dinge-verbinden-uns-deutsche-bereits-von-kleinauf\\\/\"]}]},{\"@type\":\"ImageObject\",\"inLanguage\":\"de\",\"@id\":\"https:\\\/\\\/www.thebestsocial.media\\\/de\\\/diese-speziellen-dinge-verbinden-uns-deutsche-bereits-von-kleinauf\\\/#primaryimage\",\"url\":\"https:\\\/\\\/www.thebestsocial.media\\\/de\\\/wp-content\\\/uploads\\\/sites\\\/3\\\/2020\\\/03\\\/deutsche-art.png\",\"contentUrl\":\"https:\\\/\\\/www.thebestsocial.media\\\/de\\\/wp-content\\\/uploads\\\/sites\\\/3\\\/2020\\\/03\\\/deutsche-art.png\",\"width\":1200,\"height\":628},{\"@type\":\"BreadcrumbList\",\"@id\":\"https:\\\/\\\/www.thebestsocial.media\\\/de\\\/diese-speziellen-dinge-verbinden-uns-deutsche-bereits-von-kleinauf\\\/#breadcrumb\",\"itemListElement\":[{\"@type\":\"ListItem\",\"position\":1,\"name\":\"Home\",\"item\":\"https:\\\/\\\/www.thebestsocial.media\\\/de\\\/\"},{\"@type\":\"ListItem\",\"position\":2,\"name\":\"Diese speziellen Dinge verbinden uns Deutsche bereits von kleinauf\"}]},{\"@type\":\"WebSite\",\"@id\":\"https:\\\/\\\/www.thebestsocial.media\\\/de\\\/#website\",\"url\":\"https:\\\/\\\/www.thebestsocial.media\\\/de\\\/\",\"name\":\"The Best Social Media DE\",\"description\":\"\",\"potentialAction\":[{\"@type\":\"SearchAction\",\"target\":{\"@type\":\"EntryPoint\",\"urlTemplate\":\"https:\\\/\\\/www.thebestsocial.media\\\/de\\\/?s={search_term_string}\"},\"query-input\":{\"@type\":\"PropertyValueSpecification\",\"valueRequired\":true,\"valueName\":\"search_term_string\"}}],\"inLanguage\":\"de\"},{\"@type\":\"Person\",\"@id\":\"https:\\\/\\\/www.thebestsocial.media\\\/de\\\/#\\\/schema\\\/person\\\/03b8d8d2905b97b499c8e0808b724821\",\"name\":\"Jan\",\"image\":{\"@type\":\"ImageObject\",\"inLanguage\":\"de\",\"@id\":\"https:\\\/\\\/secure.gravatar.com\\\/avatar\\\/6977c5e4d81f2a717dcf76e5e74d7a00b583f3f83a2b00830dedfc799d928343?s=96&d=mm&r=g\",\"url\":\"https:\\\/\\\/secure.gravatar.com\\\/avatar\\\/6977c5e4d81f2a717dcf76e5e74d7a00b583f3f83a2b00830dedfc799d928343?s=96&d=mm&r=g\",\"contentUrl\":\"https:\\\/\\\/secure.gravatar.com\\\/avatar\\\/6977c5e4d81f2a717dcf76e5e74d7a00b583f3f83a2b00830dedfc799d928343?s=96&d=mm&r=g\",\"caption\":\"Jan\"},\"description\":\"Wohnt in M\u00fcnchen, hat aber bis heute keine Ahnung, wie er dort gelandet ist. W\u00fcnscht sich manchmal eine dritte Stimme im Kopf, die ihn davon abh\u00e4lt, auszusprechen, was er gerade denkt. Mag Sport und jeden Kartoffelchip einzeln zu essen. Hasst es, sich auf neue Duschen einstellen zu m\u00fcssen. In einer Beziehung mit Social Media \u2013 aber es ist kompliziert.\",\"url\":\"https:\\\/\\\/www.thebestsocial.media\\\/de\\\/author\\\/janhorstkoetter\\\/\"}]}<\/script>\n<!-- \/ Yoast SEO plugin. -->","yoast_head_json":{"title":"Diese Dinge verbinden uns Deutsche bereits von kleinauf","description":"Was ist typisch deutsch? Was verbindet uns alle? Diese Fragen stellen sich einige User. Und es gibt doch gewisse Dinge, die es ganz gut treffen.","robots":{"index":"index","follow":"follow","max-snippet":"max-snippet:-1","max-image-preview":"max-image-preview:large","max-video-preview":"max-video-preview:-1"},"canonical":"https:\/\/www.thebestsocial.media\/de\/diese-speziellen-dinge-verbinden-uns-deutsche-bereits-von-kleinauf\/","og_locale":"de_DE","og_type":"article","og_title":"Diese speziellen Dinge verbinden uns Deutsche bereits von kleinauf","og_description":"Was ist typisch deutsch? Was verbindet uns alle? Diese Fragen stellen sich einige User. Und es gibt doch gewisse Dinge, die es ganz gut treffen.","og_url":"https:\/\/www.thebestsocial.media\/de\/diese-speziellen-dinge-verbinden-uns-deutsche-bereits-von-kleinauf\/","og_site_name":"The Best Social Media DE","article_published_time":"2020-04-01T07:32:07+00:00","article_modified_time":"2021-03-30T13:29:30+00:00","og_image":[{"width":1200,"height":628,"url":"https:\/\/www.thebestsocial.media\/de\/wp-content\/uploads\/sites\/3\/2020\/03\/ketchup.png","type":"image\/png"}],"author":"Jan","twitter_card":"summary_large_image","twitter_misc":{"Verfasst von":"Jan","Gesch\u00e4tzte Lesezeit":"2\u00a0Minuten"},"schema":{"@context":"https:\/\/schema.org","@graph":[{"@type":"Article","@id":"https:\/\/www.thebestsocial.media\/de\/diese-speziellen-dinge-verbinden-uns-deutsche-bereits-von-kleinauf\/#article","isPartOf":{"@id":"https:\/\/www.thebestsocial.media\/de\/diese-speziellen-dinge-verbinden-uns-deutsche-bereits-von-kleinauf\/"},"author":{"name":"Jan","@id":"https:\/\/www.thebestsocial.media\/de\/#\/schema\/person\/03b8d8d2905b97b499c8e0808b724821"},"headline":"Diese speziellen Dinge verbinden uns Deutsche bereits von kleinauf","datePublished":"2020-04-01T07:32:07+00:00","dateModified":"2021-03-30T13:29:30+00:00","mainEntityOfPage":{"@id":"https:\/\/www.thebestsocial.media\/de\/diese-speziellen-dinge-verbinden-uns-deutsche-bereits-von-kleinauf\/"},"wordCount":484,"commentCount":0,"image":{"@id":"https:\/\/www.thebestsocial.media\/de\/diese-speziellen-dinge-verbinden-uns-deutsche-bereits-von-kleinauf\/#primaryimage"},"thumbnailUrl":"https:\/\/www.thebestsocial.media\/de\/wp-content\/uploads\/sites\/3\/2020\/03\/deutsche-art.png","keywords":["Deutsche","Dinge","Reddit","twitter","Verbinden"],"articleSection":["Best of"],"inLanguage":"de","potentialAction":[{"@type":"CommentAction","name":"Comment","target":["https:\/\/www.thebestsocial.media\/de\/diese-speziellen-dinge-verbinden-uns-deutsche-bereits-von-kleinauf\/#respond"]}]},{"@type":"WebPage","@id":"https:\/\/www.thebestsocial.media\/de\/diese-speziellen-dinge-verbinden-uns-deutsche-bereits-von-kleinauf\/","url":"https:\/\/www.thebestsocial.media\/de\/diese-speziellen-dinge-verbinden-uns-deutsche-bereits-von-kleinauf\/","name":"Diese Dinge verbinden uns Deutsche bereits von kleinauf","isPartOf":{"@id":"https:\/\/www.thebestsocial.media\/de\/#website"},"primaryImageOfPage":{"@id":"https:\/\/www.thebestsocial.media\/de\/diese-speziellen-dinge-verbinden-uns-deutsche-bereits-von-kleinauf\/#primaryimage"},"image":{"@id":"https:\/\/www.thebestsocial.media\/de\/diese-speziellen-dinge-verbinden-uns-deutsche-bereits-von-kleinauf\/#primaryimage"},"thumbnailUrl":"https:\/\/www.thebestsocial.media\/de\/wp-content\/uploads\/sites\/3\/2020\/03\/deutsche-art.png","datePublished":"2020-04-01T07:32:07+00:00","dateModified":"2021-03-30T13:29:30+00:00","author":{"@id":"https:\/\/www.thebestsocial.media\/de\/#\/schema\/person\/03b8d8d2905b97b499c8e0808b724821"},"description":"Was ist typisch deutsch? Was verbindet uns alle? Diese Fragen stellen sich einige User. Und es gibt doch gewisse Dinge, die es ganz gut treffen.","breadcrumb":{"@id":"https:\/\/www.thebestsocial.media\/de\/diese-speziellen-dinge-verbinden-uns-deutsche-bereits-von-kleinauf\/#breadcrumb"},"inLanguage":"de","potentialAction":[{"@type":"ReadAction","target":["https:\/\/www.thebestsocial.media\/de\/diese-speziellen-dinge-verbinden-uns-deutsche-bereits-von-kleinauf\/"]}]},{"@type":"ImageObject","inLanguage":"de","@id":"https:\/\/www.thebestsocial.media\/de\/diese-speziellen-dinge-verbinden-uns-deutsche-bereits-von-kleinauf\/#primaryimage","url":"https:\/\/www.thebestsocial.media\/de\/wp-content\/uploads\/sites\/3\/2020\/03\/deutsche-art.png","contentUrl":"https:\/\/www.thebestsocial.media\/de\/wp-content\/uploads\/sites\/3\/2020\/03\/deutsche-art.png","width":1200,"height":628},{"@type":"BreadcrumbList","@id":"https:\/\/www.thebestsocial.media\/de\/diese-speziellen-dinge-verbinden-uns-deutsche-bereits-von-kleinauf\/#breadcrumb","itemListElement":[{"@type":"ListItem","position":1,"name":"Home","item":"https:\/\/www.thebestsocial.media\/de\/"},{"@type":"ListItem","position":2,"name":"Diese speziellen Dinge verbinden uns Deutsche bereits von kleinauf"}]},{"@type":"WebSite","@id":"https:\/\/www.thebestsocial.media\/de\/#website","url":"https:\/\/www.thebestsocial.media\/de\/","name":"The Best Social Media DE","description":"","potentialAction":[{"@type":"SearchAction","target":{"@type":"EntryPoint","urlTemplate":"https:\/\/www.thebestsocial.media\/de\/?s={search_term_string}"},"query-input":{"@type":"PropertyValueSpecification","valueRequired":true,"valueName":"search_term_string"}}],"inLanguage":"de"},{"@type":"Person","@id":"https:\/\/www.thebestsocial.media\/de\/#\/schema\/person\/03b8d8d2905b97b499c8e0808b724821","name":"Jan","image":{"@type":"ImageObject","inLanguage":"de","@id":"https:\/\/secure.gravatar.com\/avatar\/6977c5e4d81f2a717dcf76e5e74d7a00b583f3f83a2b00830dedfc799d928343?s=96&d=mm&r=g","url":"https:\/\/secure.gravatar.com\/avatar\/6977c5e4d81f2a717dcf76e5e74d7a00b583f3f83a2b00830dedfc799d928343?s=96&d=mm&r=g","contentUrl":"https:\/\/secure.gravatar.com\/avatar\/6977c5e4d81f2a717dcf76e5e74d7a00b583f3f83a2b00830dedfc799d928343?s=96&d=mm&r=g","caption":"Jan"},"description":"Wohnt in M\u00fcnchen, hat aber bis heute keine Ahnung, wie er dort gelandet ist. W\u00fcnscht sich manchmal eine dritte Stimme im Kopf, die ihn davon abh\u00e4lt, auszusprechen, was er gerade denkt. Mag Sport und jeden Kartoffelchip einzeln zu essen. Hasst es, sich auf neue Duschen einstellen zu m\u00fcssen. In einer Beziehung mit Social Media \u2013 aber es ist kompliziert.","url":"https:\/\/www.thebestsocial.media\/de\/author\/janhorstkoetter\/"}]}},"amp_enabled":true,"_links":{"self":[{"href":"https:\/\/www.thebestsocial.media\/de\/wp-json\/wp\/v2\/posts\/121255","targetHints":{"allow":["GET"]}}],"collection":[{"href":"https:\/\/www.thebestsocial.media\/de\/wp-json\/wp\/v2\/posts"}],"about":[{"href":"https:\/\/www.thebestsocial.media\/de\/wp-json\/wp\/v2\/types\/post"}],"author":[{"embeddable":true,"href":"https:\/\/www.thebestsocial.media\/de\/wp-json\/wp\/v2\/users\/65"}],"replies":[{"embeddable":true,"href":"https:\/\/www.thebestsocial.media\/de\/wp-json\/wp\/v2\/comments?post=121255"}],"version-history":[{"count":5,"href":"https:\/\/www.thebestsocial.media\/de\/wp-json\/wp\/v2\/posts\/121255\/revisions"}],"predecessor-version":[{"id":143281,"href":"https:\/\/www.thebestsocial.media\/de\/wp-json\/wp\/v2\/posts\/121255\/revisions\/143281"}],"wp:featuredmedia":[{"embeddable":true,"href":"https:\/\/www.thebestsocial.media\/de\/wp-json\/wp\/v2\/media\/121264"}],"wp:attachment":[{"href":"https:\/\/www.thebestsocial.media\/de\/wp-json\/wp\/v2\/media?parent=121255"}],"wp:term":[{"taxonomy":"category","embeddable":true,"href":"https:\/\/www.thebestsocial.media\/de\/wp-json\/wp\/v2\/categories?post=121255"},{"taxonomy":"post_tag","embeddable":true,"href":"https:\/\/www.thebestsocial.media\/de\/wp-json\/wp\/v2\/tags?post=121255"}],"curies":[{"name":"wp","href":"https:\/\/api.w.org\/{rel}","templated":true}]}}