{"id":121107,"date":"2020-03-30T10:53:29","date_gmt":"2020-03-30T10:53:29","guid":{"rendered":"https:\/\/www.thebestsocial.media\/de\/?p=121107"},"modified":"2020-03-30T13:29:07","modified_gmt":"2020-03-30T13:29:07","slug":"adidas-und-co-zahlen-vorerst-keine-mieten-so-zynisch-reagiert-das-netz","status":"publish","type":"post","link":"https:\/\/www.thebestsocial.media\/de\/adidas-und-co-zahlen-vorerst-keine-mieten-so-zynisch-reagiert-das-netz\/","title":{"rendered":"Adidas und Co zahlen vorerst keine Mieten &#8211; so zynisch reagiert das Netz"},"content":{"rendered":"<p>Am Wochenende kam heraus, dass gro\u00dfe und durchaus liquide Konzerne wie Adidas, H&amp;M und Deichmann ab April ihre Mietzahlungen einstellen wollen. Soll sich doch mal die Politik k\u00fcmmern! Der Aufschrei war entsprechend gro\u00df, sendet diese Ma\u00dfnahme n\u00e4mlich komplett falsche Signale, auch an kleine Gesch\u00e4fte und L\u00e4den. Oder sind Mietzahlungen einfach nur ein l\u00e4ngst \u00fcberholtes Konzept aus dem Sozialismus?<\/p>\n<p>&nbsp;<\/p>\n<h3>1. Definiere Kapitalismus:<\/h3>\n<div class=\"dbsm-oembed\">\n<blockquote class=\"twitter-tweet\" data-width=\"500\" data-dnt=\"true\">\n<p lang=\"de\" dir=\"ltr\">Adidas erzielte 2019 2 Mrd Euro Gewinn. Der Vorstand verdiente \u00fcber 22 Mio Euro. Da kann man erwarten, dass Gesetze nicht absichtlich falsch verstanden werden. Trotz Finanzst\u00e4rke Miete nicht zu bezahlen, hat wenig mit Corona zu tun, sondern viel mit unsolidarischem Verhalten. <a href=\"https:\/\/t.co\/9XpNOHjJTB\">https:\/\/t.co\/9XpNOHjJTB<\/a><\/p>\n<p>&mdash; Volker Ullrich (@VolkerUllrich) <a href=\"https:\/\/twitter.com\/VolkerUllrich\/status\/1243594931928813568?ref_src=twsrc%5Etfw\">March 27, 2020<\/a><\/p><\/blockquote>\n<p><script async src=\"https:\/\/platform.twitter.com\/widgets.js\" charset=\"utf-8\"><\/script><\/div>\n<p>&nbsp;<\/p>\n<h3>2. Gewinne, Gewinne, Gewinne!<\/h3>\n<div class=\"dbsm-oembed\">\n<blockquote class=\"twitter-tweet\" data-width=\"500\" data-dnt=\"true\">\n<p lang=\"de\" dir=\"ltr\">Wer nach einer Woche keine Miete mehr zahlt:<\/p>\n<p>&#8211; H&amp;M (Gewinn 2019: 1,27 Milliarden \u20ac)<br \/>&#8211; Adidas (Gewinn 2019: 2 Milliarden \u20ac)<\/p>\n<p>Wer weiterhin Miete zahlt:<\/p>\n<p>&#8211; das Caf\u00e9 um die Ecke<br \/>&#8211; die kleine Buchhandlung<br \/>&#8211; der B\u00e4cker<br \/>&#8211; das kleine Theater<\/p>\n<p>Einfach genial, wie dieser Markt regelt.<\/p>\n<p>&mdash; Kaffeecup (@kaffeecup) <a href=\"https:\/\/twitter.com\/kaffeecup\/status\/1243838583246553089?ref_src=twsrc%5Etfw\">March 28, 2020<\/a><\/p><\/blockquote>\n<p><script async src=\"https:\/\/platform.twitter.com\/widgets.js\" charset=\"utf-8\"><\/script><\/div>\n<p>&nbsp;<\/p>\n<h3>3. Rasch melden sich auch Sozialdemokraten zu Wort und erkl\u00e4ren, dass sie die Idee der Konzerne jetzt nicht ganz so super toll finden:<\/h3>\n<div class=\"dbsm-oembed\">\n<blockquote class=\"twitter-tweet\" data-width=\"500\" data-dnt=\"true\">\n<p lang=\"de\" dir=\"ltr\">Es ist unversch\u00e4mt und unsolidarisch, wenn milliardenschwere Unternehmen ihre Miete nicht mehr bezahlen, w\u00e4hrend das kleine Caf\u00e9 um die Ecke zahlen soll. <a href=\"https:\/\/twitter.com\/hashtag\/adidas?src=hash&amp;ref_src=twsrc%5Etfw\">#adidas<\/a><\/p>\n<p>&mdash; Dr. Karamba Diaby (@KarambaDiaby) <a href=\"https:\/\/twitter.com\/KarambaDiaby\/status\/1243950833152274432?ref_src=twsrc%5Etfw\">March 28, 2020<\/a><\/p><\/blockquote>\n<p><script async src=\"https:\/\/platform.twitter.com\/widgets.js\" charset=\"utf-8\"><\/script><\/div>\n<div class=\"dbsm-oembed\">\n<blockquote class=\"twitter-tweet\" data-width=\"500\" data-dnt=\"true\">\n<p lang=\"de\" dir=\"ltr\">Das hier waren \u00fcbrigens die letzten \u2066<a href=\"https:\/\/twitter.com\/adidas?ref_src=twsrc%5Etfw\">@adidas<\/a>\u2069 , die wir gekauft haben. Als globaler Konzern mit 3,2 Milliarden Gewinn 2019 eine Schutzvorschrift f\u00fcr MieterInnen in Existenznot auszunutzen, ist sch\u00e4big. <a href=\"https:\/\/twitter.com\/hashtag\/coronavirus?src=hash&amp;ref_src=twsrc%5Etfw\">#coronavirus<\/a> <br \/>\u2066@BMJV_Bund\u2069 <a href=\"https:\/\/t.co\/0OoKHvFZxO\">pic.twitter.com\/0OoKHvFZxO<\/a><\/p>\n<p>&mdash; Katarina Barley (@katarinabarley) <a href=\"https:\/\/twitter.com\/katarinabarley\/status\/1243900335523069952?ref_src=twsrc%5Etfw\">March 28, 2020<\/a><\/p><\/blockquote>\n<p><script async src=\"https:\/\/platform.twitter.com\/widgets.js\" charset=\"utf-8\"><\/script><\/div>\n<p>&nbsp;<\/p>\n<h3>4. Steht das &#8222;M&#8220; in H&amp;M dann etwa f\u00fcr Menschenrechte?<\/h3>\n<div class=\"dbsm-oembed\">\n<blockquote class=\"twitter-tweet\" data-width=\"500\" data-dnt=\"true\">\n<p lang=\"de\" dir=\"ltr\">Umsatz 2019: 23 Mrd. \u20ac<br \/>Gewinn 2019: 1,9 Mrd. \u20ac<br \/>Jetzt setzt <a href=\"https:\/\/twitter.com\/hashtag\/adidas?src=hash&amp;ref_src=twsrc%5Etfw\">#adidas<\/a> die Mietzahlungen f\u00fcr seine Filialen aus. <a href=\"https:\/\/t.co\/F5rdOl0zIi\">pic.twitter.com\/F5rdOl0zIi<\/a><\/p>\n<p>&mdash; extra3 (@extra3) <a href=\"https:\/\/twitter.com\/extra3\/status\/1243936285041057794?ref_src=twsrc%5Etfw\">March 28, 2020<\/a><\/p><\/blockquote>\n<p><script async src=\"https:\/\/platform.twitter.com\/widgets.js\" charset=\"utf-8\"><\/script><\/div>\n<p>https:\/\/www.facebook.com\/Texte\/photos\/a.584189338288925\/3749373131770514\/?type=3&#038;theater<\/p>\n<h3>5. Klar, dass man sich mit diesen Konzernen sein Image nicht versauen m\u00f6chte:<\/h3>\n<div class=\"dbsm-oembed\">\n<blockquote class=\"twitter-tweet\" data-width=\"500\" data-dnt=\"true\">\n<p lang=\"de\" dir=\"ltr\">Im Namen aller Hausbesetzer*innen distanzieren wir uns von H&amp;M, Adidas und Co. <a href=\"https:\/\/t.co\/gcaEb14CnR\">https:\/\/t.co\/gcaEb14CnR<\/a><\/p>\n<p>&mdash; #besetzen (@besetzenberlin) <a href=\"https:\/\/twitter.com\/besetzenberlin\/status\/1243617554259640324?ref_src=twsrc%5Etfw\">March 27, 2020<\/a><\/p><\/blockquote>\n<p><script async src=\"https:\/\/platform.twitter.com\/widgets.js\" charset=\"utf-8\"><\/script><\/div>\n<p>&nbsp;<\/p>\n<h3>6. Besondere Krisen erfordern besondere L\u00f6sungen, auch vom Markt:<\/h3>\n<div class=\"dbsm-oembed\">\n<blockquote class=\"twitter-tweet\" data-width=\"500\" data-dnt=\"true\">\n<p lang=\"de\" dir=\"ltr\">Einfach Schuhe bei Adidas bestellen und nicht bezahlen. Ist halt ne Krise!<\/p>\n<p>&mdash; Alf Frommer (@alf_frommer) <a href=\"https:\/\/twitter.com\/alf_frommer\/status\/1244214327076442113?ref_src=twsrc%5Etfw\">March 29, 2020<\/a><\/p><\/blockquote>\n<p><script async src=\"https:\/\/platform.twitter.com\/widgets.js\" charset=\"utf-8\"><\/script><\/div>\n<p>&nbsp;<\/p>\n<h3>7. Doch es geht auch anders:<\/h3>\n<div class=\"dbsm-oembed\">\n<blockquote class=\"twitter-tweet\" data-width=\"500\" data-dnt=\"true\">\n<p lang=\"de\" dir=\"ltr\">Nimm das, <a href=\"https:\/\/twitter.com\/adidas?ref_src=twsrc%5Etfw\">@adidas<\/a>! <a href=\"https:\/\/t.co\/MTwCzUAwqm\">https:\/\/t.co\/MTwCzUAwqm<\/a><\/p>\n<p>&mdash; DIE ZEIT (@DIEZEIT) <a href=\"https:\/\/twitter.com\/DIEZEIT\/status\/1243953482991915009?ref_src=twsrc%5Etfw\">March 28, 2020<\/a><\/p><\/blockquote>\n<p><script async src=\"https:\/\/platform.twitter.com\/widgets.js\" charset=\"utf-8\"><\/script><\/div>\n<div class=\"dbsm-oembed\">\n<blockquote class=\"twitter-tweet\" data-width=\"500\" data-dnt=\"true\">\n<p lang=\"de\" dir=\"ltr\">Schaut einfach mal, wie sich diverse Firmen gerade benehmen. Adidas und Puma machen Kurzarbeit und prellen ihre Vermieter, Trigema arbeitet weiter und stellt die Produktion auf Mundschutze um. Wessen T-Shirts ihr tragt, ist eure Entscheidung.<\/p>\n<p>&mdash; Herr haekelschwein (@haekelschwein) <a href=\"https:\/\/twitter.com\/haekelschwein\/status\/1244007663198928901?ref_src=twsrc%5Etfw\">March 28, 2020<\/a><\/p><\/blockquote>\n<p><script async src=\"https:\/\/platform.twitter.com\/widgets.js\" charset=\"utf-8\"><\/script><\/div>\n<p>&nbsp;<\/p>\n<h3>8. Enteignung, sofort!<\/h3>\n<div class=\"dbsm-oembed\">\n<blockquote class=\"twitter-tweet\" data-width=\"500\" data-dnt=\"true\">\n<p lang=\"de\" dir=\"ltr\">Aha, wenn H&amp;M oder <a href=\"https:\/\/twitter.com\/hashtag\/Adidas?src=hash&amp;ref_src=twsrc%5Etfw\">#Adidas<\/a> wegen der Corona-Krise keine Miete mehr zahlen wollen, ist es freie Marktwirtschaft, aber wenn ich meinem Vermieter am Telefon &quot;Miete ist Diebstahl&quot; sage und dann drei Monate nichts zahle, ist es pl\u00f6tzlich Enteignung und Kommunismus?<\/p>\n<p>&mdash; Der Gazetteur (@dergazetteur) <a href=\"https:\/\/twitter.com\/dergazetteur\/status\/1243877656137019392?ref_src=twsrc%5Etfw\">March 28, 2020<\/a><\/p><\/blockquote>\n<p><script async src=\"https:\/\/platform.twitter.com\/widgets.js\" charset=\"utf-8\"><\/script><\/div>\n<p>&nbsp;<\/p>\n<h3>9. Auch dieser Gedanke ist leider nah an der Wahrheit:<\/h3>\n<div class=\"dbsm-oembed\">\n<blockquote class=\"twitter-tweet\" data-width=\"500\" data-dnt=\"true\">\n<p lang=\"de\" dir=\"ltr\">Dieses: \u201eWas? Adidas zahlt die Miete nicht? Kauf ich nie wieder.\u201c<\/p>\n<p>Passt leider gar nicht zum weit verbreiteten:<br \/>\u201eWas? Massentierhaltung, Tierqu\u00e4lerei?<br \/>Ich ess trotzdem Fleisch vom Aldi.\u201c<\/p>\n<p>&mdash; Krystle von der Post\u2122 (@TimCattrall) <a href=\"https:\/\/twitter.com\/TimCattrall\/status\/1244021846678388736?ref_src=twsrc%5Etfw\">March 28, 2020<\/a><\/p><\/blockquote>\n<p><script async src=\"https:\/\/platform.twitter.com\/widgets.js\" charset=\"utf-8\"><\/script><\/div>\n<p>&nbsp;<\/p>\n<h3><\/h3>\n<p>&nbsp;<\/p>\n<h3>10. Gl\u00fccklicherweise gibt es auch ganz andere Nachrichten vom Immobilienmarkt:<\/h3>\n<div class=\"dbsm-oembed\">\n<blockquote class=\"twitter-tweet\" data-width=\"500\" data-dnt=\"true\">\n<p lang=\"de\" dir=\"ltr\">Mein Vermieter hat von selbst (!) uns Mieter*innen Verst\u00e4ndnis ge\u00e4u\u00dfert, falls wir wegen der Corona-Pandemie keine Mieten zahlen k\u00f6nnen und obendrein 5000\u20ac der Hausgemeinschaft f\u00fcr Notf\u00e4lle zur Verf\u00fcgung gestellt. K\u00f6nnen wir bitte auch \u00fcber solche Gesten sprechen?<\/p>\n<p>&mdash; Ali Can (@alicanglobal) <a href=\"https:\/\/twitter.com\/alicanglobal\/status\/1243293524063379456?ref_src=twsrc%5Etfw\">March 26, 2020<\/a><\/p><\/blockquote>\n<p><script async src=\"https:\/\/platform.twitter.com\/widgets.js\" charset=\"utf-8\"><\/script><\/div>\n<div class=\"dbsm-oembed\">\n<blockquote class=\"twitter-tweet\" data-width=\"500\" data-dnt=\"true\">\n<p lang=\"de\" dir=\"ltr\">Heute unter der T\u00fcr durchgerutscht. Unser Vermieter verzichtet im Falle eines Verdienstausfalls wegen <a href=\"https:\/\/twitter.com\/hashtag\/Corona?src=hash&amp;ref_src=twsrc%5Etfw\">#Corona<\/a> auf zwei Monatskaltmieten! Als Freiberufler bin ich unfassbar dankbar daf\u00fcr und hoffe, dass sich mehr Vermieter so sozial und menschlich zeigen! <a href=\"https:\/\/twitter.com\/hashtag\/Covid_19?src=hash&amp;ref_src=twsrc%5Etfw\">#Covid_19<\/a> <a href=\"https:\/\/twitter.com\/hashtag\/StayAtHome?src=hash&amp;ref_src=twsrc%5Etfw\">#StayAtHome<\/a> <a href=\"https:\/\/t.co\/gZ2UrMLMC5\">pic.twitter.com\/gZ2UrMLMC5<\/a><\/p>\n<p>&mdash; Jan Sahner (@SahnerJan) <a href=\"https:\/\/twitter.com\/SahnerJan\/status\/1241635985663725570?ref_src=twsrc%5Etfw\">March 22, 2020<\/a><\/p><\/blockquote>\n<p><script async src=\"https:\/\/platform.twitter.com\/widgets.js\" charset=\"utf-8\"><\/script><\/div>\n<p>\u2014\u2014<br \/>\nDanke an alle f\u00fcr die Postings! \u2764\ufe0f<br \/>\n\u2014\u2014<br \/>\n<strong>Keine Immobilien, keine Enteignungen! Nur ganz viel Spa\u00df &#8211; bei uns auf Instagram:<\/strong><br \/>\nhttps:\/\/www.instagram.com\/p\/B7ES424F4bJ\/<\/p>\n","protected":false},"excerpt":{"rendered":"<p>Am Wochenende kam heraus, dass gro\u00dfe und durchaus liquide Konzerne wie Adidas, H&amp;M und Deichmann ab April ihre Mietzahlungen einstellen wollen. Soll sich doch mal&#8230;<\/p>\n","protected":false},"author":62,"featured_media":121144,"comment_status":"open","ping_status":"open","sticky":false,"template":"","format":"standard","meta":{"_acf_changed":false,"footnotes":""},"categories":[11,460,22],"tags":[86,3800,68,3927],"class_list":["post-121107","post","type-post","status-publish","format-standard","has-post-thumbnail","hentry","category-creative-content","category-fail","category-newsjacking","tag-adidas","tag-corona","tag-hm","tag-mieten"],"acf":[],"yoast_head":"<!-- This site is optimized with the Yoast SEO plugin v27.5 - https:\/\/yoast.com\/product\/yoast-seo-wordpress\/ -->\n<title>Adidas und Co zahlen keine Miete mehr - so zynisch reagiert das Netz<\/title>\n<meta name=\"description\" content=\"Am Wochenende kam heraus, dass gro\u00dfe und durchaus liquide Konzerne wie Adidas ab April ihre Mietzahlungen einstellen wollen. Der Aufrei war gro\u00df.\" \/>\n<meta name=\"robots\" content=\"index, follow, max-snippet:-1, max-image-preview:large, max-video-preview:-1\" \/>\n<link rel=\"canonical\" href=\"https:\/\/www.thebestsocial.media\/de\/adidas-und-co-zahlen-vorerst-keine-mieten-so-zynisch-reagiert-das-netz\/\" \/>\n<meta property=\"og:locale\" content=\"de_DE\" \/>\n<meta property=\"og:type\" content=\"article\" \/>\n<meta property=\"og:title\" content=\"Adidas und Co zahlen vorerst keine Mieten - so zynisch reagiert das Netz\" \/>\n<meta property=\"og:description\" content=\"Am Wochenende kam heraus, dass gro\u00dfe und durchaus liquide Konzerne wie Adidas ab April ihre Mietzahlungen einstellen wollen. Der Aufrei war gro\u00df.\" \/>\n<meta property=\"og:url\" content=\"https:\/\/www.thebestsocial.media\/de\/adidas-und-co-zahlen-vorerst-keine-mieten-so-zynisch-reagiert-das-netz\/\" \/>\n<meta property=\"og:site_name\" content=\"The Best Social Media DE\" \/>\n<meta property=\"article:published_time\" content=\"2020-03-30T10:53:29+00:00\" \/>\n<meta property=\"article:modified_time\" content=\"2020-03-30T13:29:07+00:00\" \/>\n<meta property=\"og:image\" content=\"https:\/\/www.thebestsocial.media\/de\/wp-content\/uploads\/sites\/3\/2020\/03\/adidasfb.png\" \/>\n\t<meta property=\"og:image:width\" content=\"1200\" \/>\n\t<meta property=\"og:image:height\" content=\"628\" \/>\n\t<meta property=\"og:image:type\" content=\"image\/png\" \/>\n<meta name=\"author\" content=\"alexander\" \/>\n<meta name=\"twitter:card\" content=\"summary_large_image\" \/>\n<meta name=\"twitter:label1\" content=\"Verfasst von\" \/>\n\t<meta name=\"twitter:data1\" content=\"alexander\" \/>\n\t<meta name=\"twitter:label2\" content=\"Gesch\u00e4tzte Lesezeit\" \/>\n\t<meta name=\"twitter:data2\" content=\"1\u00a0Minute\" \/>\n<script type=\"application\/ld+json\" class=\"yoast-schema-graph\">{\"@context\":\"https:\\\/\\\/schema.org\",\"@graph\":[{\"@type\":\"Article\",\"@id\":\"https:\\\/\\\/www.thebestsocial.media\\\/de\\\/adidas-und-co-zahlen-vorerst-keine-mieten-so-zynisch-reagiert-das-netz\\\/#article\",\"isPartOf\":{\"@id\":\"https:\\\/\\\/www.thebestsocial.media\\\/de\\\/adidas-und-co-zahlen-vorerst-keine-mieten-so-zynisch-reagiert-das-netz\\\/\"},\"author\":{\"name\":\"alexander\",\"@id\":\"https:\\\/\\\/www.thebestsocial.media\\\/de\\\/#\\\/schema\\\/person\\\/18153ed64a40fbf55488b4d287144fcf\"},\"headline\":\"Adidas und Co zahlen vorerst keine Mieten &#8211; so zynisch reagiert das Netz\",\"datePublished\":\"2020-03-30T10:53:29+00:00\",\"dateModified\":\"2020-03-30T13:29:07+00:00\",\"mainEntityOfPage\":{\"@id\":\"https:\\\/\\\/www.thebestsocial.media\\\/de\\\/adidas-und-co-zahlen-vorerst-keine-mieten-so-zynisch-reagiert-das-netz\\\/\"},\"wordCount\":296,\"commentCount\":0,\"image\":{\"@id\":\"https:\\\/\\\/www.thebestsocial.media\\\/de\\\/adidas-und-co-zahlen-vorerst-keine-mieten-so-zynisch-reagiert-das-netz\\\/#primaryimage\"},\"thumbnailUrl\":\"https:\\\/\\\/www.thebestsocial.media\\\/de\\\/wp-content\\\/uploads\\\/sites\\\/3\\\/2020\\\/03\\\/adidas-458043_1280.jpg\",\"keywords\":[\"adidas\",\"Corona\",\"H&amp;M\",\"Mieten\"],\"articleSection\":[\"Creative Content\",\"Fail\",\"Newsjacking\"],\"inLanguage\":\"de\",\"potentialAction\":[{\"@type\":\"CommentAction\",\"name\":\"Comment\",\"target\":[\"https:\\\/\\\/www.thebestsocial.media\\\/de\\\/adidas-und-co-zahlen-vorerst-keine-mieten-so-zynisch-reagiert-das-netz\\\/#respond\"]}]},{\"@type\":\"WebPage\",\"@id\":\"https:\\\/\\\/www.thebestsocial.media\\\/de\\\/adidas-und-co-zahlen-vorerst-keine-mieten-so-zynisch-reagiert-das-netz\\\/\",\"url\":\"https:\\\/\\\/www.thebestsocial.media\\\/de\\\/adidas-und-co-zahlen-vorerst-keine-mieten-so-zynisch-reagiert-das-netz\\\/\",\"name\":\"Adidas und Co zahlen keine Miete mehr - so zynisch reagiert das Netz\",\"isPartOf\":{\"@id\":\"https:\\\/\\\/www.thebestsocial.media\\\/de\\\/#website\"},\"primaryImageOfPage\":{\"@id\":\"https:\\\/\\\/www.thebestsocial.media\\\/de\\\/adidas-und-co-zahlen-vorerst-keine-mieten-so-zynisch-reagiert-das-netz\\\/#primaryimage\"},\"image\":{\"@id\":\"https:\\\/\\\/www.thebestsocial.media\\\/de\\\/adidas-und-co-zahlen-vorerst-keine-mieten-so-zynisch-reagiert-das-netz\\\/#primaryimage\"},\"thumbnailUrl\":\"https:\\\/\\\/www.thebestsocial.media\\\/de\\\/wp-content\\\/uploads\\\/sites\\\/3\\\/2020\\\/03\\\/adidas-458043_1280.jpg\",\"datePublished\":\"2020-03-30T10:53:29+00:00\",\"dateModified\":\"2020-03-30T13:29:07+00:00\",\"author\":{\"@id\":\"https:\\\/\\\/www.thebestsocial.media\\\/de\\\/#\\\/schema\\\/person\\\/18153ed64a40fbf55488b4d287144fcf\"},\"description\":\"Am Wochenende kam heraus, dass gro\u00dfe und durchaus liquide Konzerne wie Adidas ab April ihre Mietzahlungen einstellen wollen. Der Aufrei war gro\u00df.\",\"breadcrumb\":{\"@id\":\"https:\\\/\\\/www.thebestsocial.media\\\/de\\\/adidas-und-co-zahlen-vorerst-keine-mieten-so-zynisch-reagiert-das-netz\\\/#breadcrumb\"},\"inLanguage\":\"de\",\"potentialAction\":[{\"@type\":\"ReadAction\",\"target\":[\"https:\\\/\\\/www.thebestsocial.media\\\/de\\\/adidas-und-co-zahlen-vorerst-keine-mieten-so-zynisch-reagiert-das-netz\\\/\"]}]},{\"@type\":\"ImageObject\",\"inLanguage\":\"de\",\"@id\":\"https:\\\/\\\/www.thebestsocial.media\\\/de\\\/adidas-und-co-zahlen-vorerst-keine-mieten-so-zynisch-reagiert-das-netz\\\/#primaryimage\",\"url\":\"https:\\\/\\\/www.thebestsocial.media\\\/de\\\/wp-content\\\/uploads\\\/sites\\\/3\\\/2020\\\/03\\\/adidas-458043_1280.jpg\",\"contentUrl\":\"https:\\\/\\\/www.thebestsocial.media\\\/de\\\/wp-content\\\/uploads\\\/sites\\\/3\\\/2020\\\/03\\\/adidas-458043_1280.jpg\",\"width\":1280,\"height\":850},{\"@type\":\"BreadcrumbList\",\"@id\":\"https:\\\/\\\/www.thebestsocial.media\\\/de\\\/adidas-und-co-zahlen-vorerst-keine-mieten-so-zynisch-reagiert-das-netz\\\/#breadcrumb\",\"itemListElement\":[{\"@type\":\"ListItem\",\"position\":1,\"name\":\"Home\",\"item\":\"https:\\\/\\\/www.thebestsocial.media\\\/de\\\/\"},{\"@type\":\"ListItem\",\"position\":2,\"name\":\"Adidas und Co zahlen vorerst keine Mieten &#8211; so zynisch reagiert das Netz\"}]},{\"@type\":\"WebSite\",\"@id\":\"https:\\\/\\\/www.thebestsocial.media\\\/de\\\/#website\",\"url\":\"https:\\\/\\\/www.thebestsocial.media\\\/de\\\/\",\"name\":\"The Best Social Media DE\",\"description\":\"\",\"potentialAction\":[{\"@type\":\"SearchAction\",\"target\":{\"@type\":\"EntryPoint\",\"urlTemplate\":\"https:\\\/\\\/www.thebestsocial.media\\\/de\\\/?s={search_term_string}\"},\"query-input\":{\"@type\":\"PropertyValueSpecification\",\"valueRequired\":true,\"valueName\":\"search_term_string\"}}],\"inLanguage\":\"de\"},{\"@type\":\"Person\",\"@id\":\"https:\\\/\\\/www.thebestsocial.media\\\/de\\\/#\\\/schema\\\/person\\\/18153ed64a40fbf55488b4d287144fcf\",\"name\":\"alexander\",\"image\":{\"@type\":\"ImageObject\",\"inLanguage\":\"de\",\"@id\":\"https:\\\/\\\/secure.gravatar.com\\\/avatar\\\/b6544512a76b48519800c03a7b6b84a4e686fe471de45f79509f1b6c57f460fa?s=96&d=mm&r=g\",\"url\":\"https:\\\/\\\/secure.gravatar.com\\\/avatar\\\/b6544512a76b48519800c03a7b6b84a4e686fe471de45f79509f1b6c57f460fa?s=96&d=mm&r=g\",\"contentUrl\":\"https:\\\/\\\/secure.gravatar.com\\\/avatar\\\/b6544512a76b48519800c03a7b6b84a4e686fe471de45f79509f1b6c57f460fa?s=96&d=mm&r=g\",\"caption\":\"alexander\"},\"description\":\"In der Welt zuhause. Schreibt immer wieder Zeilen ins Netz.\",\"url\":\"https:\\\/\\\/www.thebestsocial.media\\\/de\\\/author\\\/alexander\\\/\"}]}<\/script>\n<!-- \/ Yoast SEO plugin. -->","yoast_head_json":{"title":"Adidas und Co zahlen keine Miete mehr - so zynisch reagiert das Netz","description":"Am Wochenende kam heraus, dass gro\u00dfe und durchaus liquide Konzerne wie Adidas ab April ihre Mietzahlungen einstellen wollen. Der Aufrei war gro\u00df.","robots":{"index":"index","follow":"follow","max-snippet":"max-snippet:-1","max-image-preview":"max-image-preview:large","max-video-preview":"max-video-preview:-1"},"canonical":"https:\/\/www.thebestsocial.media\/de\/adidas-und-co-zahlen-vorerst-keine-mieten-so-zynisch-reagiert-das-netz\/","og_locale":"de_DE","og_type":"article","og_title":"Adidas und Co zahlen vorerst keine Mieten - so zynisch reagiert das Netz","og_description":"Am Wochenende kam heraus, dass gro\u00dfe und durchaus liquide Konzerne wie Adidas ab April ihre Mietzahlungen einstellen wollen. Der Aufrei war gro\u00df.","og_url":"https:\/\/www.thebestsocial.media\/de\/adidas-und-co-zahlen-vorerst-keine-mieten-so-zynisch-reagiert-das-netz\/","og_site_name":"The Best Social Media DE","article_published_time":"2020-03-30T10:53:29+00:00","article_modified_time":"2020-03-30T13:29:07+00:00","og_image":[{"width":1200,"height":628,"url":"https:\/\/www.thebestsocial.media\/de\/wp-content\/uploads\/sites\/3\/2020\/03\/adidasfb.png","type":"image\/png"}],"author":"alexander","twitter_card":"summary_large_image","twitter_misc":{"Verfasst von":"alexander","Gesch\u00e4tzte Lesezeit":"1\u00a0Minute"},"schema":{"@context":"https:\/\/schema.org","@graph":[{"@type":"Article","@id":"https:\/\/www.thebestsocial.media\/de\/adidas-und-co-zahlen-vorerst-keine-mieten-so-zynisch-reagiert-das-netz\/#article","isPartOf":{"@id":"https:\/\/www.thebestsocial.media\/de\/adidas-und-co-zahlen-vorerst-keine-mieten-so-zynisch-reagiert-das-netz\/"},"author":{"name":"alexander","@id":"https:\/\/www.thebestsocial.media\/de\/#\/schema\/person\/18153ed64a40fbf55488b4d287144fcf"},"headline":"Adidas und Co zahlen vorerst keine Mieten &#8211; so zynisch reagiert das Netz","datePublished":"2020-03-30T10:53:29+00:00","dateModified":"2020-03-30T13:29:07+00:00","mainEntityOfPage":{"@id":"https:\/\/www.thebestsocial.media\/de\/adidas-und-co-zahlen-vorerst-keine-mieten-so-zynisch-reagiert-das-netz\/"},"wordCount":296,"commentCount":0,"image":{"@id":"https:\/\/www.thebestsocial.media\/de\/adidas-und-co-zahlen-vorerst-keine-mieten-so-zynisch-reagiert-das-netz\/#primaryimage"},"thumbnailUrl":"https:\/\/www.thebestsocial.media\/de\/wp-content\/uploads\/sites\/3\/2020\/03\/adidas-458043_1280.jpg","keywords":["adidas","Corona","H&amp;M","Mieten"],"articleSection":["Creative Content","Fail","Newsjacking"],"inLanguage":"de","potentialAction":[{"@type":"CommentAction","name":"Comment","target":["https:\/\/www.thebestsocial.media\/de\/adidas-und-co-zahlen-vorerst-keine-mieten-so-zynisch-reagiert-das-netz\/#respond"]}]},{"@type":"WebPage","@id":"https:\/\/www.thebestsocial.media\/de\/adidas-und-co-zahlen-vorerst-keine-mieten-so-zynisch-reagiert-das-netz\/","url":"https:\/\/www.thebestsocial.media\/de\/adidas-und-co-zahlen-vorerst-keine-mieten-so-zynisch-reagiert-das-netz\/","name":"Adidas und Co zahlen keine Miete mehr - so zynisch reagiert das Netz","isPartOf":{"@id":"https:\/\/www.thebestsocial.media\/de\/#website"},"primaryImageOfPage":{"@id":"https:\/\/www.thebestsocial.media\/de\/adidas-und-co-zahlen-vorerst-keine-mieten-so-zynisch-reagiert-das-netz\/#primaryimage"},"image":{"@id":"https:\/\/www.thebestsocial.media\/de\/adidas-und-co-zahlen-vorerst-keine-mieten-so-zynisch-reagiert-das-netz\/#primaryimage"},"thumbnailUrl":"https:\/\/www.thebestsocial.media\/de\/wp-content\/uploads\/sites\/3\/2020\/03\/adidas-458043_1280.jpg","datePublished":"2020-03-30T10:53:29+00:00","dateModified":"2020-03-30T13:29:07+00:00","author":{"@id":"https:\/\/www.thebestsocial.media\/de\/#\/schema\/person\/18153ed64a40fbf55488b4d287144fcf"},"description":"Am Wochenende kam heraus, dass gro\u00dfe und durchaus liquide Konzerne wie Adidas ab April ihre Mietzahlungen einstellen wollen. Der Aufrei war gro\u00df.","breadcrumb":{"@id":"https:\/\/www.thebestsocial.media\/de\/adidas-und-co-zahlen-vorerst-keine-mieten-so-zynisch-reagiert-das-netz\/#breadcrumb"},"inLanguage":"de","potentialAction":[{"@type":"ReadAction","target":["https:\/\/www.thebestsocial.media\/de\/adidas-und-co-zahlen-vorerst-keine-mieten-so-zynisch-reagiert-das-netz\/"]}]},{"@type":"ImageObject","inLanguage":"de","@id":"https:\/\/www.thebestsocial.media\/de\/adidas-und-co-zahlen-vorerst-keine-mieten-so-zynisch-reagiert-das-netz\/#primaryimage","url":"https:\/\/www.thebestsocial.media\/de\/wp-content\/uploads\/sites\/3\/2020\/03\/adidas-458043_1280.jpg","contentUrl":"https:\/\/www.thebestsocial.media\/de\/wp-content\/uploads\/sites\/3\/2020\/03\/adidas-458043_1280.jpg","width":1280,"height":850},{"@type":"BreadcrumbList","@id":"https:\/\/www.thebestsocial.media\/de\/adidas-und-co-zahlen-vorerst-keine-mieten-so-zynisch-reagiert-das-netz\/#breadcrumb","itemListElement":[{"@type":"ListItem","position":1,"name":"Home","item":"https:\/\/www.thebestsocial.media\/de\/"},{"@type":"ListItem","position":2,"name":"Adidas und Co zahlen vorerst keine Mieten &#8211; so zynisch reagiert das Netz"}]},{"@type":"WebSite","@id":"https:\/\/www.thebestsocial.media\/de\/#website","url":"https:\/\/www.thebestsocial.media\/de\/","name":"The Best Social Media DE","description":"","potentialAction":[{"@type":"SearchAction","target":{"@type":"EntryPoint","urlTemplate":"https:\/\/www.thebestsocial.media\/de\/?s={search_term_string}"},"query-input":{"@type":"PropertyValueSpecification","valueRequired":true,"valueName":"search_term_string"}}],"inLanguage":"de"},{"@type":"Person","@id":"https:\/\/www.thebestsocial.media\/de\/#\/schema\/person\/18153ed64a40fbf55488b4d287144fcf","name":"alexander","image":{"@type":"ImageObject","inLanguage":"de","@id":"https:\/\/secure.gravatar.com\/avatar\/b6544512a76b48519800c03a7b6b84a4e686fe471de45f79509f1b6c57f460fa?s=96&d=mm&r=g","url":"https:\/\/secure.gravatar.com\/avatar\/b6544512a76b48519800c03a7b6b84a4e686fe471de45f79509f1b6c57f460fa?s=96&d=mm&r=g","contentUrl":"https:\/\/secure.gravatar.com\/avatar\/b6544512a76b48519800c03a7b6b84a4e686fe471de45f79509f1b6c57f460fa?s=96&d=mm&r=g","caption":"alexander"},"description":"In der Welt zuhause. Schreibt immer wieder Zeilen ins Netz.","url":"https:\/\/www.thebestsocial.media\/de\/author\/alexander\/"}]}},"amp_enabled":true,"_links":{"self":[{"href":"https:\/\/www.thebestsocial.media\/de\/wp-json\/wp\/v2\/posts\/121107","targetHints":{"allow":["GET"]}}],"collection":[{"href":"https:\/\/www.thebestsocial.media\/de\/wp-json\/wp\/v2\/posts"}],"about":[{"href":"https:\/\/www.thebestsocial.media\/de\/wp-json\/wp\/v2\/types\/post"}],"author":[{"embeddable":true,"href":"https:\/\/www.thebestsocial.media\/de\/wp-json\/wp\/v2\/users\/62"}],"replies":[{"embeddable":true,"href":"https:\/\/www.thebestsocial.media\/de\/wp-json\/wp\/v2\/comments?post=121107"}],"version-history":[{"count":17,"href":"https:\/\/www.thebestsocial.media\/de\/wp-json\/wp\/v2\/posts\/121107\/revisions"}],"predecessor-version":[{"id":121184,"href":"https:\/\/www.thebestsocial.media\/de\/wp-json\/wp\/v2\/posts\/121107\/revisions\/121184"}],"wp:featuredmedia":[{"embeddable":true,"href":"https:\/\/www.thebestsocial.media\/de\/wp-json\/wp\/v2\/media\/121144"}],"wp:attachment":[{"href":"https:\/\/www.thebestsocial.media\/de\/wp-json\/wp\/v2\/media?parent=121107"}],"wp:term":[{"taxonomy":"category","embeddable":true,"href":"https:\/\/www.thebestsocial.media\/de\/wp-json\/wp\/v2\/categories?post=121107"},{"taxonomy":"post_tag","embeddable":true,"href":"https:\/\/www.thebestsocial.media\/de\/wp-json\/wp\/v2\/tags?post=121107"}],"curies":[{"name":"wp","href":"https:\/\/api.w.org\/{rel}","templated":true}]}}