{"id":119219,"date":"2020-03-10T14:52:04","date_gmt":"2020-03-10T14:52:04","guid":{"rendered":"https:\/\/www.thebestsocial.media\/de\/?p=119219"},"modified":"2020-03-10T14:52:33","modified_gmt":"2020-03-10T14:52:33","slug":"rassistisch-bahlsen-lenkt-ein-und-benennt-keks-sorte-afrika-um","status":"publish","type":"post","link":"https:\/\/www.thebestsocial.media\/de\/rassistisch-bahlsen-lenkt-ein-und-benennt-keks-sorte-afrika-um\/","title":{"rendered":"Rassistisch? Bahlsen lenkt ein und benennt Keks-Sorte &#8222;Afrika&#8220; um"},"content":{"rendered":"<p>Ein <a href=\"https:\/\/www.instagram.com\/p\/B8iww5XCqjo\/\" target=\"_blank\" rel=\"noopener noreferrer\">Bahlsen-Post auf Instagram<\/a> sorgte k\u00fcrzlich f\u00fcr viel Aufregung im Netz:<br \/>\n<em>&#8222;Viele von euch haben sich intensiv mit unserem Produktnamen Bahlsen Afrika auseinandergesetzt und hier kommentiert. Eure Meinungen und die Kritik nehmen wir sehr ernst. Wir distanzieren uns von Rassismus und Diskriminierung in jeder Form.<br \/>\nAus euren Kommentaren haben wir unterschiedliche Meinungen herausgelesen. Einige assoziieren<br \/>\nden Produktnamen mit Rassismus, w\u00e4hrend andere die Diskussion um den Produktnamen nicht<br \/>\nnachvollziehen k\u00f6nnen und finden, dass genau dieses Schubladendenken Rassismus f\u00f6rdert.<br \/>\nWir haben dieses Produkt vor 60 Jahren ins Leben gerufen und damals wie heute lagen uns rassistische Gedanken mehr als fern. Um zu vermeiden, dass unser Produkt Assoziationen mit Rassismus hervorruft, arbeiten wir bereits an einer Umbenennung.&#8220;<\/em><\/p>\n<p>&nbsp;<\/p>\n<h3>1. Einige (zugegeben: relativ wenige) User haben f\u00fcr eine gro\u00dfe Ver\u00e4nderung bei der Keks-Firma Bahlsen gesorgt. Bei fr\u00fcheren Posts des Unternehmens gab es vereinzelte Rassismus-Vorw\u00fcrfe, was den Produktnamen &#8222;Afrika&#8220; angeht.<\/h3>\n<p><img loading=\"lazy\" decoding=\"async\" src=\"https:\/\/www.thebestsocial.media\/de\/wp-content\/uploads\/sites\/3\/2020\/03\/21jahrhundert.png\" alt=\"\" width=\"405\" height=\"90\" class=\"alignnone size-full wp-image-119239\" srcset=\"https:\/\/www.thebestsocial.media\/de\/wp-content\/uploads\/sites\/3\/2020\/03\/21jahrhundert.png 405w, https:\/\/www.thebestsocial.media\/de\/wp-content\/uploads\/sites\/3\/2020\/03\/21jahrhundert-300x67.png 300w\" sizes=\"auto, (max-width: 405px) 100vw, 405px\" \/><\/p>\n<p>&nbsp;<\/p>\n<h3>2. Bahlsen erkl\u00e4rte sich bereits dort: \u2026<\/h3>\n<p><img loading=\"lazy\" decoding=\"async\" class=\"alignnone size-full wp-image-119230\" src=\"https:\/\/www.thebestsocial.media\/de\/wp-content\/uploads\/sites\/3\/2020\/03\/screen-2.jpg\" alt=\"\" width=\"405\" height=\"371\" srcset=\"https:\/\/www.thebestsocial.media\/de\/wp-content\/uploads\/sites\/3\/2020\/03\/screen-2.jpg 405w, https:\/\/www.thebestsocial.media\/de\/wp-content\/uploads\/sites\/3\/2020\/03\/screen-2-300x275.jpg 300w\" sizes=\"auto, (max-width: 405px) 100vw, 405px\" \/><\/p>\n<p><img loading=\"lazy\" decoding=\"async\" class=\"alignnone size-full wp-image-119228\" src=\"https:\/\/www.thebestsocial.media\/de\/wp-content\/uploads\/sites\/3\/2020\/03\/Screen-3.jpg\" alt=\"\" width=\"405\" height=\"544\" srcset=\"https:\/\/www.thebestsocial.media\/de\/wp-content\/uploads\/sites\/3\/2020\/03\/Screen-3.jpg 405w, https:\/\/www.thebestsocial.media\/de\/wp-content\/uploads\/sites\/3\/2020\/03\/Screen-3-223x300.jpg 223w\" sizes=\"auto, (max-width: 405px) 100vw, 405px\" \/><\/p>\n<p>&nbsp;<\/p>\n<h3>3. Entschloss sich nun aber dennoch, den Produktnamen zu \u00e4ndern.<\/h3>\n<p>https:\/\/www.instagram.com\/p\/B8iww5XCqjo\/<br \/>\n&nbsp;<\/p>\n<h3>4. Was viele nicht wirklich nachvollziehen k\u00f6nnen!<\/h3>\n<p><img loading=\"lazy\" decoding=\"async\" class=\"alignnone size-full wp-image-119222\" src=\"https:\/\/www.thebestsocial.media\/de\/wp-content\/uploads\/sites\/3\/2020\/03\/screen-aufregung-4.jpg\" alt=\"\" width=\"1080\" height=\"388\" srcset=\"https:\/\/www.thebestsocial.media\/de\/wp-content\/uploads\/sites\/3\/2020\/03\/screen-aufregung-4.jpg 1080w, https:\/\/www.thebestsocial.media\/de\/wp-content\/uploads\/sites\/3\/2020\/03\/screen-aufregung-4-300x108.jpg 300w, https:\/\/www.thebestsocial.media\/de\/wp-content\/uploads\/sites\/3\/2020\/03\/screen-aufregung-4-1024x368.jpg 1024w, https:\/\/www.thebestsocial.media\/de\/wp-content\/uploads\/sites\/3\/2020\/03\/screen-aufregung-4-768x276.jpg 768w\" sizes=\"auto, (max-width: 1080px) 100vw, 1080px\" \/><\/p>\n<p><img loading=\"lazy\" decoding=\"async\" class=\"alignnone size-full wp-image-119223\" src=\"https:\/\/www.thebestsocial.media\/de\/wp-content\/uploads\/sites\/3\/2020\/03\/screen-aufregung-3.jpg\" alt=\"\" width=\"1080\" height=\"628\" srcset=\"https:\/\/www.thebestsocial.media\/de\/wp-content\/uploads\/sites\/3\/2020\/03\/screen-aufregung-3.jpg 1080w, https:\/\/www.thebestsocial.media\/de\/wp-content\/uploads\/sites\/3\/2020\/03\/screen-aufregung-3-300x174.jpg 300w, https:\/\/www.thebestsocial.media\/de\/wp-content\/uploads\/sites\/3\/2020\/03\/screen-aufregung-3-1024x595.jpg 1024w, https:\/\/www.thebestsocial.media\/de\/wp-content\/uploads\/sites\/3\/2020\/03\/screen-aufregung-3-768x447.jpg 768w\" sizes=\"auto, (max-width: 1080px) 100vw, 1080px\" \/><\/p>\n<p><img loading=\"lazy\" decoding=\"async\" class=\"alignnone size-full wp-image-119224\" src=\"https:\/\/www.thebestsocial.media\/de\/wp-content\/uploads\/sites\/3\/2020\/03\/Screen-aufregung-2.jpg\" alt=\"\" width=\"1080\" height=\"1108\" srcset=\"https:\/\/www.thebestsocial.media\/de\/wp-content\/uploads\/sites\/3\/2020\/03\/Screen-aufregung-2.jpg 1080w, https:\/\/www.thebestsocial.media\/de\/wp-content\/uploads\/sites\/3\/2020\/03\/Screen-aufregung-2-292x300.jpg 292w, https:\/\/www.thebestsocial.media\/de\/wp-content\/uploads\/sites\/3\/2020\/03\/Screen-aufregung-2-998x1024.jpg 998w, https:\/\/www.thebestsocial.media\/de\/wp-content\/uploads\/sites\/3\/2020\/03\/Screen-aufregung-2-768x788.jpg 768w\" sizes=\"auto, (max-width: 1080px) 100vw, 1080px\" \/><\/p>\n<p><img loading=\"lazy\" decoding=\"async\" class=\"alignnone size-full wp-image-119225\" src=\"https:\/\/www.thebestsocial.media\/de\/wp-content\/uploads\/sites\/3\/2020\/03\/screen-aufregung.jpg\" alt=\"\" width=\"1080\" height=\"868\" srcset=\"https:\/\/www.thebestsocial.media\/de\/wp-content\/uploads\/sites\/3\/2020\/03\/screen-aufregung.jpg 1080w, https:\/\/www.thebestsocial.media\/de\/wp-content\/uploads\/sites\/3\/2020\/03\/screen-aufregung-300x241.jpg 300w, https:\/\/www.thebestsocial.media\/de\/wp-content\/uploads\/sites\/3\/2020\/03\/screen-aufregung-1024x823.jpg 1024w, https:\/\/www.thebestsocial.media\/de\/wp-content\/uploads\/sites\/3\/2020\/03\/screen-aufregung-768x617.jpg 768w\" sizes=\"auto, (max-width: 1080px) 100vw, 1080px\" \/><br \/>\n&nbsp;<\/p>\n<h3>5. Die passende Redewendung in diesem Fall?<\/h3>\n<p>https:\/\/twitter.com\/Hanni_Hapunkt\/status\/1237335169255735297<br \/>\n&nbsp;<\/p>\n<h3>6. Wie dem auch sei: Irgendwie schade, Bahlsen benennt bei kleinem Aufstand ein komplettes Produkt um und <a href=\"https:\/\/www.thebestsocial.media\/de\/stullen-andreas-fordert-eine-fischstaebchen-pizza-von-dr-oetker-seit-15-jahren\/\" target=\"_blank\" rel=\"noopener noreferrer\">Stullen Andreas bekommt seine Fischst\u00e4bchen-Pizza<\/a> immer noch nicht.<\/h3>\n<p>https:\/\/www.instagram.com\/p\/B9RL0l7qEhr\/<\/p>\n","protected":false},"excerpt":{"rendered":"<p>Ein Bahlsen-Post auf Instagram sorgte k\u00fcrzlich f\u00fcr viel Aufregung im Netz: &#8222;Viele von euch haben sich intensiv mit unserem Produktnamen Bahlsen Afrika auseinandergesetzt und hier&#8230;<\/p>\n","protected":false},"author":65,"featured_media":119235,"comment_status":"open","ping_status":"open","sticky":false,"template":"","format":"standard","meta":{"_acf_changed":false,"footnotes":""},"categories":[1717],"tags":[2705,180,15,629,680,3845],"class_list":["post-119219","post","type-post","status-publish","format-standard","has-post-thumbnail","hentry","category-community","tag-afrika","tag-bahlsen","tag-instagram","tag-rassismus","tag-shitstorm","tag-vorwurf"],"acf":[],"yoast_head":"<!-- This site is optimized with the Yoast SEO plugin v27.5 - https:\/\/yoast.com\/product\/yoast-seo-wordpress\/ -->\n<title>Bahlsen bennent Kekssorte &quot;Afrika&quot; um - The Best Social Media DE<\/title>\n<meta name=\"description\" content=\"Ein Bahlsen-Post sorgte k\u00fcrzliche f\u00fcr verdammt viel Aufregung im Netz. Das Unternehmen \u00e4ndert den Produkt-Namen &quot;Afrika&quot; - wegen rassistischer Vorw\u00fcrfe.\" \/>\n<meta name=\"robots\" content=\"index, follow, max-snippet:-1, max-image-preview:large, max-video-preview:-1\" \/>\n<link rel=\"canonical\" href=\"https:\/\/www.thebestsocial.media\/de\/rassistisch-bahlsen-lenkt-ein-und-benennt-keks-sorte-afrika-um\/\" \/>\n<meta property=\"og:locale\" content=\"de_DE\" \/>\n<meta property=\"og:type\" content=\"article\" \/>\n<meta property=\"og:title\" content=\"Rassistisch? Bahlsen lenkt ein und benennt Keks-Sorte &quot;Afrika&quot; um\" \/>\n<meta property=\"og:description\" content=\"Ein Bahlsen-Post sorgte k\u00fcrzliche f\u00fcr verdammt viel Aufregung im Netz. Das Unternehmen \u00e4ndert den Produkt-Namen &quot;Afrika&quot; - wegen rassistischer Vorw\u00fcrfe.\" \/>\n<meta property=\"og:url\" content=\"https:\/\/www.thebestsocial.media\/de\/rassistisch-bahlsen-lenkt-ein-und-benennt-keks-sorte-afrika-um\/\" \/>\n<meta property=\"og:site_name\" content=\"The Best Social Media DE\" \/>\n<meta property=\"article:published_time\" content=\"2020-03-10T14:52:04+00:00\" \/>\n<meta property=\"article:modified_time\" content=\"2020-03-10T14:52:33+00:00\" \/>\n<meta property=\"og:image\" content=\"https:\/\/www.thebestsocial.media\/de\/wp-content\/uploads\/sites\/3\/2020\/03\/Bahlsen-FB.png\" \/>\n\t<meta property=\"og:image:width\" content=\"1200\" \/>\n\t<meta property=\"og:image:height\" content=\"628\" \/>\n\t<meta property=\"og:image:type\" content=\"image\/png\" \/>\n<meta name=\"author\" content=\"Jan\" \/>\n<meta name=\"twitter:card\" content=\"summary_large_image\" \/>\n<meta name=\"twitter:label1\" content=\"Verfasst von\" \/>\n\t<meta name=\"twitter:data1\" content=\"Jan\" \/>\n\t<meta name=\"twitter:label2\" content=\"Gesch\u00e4tzte Lesezeit\" \/>\n\t<meta name=\"twitter:data2\" content=\"1\u00a0Minute\" \/>\n<script type=\"application\/ld+json\" class=\"yoast-schema-graph\">{\"@context\":\"https:\\\/\\\/schema.org\",\"@graph\":[{\"@type\":\"Article\",\"@id\":\"https:\\\/\\\/www.thebestsocial.media\\\/de\\\/rassistisch-bahlsen-lenkt-ein-und-benennt-keks-sorte-afrika-um\\\/#article\",\"isPartOf\":{\"@id\":\"https:\\\/\\\/www.thebestsocial.media\\\/de\\\/rassistisch-bahlsen-lenkt-ein-und-benennt-keks-sorte-afrika-um\\\/\"},\"author\":{\"name\":\"Jan\",\"@id\":\"https:\\\/\\\/www.thebestsocial.media\\\/de\\\/#\\\/schema\\\/person\\\/03b8d8d2905b97b499c8e0808b724821\"},\"headline\":\"Rassistisch? Bahlsen lenkt ein und benennt Keks-Sorte &#8222;Afrika&#8220; um\",\"datePublished\":\"2020-03-10T14:52:04+00:00\",\"dateModified\":\"2020-03-10T14:52:33+00:00\",\"mainEntityOfPage\":{\"@id\":\"https:\\\/\\\/www.thebestsocial.media\\\/de\\\/rassistisch-bahlsen-lenkt-ein-und-benennt-keks-sorte-afrika-um\\\/\"},\"wordCount\":243,\"commentCount\":0,\"image\":{\"@id\":\"https:\\\/\\\/www.thebestsocial.media\\\/de\\\/rassistisch-bahlsen-lenkt-ein-und-benennt-keks-sorte-afrika-um\\\/#primaryimage\"},\"thumbnailUrl\":\"https:\\\/\\\/www.thebestsocial.media\\\/de\\\/wp-content\\\/uploads\\\/sites\\\/3\\\/2020\\\/03\\\/keks-art.png\",\"keywords\":[\"Afrika\",\"bahlsen\",\"instagram\",\"Rassismus\",\"shitstorm\",\"Vorwurf\"],\"articleSection\":[\"Community\"],\"inLanguage\":\"de\",\"potentialAction\":[{\"@type\":\"CommentAction\",\"name\":\"Comment\",\"target\":[\"https:\\\/\\\/www.thebestsocial.media\\\/de\\\/rassistisch-bahlsen-lenkt-ein-und-benennt-keks-sorte-afrika-um\\\/#respond\"]}]},{\"@type\":\"WebPage\",\"@id\":\"https:\\\/\\\/www.thebestsocial.media\\\/de\\\/rassistisch-bahlsen-lenkt-ein-und-benennt-keks-sorte-afrika-um\\\/\",\"url\":\"https:\\\/\\\/www.thebestsocial.media\\\/de\\\/rassistisch-bahlsen-lenkt-ein-und-benennt-keks-sorte-afrika-um\\\/\",\"name\":\"Bahlsen bennent Kekssorte \\\"Afrika\\\" um - The Best Social Media DE\",\"isPartOf\":{\"@id\":\"https:\\\/\\\/www.thebestsocial.media\\\/de\\\/#website\"},\"primaryImageOfPage\":{\"@id\":\"https:\\\/\\\/www.thebestsocial.media\\\/de\\\/rassistisch-bahlsen-lenkt-ein-und-benennt-keks-sorte-afrika-um\\\/#primaryimage\"},\"image\":{\"@id\":\"https:\\\/\\\/www.thebestsocial.media\\\/de\\\/rassistisch-bahlsen-lenkt-ein-und-benennt-keks-sorte-afrika-um\\\/#primaryimage\"},\"thumbnailUrl\":\"https:\\\/\\\/www.thebestsocial.media\\\/de\\\/wp-content\\\/uploads\\\/sites\\\/3\\\/2020\\\/03\\\/keks-art.png\",\"datePublished\":\"2020-03-10T14:52:04+00:00\",\"dateModified\":\"2020-03-10T14:52:33+00:00\",\"author\":{\"@id\":\"https:\\\/\\\/www.thebestsocial.media\\\/de\\\/#\\\/schema\\\/person\\\/03b8d8d2905b97b499c8e0808b724821\"},\"description\":\"Ein Bahlsen-Post sorgte k\u00fcrzliche f\u00fcr verdammt viel Aufregung im Netz. Das Unternehmen \u00e4ndert den Produkt-Namen \\\"Afrika\\\" - wegen rassistischer Vorw\u00fcrfe.\",\"breadcrumb\":{\"@id\":\"https:\\\/\\\/www.thebestsocial.media\\\/de\\\/rassistisch-bahlsen-lenkt-ein-und-benennt-keks-sorte-afrika-um\\\/#breadcrumb\"},\"inLanguage\":\"de\",\"potentialAction\":[{\"@type\":\"ReadAction\",\"target\":[\"https:\\\/\\\/www.thebestsocial.media\\\/de\\\/rassistisch-bahlsen-lenkt-ein-und-benennt-keks-sorte-afrika-um\\\/\"]}]},{\"@type\":\"ImageObject\",\"inLanguage\":\"de\",\"@id\":\"https:\\\/\\\/www.thebestsocial.media\\\/de\\\/rassistisch-bahlsen-lenkt-ein-und-benennt-keks-sorte-afrika-um\\\/#primaryimage\",\"url\":\"https:\\\/\\\/www.thebestsocial.media\\\/de\\\/wp-content\\\/uploads\\\/sites\\\/3\\\/2020\\\/03\\\/keks-art.png\",\"contentUrl\":\"https:\\\/\\\/www.thebestsocial.media\\\/de\\\/wp-content\\\/uploads\\\/sites\\\/3\\\/2020\\\/03\\\/keks-art.png\",\"width\":1200,\"height\":628},{\"@type\":\"BreadcrumbList\",\"@id\":\"https:\\\/\\\/www.thebestsocial.media\\\/de\\\/rassistisch-bahlsen-lenkt-ein-und-benennt-keks-sorte-afrika-um\\\/#breadcrumb\",\"itemListElement\":[{\"@type\":\"ListItem\",\"position\":1,\"name\":\"Home\",\"item\":\"https:\\\/\\\/www.thebestsocial.media\\\/de\\\/\"},{\"@type\":\"ListItem\",\"position\":2,\"name\":\"Rassistisch? Bahlsen lenkt ein und benennt Keks-Sorte &#8222;Afrika&#8220; um\"}]},{\"@type\":\"WebSite\",\"@id\":\"https:\\\/\\\/www.thebestsocial.media\\\/de\\\/#website\",\"url\":\"https:\\\/\\\/www.thebestsocial.media\\\/de\\\/\",\"name\":\"The Best Social Media DE\",\"description\":\"\",\"potentialAction\":[{\"@type\":\"SearchAction\",\"target\":{\"@type\":\"EntryPoint\",\"urlTemplate\":\"https:\\\/\\\/www.thebestsocial.media\\\/de\\\/?s={search_term_string}\"},\"query-input\":{\"@type\":\"PropertyValueSpecification\",\"valueRequired\":true,\"valueName\":\"search_term_string\"}}],\"inLanguage\":\"de\"},{\"@type\":\"Person\",\"@id\":\"https:\\\/\\\/www.thebestsocial.media\\\/de\\\/#\\\/schema\\\/person\\\/03b8d8d2905b97b499c8e0808b724821\",\"name\":\"Jan\",\"image\":{\"@type\":\"ImageObject\",\"inLanguage\":\"de\",\"@id\":\"https:\\\/\\\/secure.gravatar.com\\\/avatar\\\/6977c5e4d81f2a717dcf76e5e74d7a00b583f3f83a2b00830dedfc799d928343?s=96&d=mm&r=g\",\"url\":\"https:\\\/\\\/secure.gravatar.com\\\/avatar\\\/6977c5e4d81f2a717dcf76e5e74d7a00b583f3f83a2b00830dedfc799d928343?s=96&d=mm&r=g\",\"contentUrl\":\"https:\\\/\\\/secure.gravatar.com\\\/avatar\\\/6977c5e4d81f2a717dcf76e5e74d7a00b583f3f83a2b00830dedfc799d928343?s=96&d=mm&r=g\",\"caption\":\"Jan\"},\"description\":\"Wohnt in M\u00fcnchen, hat aber bis heute keine Ahnung, wie er dort gelandet ist. W\u00fcnscht sich manchmal eine dritte Stimme im Kopf, die ihn davon abh\u00e4lt, auszusprechen, was er gerade denkt. Mag Sport und jeden Kartoffelchip einzeln zu essen. Hasst es, sich auf neue Duschen einstellen zu m\u00fcssen. In einer Beziehung mit Social Media \u2013 aber es ist kompliziert.\",\"url\":\"https:\\\/\\\/www.thebestsocial.media\\\/de\\\/author\\\/janhorstkoetter\\\/\"}]}<\/script>\n<!-- \/ Yoast SEO plugin. -->","yoast_head_json":{"title":"Bahlsen bennent Kekssorte \"Afrika\" um - The Best Social Media DE","description":"Ein Bahlsen-Post sorgte k\u00fcrzliche f\u00fcr verdammt viel Aufregung im Netz. Das Unternehmen \u00e4ndert den Produkt-Namen \"Afrika\" - wegen rassistischer Vorw\u00fcrfe.","robots":{"index":"index","follow":"follow","max-snippet":"max-snippet:-1","max-image-preview":"max-image-preview:large","max-video-preview":"max-video-preview:-1"},"canonical":"https:\/\/www.thebestsocial.media\/de\/rassistisch-bahlsen-lenkt-ein-und-benennt-keks-sorte-afrika-um\/","og_locale":"de_DE","og_type":"article","og_title":"Rassistisch? Bahlsen lenkt ein und benennt Keks-Sorte \"Afrika\" um","og_description":"Ein Bahlsen-Post sorgte k\u00fcrzliche f\u00fcr verdammt viel Aufregung im Netz. Das Unternehmen \u00e4ndert den Produkt-Namen \"Afrika\" - wegen rassistischer Vorw\u00fcrfe.","og_url":"https:\/\/www.thebestsocial.media\/de\/rassistisch-bahlsen-lenkt-ein-und-benennt-keks-sorte-afrika-um\/","og_site_name":"The Best Social Media DE","article_published_time":"2020-03-10T14:52:04+00:00","article_modified_time":"2020-03-10T14:52:33+00:00","og_image":[{"width":1200,"height":628,"url":"https:\/\/www.thebestsocial.media\/de\/wp-content\/uploads\/sites\/3\/2020\/03\/Bahlsen-FB.png","type":"image\/png"}],"author":"Jan","twitter_card":"summary_large_image","twitter_misc":{"Verfasst von":"Jan","Gesch\u00e4tzte Lesezeit":"1\u00a0Minute"},"schema":{"@context":"https:\/\/schema.org","@graph":[{"@type":"Article","@id":"https:\/\/www.thebestsocial.media\/de\/rassistisch-bahlsen-lenkt-ein-und-benennt-keks-sorte-afrika-um\/#article","isPartOf":{"@id":"https:\/\/www.thebestsocial.media\/de\/rassistisch-bahlsen-lenkt-ein-und-benennt-keks-sorte-afrika-um\/"},"author":{"name":"Jan","@id":"https:\/\/www.thebestsocial.media\/de\/#\/schema\/person\/03b8d8d2905b97b499c8e0808b724821"},"headline":"Rassistisch? Bahlsen lenkt ein und benennt Keks-Sorte &#8222;Afrika&#8220; um","datePublished":"2020-03-10T14:52:04+00:00","dateModified":"2020-03-10T14:52:33+00:00","mainEntityOfPage":{"@id":"https:\/\/www.thebestsocial.media\/de\/rassistisch-bahlsen-lenkt-ein-und-benennt-keks-sorte-afrika-um\/"},"wordCount":243,"commentCount":0,"image":{"@id":"https:\/\/www.thebestsocial.media\/de\/rassistisch-bahlsen-lenkt-ein-und-benennt-keks-sorte-afrika-um\/#primaryimage"},"thumbnailUrl":"https:\/\/www.thebestsocial.media\/de\/wp-content\/uploads\/sites\/3\/2020\/03\/keks-art.png","keywords":["Afrika","bahlsen","instagram","Rassismus","shitstorm","Vorwurf"],"articleSection":["Community"],"inLanguage":"de","potentialAction":[{"@type":"CommentAction","name":"Comment","target":["https:\/\/www.thebestsocial.media\/de\/rassistisch-bahlsen-lenkt-ein-und-benennt-keks-sorte-afrika-um\/#respond"]}]},{"@type":"WebPage","@id":"https:\/\/www.thebestsocial.media\/de\/rassistisch-bahlsen-lenkt-ein-und-benennt-keks-sorte-afrika-um\/","url":"https:\/\/www.thebestsocial.media\/de\/rassistisch-bahlsen-lenkt-ein-und-benennt-keks-sorte-afrika-um\/","name":"Bahlsen bennent Kekssorte \"Afrika\" um - The Best Social Media DE","isPartOf":{"@id":"https:\/\/www.thebestsocial.media\/de\/#website"},"primaryImageOfPage":{"@id":"https:\/\/www.thebestsocial.media\/de\/rassistisch-bahlsen-lenkt-ein-und-benennt-keks-sorte-afrika-um\/#primaryimage"},"image":{"@id":"https:\/\/www.thebestsocial.media\/de\/rassistisch-bahlsen-lenkt-ein-und-benennt-keks-sorte-afrika-um\/#primaryimage"},"thumbnailUrl":"https:\/\/www.thebestsocial.media\/de\/wp-content\/uploads\/sites\/3\/2020\/03\/keks-art.png","datePublished":"2020-03-10T14:52:04+00:00","dateModified":"2020-03-10T14:52:33+00:00","author":{"@id":"https:\/\/www.thebestsocial.media\/de\/#\/schema\/person\/03b8d8d2905b97b499c8e0808b724821"},"description":"Ein Bahlsen-Post sorgte k\u00fcrzliche f\u00fcr verdammt viel Aufregung im Netz. Das Unternehmen \u00e4ndert den Produkt-Namen \"Afrika\" - wegen rassistischer Vorw\u00fcrfe.","breadcrumb":{"@id":"https:\/\/www.thebestsocial.media\/de\/rassistisch-bahlsen-lenkt-ein-und-benennt-keks-sorte-afrika-um\/#breadcrumb"},"inLanguage":"de","potentialAction":[{"@type":"ReadAction","target":["https:\/\/www.thebestsocial.media\/de\/rassistisch-bahlsen-lenkt-ein-und-benennt-keks-sorte-afrika-um\/"]}]},{"@type":"ImageObject","inLanguage":"de","@id":"https:\/\/www.thebestsocial.media\/de\/rassistisch-bahlsen-lenkt-ein-und-benennt-keks-sorte-afrika-um\/#primaryimage","url":"https:\/\/www.thebestsocial.media\/de\/wp-content\/uploads\/sites\/3\/2020\/03\/keks-art.png","contentUrl":"https:\/\/www.thebestsocial.media\/de\/wp-content\/uploads\/sites\/3\/2020\/03\/keks-art.png","width":1200,"height":628},{"@type":"BreadcrumbList","@id":"https:\/\/www.thebestsocial.media\/de\/rassistisch-bahlsen-lenkt-ein-und-benennt-keks-sorte-afrika-um\/#breadcrumb","itemListElement":[{"@type":"ListItem","position":1,"name":"Home","item":"https:\/\/www.thebestsocial.media\/de\/"},{"@type":"ListItem","position":2,"name":"Rassistisch? Bahlsen lenkt ein und benennt Keks-Sorte &#8222;Afrika&#8220; um"}]},{"@type":"WebSite","@id":"https:\/\/www.thebestsocial.media\/de\/#website","url":"https:\/\/www.thebestsocial.media\/de\/","name":"The Best Social Media DE","description":"","potentialAction":[{"@type":"SearchAction","target":{"@type":"EntryPoint","urlTemplate":"https:\/\/www.thebestsocial.media\/de\/?s={search_term_string}"},"query-input":{"@type":"PropertyValueSpecification","valueRequired":true,"valueName":"search_term_string"}}],"inLanguage":"de"},{"@type":"Person","@id":"https:\/\/www.thebestsocial.media\/de\/#\/schema\/person\/03b8d8d2905b97b499c8e0808b724821","name":"Jan","image":{"@type":"ImageObject","inLanguage":"de","@id":"https:\/\/secure.gravatar.com\/avatar\/6977c5e4d81f2a717dcf76e5e74d7a00b583f3f83a2b00830dedfc799d928343?s=96&d=mm&r=g","url":"https:\/\/secure.gravatar.com\/avatar\/6977c5e4d81f2a717dcf76e5e74d7a00b583f3f83a2b00830dedfc799d928343?s=96&d=mm&r=g","contentUrl":"https:\/\/secure.gravatar.com\/avatar\/6977c5e4d81f2a717dcf76e5e74d7a00b583f3f83a2b00830dedfc799d928343?s=96&d=mm&r=g","caption":"Jan"},"description":"Wohnt in M\u00fcnchen, hat aber bis heute keine Ahnung, wie er dort gelandet ist. W\u00fcnscht sich manchmal eine dritte Stimme im Kopf, die ihn davon abh\u00e4lt, auszusprechen, was er gerade denkt. Mag Sport und jeden Kartoffelchip einzeln zu essen. Hasst es, sich auf neue Duschen einstellen zu m\u00fcssen. In einer Beziehung mit Social Media \u2013 aber es ist kompliziert.","url":"https:\/\/www.thebestsocial.media\/de\/author\/janhorstkoetter\/"}]}},"amp_enabled":true,"_links":{"self":[{"href":"https:\/\/www.thebestsocial.media\/de\/wp-json\/wp\/v2\/posts\/119219","targetHints":{"allow":["GET"]}}],"collection":[{"href":"https:\/\/www.thebestsocial.media\/de\/wp-json\/wp\/v2\/posts"}],"about":[{"href":"https:\/\/www.thebestsocial.media\/de\/wp-json\/wp\/v2\/types\/post"}],"author":[{"embeddable":true,"href":"https:\/\/www.thebestsocial.media\/de\/wp-json\/wp\/v2\/users\/65"}],"replies":[{"embeddable":true,"href":"https:\/\/www.thebestsocial.media\/de\/wp-json\/wp\/v2\/comments?post=119219"}],"version-history":[{"count":11,"href":"https:\/\/www.thebestsocial.media\/de\/wp-json\/wp\/v2\/posts\/119219\/revisions"}],"predecessor-version":[{"id":119245,"href":"https:\/\/www.thebestsocial.media\/de\/wp-json\/wp\/v2\/posts\/119219\/revisions\/119245"}],"wp:featuredmedia":[{"embeddable":true,"href":"https:\/\/www.thebestsocial.media\/de\/wp-json\/wp\/v2\/media\/119235"}],"wp:attachment":[{"href":"https:\/\/www.thebestsocial.media\/de\/wp-json\/wp\/v2\/media?parent=119219"}],"wp:term":[{"taxonomy":"category","embeddable":true,"href":"https:\/\/www.thebestsocial.media\/de\/wp-json\/wp\/v2\/categories?post=119219"},{"taxonomy":"post_tag","embeddable":true,"href":"https:\/\/www.thebestsocial.media\/de\/wp-json\/wp\/v2\/tags?post=119219"}],"curies":[{"name":"wp","href":"https:\/\/api.w.org\/{rel}","templated":true}]}}