{"id":119165,"date":"2020-03-10T09:31:23","date_gmt":"2020-03-10T09:31:23","guid":{"rendered":"https:\/\/www.thebestsocial.media\/de\/?p=119165"},"modified":"2020-03-10T09:41:00","modified_gmt":"2020-03-10T09:41:00","slug":"das-coachella-festival-kontert-elon-musk-und-schlaegt-ihn-mit-seinen-eigenen-waffen","status":"publish","type":"post","link":"https:\/\/www.thebestsocial.media\/de\/das-coachella-festival-kontert-elon-musk-und-schlaegt-ihn-mit-seinen-eigenen-waffen\/","title":{"rendered":"Das Coachella Festival kontert Elon Musk und schl\u00e4gt ihn mit seinen eigenen Waffen"},"content":{"rendered":"<p><a href=\"https:\/\/twitter.com\/elonmusk\" rel=\"noopener noreferrer\" target=\"_blank\">Elon Musk<\/a>. Vision\u00e4r. Milliard\u00e4r. Unternehmer. PayPal, SpaceX und vor allem die Elektroauto-Firma Tesla \u2026 \u00fcberall hat Musk seine Finger mit drin. Aus manchen Dingen sollte er sie aber lieber raushalten.<br \/>\nF\u00fcr eine deutliche Kritik am Musikfestival Coachella kassierte Musk nun einen genialen Konter. Das gab er im Anschluss auch selbst zu.<br \/>\n&nbsp;<\/p>\n<h3>1. In einem Tweet schrieb Musk: &#8222;Coachella sollte sich selbst solange verschieben, bis es aufh\u00f6rt, schei\u00dfe zu sein.&#8220;<\/h3>\n<p>Das Coachella Festival wurde gerade tats\u00e4chlich wegen des <a href=\"https:\/\/noizz.de\/news\/das-coachella-festival-muss-wegen-des-coronavirus-auf-oktober-verschoben-werden\/dvck4jv\">Corona Virus verschoben<\/a>.<\/p>\n<div class=\"dbsm-oembed\">\n<blockquote class=\"twitter-tweet\" data-width=\"500\" data-dnt=\"true\">\n<p lang=\"en\" dir=\"ltr\">Coachella should postpone itself until it stops sucking<\/p>\n<p>&mdash; Elon Musk (@elonmusk) <a href=\"https:\/\/twitter.com\/elonmusk\/status\/1237230252939776000?ref_src=twsrc%5Etfw\">March 10, 2020<\/a><\/p><\/blockquote>\n<p><script async src=\"https:\/\/platform.twitter.com\/widgets.js\" charset=\"utf-8\"><\/script><\/div>\n<p>&nbsp;<\/p>\n<h3>2. Soweit seine Meinung. Doch Musk legte noch einen drauf.<br \/>\nSo w\u00fcrde zu viel Sponsoring von Unternehmen die Stimmung zerst\u00f6ren. Vor f\u00fcnf oder sechs Jahren sei das Festival noch gut gewesen als man gro\u00dfartige unbekannte Bands entdecken konnte.<\/h3>\n<div class=\"dbsm-oembed\">\n<blockquote class=\"twitter-tweet\" data-width=\"500\" data-dnt=\"true\">\n<p lang=\"en\" dir=\"ltr\">Was good maybe 5 or 6 years ago when you could wonder around &amp; find great unknown bands<\/p>\n<p>&mdash; Elon Musk (@elonmusk) <a href=\"https:\/\/twitter.com\/elonmusk\/status\/1237233324445315073?ref_src=twsrc%5Etfw\">March 10, 2020<\/a><\/p><\/blockquote>\n<p><script async src=\"https:\/\/platform.twitter.com\/widgets.js\" charset=\"utf-8\"><\/script><\/div>\n<p>&nbsp;<\/p>\n<h3>3. Ah ja, wenn das mal nicht nach hinten losgeht.<br \/>\nDie Antwort lie\u00df auch nicht lange auf sich warten. Mit einem Bild von Jaden Smith&#8216; Coachella-Auftritt 2019 und einem einfachen &#8222;lol&#8220; kommentierte das Festival den Musk-Tweet. Der Sohn von Will Smith wurde damals auf einem TESLA in die H\u00f6he gezogen.<\/h3>\n<blockquote class=\"twitter-tweet\" data-conversation=\"none\">\n<p lang=\"und\" dir=\"ltr\">lol <a href=\"https:\/\/t.co\/t3f18vDYqq\">pic.twitter.com\/t3f18vDYqq<\/a><\/p>\n<p>&mdash; Coachella (@coachella) <a href=\"https:\/\/twitter.com\/coachella\/status\/1237239537379598337?ref_src=twsrc%5Etfw\">March 10, 2020<\/a><\/p><\/blockquote>\n<p> <script async src=\"https:\/\/platform.twitter.com\/widgets.js\" charset=\"utf-8\"><\/script><\/p>\n<div class=\"dbsm-oembed\">\n<blockquote class=\"twitter-tweet\" data-width=\"500\" data-dnt=\"true\">\n<p lang=\"en\" dir=\"ltr\">love u @officialjaden killed it bro very very Fly performance <a href=\"https:\/\/twitter.com\/coachella?ref_src=twsrc%5Etfw\">@coachella<\/a> <a href=\"https:\/\/t.co\/TxAswofLQJ\">pic.twitter.com\/TxAswofLQJ<\/a><\/p>\n<p>&mdash; dylAn (@itndylAn) <a href=\"https:\/\/twitter.com\/itndylAn\/status\/1116899675066343425?ref_src=twsrc%5Etfw\">April 13, 2019<\/a><\/p><\/blockquote>\n<p><script async src=\"https:\/\/platform.twitter.com\/widgets.js\" charset=\"utf-8\"><\/script><\/div>\n<p>https:\/\/twitter.com\/PreciseEarz_\/status\/1117320790372909056<br \/>\n&nbsp;<\/p>\n<h3>4. Tesla. Also Elon Musks Firma! Auch der Multi-Milliard\u00e4r muss anerkennen: Starker Konter!<\/h3>\n<blockquote class=\"twitter-tweet\" data-conversation=\"none\">\n<p lang=\"en\" dir=\"ltr\">Ok fine, that was good haha<\/p>\n<p>&mdash; Elon Musk (@elonmusk) <a href=\"https:\/\/twitter.com\/elonmusk\/status\/1237240440178475008?ref_src=twsrc%5Etfw\">March 10, 2020<\/a><\/p><\/blockquote>\n<p> <script async src=\"https:\/\/platform.twitter.com\/widgets.js\" charset=\"utf-8\"><\/script><br \/>\n&nbsp;<\/p>\n<h3>5. Und wie sehen die anderen User Musks Tweet?<br \/>\nEr habe zwar Recht, aber muss er das unbedingt sagen?<\/h3>\n<blockquote class=\"twitter-tweet\" data-conversation=\"none\">\n<p lang=\"und\" dir=\"ltr\"> <a href=\"https:\/\/t.co\/aM9ZkwPHCG\">pic.twitter.com\/aM9ZkwPHCG<\/a><\/p>\n<p>&mdash; Stephen A. Smith Burner (@SASBurnerAcct) <a href=\"https:\/\/twitter.com\/SASBurnerAcct\/status\/1237231102902915072?ref_src=twsrc%5Etfw\">March 10, 2020<\/a><\/p><\/blockquote>\n<p> <script async src=\"https:\/\/platform.twitter.com\/widgets.js\" charset=\"utf-8\"><\/script><br \/>\n&nbsp;<\/p>\n<h3>6. Oder wollte Elon Musk einfach nur auch mal auf dem Coachella auftreten?<\/h3>\n<blockquote class=\"twitter-tweet\" data-conversation=\"none\">\n<p lang=\"en\" dir=\"ltr\">If they didn\u2019t invite this years EDM breakthrough artist Elon Musk it\u2019s not a real festival anyway<\/p>\n<p>&mdash; Leon Lush (@LeonLush) <a href=\"https:\/\/twitter.com\/LeonLush\/status\/1237233843788283904?ref_src=twsrc%5Etfw\">March 10, 2020<\/a><\/p><\/blockquote>\n<p> <script async src=\"https:\/\/platform.twitter.com\/widgets.js\" charset=\"utf-8\"><\/script><br \/>\n&nbsp;<\/p>\n<h3>7. Denn wir wissen ja alle, dass EDM nicht f\u00fcr &#8222;Electronic Dance Music&#8220; steht:<\/h3>\n<blockquote class=\"twitter-tweet\" data-conversation=\"none\">\n<p lang=\"en\" dir=\"ltr\">EDM stands for Elon Da Musk<\/p>\n<p>&mdash; FullChicken (@FullChicken_) <a href=\"https:\/\/twitter.com\/FullChicken_\/status\/1237234239336300544?ref_src=twsrc%5Etfw\">March 10, 2020<\/a><\/p><\/blockquote>\n<p> <script async src=\"https:\/\/platform.twitter.com\/widgets.js\" charset=\"utf-8\"><\/script> <\/p>\n<p>\u2014\u2014<br \/>\nDanke f\u00fcr die Postings! \u2764\ufe0f<br \/>\n\u2014\u2014<br \/>\n<strong>Keine Influencer! Kein Foodporn! Nur ganz viel Spa\u00df &#8211; bei uns auf Instagram:<\/strong><br \/>\nhttps:\/\/www.instagram.com\/p\/B9hWUYdnTb3\/<\/p>\n","protected":false},"excerpt":{"rendered":"<p>Elon Musk. Vision\u00e4r. Milliard\u00e4r. Unternehmer. PayPal, SpaceX und vor allem die Elektroauto-Firma Tesla \u2026 \u00fcberall hat Musk seine Finger mit drin. Aus manchen Dingen sollte&#8230;<\/p>\n","protected":false},"author":65,"featured_media":119173,"comment_status":"open","ping_status":"open","sticky":false,"template":"","format":"standard","meta":{"_acf_changed":false,"footnotes":""},"categories":[1],"tags":[2653,3842,702,1939,3843,58],"class_list":["post-119165","post","type-post","status-publish","format-standard","has-post-thumbnail","hentry","category-uncategorized","tag-coachella","tag-elon-musk","tag-festival","tag-konter","tag-tesla","tag-twitter"],"acf":[],"yoast_head":"<!-- This site is optimized with the Yoast SEO plugin v27.4 - https:\/\/yoast.com\/product\/yoast-seo-wordpress\/ -->\n<title>Coachella Festival kontert Elon Musk - The Best Social Media DE<\/title>\n<meta name=\"description\" content=\"F\u00fcr eine deutliche Kritik am Musikfestival Coachella kassierte Elon Musk nun einen genialen Konter. Das gab er im Anschluss auch selbst zu.\" \/>\n<meta name=\"robots\" content=\"index, follow, max-snippet:-1, max-image-preview:large, max-video-preview:-1\" \/>\n<link rel=\"canonical\" href=\"https:\/\/www.thebestsocial.media\/de\/das-coachella-festival-kontert-elon-musk-und-schlaegt-ihn-mit-seinen-eigenen-waffen\/\" \/>\n<meta property=\"og:locale\" content=\"de_DE\" \/>\n<meta property=\"og:type\" content=\"article\" \/>\n<meta property=\"og:title\" content=\"Das Coachella Festival kontert Elon Musk und schl\u00e4gt ihn mit seinen eigenen Waffen\" \/>\n<meta property=\"og:description\" content=\"F\u00fcr eine deutliche Kritik am Musikfestival Coachella kassierte Elon Musk nun einen genialen Konter. Das gab er im Anschluss auch selbst zu.\" \/>\n<meta property=\"og:url\" content=\"https:\/\/www.thebestsocial.media\/de\/das-coachella-festival-kontert-elon-musk-und-schlaegt-ihn-mit-seinen-eigenen-waffen\/\" \/>\n<meta property=\"og:site_name\" content=\"The Best Social Media DE\" \/>\n<meta property=\"article:published_time\" content=\"2020-03-10T09:31:23+00:00\" \/>\n<meta property=\"article:modified_time\" content=\"2020-03-10T09:41:00+00:00\" \/>\n<meta property=\"og:image\" content=\"https:\/\/www.thebestsocial.media\/de\/wp-content\/uploads\/sites\/3\/2020\/03\/Caochi-neu.png\" \/>\n\t<meta property=\"og:image:width\" content=\"1200\" \/>\n\t<meta property=\"og:image:height\" content=\"628\" \/>\n\t<meta property=\"og:image:type\" content=\"image\/png\" \/>\n<meta name=\"author\" content=\"Jan\" \/>\n<meta name=\"twitter:card\" content=\"summary_large_image\" \/>\n<meta name=\"twitter:label1\" content=\"Verfasst von\" \/>\n\t<meta name=\"twitter:data1\" content=\"Jan\" \/>\n\t<meta name=\"twitter:label2\" content=\"Gesch\u00e4tzte Lesezeit\" \/>\n\t<meta name=\"twitter:data2\" content=\"2\u00a0Minuten\" \/>\n<script type=\"application\/ld+json\" class=\"yoast-schema-graph\">{\"@context\":\"https:\\\/\\\/schema.org\",\"@graph\":[{\"@type\":\"Article\",\"@id\":\"https:\\\/\\\/www.thebestsocial.media\\\/de\\\/das-coachella-festival-kontert-elon-musk-und-schlaegt-ihn-mit-seinen-eigenen-waffen\\\/#article\",\"isPartOf\":{\"@id\":\"https:\\\/\\\/www.thebestsocial.media\\\/de\\\/das-coachella-festival-kontert-elon-musk-und-schlaegt-ihn-mit-seinen-eigenen-waffen\\\/\"},\"author\":{\"name\":\"Jan\",\"@id\":\"https:\\\/\\\/www.thebestsocial.media\\\/de\\\/#\\\/schema\\\/person\\\/03b8d8d2905b97b499c8e0808b724821\"},\"headline\":\"Das Coachella Festival kontert Elon Musk und schl\u00e4gt ihn mit seinen eigenen Waffen\",\"datePublished\":\"2020-03-10T09:31:23+00:00\",\"dateModified\":\"2020-03-10T09:41:00+00:00\",\"mainEntityOfPage\":{\"@id\":\"https:\\\/\\\/www.thebestsocial.media\\\/de\\\/das-coachella-festival-kontert-elon-musk-und-schlaegt-ihn-mit-seinen-eigenen-waffen\\\/\"},\"wordCount\":365,\"commentCount\":0,\"image\":{\"@id\":\"https:\\\/\\\/www.thebestsocial.media\\\/de\\\/das-coachella-festival-kontert-elon-musk-und-schlaegt-ihn-mit-seinen-eigenen-waffen\\\/#primaryimage\"},\"thumbnailUrl\":\"https:\\\/\\\/www.thebestsocial.media\\\/de\\\/wp-content\\\/uploads\\\/sites\\\/3\\\/2020\\\/03\\\/musk-art.png\",\"keywords\":[\"coachella\",\"Elon Musk\",\"Festival\",\"Konter\",\"Tesla\",\"twitter\"],\"articleSection\":[\"Uncategorized\"],\"inLanguage\":\"de\",\"potentialAction\":[{\"@type\":\"CommentAction\",\"name\":\"Comment\",\"target\":[\"https:\\\/\\\/www.thebestsocial.media\\\/de\\\/das-coachella-festival-kontert-elon-musk-und-schlaegt-ihn-mit-seinen-eigenen-waffen\\\/#respond\"]}]},{\"@type\":\"WebPage\",\"@id\":\"https:\\\/\\\/www.thebestsocial.media\\\/de\\\/das-coachella-festival-kontert-elon-musk-und-schlaegt-ihn-mit-seinen-eigenen-waffen\\\/\",\"url\":\"https:\\\/\\\/www.thebestsocial.media\\\/de\\\/das-coachella-festival-kontert-elon-musk-und-schlaegt-ihn-mit-seinen-eigenen-waffen\\\/\",\"name\":\"Coachella Festival kontert Elon Musk - The Best Social Media DE\",\"isPartOf\":{\"@id\":\"https:\\\/\\\/www.thebestsocial.media\\\/de\\\/#website\"},\"primaryImageOfPage\":{\"@id\":\"https:\\\/\\\/www.thebestsocial.media\\\/de\\\/das-coachella-festival-kontert-elon-musk-und-schlaegt-ihn-mit-seinen-eigenen-waffen\\\/#primaryimage\"},\"image\":{\"@id\":\"https:\\\/\\\/www.thebestsocial.media\\\/de\\\/das-coachella-festival-kontert-elon-musk-und-schlaegt-ihn-mit-seinen-eigenen-waffen\\\/#primaryimage\"},\"thumbnailUrl\":\"https:\\\/\\\/www.thebestsocial.media\\\/de\\\/wp-content\\\/uploads\\\/sites\\\/3\\\/2020\\\/03\\\/musk-art.png\",\"datePublished\":\"2020-03-10T09:31:23+00:00\",\"dateModified\":\"2020-03-10T09:41:00+00:00\",\"author\":{\"@id\":\"https:\\\/\\\/www.thebestsocial.media\\\/de\\\/#\\\/schema\\\/person\\\/03b8d8d2905b97b499c8e0808b724821\"},\"description\":\"F\u00fcr eine deutliche Kritik am Musikfestival Coachella kassierte Elon Musk nun einen genialen Konter. Das gab er im Anschluss auch selbst zu.\",\"breadcrumb\":{\"@id\":\"https:\\\/\\\/www.thebestsocial.media\\\/de\\\/das-coachella-festival-kontert-elon-musk-und-schlaegt-ihn-mit-seinen-eigenen-waffen\\\/#breadcrumb\"},\"inLanguage\":\"de\",\"potentialAction\":[{\"@type\":\"ReadAction\",\"target\":[\"https:\\\/\\\/www.thebestsocial.media\\\/de\\\/das-coachella-festival-kontert-elon-musk-und-schlaegt-ihn-mit-seinen-eigenen-waffen\\\/\"]}]},{\"@type\":\"ImageObject\",\"inLanguage\":\"de\",\"@id\":\"https:\\\/\\\/www.thebestsocial.media\\\/de\\\/das-coachella-festival-kontert-elon-musk-und-schlaegt-ihn-mit-seinen-eigenen-waffen\\\/#primaryimage\",\"url\":\"https:\\\/\\\/www.thebestsocial.media\\\/de\\\/wp-content\\\/uploads\\\/sites\\\/3\\\/2020\\\/03\\\/musk-art.png\",\"contentUrl\":\"https:\\\/\\\/www.thebestsocial.media\\\/de\\\/wp-content\\\/uploads\\\/sites\\\/3\\\/2020\\\/03\\\/musk-art.png\",\"width\":1200,\"height\":628},{\"@type\":\"BreadcrumbList\",\"@id\":\"https:\\\/\\\/www.thebestsocial.media\\\/de\\\/das-coachella-festival-kontert-elon-musk-und-schlaegt-ihn-mit-seinen-eigenen-waffen\\\/#breadcrumb\",\"itemListElement\":[{\"@type\":\"ListItem\",\"position\":1,\"name\":\"Home\",\"item\":\"https:\\\/\\\/www.thebestsocial.media\\\/de\\\/\"},{\"@type\":\"ListItem\",\"position\":2,\"name\":\"Das Coachella Festival kontert Elon Musk und schl\u00e4gt ihn mit seinen eigenen Waffen\"}]},{\"@type\":\"WebSite\",\"@id\":\"https:\\\/\\\/www.thebestsocial.media\\\/de\\\/#website\",\"url\":\"https:\\\/\\\/www.thebestsocial.media\\\/de\\\/\",\"name\":\"The Best Social Media DE\",\"description\":\"\",\"potentialAction\":[{\"@type\":\"SearchAction\",\"target\":{\"@type\":\"EntryPoint\",\"urlTemplate\":\"https:\\\/\\\/www.thebestsocial.media\\\/de\\\/?s={search_term_string}\"},\"query-input\":{\"@type\":\"PropertyValueSpecification\",\"valueRequired\":true,\"valueName\":\"search_term_string\"}}],\"inLanguage\":\"de\"},{\"@type\":\"Person\",\"@id\":\"https:\\\/\\\/www.thebestsocial.media\\\/de\\\/#\\\/schema\\\/person\\\/03b8d8d2905b97b499c8e0808b724821\",\"name\":\"Jan\",\"image\":{\"@type\":\"ImageObject\",\"inLanguage\":\"de\",\"@id\":\"https:\\\/\\\/secure.gravatar.com\\\/avatar\\\/6977c5e4d81f2a717dcf76e5e74d7a00b583f3f83a2b00830dedfc799d928343?s=96&d=mm&r=g\",\"url\":\"https:\\\/\\\/secure.gravatar.com\\\/avatar\\\/6977c5e4d81f2a717dcf76e5e74d7a00b583f3f83a2b00830dedfc799d928343?s=96&d=mm&r=g\",\"contentUrl\":\"https:\\\/\\\/secure.gravatar.com\\\/avatar\\\/6977c5e4d81f2a717dcf76e5e74d7a00b583f3f83a2b00830dedfc799d928343?s=96&d=mm&r=g\",\"caption\":\"Jan\"},\"description\":\"Wohnt in M\u00fcnchen, hat aber bis heute keine Ahnung, wie er dort gelandet ist. W\u00fcnscht sich manchmal eine dritte Stimme im Kopf, die ihn davon abh\u00e4lt, auszusprechen, was er gerade denkt. Mag Sport und jeden Kartoffelchip einzeln zu essen. Hasst es, sich auf neue Duschen einstellen zu m\u00fcssen. In einer Beziehung mit Social Media \u2013 aber es ist kompliziert.\",\"url\":\"https:\\\/\\\/www.thebestsocial.media\\\/de\\\/author\\\/janhorstkoetter\\\/\"}]}<\/script>\n<!-- \/ Yoast SEO plugin. -->","yoast_head_json":{"title":"Coachella Festival kontert Elon Musk - The Best Social Media DE","description":"F\u00fcr eine deutliche Kritik am Musikfestival Coachella kassierte Elon Musk nun einen genialen Konter. Das gab er im Anschluss auch selbst zu.","robots":{"index":"index","follow":"follow","max-snippet":"max-snippet:-1","max-image-preview":"max-image-preview:large","max-video-preview":"max-video-preview:-1"},"canonical":"https:\/\/www.thebestsocial.media\/de\/das-coachella-festival-kontert-elon-musk-und-schlaegt-ihn-mit-seinen-eigenen-waffen\/","og_locale":"de_DE","og_type":"article","og_title":"Das Coachella Festival kontert Elon Musk und schl\u00e4gt ihn mit seinen eigenen Waffen","og_description":"F\u00fcr eine deutliche Kritik am Musikfestival Coachella kassierte Elon Musk nun einen genialen Konter. Das gab er im Anschluss auch selbst zu.","og_url":"https:\/\/www.thebestsocial.media\/de\/das-coachella-festival-kontert-elon-musk-und-schlaegt-ihn-mit-seinen-eigenen-waffen\/","og_site_name":"The Best Social Media DE","article_published_time":"2020-03-10T09:31:23+00:00","article_modified_time":"2020-03-10T09:41:00+00:00","og_image":[{"width":1200,"height":628,"url":"https:\/\/www.thebestsocial.media\/de\/wp-content\/uploads\/sites\/3\/2020\/03\/Caochi-neu.png","type":"image\/png"}],"author":"Jan","twitter_card":"summary_large_image","twitter_misc":{"Verfasst von":"Jan","Gesch\u00e4tzte Lesezeit":"2\u00a0Minuten"},"schema":{"@context":"https:\/\/schema.org","@graph":[{"@type":"Article","@id":"https:\/\/www.thebestsocial.media\/de\/das-coachella-festival-kontert-elon-musk-und-schlaegt-ihn-mit-seinen-eigenen-waffen\/#article","isPartOf":{"@id":"https:\/\/www.thebestsocial.media\/de\/das-coachella-festival-kontert-elon-musk-und-schlaegt-ihn-mit-seinen-eigenen-waffen\/"},"author":{"name":"Jan","@id":"https:\/\/www.thebestsocial.media\/de\/#\/schema\/person\/03b8d8d2905b97b499c8e0808b724821"},"headline":"Das Coachella Festival kontert Elon Musk und schl\u00e4gt ihn mit seinen eigenen Waffen","datePublished":"2020-03-10T09:31:23+00:00","dateModified":"2020-03-10T09:41:00+00:00","mainEntityOfPage":{"@id":"https:\/\/www.thebestsocial.media\/de\/das-coachella-festival-kontert-elon-musk-und-schlaegt-ihn-mit-seinen-eigenen-waffen\/"},"wordCount":365,"commentCount":0,"image":{"@id":"https:\/\/www.thebestsocial.media\/de\/das-coachella-festival-kontert-elon-musk-und-schlaegt-ihn-mit-seinen-eigenen-waffen\/#primaryimage"},"thumbnailUrl":"https:\/\/www.thebestsocial.media\/de\/wp-content\/uploads\/sites\/3\/2020\/03\/musk-art.png","keywords":["coachella","Elon Musk","Festival","Konter","Tesla","twitter"],"articleSection":["Uncategorized"],"inLanguage":"de","potentialAction":[{"@type":"CommentAction","name":"Comment","target":["https:\/\/www.thebestsocial.media\/de\/das-coachella-festival-kontert-elon-musk-und-schlaegt-ihn-mit-seinen-eigenen-waffen\/#respond"]}]},{"@type":"WebPage","@id":"https:\/\/www.thebestsocial.media\/de\/das-coachella-festival-kontert-elon-musk-und-schlaegt-ihn-mit-seinen-eigenen-waffen\/","url":"https:\/\/www.thebestsocial.media\/de\/das-coachella-festival-kontert-elon-musk-und-schlaegt-ihn-mit-seinen-eigenen-waffen\/","name":"Coachella Festival kontert Elon Musk - The Best Social Media DE","isPartOf":{"@id":"https:\/\/www.thebestsocial.media\/de\/#website"},"primaryImageOfPage":{"@id":"https:\/\/www.thebestsocial.media\/de\/das-coachella-festival-kontert-elon-musk-und-schlaegt-ihn-mit-seinen-eigenen-waffen\/#primaryimage"},"image":{"@id":"https:\/\/www.thebestsocial.media\/de\/das-coachella-festival-kontert-elon-musk-und-schlaegt-ihn-mit-seinen-eigenen-waffen\/#primaryimage"},"thumbnailUrl":"https:\/\/www.thebestsocial.media\/de\/wp-content\/uploads\/sites\/3\/2020\/03\/musk-art.png","datePublished":"2020-03-10T09:31:23+00:00","dateModified":"2020-03-10T09:41:00+00:00","author":{"@id":"https:\/\/www.thebestsocial.media\/de\/#\/schema\/person\/03b8d8d2905b97b499c8e0808b724821"},"description":"F\u00fcr eine deutliche Kritik am Musikfestival Coachella kassierte Elon Musk nun einen genialen Konter. Das gab er im Anschluss auch selbst zu.","breadcrumb":{"@id":"https:\/\/www.thebestsocial.media\/de\/das-coachella-festival-kontert-elon-musk-und-schlaegt-ihn-mit-seinen-eigenen-waffen\/#breadcrumb"},"inLanguage":"de","potentialAction":[{"@type":"ReadAction","target":["https:\/\/www.thebestsocial.media\/de\/das-coachella-festival-kontert-elon-musk-und-schlaegt-ihn-mit-seinen-eigenen-waffen\/"]}]},{"@type":"ImageObject","inLanguage":"de","@id":"https:\/\/www.thebestsocial.media\/de\/das-coachella-festival-kontert-elon-musk-und-schlaegt-ihn-mit-seinen-eigenen-waffen\/#primaryimage","url":"https:\/\/www.thebestsocial.media\/de\/wp-content\/uploads\/sites\/3\/2020\/03\/musk-art.png","contentUrl":"https:\/\/www.thebestsocial.media\/de\/wp-content\/uploads\/sites\/3\/2020\/03\/musk-art.png","width":1200,"height":628},{"@type":"BreadcrumbList","@id":"https:\/\/www.thebestsocial.media\/de\/das-coachella-festival-kontert-elon-musk-und-schlaegt-ihn-mit-seinen-eigenen-waffen\/#breadcrumb","itemListElement":[{"@type":"ListItem","position":1,"name":"Home","item":"https:\/\/www.thebestsocial.media\/de\/"},{"@type":"ListItem","position":2,"name":"Das Coachella Festival kontert Elon Musk und schl\u00e4gt ihn mit seinen eigenen Waffen"}]},{"@type":"WebSite","@id":"https:\/\/www.thebestsocial.media\/de\/#website","url":"https:\/\/www.thebestsocial.media\/de\/","name":"The Best Social Media DE","description":"","potentialAction":[{"@type":"SearchAction","target":{"@type":"EntryPoint","urlTemplate":"https:\/\/www.thebestsocial.media\/de\/?s={search_term_string}"},"query-input":{"@type":"PropertyValueSpecification","valueRequired":true,"valueName":"search_term_string"}}],"inLanguage":"de"},{"@type":"Person","@id":"https:\/\/www.thebestsocial.media\/de\/#\/schema\/person\/03b8d8d2905b97b499c8e0808b724821","name":"Jan","image":{"@type":"ImageObject","inLanguage":"de","@id":"https:\/\/secure.gravatar.com\/avatar\/6977c5e4d81f2a717dcf76e5e74d7a00b583f3f83a2b00830dedfc799d928343?s=96&d=mm&r=g","url":"https:\/\/secure.gravatar.com\/avatar\/6977c5e4d81f2a717dcf76e5e74d7a00b583f3f83a2b00830dedfc799d928343?s=96&d=mm&r=g","contentUrl":"https:\/\/secure.gravatar.com\/avatar\/6977c5e4d81f2a717dcf76e5e74d7a00b583f3f83a2b00830dedfc799d928343?s=96&d=mm&r=g","caption":"Jan"},"description":"Wohnt in M\u00fcnchen, hat aber bis heute keine Ahnung, wie er dort gelandet ist. W\u00fcnscht sich manchmal eine dritte Stimme im Kopf, die ihn davon abh\u00e4lt, auszusprechen, was er gerade denkt. Mag Sport und jeden Kartoffelchip einzeln zu essen. Hasst es, sich auf neue Duschen einstellen zu m\u00fcssen. In einer Beziehung mit Social Media \u2013 aber es ist kompliziert.","url":"https:\/\/www.thebestsocial.media\/de\/author\/janhorstkoetter\/"}]}},"amp_enabled":true,"_links":{"self":[{"href":"https:\/\/www.thebestsocial.media\/de\/wp-json\/wp\/v2\/posts\/119165","targetHints":{"allow":["GET"]}}],"collection":[{"href":"https:\/\/www.thebestsocial.media\/de\/wp-json\/wp\/v2\/posts"}],"about":[{"href":"https:\/\/www.thebestsocial.media\/de\/wp-json\/wp\/v2\/types\/post"}],"author":[{"embeddable":true,"href":"https:\/\/www.thebestsocial.media\/de\/wp-json\/wp\/v2\/users\/65"}],"replies":[{"embeddable":true,"href":"https:\/\/www.thebestsocial.media\/de\/wp-json\/wp\/v2\/comments?post=119165"}],"version-history":[{"count":7,"href":"https:\/\/www.thebestsocial.media\/de\/wp-json\/wp\/v2\/posts\/119165\/revisions"}],"predecessor-version":[{"id":119179,"href":"https:\/\/www.thebestsocial.media\/de\/wp-json\/wp\/v2\/posts\/119165\/revisions\/119179"}],"wp:featuredmedia":[{"embeddable":true,"href":"https:\/\/www.thebestsocial.media\/de\/wp-json\/wp\/v2\/media\/119173"}],"wp:attachment":[{"href":"https:\/\/www.thebestsocial.media\/de\/wp-json\/wp\/v2\/media?parent=119165"}],"wp:term":[{"taxonomy":"category","embeddable":true,"href":"https:\/\/www.thebestsocial.media\/de\/wp-json\/wp\/v2\/categories?post=119165"},{"taxonomy":"post_tag","embeddable":true,"href":"https:\/\/www.thebestsocial.media\/de\/wp-json\/wp\/v2\/tags?post=119165"}],"curies":[{"name":"wp","href":"https:\/\/api.w.org\/{rel}","templated":true}]}}