{"id":118581,"date":"2020-03-11T16:26:58","date_gmt":"2020-03-11T16:26:58","guid":{"rendered":"https:\/\/www.thebestsocial.media\/de\/?p=118581"},"modified":"2020-03-11T16:26:58","modified_gmt":"2020-03-11T16:26:58","slug":"so-witzig-wurden-elefanten-im-mittelalter-gezeichnet","status":"publish","type":"post","link":"https:\/\/www.thebestsocial.media\/de\/so-witzig-wurden-elefanten-im-mittelalter-gezeichnet\/","title":{"rendered":"User sammelt die verr\u00fccktesten Mittelalter-Darstellungen von Elefanten"},"content":{"rendered":"<p>Tiger, L\u00f6we, Giraffe &#8211; findet man heute in jedem dahergelaufenen Zoo. Fr\u00fcher waren exotische Tiere wie diese zumeist nur wenigen Pionieren und Weltumseglern vorbestimmt und dem Rest der Welt wenn \u00fcberhaupt vom H\u00f6rensagen ein Begriff. Dass diese \u00dcberlieferungen nicht immer sonderlich akkurat waren, beweisen so manche geschichtstr\u00e4chtige Aufzeichnungen.<\/p>\n<p>&nbsp;<\/p>\n<h3>1. Twitter-User <a href=\"https:\/\/twitter.com\/MittiLevel2?ref_src=twsrc%5Etfw%7Ctwcamp%5Etweetembed%7Ctwterm%5E1234421514709209093&amp;ref_url=https%3A%2F%2Fwww.thebestsocial.media%2Fde%2F%3Fp%3D118581\">Mitti<\/a> hat einen Thread mit den witzigsten Zeichnungen von Elefanten in mittelalterlichen B\u00fcchern verfasst.<\/h3>\n<p>Immerhin hat diese Zeichnung schon mal R\u00fcssel und Sto\u00dfz\u00e4hne.<\/p>\n<div class=\"dbsm-oembed\">\n<blockquote class=\"twitter-tweet\" data-width=\"500\" data-dnt=\"true\">\n<p lang=\"de\" dir=\"ltr\">Im Jahr 1368:<\/p>\n<p>Grau, sehr gro\u00df, weite Ohren, langer R\u00fcssel.<\/p>\n<p>Langer R\u00fcssel?<\/p>\n<p>Ja bis zum Boden.<\/p>\n<p>Ok.<\/p>\n<p>Die Beine stark. und der Schwanz kurz.<\/p>\n<p>Ok sonst nochwas?<\/p>\n<p>Ja, er hat Sto\u00dfz\u00e4hne, die sind fast anderthalb Meter lang.<\/p>\n<p>Ungef\u00e4hr so?<\/p>\n<p>(Elefanten im Mittelalter: EIn Thread) <a href=\"https:\/\/t.co\/KopePmglCv\">pic.twitter.com\/KopePmglCv<\/a><\/p>\n<p>&mdash; Mitti (@MittiLevel2) <a href=\"https:\/\/twitter.com\/MittiLevel2\/status\/1234421514709209093?ref_src=twsrc%5Etfw\">March 2, 2020<\/a><\/p><\/blockquote>\n<p><script async src=\"https:\/\/platform.twitter.com\/widgets.js\" charset=\"utf-8\"><\/script><\/div>\n<p>&nbsp;<\/p>\n<h3>2. Mehr S\u00e4belzahntiger als Dickh\u00e4uter, oder?<\/h3>\n<blockquote class=\"twitter-tweet\" data-conversation=\"none\">\n<p dir=\"ltr\" lang=\"de\">Stellt euch vor ihr seid M\u00f6nch im 14. Jhdt. in Europa und ihr habt noch nie einen Elefanten gesehen. Jetzt kommt ein Typ, der von einem anderen Typ, der mal in Nordafrika mit einem Typ geredet hat, der einen gesehen hat, erfahren hat wie einer aussieht. Und ihr m\u00fcsst malen. <a href=\"https:\/\/t.co\/RVfRNyZH0Y\">pic.twitter.com\/RVfRNyZH0Y<\/a><\/p>\n<p>\u2014 Mitti (@MittiLevel2) <a href=\"https:\/\/twitter.com\/MittiLevel2\/status\/1234422247508643840?ref_src=twsrc%5Etfw\">March 2, 2020<\/a><\/p><\/blockquote>\n<p><script async src=\"https:\/\/platform.twitter.com\/widgets.js\" charset=\"utf-8\"><\/script><\/p>\n<p>&nbsp;<\/p>\n<h3>3. An den nach oben gerichteten Sto\u00dfz\u00e4hnen haben die Zeichner offenbar einen Narren gefressen.<\/h3>\n<blockquote class=\"twitter-tweet\" data-conversation=\"none\">\n<p dir=\"ltr\" lang=\"de\">Hat er Haare?<\/p>\n<p>Ja ich glaub schon&#8230;<\/p>\n<p>Und der R\u00fcssel ist wie bei einem Wildschwein nur etwas l\u00e4nger?<\/p>\n<p>Ja m\u00fcsste sein.<\/p>\n<p>Und diese Z\u00e4hne sind auch wie bei einem Wildschwein nur l\u00e4nger?<\/p>\n<p>Ja definitiv!<\/p>\n<p>Aber es ist mega gro\u00df?<\/p>\n<p>Ja!<\/p>\n<p>In etwa so?<\/p>\n<p>Perfekt! Das ist es! <a href=\"https:\/\/t.co\/5OyCcC93kH\">pic.twitter.com\/5OyCcC93kH<\/a><\/p>\n<p>\u2014 Mitti (@MittiLevel2) <a href=\"https:\/\/twitter.com\/MittiLevel2\/status\/1234422697767194624?ref_src=twsrc%5Etfw\">March 2, 2020<\/a><\/p><\/blockquote>\n<p><script async src=\"https:\/\/platform.twitter.com\/widgets.js\" charset=\"utf-8\"><\/script><\/p>\n<p>&nbsp;<\/p>\n<h3>4. Wenn die Geschichtsschreiber voneinander abkupfern: Neben den Ameisenb\u00e4r-Elefanten gef\u00e4llt besonders die seltene Gattung mit Fl\u00fcgeln.<\/h3>\n<blockquote class=\"twitter-tweet\" data-conversation=\"none\">\n<p dir=\"ltr\" lang=\"de\"><a href=\"https:\/\/t.co\/UNWGmMbGpn\">https:\/\/t.co\/UNWGmMbGpn<\/a><\/p>\n<p>Auf dieser Internet-Seite findet ihr eine h\u00fcbsche Grafik, mit ganz vielen Elefanten-Bildern aus mehreren Jahrhunderten und es wird veranschaulicht wer von wem abgemalt hat, bzw. wer wem etwas erz\u00e4hlt hat. <a href=\"https:\/\/t.co\/D3R6EoNl7j\">pic.twitter.com\/D3R6EoNl7j<\/a><\/p>\n<p>\u2014 Mitti (@MittiLevel2) <a href=\"https:\/\/twitter.com\/MittiLevel2\/status\/1234423254779138048?ref_src=twsrc%5Etfw\">March 2, 2020<\/a><\/p><\/blockquote>\n<p><script async src=\"https:\/\/platform.twitter.com\/widgets.js\" charset=\"utf-8\"><\/script><\/p>\n<p>&nbsp;<\/p>\n<h3>5. Hier ging dann doch wirklich alles schief: Ein Hirsch, dem man einfach die Zunge langgezogen hat &#8230;<\/h3>\n<blockquote class=\"twitter-tweet\" data-conversation=\"none\">\n<p dir=\"ltr\" lang=\"de\">Ja klar der Olaf hat mir das so erz\u00e4hlt. Es hei\u00dft Ellefrandt und ist wie ein Hirsch nur viel gr\u00f6\u00dfer und vorne baumelt mega das lange Ding. Der hat geschworen er hats gesehn da unten w\u00e4hrend den Kreuzz\u00fcgen!<\/p>\n<p>In etwa so?<\/p>\n<p>Ja das muss es sein! <a href=\"https:\/\/t.co\/PszmKrE4QZ\">pic.twitter.com\/PszmKrE4QZ<\/a><\/p>\n<p>\u2014 Mitti (@MittiLevel2) <a href=\"https:\/\/twitter.com\/MittiLevel2\/status\/1234423662327091200?ref_src=twsrc%5Etfw\">March 2, 2020<\/a><\/p><\/blockquote>\n<p><script async src=\"https:\/\/platform.twitter.com\/widgets.js\" charset=\"utf-8\"><\/script><\/p>\n<p>&nbsp;<\/p>\n<h3>6. Zeichnung eigentlich relativ gut gelungen, nur wurde der nat\u00fcrliche Lebensraum einfach mal ungefragt ge\u00e4ndert.<\/h3>\n<blockquote class=\"twitter-tweet\" data-conversation=\"none\">\n<p dir=\"ltr\" lang=\"de\">K\u00f6nnen die \u00fcberhaupt laufen, wenn die so gro\u00df sind und so schwer, wie du sagst?<\/p>\n<p>\u00c4hm&#8230;\u00e4hm&#8230;nein die leben nat\u00fcrlich im Wasser. Dort bewegen sie sich \u00e4hm&#8230;mit ihren Ohren fort!<\/p>\n<p>Ach deswegen sind die so gro\u00df. Das macht nat\u00fcrlich Sinn! <a href=\"https:\/\/t.co\/plkBTYlTPT\">pic.twitter.com\/plkBTYlTPT<\/a><\/p>\n<p>\u2014 Mitti (@MittiLevel2) <a href=\"https:\/\/twitter.com\/MittiLevel2\/status\/1234424098341736448?ref_src=twsrc%5Etfw\">March 2, 2020<\/a><\/p><\/blockquote>\n<p><script async src=\"https:\/\/platform.twitter.com\/widgets.js\" charset=\"utf-8\"><\/script><\/p>\n<p>&nbsp;<\/p>\n<h3>7. Da wir gerade bei Meeresbewohnern sind: Eine ein\u00e4ugige Variante mit Schuppen.<\/h3>\n<blockquote class=\"twitter-tweet\" data-conversation=\"none\">\n<p dir=\"ltr\" lang=\"de\">Ich bin mir ziemlich sicher Willibert sagte, es h\u00e4tte Schuppen! <a href=\"https:\/\/t.co\/yykNdXKvu8\">pic.twitter.com\/yykNdXKvu8<\/a><\/p>\n<p>\u2014 Mitti (@MittiLevel2) <a href=\"https:\/\/twitter.com\/MittiLevel2\/status\/1234424536180887552?ref_src=twsrc%5Etfw\">March 2, 2020<\/a><\/p><\/blockquote>\n<p><script async src=\"https:\/\/platform.twitter.com\/widgets.js\" charset=\"utf-8\"><\/script><\/p>\n<p>&nbsp;<\/p>\n<h3>8. Ob diese Zeichnungen als Vorlage f\u00fcr die ber\u00fchmten Alph\u00f6rner dienten?<\/h3>\n<blockquote class=\"twitter-tweet\" data-conversation=\"none\">\n<p dir=\"ltr\" lang=\"de\">Es gab nat\u00fcrlich auch diverse Beschreibungen dieses fremdartigen Tieres. Ich kram dann schon mal meinen Stowasser und mein gro\u00dfes Latinum aus. <a href=\"https:\/\/t.co\/xgwNejHUgg\">pic.twitter.com\/xgwNejHUgg<\/a><\/p>\n<p>\u2014 Mitti (@MittiLevel2) <a href=\"https:\/\/twitter.com\/MittiLevel2\/status\/1234424811570573319?ref_src=twsrc%5Etfw\">March 2, 2020<\/a><\/p><\/blockquote>\n<p><script async src=\"https:\/\/platform.twitter.com\/widgets.js\" charset=\"utf-8\"><\/script><\/p>\n<p>&nbsp;<\/p>\n<h3>9. Fr\u00fch erkannte man den Nutzen als Lastentiere.<\/h3>\n<blockquote class=\"twitter-tweet\" data-conversation=\"none\">\n<p dir=\"ltr\" lang=\"de\">Kann man auf denen reiten?<\/p>\n<p>Reiten? Ha! Die Menschen in Fernost bauen ganze Burgen auf diesen Riesen!<\/p>\n<p>Im Ernst?<\/p>\n<p>Ich schw\u00f6re! <a href=\"https:\/\/t.co\/gEF5Wk53ba\">pic.twitter.com\/gEF5Wk53ba<\/a><\/p>\n<p>\u2014 Mitti (@MittiLevel2) <a href=\"https:\/\/twitter.com\/MittiLevel2\/status\/1234425645125505024?ref_src=twsrc%5Etfw\">March 2, 2020<\/a><\/p><\/blockquote>\n<p><script async src=\"https:\/\/platform.twitter.com\/widgets.js\" charset=\"utf-8\"><\/script><\/p>\n<p>&nbsp;<\/p>\n<h3>10. Immer wieder mischten sich die Merkmale anderer Tiere und Fabelwesen mit ein.<\/h3>\n<blockquote class=\"twitter-tweet\" data-conversation=\"none\">\n<p dir=\"ltr\" lang=\"de\">Der ist von 1552 und bis auf die Drachenohren triffts das schon ziemlich gut. <a href=\"https:\/\/t.co\/z74D6wCAl5\">pic.twitter.com\/z74D6wCAl5<\/a><\/p>\n<p>\u2014 Mitti (@MittiLevel2) <a href=\"https:\/\/twitter.com\/MittiLevel2\/status\/1234427490577387520?ref_src=twsrc%5Etfw\">March 2, 2020<\/a><\/p><\/blockquote>\n<p><script async src=\"https:\/\/platform.twitter.com\/widgets.js\" charset=\"utf-8\"><\/script><\/p>\n<p>&nbsp;<\/p>\n<h3>11. Manchmal wurde auch einfach unzureichend kommuniziert.<\/h3>\n<blockquote class=\"twitter-tweet\" data-conversation=\"none\">\n<p dir=\"ltr\" lang=\"de\">Okay aber eine Sache hab ich noch nicht verstanden.<\/p>\n<p>Und zwar?<\/p>\n<p>Also ist der R\u00fcssel auch gleichzeitig der Mund?<\/p>\n<p>Glaube nicht. Mehr so die Nase oder?<\/p>\n<p>Alles klar, dann hab ichs! <a href=\"https:\/\/t.co\/nbDWypw4r3\">pic.twitter.com\/nbDWypw4r3<\/a><\/p>\n<p>\u2014 Mitti (@MittiLevel2) <a href=\"https:\/\/twitter.com\/MittiLevel2\/status\/1234427964680482822?ref_src=twsrc%5Etfw\">March 2, 2020<\/a><\/p><\/blockquote>\n<p><script async src=\"https:\/\/platform.twitter.com\/widgets.js\" charset=\"utf-8\"><\/script><\/p>\n<p>&nbsp;<\/p>\n<h3>12. Achtung, der kommt flach: Das wiederum k\u00f6nnte als Vorlage f\u00fcr die bekannten Schildb\u00fcrgerstreiche gedient haben.<\/h3>\n<blockquote class=\"twitter-tweet\" data-conversation=\"none\">\n<p dir=\"ltr\" lang=\"de\">Bei der Kopfform bin ich mir noch nicht sicher&#8230;<\/p>\n<p>Hast du Silent Hill 2 gespielt?<\/p>\n<p>Klar Diggi.<\/p>\n<p>Ungef\u00e4hr so wie Pyramid Head.<\/p>\n<p>Alles klar. <a href=\"https:\/\/t.co\/48x7mUv4lp\">pic.twitter.com\/48x7mUv4lp<\/a><\/p>\n<p>\u2014 Mitti (@MittiLevel2) <a href=\"https:\/\/twitter.com\/MittiLevel2\/status\/1234429190553903104?ref_src=twsrc%5Etfw\">March 2, 2020<\/a><\/p><\/blockquote>\n<p><script async src=\"https:\/\/platform.twitter.com\/widgets.js\" charset=\"utf-8\"><\/script><\/p>\n<p>&nbsp;<\/p>\n<h3>13. Ein bisschen was von allen bisher gezeigten Bildern bringt dieser Zeitgenosse mit.<\/h3>\n<blockquote class=\"twitter-tweet\" data-conversation=\"none\">\n<p dir=\"ltr\" lang=\"de\">Okay dazu f\u00e4llt nicht mal mir was Dummes ein. <a href=\"https:\/\/t.co\/ZPOMGs6ju2\">pic.twitter.com\/ZPOMGs6ju2<\/a><\/p>\n<p>\u2014 Mitti (@MittiLevel2) <a href=\"https:\/\/twitter.com\/MittiLevel2\/status\/1234431197649997825?ref_src=twsrc%5Etfw\">March 2, 2020<\/a><\/p><\/blockquote>\n<p><script async src=\"https:\/\/platform.twitter.com\/widgets.js\" charset=\"utf-8\"><\/script><\/p>\n<p>&nbsp;<\/p>\n<h3>14. Die Bedeutung eines stabilen Fu\u00dfbettes wurde fr\u00fch erkannt.<\/h3>\n<blockquote class=\"twitter-tweet\" data-conversation=\"none\">\n<p dir=\"ltr\" lang=\"de\">Aus einer Karte der Insel Sumatra. Sehr speckig der Gute. Aber immerhin tr\u00e4gt er sauberes Schuhwerk. <a href=\"https:\/\/t.co\/jbjJp4NRbb\">pic.twitter.com\/jbjJp4NRbb<\/a><\/p>\n<p>\u2014 Mitti (@MittiLevel2) <a href=\"https:\/\/twitter.com\/MittiLevel2\/status\/1234433972265988099?ref_src=twsrc%5Etfw\">March 2, 2020<\/a><\/p><\/blockquote>\n<p><script async src=\"https:\/\/platform.twitter.com\/widgets.js\" charset=\"utf-8\"><\/script><\/p>\n<p>&nbsp;<\/p>\n<h3>15. Ja passt, den Rest rekonstruiere ich mir aus dem Ged\u00e4chtnisprotokoll &#8230;<\/h3>\n<blockquote class=\"twitter-tweet\" data-conversation=\"none\">\n<p dir=\"ltr\" lang=\"de\">War das mehr so ein R\u00fcssel oder eine Zunge gegen die du k\u00e4mpfen musstest?<\/p>\n<p>Ich bin unsicher&#8230;glaube mehr so eine Zunge&#8230;War zu sehr von der Stadt auf seinem R\u00fccken abgelenkt!<\/p>\n<p>Wow. und trotzdem hast du obsiegt?!?<\/p>\n<p>Obsiggi mein Diggi! <a href=\"https:\/\/t.co\/MHFHsKNNi5\">pic.twitter.com\/MHFHsKNNi5<\/a><\/p>\n<p>\u2014 Mitti (@MittiLevel2) <a href=\"https:\/\/twitter.com\/MittiLevel2\/status\/1234434541810601984?ref_src=twsrc%5Etfw\">March 2, 2020<\/a><\/p><\/blockquote>\n<p><script async src=\"https:\/\/platform.twitter.com\/widgets.js\" charset=\"utf-8\"><\/script><\/p>\n<p>&nbsp;<\/p>\n<h3>16. Selbst das Einhorn ist \u00fcberrascht bei diesen seltenen Anblick.<\/h3>\n<blockquote class=\"twitter-tweet\" data-conversation=\"none\">\n<p dir=\"ltr\" lang=\"de\">Ich schw\u00f6re Manfred, ich habe es gesehen. Live und in Farbe!<\/p>\n<p>Ja klar und als n\u00e4chstes sagst du mir, da war noch ein Einhorn mit bei?<\/p>\n<p>Jetzt wo du es sagst&#8230;<\/p>\n<p>Ach komm das glaubt uns keiner!<\/p>\n<p>Mal den Schei\u00df sonst Scheiterhaufen! <a href=\"https:\/\/t.co\/uBEKHpC7OP\">pic.twitter.com\/uBEKHpC7OP<\/a><\/p>\n<p>\u2014 Mitti (@MittiLevel2) <a href=\"https:\/\/twitter.com\/MittiLevel2\/status\/1234435557176102912?ref_src=twsrc%5Etfw\">March 2, 2020<\/a><\/p><\/blockquote>\n<p><script async src=\"https:\/\/platform.twitter.com\/widgets.js\" charset=\"utf-8\"><\/script><\/p>\n<p>&nbsp;<\/p>\n<h3>17. Man beachte auch die monstr\u00f6se Schnecke rechts unten.<\/h3>\n<blockquote class=\"twitter-tweet\" data-conversation=\"none\">\n<p dir=\"ltr\" lang=\"de\">Harald es wird Zeit etwas gegen diese Fake-News zu unternehmen.<\/p>\n<p>Ja ich finds auch Schei\u00dfe, dass Heinrich VIII eigentlich&#8230;<\/p>\n<p>Nein nein! Elefanten!<\/p>\n<p>Was?<\/p>\n<p>Ja die sind gar nicht so gro\u00df wie alle denken!<\/p>\n<p>Echt?<\/p>\n<p>Ja die sind viel kleiner als H\u00f6ckerpferde und Einh\u00f6rner!<\/p>\n<p>Alles klar! <a href=\"https:\/\/t.co\/IDw0N6ZfNR\">pic.twitter.com\/IDw0N6ZfNR<\/a><\/p>\n<p>\u2014 Mitti (@MittiLevel2) <a href=\"https:\/\/twitter.com\/MittiLevel2\/status\/1234438471781146624?ref_src=twsrc%5Etfw\">March 2, 2020<\/a><\/p><\/blockquote>\n<p><script async src=\"https:\/\/platform.twitter.com\/widgets.js\" charset=\"utf-8\"><\/script><\/p>\n<p>&nbsp;<\/p>\n<h3>18. Der mir gebotene Anblick gleichte einem Relief. Tada!<\/h3>\n<blockquote class=\"twitter-tweet\" data-conversation=\"none\">\n<p dir=\"ltr\" lang=\"de\">Seh ich mit dem Korb nicht zu dick aus?<\/p>\n<p>Nein, du bist wundersch\u00f6n und jetzt h\u00f6r auf dich zu bewegen! Und guck nicht so gequ\u00e4lt! <a href=\"https:\/\/t.co\/gYp6CgWTar\">pic.twitter.com\/gYp6CgWTar<\/a><\/p>\n<p>\u2014 Mitti (@MittiLevel2) <a href=\"https:\/\/twitter.com\/MittiLevel2\/status\/1234447633483255808?ref_src=twsrc%5Etfw\">March 2, 2020<\/a><\/p><\/blockquote>\n<p><script async src=\"https:\/\/platform.twitter.com\/widgets.js\" charset=\"utf-8\"><\/script><\/p>\n<p>&nbsp;<\/p>\n<h3>19. Hat zwar mehr den K\u00f6rper eines L\u00f6wen, aber kommt gut mit anderen Tieren aus.<\/h3>\n<blockquote class=\"twitter-tweet\" data-conversation=\"none\">\n<p dir=\"ltr\" lang=\"de\">&#8222;Man bemerke den stoischen in die Ferne gerichteten Blick des Elefanten. Die Schlange steht in diesem Bild f\u00fcr die Unendlichkeit des Seins. Rot als Farbe der Liebe symbolisiert die Gef\u00fchle \u00fcber diese ungleiche Tier-Tier-Beziehung.&#8220; &#8211; Paul aus der 7b <a href=\"https:\/\/t.co\/6Pe38N46Ps\">pic.twitter.com\/6Pe38N46Ps<\/a><\/p>\n<p>\u2014 Mitti (@MittiLevel2) <a href=\"https:\/\/twitter.com\/MittiLevel2\/status\/1234449559046193154?ref_src=twsrc%5Etfw\">March 2, 2020<\/a><\/p><\/blockquote>\n<p><script async src=\"https:\/\/platform.twitter.com\/widgets.js\" charset=\"utf-8\"><\/script><\/p>\n<p>&nbsp;<\/p>\n<h3>20. Wo soll man hier mit der belustigenden Beschreibung anfangen?<\/h3>\n<blockquote class=\"twitter-tweet\" data-conversation=\"none\">\n<p dir=\"ltr\" lang=\"de\">Also er hat vier Ohren auf jeder Seite.<\/p>\n<p>Wieso vier?<\/p>\n<p>Keine ahnung, lass mich weiter erz\u00e4hlen.<\/p>\n<p>Okay.<\/p>\n<p>Also er hat vier Knubbel auf der Nase, die eigentlich ein R\u00fcssel ist.<\/p>\n<p>Wieso vier?<\/p>\n<p>Ich hau dich gleich.<\/p>\n<p>Ist ja gut.<\/p>\n<p>Also er hat vier stramme Beine.<\/p>\n<p>Wieso&#8230;<\/p>\n<p>*schl\u00e4gt zu <a href=\"https:\/\/t.co\/CM405vkXrD\">pic.twitter.com\/CM405vkXrD<\/a><\/p>\n<p>\u2014 Mitti (@MittiLevel2) <a href=\"https:\/\/twitter.com\/MittiLevel2\/status\/1234455658856099840?ref_src=twsrc%5Etfw\">March 2, 2020<\/a><\/p><\/blockquote>\n<p><script async src=\"https:\/\/platform.twitter.com\/widgets.js\" charset=\"utf-8\"><\/script><\/p>\n<p>&nbsp;<\/p>\n<h3>21. Zum Abschluss ein Nachz\u00fcgler f\u00fcr st\u00fcrmische Zeiten.<\/h3>\n<blockquote class=\"twitter-tweet\" data-conversation=\"none\">\n<p dir=\"ltr\" lang=\"de\">Jetzt komm mir nicht schon wieder mit Elefanten!<\/p>\n<p>Doch, ich wei\u00df jetzt wie ich den R\u00fcssel besser beschreiben kann!<\/p>\n<p>Okay, und wie?<\/p>\n<p>Tornado!<\/p>\n<p>Bitte was?<\/p>\n<p>TORNADO!<\/p>\n<p>Nein, das mal ich nicht.<\/p>\n<p>*legt Hand an sein Schwert <a href=\"https:\/\/t.co\/5VAzwP0BMf\">pic.twitter.com\/5VAzwP0BMf<\/a><\/p>\n<p>\u2014 Mitti (@MittiLevel2) <a href=\"https:\/\/twitter.com\/MittiLevel2\/status\/1235504735127511041?ref_src=twsrc%5Etfw\">March 5, 2020<\/a><\/p><\/blockquote>\n<p><script async src=\"https:\/\/platform.twitter.com\/widgets.js\" charset=\"utf-8\"><\/script><\/p>\n<p>&nbsp;<\/p>\n<h3>Diese Blogs k\u00f6nnten euch auch gefallen:<\/h3>\n<p><a href=\"https:\/\/www.thebestsocial.media\/de\/so-kamen-erfinder-auf-ihre-erfindungen-16-wunderbare-anekdoten\/\">So kamen Erfinder auf ihre Erfindungen: 16 wunderbare Anekdoten<\/a><\/p>\n<p><a href=\"https:\/\/www.thebestsocial.media\/de\/diese-erfindungen-werden-heute-ganz-anders-verwendet-als-anfangs-gedacht\/\">Diese Erfindungen werden heute ganz anders verwendet als anfangs gedacht<\/a><\/p>\n<p><a href=\"https:\/\/www.thebestsocial.media\/de\/dieser-twitter-account-sammelt-verblueffende-kuriositaeten-aus-der-geschichte\/\">Dieser Twitter-Account sammelt verbl\u00fcffende Kuriosit\u00e4ten aus der Geschichte<\/a><\/p>\n<p><a href=\"https:\/\/www.thebestsocial.media\/de\/poetische-fakten-wie-twitter-user-outatimer-unseren-horizont-erweitert\/\">Poetische Fakten: Wie Twitter-User Outatimer unseren Horizont erweitert<\/a><\/p>\n","protected":false},"excerpt":{"rendered":"<p>Tiger, L\u00f6we, Giraffe &#8211; findet man heute in jedem dahergelaufenen Zoo. Fr\u00fcher waren exotische Tiere wie diese zumeist nur wenigen Pionieren und Weltumseglern vorbestimmt und&#8230;<\/p>\n","protected":false},"author":69,"featured_media":119312,"comment_status":"open","ping_status":"open","sticky":false,"template":"","format":"standard","meta":{"_acf_changed":false,"footnotes":""},"categories":[1728,2877,35],"tags":[3821,3822,3532],"class_list":["post-118581","post","type-post","status-publish","format-standard","has-post-thumbnail","hentry","category-humor","category-thread","category-twitter","tag-elefanten","tag-mittelalter","tag-zeichnungen"],"acf":[],"yoast_head":"<!-- This site is optimized with the Yoast SEO plugin v27.5 - https:\/\/yoast.com\/product\/yoast-seo-wordpress\/ -->\n<title>So witzig wurden Elefanten im Mittelalter gezeichnet<\/title>\n<meta name=\"description\" content=\"Von exotischen Tiere wurde fr\u00fcher meist nur ungenau berichtet. Twitter-User Mitti hat einen Thread mit Zeichnungen von Elefanten im Mittelalter verfasst.\" \/>\n<meta name=\"robots\" content=\"index, follow, max-snippet:-1, max-image-preview:large, max-video-preview:-1\" \/>\n<link rel=\"canonical\" href=\"https:\/\/www.thebestsocial.media\/de\/so-witzig-wurden-elefanten-im-mittelalter-gezeichnet\/\" \/>\n<meta property=\"og:locale\" content=\"de_DE\" \/>\n<meta property=\"og:type\" content=\"article\" \/>\n<meta property=\"og:title\" content=\"User sammelt die verr\u00fccktesten Mittelalter-Darstellungen von Elefanten\" \/>\n<meta property=\"og:description\" content=\"Von exotischen Tiere wurde fr\u00fcher meist nur ungenau berichtet. Twitter-User Mitti hat einen Thread mit Zeichnungen von Elefanten im Mittelalter verfasst.\" \/>\n<meta property=\"og:url\" content=\"https:\/\/www.thebestsocial.media\/de\/so-witzig-wurden-elefanten-im-mittelalter-gezeichnet\/\" \/>\n<meta property=\"og:site_name\" content=\"The Best Social Media DE\" \/>\n<meta property=\"article:published_time\" content=\"2020-03-11T16:26:58+00:00\" \/>\n<meta property=\"og:image\" content=\"https:\/\/www.thebestsocial.media\/de\/wp-content\/uploads\/sites\/3\/2020\/03\/tornado.png\" \/>\n\t<meta property=\"og:image:width\" content=\"1200\" \/>\n\t<meta property=\"og:image:height\" content=\"628\" \/>\n\t<meta property=\"og:image:type\" content=\"image\/png\" \/>\n<meta name=\"author\" content=\"Daniel\" \/>\n<meta name=\"twitter:card\" content=\"summary_large_image\" \/>\n<meta name=\"twitter:label1\" content=\"Verfasst von\" \/>\n\t<meta name=\"twitter:data1\" content=\"Daniel\" \/>\n\t<meta name=\"twitter:label2\" content=\"Gesch\u00e4tzte Lesezeit\" \/>\n\t<meta name=\"twitter:data2\" content=\"6\u00a0Minuten\" \/>\n<script type=\"application\/ld+json\" class=\"yoast-schema-graph\">{\"@context\":\"https:\\\/\\\/schema.org\",\"@graph\":[{\"@type\":\"Article\",\"@id\":\"https:\\\/\\\/www.thebestsocial.media\\\/de\\\/so-witzig-wurden-elefanten-im-mittelalter-gezeichnet\\\/#article\",\"isPartOf\":{\"@id\":\"https:\\\/\\\/www.thebestsocial.media\\\/de\\\/so-witzig-wurden-elefanten-im-mittelalter-gezeichnet\\\/\"},\"author\":{\"name\":\"Daniel\",\"@id\":\"https:\\\/\\\/www.thebestsocial.media\\\/de\\\/#\\\/schema\\\/person\\\/8436dad17308be6a12bda1359db16b67\"},\"headline\":\"User sammelt die verr\u00fccktesten Mittelalter-Darstellungen von Elefanten\",\"datePublished\":\"2020-03-11T16:26:58+00:00\",\"mainEntityOfPage\":{\"@id\":\"https:\\\/\\\/www.thebestsocial.media\\\/de\\\/so-witzig-wurden-elefanten-im-mittelalter-gezeichnet\\\/\"},\"wordCount\":1236,\"commentCount\":0,\"image\":{\"@id\":\"https:\\\/\\\/www.thebestsocial.media\\\/de\\\/so-witzig-wurden-elefanten-im-mittelalter-gezeichnet\\\/#primaryimage\"},\"thumbnailUrl\":\"https:\\\/\\\/www.thebestsocial.media\\\/de\\\/wp-content\\\/uploads\\\/sites\\\/3\\\/2020\\\/03\\\/Elefant-Mittelalter-BB.png\",\"keywords\":[\"Elefanten\",\"Mittelalter\",\"Zeichnungen\"],\"articleSection\":[\"Humor\",\"Thread\",\"Twitter\"],\"inLanguage\":\"de\",\"potentialAction\":[{\"@type\":\"CommentAction\",\"name\":\"Comment\",\"target\":[\"https:\\\/\\\/www.thebestsocial.media\\\/de\\\/so-witzig-wurden-elefanten-im-mittelalter-gezeichnet\\\/#respond\"]}]},{\"@type\":\"WebPage\",\"@id\":\"https:\\\/\\\/www.thebestsocial.media\\\/de\\\/so-witzig-wurden-elefanten-im-mittelalter-gezeichnet\\\/\",\"url\":\"https:\\\/\\\/www.thebestsocial.media\\\/de\\\/so-witzig-wurden-elefanten-im-mittelalter-gezeichnet\\\/\",\"name\":\"So witzig wurden Elefanten im Mittelalter gezeichnet\",\"isPartOf\":{\"@id\":\"https:\\\/\\\/www.thebestsocial.media\\\/de\\\/#website\"},\"primaryImageOfPage\":{\"@id\":\"https:\\\/\\\/www.thebestsocial.media\\\/de\\\/so-witzig-wurden-elefanten-im-mittelalter-gezeichnet\\\/#primaryimage\"},\"image\":{\"@id\":\"https:\\\/\\\/www.thebestsocial.media\\\/de\\\/so-witzig-wurden-elefanten-im-mittelalter-gezeichnet\\\/#primaryimage\"},\"thumbnailUrl\":\"https:\\\/\\\/www.thebestsocial.media\\\/de\\\/wp-content\\\/uploads\\\/sites\\\/3\\\/2020\\\/03\\\/Elefant-Mittelalter-BB.png\",\"datePublished\":\"2020-03-11T16:26:58+00:00\",\"author\":{\"@id\":\"https:\\\/\\\/www.thebestsocial.media\\\/de\\\/#\\\/schema\\\/person\\\/8436dad17308be6a12bda1359db16b67\"},\"description\":\"Von exotischen Tiere wurde fr\u00fcher meist nur ungenau berichtet. Twitter-User Mitti hat einen Thread mit Zeichnungen von Elefanten im Mittelalter verfasst.\",\"breadcrumb\":{\"@id\":\"https:\\\/\\\/www.thebestsocial.media\\\/de\\\/so-witzig-wurden-elefanten-im-mittelalter-gezeichnet\\\/#breadcrumb\"},\"inLanguage\":\"de\",\"potentialAction\":[{\"@type\":\"ReadAction\",\"target\":[\"https:\\\/\\\/www.thebestsocial.media\\\/de\\\/so-witzig-wurden-elefanten-im-mittelalter-gezeichnet\\\/\"]}]},{\"@type\":\"ImageObject\",\"inLanguage\":\"de\",\"@id\":\"https:\\\/\\\/www.thebestsocial.media\\\/de\\\/so-witzig-wurden-elefanten-im-mittelalter-gezeichnet\\\/#primaryimage\",\"url\":\"https:\\\/\\\/www.thebestsocial.media\\\/de\\\/wp-content\\\/uploads\\\/sites\\\/3\\\/2020\\\/03\\\/Elefant-Mittelalter-BB.png\",\"contentUrl\":\"https:\\\/\\\/www.thebestsocial.media\\\/de\\\/wp-content\\\/uploads\\\/sites\\\/3\\\/2020\\\/03\\\/Elefant-Mittelalter-BB.png\",\"width\":1200,\"height\":628,\"caption\":\"Elefanten im Mittelalter\"},{\"@type\":\"BreadcrumbList\",\"@id\":\"https:\\\/\\\/www.thebestsocial.media\\\/de\\\/so-witzig-wurden-elefanten-im-mittelalter-gezeichnet\\\/#breadcrumb\",\"itemListElement\":[{\"@type\":\"ListItem\",\"position\":1,\"name\":\"Home\",\"item\":\"https:\\\/\\\/www.thebestsocial.media\\\/de\\\/\"},{\"@type\":\"ListItem\",\"position\":2,\"name\":\"User sammelt die verr\u00fccktesten Mittelalter-Darstellungen von Elefanten\"}]},{\"@type\":\"WebSite\",\"@id\":\"https:\\\/\\\/www.thebestsocial.media\\\/de\\\/#website\",\"url\":\"https:\\\/\\\/www.thebestsocial.media\\\/de\\\/\",\"name\":\"The Best Social Media DE\",\"description\":\"\",\"potentialAction\":[{\"@type\":\"SearchAction\",\"target\":{\"@type\":\"EntryPoint\",\"urlTemplate\":\"https:\\\/\\\/www.thebestsocial.media\\\/de\\\/?s={search_term_string}\"},\"query-input\":{\"@type\":\"PropertyValueSpecification\",\"valueRequired\":true,\"valueName\":\"search_term_string\"}}],\"inLanguage\":\"de\"},{\"@type\":\"Person\",\"@id\":\"https:\\\/\\\/www.thebestsocial.media\\\/de\\\/#\\\/schema\\\/person\\\/8436dad17308be6a12bda1359db16b67\",\"name\":\"Daniel\",\"image\":{\"@type\":\"ImageObject\",\"inLanguage\":\"de\",\"@id\":\"https:\\\/\\\/secure.gravatar.com\\\/avatar\\\/e57960a5419478a8e098ecfe25dc307d2752a6893387329845c92b11790ee251?s=96&d=mm&r=g\",\"url\":\"https:\\\/\\\/secure.gravatar.com\\\/avatar\\\/e57960a5419478a8e098ecfe25dc307d2752a6893387329845c92b11790ee251?s=96&d=mm&r=g\",\"contentUrl\":\"https:\\\/\\\/secure.gravatar.com\\\/avatar\\\/e57960a5419478a8e098ecfe25dc307d2752a6893387329845c92b11790ee251?s=96&d=mm&r=g\",\"caption\":\"Daniel\"},\"description\":\"M\u00fcnchner Urgestein, das sich im Sumpf der sozialen Medien austobt. Wunschberuf war eigentlich Profifu\u00dfballer. Daraus wurde aber nichts, weil der Stift bei der Vertragsunterschrift leer war. Und dann kam auch noch die eine Erk\u00e4ltung.\",\"url\":\"https:\\\/\\\/www.thebestsocial.media\\\/de\\\/author\\\/danielkugler\\\/\"}]}<\/script>\n<!-- \/ Yoast SEO plugin. -->","yoast_head_json":{"title":"So witzig wurden Elefanten im Mittelalter gezeichnet","description":"Von exotischen Tiere wurde fr\u00fcher meist nur ungenau berichtet. Twitter-User Mitti hat einen Thread mit Zeichnungen von Elefanten im Mittelalter verfasst.","robots":{"index":"index","follow":"follow","max-snippet":"max-snippet:-1","max-image-preview":"max-image-preview:large","max-video-preview":"max-video-preview:-1"},"canonical":"https:\/\/www.thebestsocial.media\/de\/so-witzig-wurden-elefanten-im-mittelalter-gezeichnet\/","og_locale":"de_DE","og_type":"article","og_title":"User sammelt die verr\u00fccktesten Mittelalter-Darstellungen von Elefanten","og_description":"Von exotischen Tiere wurde fr\u00fcher meist nur ungenau berichtet. Twitter-User Mitti hat einen Thread mit Zeichnungen von Elefanten im Mittelalter verfasst.","og_url":"https:\/\/www.thebestsocial.media\/de\/so-witzig-wurden-elefanten-im-mittelalter-gezeichnet\/","og_site_name":"The Best Social Media DE","article_published_time":"2020-03-11T16:26:58+00:00","og_image":[{"width":1200,"height":628,"url":"https:\/\/www.thebestsocial.media\/de\/wp-content\/uploads\/sites\/3\/2020\/03\/tornado.png","type":"image\/png"}],"author":"Daniel","twitter_card":"summary_large_image","twitter_misc":{"Verfasst von":"Daniel","Gesch\u00e4tzte Lesezeit":"6\u00a0Minuten"},"schema":{"@context":"https:\/\/schema.org","@graph":[{"@type":"Article","@id":"https:\/\/www.thebestsocial.media\/de\/so-witzig-wurden-elefanten-im-mittelalter-gezeichnet\/#article","isPartOf":{"@id":"https:\/\/www.thebestsocial.media\/de\/so-witzig-wurden-elefanten-im-mittelalter-gezeichnet\/"},"author":{"name":"Daniel","@id":"https:\/\/www.thebestsocial.media\/de\/#\/schema\/person\/8436dad17308be6a12bda1359db16b67"},"headline":"User sammelt die verr\u00fccktesten Mittelalter-Darstellungen von Elefanten","datePublished":"2020-03-11T16:26:58+00:00","mainEntityOfPage":{"@id":"https:\/\/www.thebestsocial.media\/de\/so-witzig-wurden-elefanten-im-mittelalter-gezeichnet\/"},"wordCount":1236,"commentCount":0,"image":{"@id":"https:\/\/www.thebestsocial.media\/de\/so-witzig-wurden-elefanten-im-mittelalter-gezeichnet\/#primaryimage"},"thumbnailUrl":"https:\/\/www.thebestsocial.media\/de\/wp-content\/uploads\/sites\/3\/2020\/03\/Elefant-Mittelalter-BB.png","keywords":["Elefanten","Mittelalter","Zeichnungen"],"articleSection":["Humor","Thread","Twitter"],"inLanguage":"de","potentialAction":[{"@type":"CommentAction","name":"Comment","target":["https:\/\/www.thebestsocial.media\/de\/so-witzig-wurden-elefanten-im-mittelalter-gezeichnet\/#respond"]}]},{"@type":"WebPage","@id":"https:\/\/www.thebestsocial.media\/de\/so-witzig-wurden-elefanten-im-mittelalter-gezeichnet\/","url":"https:\/\/www.thebestsocial.media\/de\/so-witzig-wurden-elefanten-im-mittelalter-gezeichnet\/","name":"So witzig wurden Elefanten im Mittelalter gezeichnet","isPartOf":{"@id":"https:\/\/www.thebestsocial.media\/de\/#website"},"primaryImageOfPage":{"@id":"https:\/\/www.thebestsocial.media\/de\/so-witzig-wurden-elefanten-im-mittelalter-gezeichnet\/#primaryimage"},"image":{"@id":"https:\/\/www.thebestsocial.media\/de\/so-witzig-wurden-elefanten-im-mittelalter-gezeichnet\/#primaryimage"},"thumbnailUrl":"https:\/\/www.thebestsocial.media\/de\/wp-content\/uploads\/sites\/3\/2020\/03\/Elefant-Mittelalter-BB.png","datePublished":"2020-03-11T16:26:58+00:00","author":{"@id":"https:\/\/www.thebestsocial.media\/de\/#\/schema\/person\/8436dad17308be6a12bda1359db16b67"},"description":"Von exotischen Tiere wurde fr\u00fcher meist nur ungenau berichtet. Twitter-User Mitti hat einen Thread mit Zeichnungen von Elefanten im Mittelalter verfasst.","breadcrumb":{"@id":"https:\/\/www.thebestsocial.media\/de\/so-witzig-wurden-elefanten-im-mittelalter-gezeichnet\/#breadcrumb"},"inLanguage":"de","potentialAction":[{"@type":"ReadAction","target":["https:\/\/www.thebestsocial.media\/de\/so-witzig-wurden-elefanten-im-mittelalter-gezeichnet\/"]}]},{"@type":"ImageObject","inLanguage":"de","@id":"https:\/\/www.thebestsocial.media\/de\/so-witzig-wurden-elefanten-im-mittelalter-gezeichnet\/#primaryimage","url":"https:\/\/www.thebestsocial.media\/de\/wp-content\/uploads\/sites\/3\/2020\/03\/Elefant-Mittelalter-BB.png","contentUrl":"https:\/\/www.thebestsocial.media\/de\/wp-content\/uploads\/sites\/3\/2020\/03\/Elefant-Mittelalter-BB.png","width":1200,"height":628,"caption":"Elefanten im Mittelalter"},{"@type":"BreadcrumbList","@id":"https:\/\/www.thebestsocial.media\/de\/so-witzig-wurden-elefanten-im-mittelalter-gezeichnet\/#breadcrumb","itemListElement":[{"@type":"ListItem","position":1,"name":"Home","item":"https:\/\/www.thebestsocial.media\/de\/"},{"@type":"ListItem","position":2,"name":"User sammelt die verr\u00fccktesten Mittelalter-Darstellungen von Elefanten"}]},{"@type":"WebSite","@id":"https:\/\/www.thebestsocial.media\/de\/#website","url":"https:\/\/www.thebestsocial.media\/de\/","name":"The Best Social Media DE","description":"","potentialAction":[{"@type":"SearchAction","target":{"@type":"EntryPoint","urlTemplate":"https:\/\/www.thebestsocial.media\/de\/?s={search_term_string}"},"query-input":{"@type":"PropertyValueSpecification","valueRequired":true,"valueName":"search_term_string"}}],"inLanguage":"de"},{"@type":"Person","@id":"https:\/\/www.thebestsocial.media\/de\/#\/schema\/person\/8436dad17308be6a12bda1359db16b67","name":"Daniel","image":{"@type":"ImageObject","inLanguage":"de","@id":"https:\/\/secure.gravatar.com\/avatar\/e57960a5419478a8e098ecfe25dc307d2752a6893387329845c92b11790ee251?s=96&d=mm&r=g","url":"https:\/\/secure.gravatar.com\/avatar\/e57960a5419478a8e098ecfe25dc307d2752a6893387329845c92b11790ee251?s=96&d=mm&r=g","contentUrl":"https:\/\/secure.gravatar.com\/avatar\/e57960a5419478a8e098ecfe25dc307d2752a6893387329845c92b11790ee251?s=96&d=mm&r=g","caption":"Daniel"},"description":"M\u00fcnchner Urgestein, das sich im Sumpf der sozialen Medien austobt. Wunschberuf war eigentlich Profifu\u00dfballer. Daraus wurde aber nichts, weil der Stift bei der Vertragsunterschrift leer war. Und dann kam auch noch die eine Erk\u00e4ltung.","url":"https:\/\/www.thebestsocial.media\/de\/author\/danielkugler\/"}]}},"amp_enabled":true,"_links":{"self":[{"href":"https:\/\/www.thebestsocial.media\/de\/wp-json\/wp\/v2\/posts\/118581","targetHints":{"allow":["GET"]}}],"collection":[{"href":"https:\/\/www.thebestsocial.media\/de\/wp-json\/wp\/v2\/posts"}],"about":[{"href":"https:\/\/www.thebestsocial.media\/de\/wp-json\/wp\/v2\/types\/post"}],"author":[{"embeddable":true,"href":"https:\/\/www.thebestsocial.media\/de\/wp-json\/wp\/v2\/users\/69"}],"replies":[{"embeddable":true,"href":"https:\/\/www.thebestsocial.media\/de\/wp-json\/wp\/v2\/comments?post=118581"}],"version-history":[{"count":11,"href":"https:\/\/www.thebestsocial.media\/de\/wp-json\/wp\/v2\/posts\/118581\/revisions"}],"predecessor-version":[{"id":119372,"href":"https:\/\/www.thebestsocial.media\/de\/wp-json\/wp\/v2\/posts\/118581\/revisions\/119372"}],"wp:featuredmedia":[{"embeddable":true,"href":"https:\/\/www.thebestsocial.media\/de\/wp-json\/wp\/v2\/media\/119312"}],"wp:attachment":[{"href":"https:\/\/www.thebestsocial.media\/de\/wp-json\/wp\/v2\/media?parent=118581"}],"wp:term":[{"taxonomy":"category","embeddable":true,"href":"https:\/\/www.thebestsocial.media\/de\/wp-json\/wp\/v2\/categories?post=118581"},{"taxonomy":"post_tag","embeddable":true,"href":"https:\/\/www.thebestsocial.media\/de\/wp-json\/wp\/v2\/tags?post=118581"}],"curies":[{"name":"wp","href":"https:\/\/api.w.org\/{rel}","templated":true}]}}