{"id":117504,"date":"2020-02-26T15:34:46","date_gmt":"2020-02-26T15:34:46","guid":{"rendered":"https:\/\/www.thebestsocial.media\/de\/?p=117504"},"modified":"2020-02-26T15:34:46","modified_gmt":"2020-02-26T15:34:46","slug":"18-menschen-die-das-mit-dem-fasten-mehr-oder-weniger-perfekt-hinbekommen","status":"publish","type":"post","link":"https:\/\/www.thebestsocial.media\/de\/18-menschen-die-das-mit-dem-fasten-mehr-oder-weniger-perfekt-hinbekommen\/","title":{"rendered":"18 Menschen, die das mit dem Fasten mehr oder weniger perfekt hinbekommen"},"content":{"rendered":"<p>Fasten. Laut Duden &#8222;sich f\u00fcr eine bestimmte Zeit ganz oder teilweise der Nahrung enthalten oder auf den Genuss bestimmter Speisen verzichten.&#8220; Im christlichen Glauben vor allem in den 40 Tagen vor Ostern verbreitet und das bedeutet: Am 26.02. geht es auch schon wieder los. Dabei kann man auf alles M\u00f6gliche verzichten. S\u00fc\u00dfigkeiten, Alkohol, Kaffee. Wir w\u00fcrden uns ja (wie einige User auch) am meisten \u00fcber den Verzicht von Hass, Hetze, Rassismus und Fremdenfeindlichkeit freuen. Gerne auch l\u00e4nger als 40 Tage &#8230;<br \/>\n&nbsp;<\/p>\n<h3>1. Nettos Vorstellung von der Fastenzeit ist &#8230; naja &#8230; irgenwie anders. \ud83d\ude00<\/h3>\n<div class=\"dbsm-oembed\">\n<blockquote class=\"twitter-tweet\" data-width=\"500\" data-dnt=\"true\">\n<p lang=\"de\" dir=\"ltr\">Netto&#39;s Vorstellung der Fastenzeit begr\u00fc\u00dfe ich sehr. <a href=\"https:\/\/t.co\/wDmOyXvgF8\">pic.twitter.com\/wDmOyXvgF8<\/a><\/p>\n<p>&mdash; Kraftbiber (@Akira_86) <a href=\"https:\/\/twitter.com\/Akira_86\/status\/1103666782781485056?ref_src=twsrc%5Etfw\">March 7, 2019<\/a><\/p><\/blockquote>\n<p><script async src=\"https:\/\/platform.twitter.com\/widgets.js\" charset=\"utf-8\"><\/script><\/div>\n<p>&nbsp;<\/p>\n<h3>2. So kann man es nat\u00fcrlich auch angehen.<\/h3>\n<div class=\"dbsm-oembed\">\n<blockquote class=\"twitter-tweet\" data-width=\"500\" data-dnt=\"true\">\n<p lang=\"de\" dir=\"ltr\">In der Fastenzeit verzichte ich auf alles was dick macht.<\/p>\n<p>Waage. Spiegel. Skinny Jeans.<\/p>\n<p>&mdash; Dingenskirchen \uea00 (@hubertsrevier) <a href=\"https:\/\/twitter.com\/hubertsrevier\/status\/1105066485452546048?ref_src=twsrc%5Etfw\">March 11, 2019<\/a><\/p><\/blockquote>\n<p><script async src=\"https:\/\/platform.twitter.com\/widgets.js\" charset=\"utf-8\"><\/script><\/div>\n<p>&nbsp;<\/p>\n<h3>3. Schei\u00dfe man, ARTE zieht&#8217;s echt knallhart durch:<\/h3>\n<div class=\"dbsm-oembed\">\n<blockquote class=\"twitter-tweet\" data-width=\"500\" data-dnt=\"true\">\n<p lang=\"de\" dir=\"ltr\">Unser Vorsatz f\u00fcr die <a href=\"https:\/\/twitter.com\/hashtag\/Fastenzeit?src=hash&amp;ref_src=twsrc%5Etfw\">#Fastenzeit<\/a>: <a href=\"https:\/\/twitter.com\/hashtag\/40Tageohne?src=hash&amp;ref_src=twsrc%5Etfw\">#40Tageohne<\/a> experimentelle kasachische schwarz-wei\u00df Filme mit gelben Untertiteln. Ob wir das schaffen? \ud83d\ude2c<\/p>\n<p>&mdash; ARTE (@ARTEde) <a href=\"https:\/\/twitter.com\/ARTEde\/status\/1103228929161261057?ref_src=twsrc%5Etfw\">March 6, 2019<\/a><\/p><\/blockquote>\n<p><script async src=\"https:\/\/platform.twitter.com\/widgets.js\" charset=\"utf-8\"><\/script><\/div>\n<p>&nbsp;<\/p>\n<h3>4. Ach bl\u00f6d. Naja &#8230;<\/h3>\n<div class=\"dbsm-oembed\">\n<blockquote class=\"twitter-tweet\" data-width=\"500\" data-dnt=\"true\">\n<p lang=\"de\" dir=\"ltr\">Hab den Start zum Fasten verpasst.<\/p>\n<p>Naja, nu lohnt das auch nicht mehr.<\/p>\n<p>&mdash; Freudigarscherregt\u2122 (@sanitario_) <a href=\"https:\/\/twitter.com\/sanitario_\/status\/1103332860004577281?ref_src=twsrc%5Etfw\">March 6, 2019<\/a><\/p><\/blockquote>\n<p><script async src=\"https:\/\/platform.twitter.com\/widgets.js\" charset=\"utf-8\"><\/script><\/div>\n<p>&nbsp;<\/p>\n<h3>5. Hihihihi &#8230;<\/h3>\n<div class=\"dbsm-oembed\">\n<blockquote class=\"twitter-tweet\" data-width=\"500\" data-dnt=\"true\">\n<p lang=\"de\" dir=\"ltr\">Ist das Thema &quot;Fasten&quot; nicht langsam gegessen?<\/p>\n<p>Oh Entschuldigung, wie taktlos!<\/p>\n<p>&mdash; \u0166\u042f\u039bUV\u039b\u041bS\u039bSS (@FrauVanSass) <a href=\"https:\/\/twitter.com\/FrauVanSass\/status\/836902210487341060?ref_src=twsrc%5Etfw\">March 1, 2017<\/a><\/p><\/blockquote>\n<p><script async src=\"https:\/\/platform.twitter.com\/widgets.js\" charset=\"utf-8\"><\/script><\/div>\n<p>&nbsp;<\/p>\n<h3>6. Ist es auch Fasten wenn man unfreiwillig darauf verzichtet?<\/h3>\n<div class=\"dbsm-oembed\">\n<blockquote class=\"twitter-tweet\" data-width=\"500\" data-dnt=\"true\">\n<p lang=\"de\" dir=\"ltr\">Heute beginnt die Fastenzeit. Ich \u00fcberlege noch, auf was ich verzichten werde. Am liebsten w\u00e4ren mir ja dumme Menschen, aber bei meinem Gl\u00fcck wird&#39;s wieder nur Sex sein.<\/p>\n<p>&mdash; Nicht Chevy Chase (@DrWaumiau) <a href=\"https:\/\/twitter.com\/DrWaumiau\/status\/1103194962940887040?ref_src=twsrc%5Etfw\">March 6, 2019<\/a><\/p><\/blockquote>\n<p><script async src=\"https:\/\/platform.twitter.com\/widgets.js\" charset=\"utf-8\"><\/script><\/div>\n<p>&nbsp;<\/p>\n<h3>7. Auf Drogen verzichten. Sehr gute Idee. Moment, was?<\/h3>\n<div class=\"dbsm-oembed\">\n<blockquote class=\"twitter-tweet\" data-width=\"500\" data-dnt=\"true\">\n<p lang=\"de\" dir=\"ltr\">Speed-Fasten: <\/p>\n<p>Einfach mal 10 Minuten nichts essen&#8230;<\/p>\n<p>&mdash; Littlewisehen (@littlewisehen) <a href=\"https:\/\/twitter.com\/littlewisehen\/status\/1102942413218332672?ref_src=twsrc%5Etfw\">March 5, 2019<\/a><\/p><\/blockquote>\n<p><script async src=\"https:\/\/platform.twitter.com\/widgets.js\" charset=\"utf-8\"><\/script><\/div>\n<p>&nbsp;<\/p>\n<h3>8. !!!<\/h3>\n<div class=\"dbsm-oembed\">\n<blockquote class=\"twitter-tweet\" data-width=\"500\" data-dnt=\"true\">\n<p lang=\"de\" dir=\"ltr\">Worauf Menschen beim Fasten verzichten:<\/p>\n<p>&#8211; verschiedene Nahrungsmittel<br \/>&#8211; Genuss-\/ Suchtmittel<\/p>\n<p>Worauf Menschen mal verzichten k\u00f6nnten:<\/p>\n<p>&#8211; M\u00fcll einfach liegen lassen<br \/>&#8211; Auto (au\u00dfer es ist absolut notwendig)<br \/>&#8211; Hass jeglicher Art<\/p>\n<p>&mdash; Ursel aus Mais (@Ursel_aus_Mais) <a href=\"https:\/\/twitter.com\/Ursel_aus_Mais\/status\/1103219956433461248?ref_src=twsrc%5Etfw\">March 6, 2019<\/a><\/p><\/blockquote>\n<p><script async src=\"https:\/\/platform.twitter.com\/widgets.js\" charset=\"utf-8\"><\/script><\/div>\n<p>&nbsp;<\/p>\n<h3>9. \u00c4hnlich l\u00e4uft&#8217;s bei mir mit <a href=\"https:\/\/www.thebestsocial.media\/de\/seife-im-mund-16-menschen-die-koriander-abgrundtief-hassen\/\" rel=\"noopener noreferrer\" target=\"_blank\">Koriander<\/a> &#8230;<\/h3>\n<blockquote class=\"twitter-tweet\" data-conversation=\"none\">\n<p lang=\"de\" dir=\"ltr\">Ich nehme mir vor, 40 Tage kein RTL zu kucken.<br \/>Bin heute bei Tag 4380.<br \/>Hey, man soll sich doch realistische Ziele stecken, oder?<\/p>\n<p>&mdash; BScMHB (@BScMHB) <a href=\"https:\/\/twitter.com\/BScMHB\/status\/1103248020068593664?ref_src=twsrc%5Etfw\">March 6, 2019<\/a><\/p><\/blockquote>\n<p> <script async src=\"https:\/\/platform.twitter.com\/widgets.js\" charset=\"utf-8\"><\/script><br \/>\n&nbsp;<\/p>\n<h3>10. H\u00e4? Versteh ich nicht.<\/h3>\n<div class=\"dbsm-oembed\">\n<blockquote class=\"twitter-tweet\" data-width=\"500\" data-dnt=\"true\">\n<p lang=\"de\" dir=\"ltr\">&quot;Ab morgen beginnt die Fastenzeit. Worauf verzichtest Du?&quot;<\/p>\n<p>&quot;Dumme Menschen.&quot;<\/p>\n<p>&quot;Top! Wann treffen wir uns mal?&quot;<\/p>\n<p>&quot;Nicht vor Ostern!&quot;<\/p>\n<p>&mdash; \u00af_(\u30c4)_\/\u00af (@s_ill_e) <a href=\"https:\/\/twitter.com\/s_ill_e\/status\/697120701413789696?ref_src=twsrc%5Etfw\">February 9, 2016<\/a><\/p><\/blockquote>\n<p><script async src=\"https:\/\/platform.twitter.com\/widgets.js\" charset=\"utf-8\"><\/script><\/div>\n<p>&nbsp;<\/p>\n<h3>11. Was f\u00fcr die eigene Psyche machen. Top Idee!<\/h3>\n<div class=\"dbsm-oembed\">\n<blockquote class=\"twitter-tweet\" data-width=\"500\" data-dnt=\"true\">\n<p lang=\"de\" dir=\"ltr\">Vielleicht sollte ich dieses Jahr mal Menschen fasten, die mir nicht gut tun?<\/p>\n<p>&mdash; EinfachmaldieKressehalten! \uea00 (@hexilein123) <a href=\"https:\/\/twitter.com\/hexilein123\/status\/1231912209267163136?ref_src=twsrc%5Etfw\">February 24, 2020<\/a><\/p><\/blockquote>\n<p><script async src=\"https:\/\/platform.twitter.com\/widgets.js\" charset=\"utf-8\"><\/script><\/div>\n<p>&nbsp;<\/p>\n<h3>12. Menschen-Fasten kann man aber auch anders verstehen &#8230;<\/h3>\n<div class=\"dbsm-oembed\">\n<blockquote class=\"twitter-tweet\" data-width=\"500\" data-dnt=\"true\">\n<p lang=\"de\" dir=\"ltr\">Im KiGa. Morgenkreis.<br \/>Erzieher erkl\u00e4ren Fasten und Verzicht.<br \/>&quot;Verzichtet ihr auch auf was?&quot;<\/p>\n<p>Kind: &quot;Ja. Auf menschliche Produkte!&quot;<\/p>\n<p>\ud83d\ude31\ud83d\ude31\ud83d\ude31<br \/>(Gemeint waren Popel und Fingern\u00e4gelkauen)<\/p>\n<p>&mdash; Max (@Karachow_) <a href=\"https:\/\/twitter.com\/Karachow_\/status\/1103933518042685442?ref_src=twsrc%5Etfw\">March 8, 2019<\/a><\/p><\/blockquote>\n<p><script async src=\"https:\/\/platform.twitter.com\/widgets.js\" charset=\"utf-8\"><\/script><\/div>\n<p>&nbsp;<\/p>\n<h3>13. Zu seiner Verteidigung: Das ist aber auch ein beschissenes Spiel!<\/h3>\n<div class=\"dbsm-oembed\">\n<blockquote class=\"twitter-tweet\" data-width=\"500\" data-dnt=\"true\">\n<p lang=\"de\" dir=\"ltr\">Ich:<br \/>[Erkl\u00e4re Fastenzeit]<br \/>&quot;Wollen wir das auch mal versuchen und z.B. auf S\u00fc\u00dfigkeiten verzichten?&quot;<\/p>\n<p>K1: <br \/>&quot;Mama, ich verstehe das Spiel nicht.&quot;<\/p>\n<p>Und vielleicht kann der Mann nie wieder aufh\u00f6ren zu lachen.<\/p>\n<p>&mdash; FrauZause (@zaus_e) <a href=\"https:\/\/twitter.com\/zaus_e\/status\/1102817033522241536?ref_src=twsrc%5Etfw\">March 5, 2019<\/a><\/p><\/blockquote>\n<p><script async src=\"https:\/\/platform.twitter.com\/widgets.js\" charset=\"utf-8\"><\/script><\/div>\n<p>&nbsp;<\/p>\n<h3>14. Kein J\u00e4germeister mehr vor dem Sandm\u00e4nnchen &#8230;<\/h3>\n<div class=\"dbsm-oembed\">\n<blockquote class=\"twitter-tweet\" data-width=\"500\" data-dnt=\"true\">\n<p lang=\"de\" dir=\"ltr\">Erkl\u00e4re den Kindern, was Fastenzeit bedeutet. Der F\u00fcnfj\u00e4hrige beschlie\u00dft, dass er auf Alkohol und Brokkoli verzichten will.<br \/>Das wird hart.<\/p>\n<p>&mdash; @FrauZeitlos@mastodon.social (@FrauZeitlos) <a href=\"https:\/\/twitter.com\/FrauZeitlos\/status\/1102584921611210754?ref_src=twsrc%5Etfw\">March 4, 2019<\/a><\/p><\/blockquote>\n<p><script async src=\"https:\/\/platform.twitter.com\/widgets.js\" charset=\"utf-8\"><\/script><\/div>\n<p>&nbsp;<\/p>\n<h3>15. G\u00f6nnjamin!<\/h3>\n<div class=\"dbsm-oembed\">\n<blockquote class=\"twitter-tweet\" data-width=\"500\" data-dnt=\"true\">\n<p lang=\"de\" dir=\"ltr\">Ich habe kurz \u00fcberlegt, beim Fasten mitzumachen, aber dann ist mir eingefallen, dass ich ohnehin schon das ganze Jahr auf Schlaf, Freizeit und Selbstbestimmung verzichte.<\/p>\n<p>Werde mir nun stattdessen jeden Tag etwas nur f\u00fcr mich g\u00f6nnen.<\/p>\n<p>&mdash; magentablau (@magentablau) <a href=\"https:\/\/twitter.com\/magentablau\/status\/1103586069755412481?ref_src=twsrc%5Etfw\">March 7, 2019<\/a><\/p><\/blockquote>\n<p><script async src=\"https:\/\/platform.twitter.com\/widgets.js\" charset=\"utf-8\"><\/script><\/div>\n<p>&nbsp;<\/p>\n<h3>16. Never forget, der Thomas:<\/h3>\n<div class=\"dbsm-oembed\">\n<blockquote class=\"twitter-tweet\" data-width=\"500\" data-dnt=\"true\">\n<p lang=\"de\" dir=\"ltr\">Ich habe lautstark angek\u00fcndigt, in der Fastenzeit keinen Alkohol zu trinken. Jetzt steh ich da mit meinen Versprechungen und fange an Martin Schulz zu verstehen!<\/p>\n<p>&mdash; Thomas Gottschalk (@herbstblond) <a href=\"https:\/\/twitter.com\/herbstblond\/status\/961887658329956352?ref_src=twsrc%5Etfw\">February 9, 2018<\/a><\/p><\/blockquote>\n<p><script async src=\"https:\/\/platform.twitter.com\/widgets.js\" charset=\"utf-8\"><\/script><\/div>\n<p>&nbsp;<\/p>\n<h3>17. So handhaben wir das hier auch. <\/h3>\n<div class=\"dbsm-oembed\">\n<blockquote class=\"twitter-tweet\" data-width=\"500\" data-dnt=\"true\">\n<p lang=\"de\" dir=\"ltr\">Werde jetzt 40 Tage auf Fasten verzichten.<\/p>\n<p>&mdash; Der Adler (@AdlerReloaded) <a href=\"https:\/\/twitter.com\/AdlerReloaded\/status\/1103920285458165766?ref_src=twsrc%5Etfw\">March 8, 2019<\/a><\/p><\/blockquote>\n<p><script async src=\"https:\/\/platform.twitter.com\/widgets.js\" charset=\"utf-8\"><\/script><\/div>\n<p>&nbsp;<\/p>\n<h3>18. Wir w\u00fcrden es uns w\u00fcnschen!!!<\/h3>\n<div class=\"dbsm-oembed\">\n<blockquote class=\"twitter-tweet\" data-width=\"500\" data-dnt=\"true\">\n<p lang=\"de\" dir=\"ltr\">In f\u00fcnf Tagen beginnt die Fastenzeit, wie w\u00e4rs wenn dieses Land mal auf Rassismus verzichtet, vorzugsweise f\u00fcr immer.<\/p>\n<p>&mdash; JuleLobo (@JuleWasabi) <a href=\"https:\/\/twitter.com\/JuleWasabi\/status\/1230781415316492289?ref_src=twsrc%5Etfw\">February 21, 2020<\/a><\/p><\/blockquote>\n<p><script async src=\"https:\/\/platform.twitter.com\/widgets.js\" charset=\"utf-8\"><\/script><\/div>\n<p>\u2014\u2014<br \/>\nDanke an alle f\u00fcr die Postings! \u2764\ufe0f<br \/>\n\u2014\u2014<br \/>\n<strong>Keine Influencer! Kein Foodporn! Nur ganz viel Spa\u00df &#8211; bei uns auf Instagram:<\/strong><br \/>\nhttps:\/\/www.instagram.com\/p\/B7ES424F4bJ\/<\/p>\n","protected":false},"excerpt":{"rendered":"<p>Fasten. Laut Duden &#8222;sich f\u00fcr eine bestimmte Zeit ganz oder teilweise der Nahrung enthalten oder auf den Genuss bestimmter Speisen verzichten.&#8220; Im christlichen Glauben vor&#8230;<\/p>\n","protected":false},"author":65,"featured_media":117542,"comment_status":"open","ping_status":"open","sticky":false,"template":"","format":"standard","meta":{"_acf_changed":false,"footnotes":""},"categories":[106],"tags":[2506,3772,382,3771],"class_list":["post-117504","post","type-post","status-publish","format-standard","has-post-thumbnail","hentry","category-best-of","tag-fasten","tag-fastenzeit","tag-ostern","tag-verzicht"],"acf":[],"yoast_head":"<!-- This site is optimized with the Yoast SEO plugin v27.5 - https:\/\/yoast.com\/product\/yoast-seo-wordpress\/ -->\n<title>18 Menschen, die Fasten fast perfektionieren - The Best Social Media DE<\/title>\n<meta name=\"description\" content=\"Fasten. Laut Duden &quot;sich f\u00fcr eine bestimmte Zeit ganz oder teilweise der Nahrung enthalten oder auf den Genuss bestimmter Speisen verzichten.&quot;\" \/>\n<meta name=\"robots\" content=\"index, follow, max-snippet:-1, max-image-preview:large, max-video-preview:-1\" \/>\n<link rel=\"canonical\" href=\"https:\/\/www.thebestsocial.media\/de\/18-menschen-die-das-mit-dem-fasten-mehr-oder-weniger-perfekt-hinbekommen\/\" \/>\n<meta property=\"og:locale\" content=\"de_DE\" \/>\n<meta property=\"og:type\" content=\"article\" \/>\n<meta property=\"og:title\" content=\"18 Menschen, die das mit dem Fasten mehr oder weniger perfekt hinbekommen\" \/>\n<meta property=\"og:description\" content=\"Fasten. Laut Duden &quot;sich f\u00fcr eine bestimmte Zeit ganz oder teilweise der Nahrung enthalten oder auf den Genuss bestimmter Speisen verzichten.&quot;\" \/>\n<meta property=\"og:url\" content=\"https:\/\/www.thebestsocial.media\/de\/18-menschen-die-das-mit-dem-fasten-mehr-oder-weniger-perfekt-hinbekommen\/\" \/>\n<meta property=\"og:site_name\" content=\"The Best Social Media DE\" \/>\n<meta property=\"article:published_time\" content=\"2020-02-26T15:34:46+00:00\" \/>\n<meta property=\"og:image\" content=\"https:\/\/www.thebestsocial.media\/de\/wp-content\/uploads\/sites\/3\/2020\/02\/Fasten-FB.png\" \/>\n\t<meta property=\"og:image:width\" content=\"1200\" \/>\n\t<meta property=\"og:image:height\" content=\"628\" \/>\n\t<meta property=\"og:image:type\" content=\"image\/png\" \/>\n<meta name=\"author\" content=\"Jan\" \/>\n<meta name=\"twitter:card\" content=\"summary_large_image\" \/>\n<meta name=\"twitter:label1\" content=\"Verfasst von\" \/>\n\t<meta name=\"twitter:data1\" content=\"Jan\" \/>\n\t<meta name=\"twitter:label2\" content=\"Gesch\u00e4tzte Lesezeit\" \/>\n\t<meta name=\"twitter:data2\" content=\"2\u00a0Minuten\" \/>\n<script type=\"application\/ld+json\" class=\"yoast-schema-graph\">{\"@context\":\"https:\\\/\\\/schema.org\",\"@graph\":[{\"@type\":\"Article\",\"@id\":\"https:\\\/\\\/www.thebestsocial.media\\\/de\\\/18-menschen-die-das-mit-dem-fasten-mehr-oder-weniger-perfekt-hinbekommen\\\/#article\",\"isPartOf\":{\"@id\":\"https:\\\/\\\/www.thebestsocial.media\\\/de\\\/18-menschen-die-das-mit-dem-fasten-mehr-oder-weniger-perfekt-hinbekommen\\\/\"},\"author\":{\"name\":\"Jan\",\"@id\":\"https:\\\/\\\/www.thebestsocial.media\\\/de\\\/#\\\/schema\\\/person\\\/03b8d8d2905b97b499c8e0808b724821\"},\"headline\":\"18 Menschen, die das mit dem Fasten mehr oder weniger perfekt hinbekommen\",\"datePublished\":\"2020-02-26T15:34:46+00:00\",\"mainEntityOfPage\":{\"@id\":\"https:\\\/\\\/www.thebestsocial.media\\\/de\\\/18-menschen-die-das-mit-dem-fasten-mehr-oder-weniger-perfekt-hinbekommen\\\/\"},\"wordCount\":368,\"commentCount\":0,\"image\":{\"@id\":\"https:\\\/\\\/www.thebestsocial.media\\\/de\\\/18-menschen-die-das-mit-dem-fasten-mehr-oder-weniger-perfekt-hinbekommen\\\/#primaryimage\"},\"thumbnailUrl\":\"https:\\\/\\\/www.thebestsocial.media\\\/de\\\/wp-content\\\/uploads\\\/sites\\\/3\\\/2020\\\/02\\\/fasten-art.png\",\"keywords\":[\"Fasten\",\"Fastenzeit\",\"ostern\",\"Verzicht\"],\"articleSection\":[\"Best of\"],\"inLanguage\":\"de\",\"potentialAction\":[{\"@type\":\"CommentAction\",\"name\":\"Comment\",\"target\":[\"https:\\\/\\\/www.thebestsocial.media\\\/de\\\/18-menschen-die-das-mit-dem-fasten-mehr-oder-weniger-perfekt-hinbekommen\\\/#respond\"]}]},{\"@type\":\"WebPage\",\"@id\":\"https:\\\/\\\/www.thebestsocial.media\\\/de\\\/18-menschen-die-das-mit-dem-fasten-mehr-oder-weniger-perfekt-hinbekommen\\\/\",\"url\":\"https:\\\/\\\/www.thebestsocial.media\\\/de\\\/18-menschen-die-das-mit-dem-fasten-mehr-oder-weniger-perfekt-hinbekommen\\\/\",\"name\":\"18 Menschen, die Fasten fast perfektionieren - The Best Social Media DE\",\"isPartOf\":{\"@id\":\"https:\\\/\\\/www.thebestsocial.media\\\/de\\\/#website\"},\"primaryImageOfPage\":{\"@id\":\"https:\\\/\\\/www.thebestsocial.media\\\/de\\\/18-menschen-die-das-mit-dem-fasten-mehr-oder-weniger-perfekt-hinbekommen\\\/#primaryimage\"},\"image\":{\"@id\":\"https:\\\/\\\/www.thebestsocial.media\\\/de\\\/18-menschen-die-das-mit-dem-fasten-mehr-oder-weniger-perfekt-hinbekommen\\\/#primaryimage\"},\"thumbnailUrl\":\"https:\\\/\\\/www.thebestsocial.media\\\/de\\\/wp-content\\\/uploads\\\/sites\\\/3\\\/2020\\\/02\\\/fasten-art.png\",\"datePublished\":\"2020-02-26T15:34:46+00:00\",\"author\":{\"@id\":\"https:\\\/\\\/www.thebestsocial.media\\\/de\\\/#\\\/schema\\\/person\\\/03b8d8d2905b97b499c8e0808b724821\"},\"description\":\"Fasten. Laut Duden \\\"sich f\u00fcr eine bestimmte Zeit ganz oder teilweise der Nahrung enthalten oder auf den Genuss bestimmter Speisen verzichten.\\\"\",\"breadcrumb\":{\"@id\":\"https:\\\/\\\/www.thebestsocial.media\\\/de\\\/18-menschen-die-das-mit-dem-fasten-mehr-oder-weniger-perfekt-hinbekommen\\\/#breadcrumb\"},\"inLanguage\":\"de\",\"potentialAction\":[{\"@type\":\"ReadAction\",\"target\":[\"https:\\\/\\\/www.thebestsocial.media\\\/de\\\/18-menschen-die-das-mit-dem-fasten-mehr-oder-weniger-perfekt-hinbekommen\\\/\"]}]},{\"@type\":\"ImageObject\",\"inLanguage\":\"de\",\"@id\":\"https:\\\/\\\/www.thebestsocial.media\\\/de\\\/18-menschen-die-das-mit-dem-fasten-mehr-oder-weniger-perfekt-hinbekommen\\\/#primaryimage\",\"url\":\"https:\\\/\\\/www.thebestsocial.media\\\/de\\\/wp-content\\\/uploads\\\/sites\\\/3\\\/2020\\\/02\\\/fasten-art.png\",\"contentUrl\":\"https:\\\/\\\/www.thebestsocial.media\\\/de\\\/wp-content\\\/uploads\\\/sites\\\/3\\\/2020\\\/02\\\/fasten-art.png\",\"width\":1200,\"height\":628},{\"@type\":\"BreadcrumbList\",\"@id\":\"https:\\\/\\\/www.thebestsocial.media\\\/de\\\/18-menschen-die-das-mit-dem-fasten-mehr-oder-weniger-perfekt-hinbekommen\\\/#breadcrumb\",\"itemListElement\":[{\"@type\":\"ListItem\",\"position\":1,\"name\":\"Home\",\"item\":\"https:\\\/\\\/www.thebestsocial.media\\\/de\\\/\"},{\"@type\":\"ListItem\",\"position\":2,\"name\":\"18 Menschen, die das mit dem Fasten mehr oder weniger perfekt hinbekommen\"}]},{\"@type\":\"WebSite\",\"@id\":\"https:\\\/\\\/www.thebestsocial.media\\\/de\\\/#website\",\"url\":\"https:\\\/\\\/www.thebestsocial.media\\\/de\\\/\",\"name\":\"The Best Social Media DE\",\"description\":\"\",\"potentialAction\":[{\"@type\":\"SearchAction\",\"target\":{\"@type\":\"EntryPoint\",\"urlTemplate\":\"https:\\\/\\\/www.thebestsocial.media\\\/de\\\/?s={search_term_string}\"},\"query-input\":{\"@type\":\"PropertyValueSpecification\",\"valueRequired\":true,\"valueName\":\"search_term_string\"}}],\"inLanguage\":\"de\"},{\"@type\":\"Person\",\"@id\":\"https:\\\/\\\/www.thebestsocial.media\\\/de\\\/#\\\/schema\\\/person\\\/03b8d8d2905b97b499c8e0808b724821\",\"name\":\"Jan\",\"image\":{\"@type\":\"ImageObject\",\"inLanguage\":\"de\",\"@id\":\"https:\\\/\\\/secure.gravatar.com\\\/avatar\\\/6977c5e4d81f2a717dcf76e5e74d7a00b583f3f83a2b00830dedfc799d928343?s=96&d=mm&r=g\",\"url\":\"https:\\\/\\\/secure.gravatar.com\\\/avatar\\\/6977c5e4d81f2a717dcf76e5e74d7a00b583f3f83a2b00830dedfc799d928343?s=96&d=mm&r=g\",\"contentUrl\":\"https:\\\/\\\/secure.gravatar.com\\\/avatar\\\/6977c5e4d81f2a717dcf76e5e74d7a00b583f3f83a2b00830dedfc799d928343?s=96&d=mm&r=g\",\"caption\":\"Jan\"},\"description\":\"Wohnt in M\u00fcnchen, hat aber bis heute keine Ahnung, wie er dort gelandet ist. W\u00fcnscht sich manchmal eine dritte Stimme im Kopf, die ihn davon abh\u00e4lt, auszusprechen, was er gerade denkt. Mag Sport und jeden Kartoffelchip einzeln zu essen. Hasst es, sich auf neue Duschen einstellen zu m\u00fcssen. In einer Beziehung mit Social Media \u2013 aber es ist kompliziert.\",\"url\":\"https:\\\/\\\/www.thebestsocial.media\\\/de\\\/author\\\/janhorstkoetter\\\/\"}]}<\/script>\n<!-- \/ Yoast SEO plugin. -->","yoast_head_json":{"title":"18 Menschen, die Fasten fast perfektionieren - The Best Social Media DE","description":"Fasten. Laut Duden \"sich f\u00fcr eine bestimmte Zeit ganz oder teilweise der Nahrung enthalten oder auf den Genuss bestimmter Speisen verzichten.\"","robots":{"index":"index","follow":"follow","max-snippet":"max-snippet:-1","max-image-preview":"max-image-preview:large","max-video-preview":"max-video-preview:-1"},"canonical":"https:\/\/www.thebestsocial.media\/de\/18-menschen-die-das-mit-dem-fasten-mehr-oder-weniger-perfekt-hinbekommen\/","og_locale":"de_DE","og_type":"article","og_title":"18 Menschen, die das mit dem Fasten mehr oder weniger perfekt hinbekommen","og_description":"Fasten. Laut Duden \"sich f\u00fcr eine bestimmte Zeit ganz oder teilweise der Nahrung enthalten oder auf den Genuss bestimmter Speisen verzichten.\"","og_url":"https:\/\/www.thebestsocial.media\/de\/18-menschen-die-das-mit-dem-fasten-mehr-oder-weniger-perfekt-hinbekommen\/","og_site_name":"The Best Social Media DE","article_published_time":"2020-02-26T15:34:46+00:00","og_image":[{"width":1200,"height":628,"url":"https:\/\/www.thebestsocial.media\/de\/wp-content\/uploads\/sites\/3\/2020\/02\/Fasten-FB.png","type":"image\/png"}],"author":"Jan","twitter_card":"summary_large_image","twitter_misc":{"Verfasst von":"Jan","Gesch\u00e4tzte Lesezeit":"2\u00a0Minuten"},"schema":{"@context":"https:\/\/schema.org","@graph":[{"@type":"Article","@id":"https:\/\/www.thebestsocial.media\/de\/18-menschen-die-das-mit-dem-fasten-mehr-oder-weniger-perfekt-hinbekommen\/#article","isPartOf":{"@id":"https:\/\/www.thebestsocial.media\/de\/18-menschen-die-das-mit-dem-fasten-mehr-oder-weniger-perfekt-hinbekommen\/"},"author":{"name":"Jan","@id":"https:\/\/www.thebestsocial.media\/de\/#\/schema\/person\/03b8d8d2905b97b499c8e0808b724821"},"headline":"18 Menschen, die das mit dem Fasten mehr oder weniger perfekt hinbekommen","datePublished":"2020-02-26T15:34:46+00:00","mainEntityOfPage":{"@id":"https:\/\/www.thebestsocial.media\/de\/18-menschen-die-das-mit-dem-fasten-mehr-oder-weniger-perfekt-hinbekommen\/"},"wordCount":368,"commentCount":0,"image":{"@id":"https:\/\/www.thebestsocial.media\/de\/18-menschen-die-das-mit-dem-fasten-mehr-oder-weniger-perfekt-hinbekommen\/#primaryimage"},"thumbnailUrl":"https:\/\/www.thebestsocial.media\/de\/wp-content\/uploads\/sites\/3\/2020\/02\/fasten-art.png","keywords":["Fasten","Fastenzeit","ostern","Verzicht"],"articleSection":["Best of"],"inLanguage":"de","potentialAction":[{"@type":"CommentAction","name":"Comment","target":["https:\/\/www.thebestsocial.media\/de\/18-menschen-die-das-mit-dem-fasten-mehr-oder-weniger-perfekt-hinbekommen\/#respond"]}]},{"@type":"WebPage","@id":"https:\/\/www.thebestsocial.media\/de\/18-menschen-die-das-mit-dem-fasten-mehr-oder-weniger-perfekt-hinbekommen\/","url":"https:\/\/www.thebestsocial.media\/de\/18-menschen-die-das-mit-dem-fasten-mehr-oder-weniger-perfekt-hinbekommen\/","name":"18 Menschen, die Fasten fast perfektionieren - The Best Social Media DE","isPartOf":{"@id":"https:\/\/www.thebestsocial.media\/de\/#website"},"primaryImageOfPage":{"@id":"https:\/\/www.thebestsocial.media\/de\/18-menschen-die-das-mit-dem-fasten-mehr-oder-weniger-perfekt-hinbekommen\/#primaryimage"},"image":{"@id":"https:\/\/www.thebestsocial.media\/de\/18-menschen-die-das-mit-dem-fasten-mehr-oder-weniger-perfekt-hinbekommen\/#primaryimage"},"thumbnailUrl":"https:\/\/www.thebestsocial.media\/de\/wp-content\/uploads\/sites\/3\/2020\/02\/fasten-art.png","datePublished":"2020-02-26T15:34:46+00:00","author":{"@id":"https:\/\/www.thebestsocial.media\/de\/#\/schema\/person\/03b8d8d2905b97b499c8e0808b724821"},"description":"Fasten. Laut Duden \"sich f\u00fcr eine bestimmte Zeit ganz oder teilweise der Nahrung enthalten oder auf den Genuss bestimmter Speisen verzichten.\"","breadcrumb":{"@id":"https:\/\/www.thebestsocial.media\/de\/18-menschen-die-das-mit-dem-fasten-mehr-oder-weniger-perfekt-hinbekommen\/#breadcrumb"},"inLanguage":"de","potentialAction":[{"@type":"ReadAction","target":["https:\/\/www.thebestsocial.media\/de\/18-menschen-die-das-mit-dem-fasten-mehr-oder-weniger-perfekt-hinbekommen\/"]}]},{"@type":"ImageObject","inLanguage":"de","@id":"https:\/\/www.thebestsocial.media\/de\/18-menschen-die-das-mit-dem-fasten-mehr-oder-weniger-perfekt-hinbekommen\/#primaryimage","url":"https:\/\/www.thebestsocial.media\/de\/wp-content\/uploads\/sites\/3\/2020\/02\/fasten-art.png","contentUrl":"https:\/\/www.thebestsocial.media\/de\/wp-content\/uploads\/sites\/3\/2020\/02\/fasten-art.png","width":1200,"height":628},{"@type":"BreadcrumbList","@id":"https:\/\/www.thebestsocial.media\/de\/18-menschen-die-das-mit-dem-fasten-mehr-oder-weniger-perfekt-hinbekommen\/#breadcrumb","itemListElement":[{"@type":"ListItem","position":1,"name":"Home","item":"https:\/\/www.thebestsocial.media\/de\/"},{"@type":"ListItem","position":2,"name":"18 Menschen, die das mit dem Fasten mehr oder weniger perfekt hinbekommen"}]},{"@type":"WebSite","@id":"https:\/\/www.thebestsocial.media\/de\/#website","url":"https:\/\/www.thebestsocial.media\/de\/","name":"The Best Social Media DE","description":"","potentialAction":[{"@type":"SearchAction","target":{"@type":"EntryPoint","urlTemplate":"https:\/\/www.thebestsocial.media\/de\/?s={search_term_string}"},"query-input":{"@type":"PropertyValueSpecification","valueRequired":true,"valueName":"search_term_string"}}],"inLanguage":"de"},{"@type":"Person","@id":"https:\/\/www.thebestsocial.media\/de\/#\/schema\/person\/03b8d8d2905b97b499c8e0808b724821","name":"Jan","image":{"@type":"ImageObject","inLanguage":"de","@id":"https:\/\/secure.gravatar.com\/avatar\/6977c5e4d81f2a717dcf76e5e74d7a00b583f3f83a2b00830dedfc799d928343?s=96&d=mm&r=g","url":"https:\/\/secure.gravatar.com\/avatar\/6977c5e4d81f2a717dcf76e5e74d7a00b583f3f83a2b00830dedfc799d928343?s=96&d=mm&r=g","contentUrl":"https:\/\/secure.gravatar.com\/avatar\/6977c5e4d81f2a717dcf76e5e74d7a00b583f3f83a2b00830dedfc799d928343?s=96&d=mm&r=g","caption":"Jan"},"description":"Wohnt in M\u00fcnchen, hat aber bis heute keine Ahnung, wie er dort gelandet ist. W\u00fcnscht sich manchmal eine dritte Stimme im Kopf, die ihn davon abh\u00e4lt, auszusprechen, was er gerade denkt. Mag Sport und jeden Kartoffelchip einzeln zu essen. Hasst es, sich auf neue Duschen einstellen zu m\u00fcssen. In einer Beziehung mit Social Media \u2013 aber es ist kompliziert.","url":"https:\/\/www.thebestsocial.media\/de\/author\/janhorstkoetter\/"}]}},"amp_enabled":true,"_links":{"self":[{"href":"https:\/\/www.thebestsocial.media\/de\/wp-json\/wp\/v2\/posts\/117504","targetHints":{"allow":["GET"]}}],"collection":[{"href":"https:\/\/www.thebestsocial.media\/de\/wp-json\/wp\/v2\/posts"}],"about":[{"href":"https:\/\/www.thebestsocial.media\/de\/wp-json\/wp\/v2\/types\/post"}],"author":[{"embeddable":true,"href":"https:\/\/www.thebestsocial.media\/de\/wp-json\/wp\/v2\/users\/65"}],"replies":[{"embeddable":true,"href":"https:\/\/www.thebestsocial.media\/de\/wp-json\/wp\/v2\/comments?post=117504"}],"version-history":[{"count":3,"href":"https:\/\/www.thebestsocial.media\/de\/wp-json\/wp\/v2\/posts\/117504\/revisions"}],"predecessor-version":[{"id":117544,"href":"https:\/\/www.thebestsocial.media\/de\/wp-json\/wp\/v2\/posts\/117504\/revisions\/117544"}],"wp:featuredmedia":[{"embeddable":true,"href":"https:\/\/www.thebestsocial.media\/de\/wp-json\/wp\/v2\/media\/117542"}],"wp:attachment":[{"href":"https:\/\/www.thebestsocial.media\/de\/wp-json\/wp\/v2\/media?parent=117504"}],"wp:term":[{"taxonomy":"category","embeddable":true,"href":"https:\/\/www.thebestsocial.media\/de\/wp-json\/wp\/v2\/categories?post=117504"},{"taxonomy":"post_tag","embeddable":true,"href":"https:\/\/www.thebestsocial.media\/de\/wp-json\/wp\/v2\/tags?post=117504"}],"curies":[{"name":"wp","href":"https:\/\/api.w.org\/{rel}","templated":true}]}}