{"id":117465,"date":"2020-02-25T10:17:53","date_gmt":"2020-02-25T10:17:53","guid":{"rendered":"https:\/\/www.thebestsocial.media\/de\/?p=117465"},"modified":"2020-02-25T10:17:53","modified_gmt":"2020-02-25T10:17:53","slug":"merz-und-amthor-schaffen-es-mit-nur-einem-auftritt-das-internet-auf-den-kopf-zu-stellen","status":"publish","type":"post","link":"https:\/\/www.thebestsocial.media\/de\/merz-und-amthor-schaffen-es-mit-nur-einem-auftritt-das-internet-auf-den-kopf-zu-stellen\/","title":{"rendered":"Merz und Amthor schaffen es mit nur einem Auftritt, das Internet auf den Kopf zu stellen"},"content":{"rendered":"<p>Am Montagabend waren die CDU-Politiker Friedrich Merz und Philipp Amthor in Ueckerm\u00fcnde beim traditionellen Heringsessen zu Gast. Ein ganz normaler Politiker-Auftritt. <a href=\"https:\/\/www.thebestsocial.media\/de\/zerstoerung-der-cdu-ja-lol-ey-philipp-amthor-hat-jetzt-instagram\/\" rel=\"noopener noreferrer\" target=\"_blank\">Ja lol ey<\/a>, k\u00f6nnte man meinen. Es wurden nur ein paar Fotos gemacht. K\u00f6nnte man meinen. Niemand ist in ein Fettn\u00e4pfchen getreten. K\u00f6nnte man meinen. Der Abend resultierte nicht nur in zahlreichen Memes. Friedrich Merz schaffte es auch eindrucksvoll vorzuf\u00fchren, dass CDU-Politiker Facebook einfach immer noch nicht verstanden haben \u2026<br \/>\n&nbsp;<\/p>\n<h3>1. So, kommen wir zu Quintessenz. An wen erinnern uns die beiden denn?<\/h3>\n<p>https:\/\/twitter.com\/LillyBlaudszun\/status\/1232055660835196930<br \/>\n&nbsp;<\/p>\n<h3>2. Jo, Phipps, wetten du bekommst keinen ganzen Sack voll M\u00fcnzen auf einmal in den Mund?<\/h3>\n<blockquote class=\"twitter-tweet\" data-conversation=\"none\">\n<p lang=\"de\" dir=\"ltr\">glaube philipp will mecklenburg vorpommern essen und nicht cdu mv vorsitzender werden <a href=\"https:\/\/t.co\/wSygOhx5PQ\">pic.twitter.com\/wSygOhx5PQ<\/a><\/p>\n<p>&mdash; Lilly Blaudszun (@LillyBlaudszun) <a href=\"https:\/\/twitter.com\/LillyBlaudszun\/status\/1232056000989057025?ref_src=twsrc%5Etfw\">February 24, 2020<\/a><\/p><\/blockquote>\n<p> <script async src=\"https:\/\/platform.twitter.com\/widgets.js\" charset=\"utf-8\"><\/script><br \/>\n&nbsp;<\/p>\n<h3>3. C. Montgomery Merz.<\/h3>\n<blockquote class=\"twitter-tweet\" data-conversation=\"none\">\n<p lang=\"und\" dir=\"ltr\"> <a href=\"https:\/\/t.co\/9penRxcOKv\">pic.twitter.com\/9penRxcOKv<\/a><\/p>\n<p>&mdash; Niklas Willma (@niklaswillma_eu) <a href=\"https:\/\/twitter.com\/niklaswillma_eu\/status\/1232056216781615104?ref_src=twsrc%5Etfw\">February 24, 2020<\/a><\/p><\/blockquote>\n<p> <script async src=\"https:\/\/platform.twitter.com\/widgets.js\" charset=\"utf-8\"><\/script><br \/>\n&nbsp;<\/p>\n<h3>4. Eine gewisse \u00c4hnlichkeit l\u00e4sst sich wirklich kaum abstreiten \u2026<\/h3>\n<div class=\"dbsm-oembed\">\n<blockquote class=\"reddit-embed-bq\" style=\"height:500px\" ><p><a href=\"https:\/\/www.reddit.com\/r\/de\/comments\/f904xl\/original_und_f\u00e4lschung_ii\/\">Original und F\u00e4lschung (II)<\/a><br \/> by<a href=\"\"><\/a> in<a href=\"https:\/\/www.reddit.com\/r\/de\/\">de<\/a><\/p><\/blockquote>\n<p><script async src=\"https:\/\/embed.reddit.com\/widgets.js\" charset=\"UTF-8\"><\/script><\/div>\n<p>&nbsp;<\/p>\n<h3>5. Wir erinnern uns zur\u00fcck an das erste Treffen der beiden:<\/h3>\n<p>https:\/\/twitter.com\/gleichhalb9\/status\/1231201341638422528<br \/>\n&nbsp;<\/p>\n<h3>6. Oder wollten sie an diesem Abend doch eher das machen, was sie jeden Abend machen? Die Weltherrschaft an sich rei\u00dfen!<\/h3>\n<div class=\"dbsm-oembed\">\n<blockquote class=\"reddit-embed-bq\" style=\"height:500px\" ><p><a href=\"https:\/\/www.reddit.com\/r\/de\/comments\/f8z0pj\/original_und_f\u00e4lschung\/\">Original und F\u00e4lschung!<\/a><br \/> by<a href=\"https:\/\/www.reddit.com\/user\/Internetminister\/\">u\/Internetminister<\/a> in<a href=\"https:\/\/www.reddit.com\/r\/de\/\">de<\/a><\/p><\/blockquote>\n<p><script async src=\"https:\/\/embed.reddit.com\/widgets.js\" charset=\"UTF-8\"><\/script><\/div>\n<p>&nbsp;<\/p>\n<h3>7. Denn das l\u00e4uft bislang einfach supi!<\/h3>\n<div class=\"dbsm-oembed\">\n<blockquote class=\"twitter-tweet\" data-width=\"500\" data-dnt=\"true\">\n<p lang=\"de\" dir=\"ltr\">Bei den Unter-30-J\u00e4hrigen holt die CDU sieben Prozent.<br \/>Philipp Amthor holt die Kids einfach ab.<a href=\"https:\/\/twitter.com\/hashtag\/Hamburgwahl?src=hash&amp;ref_src=twsrc%5Etfw\">#Hamburgwahl<\/a><\/p>\n<p>&mdash; ZDF heute-show (@heuteshow) <a href=\"https:\/\/twitter.com\/heuteshow\/status\/1231637463191425024?ref_src=twsrc%5Etfw\">February 23, 2020<\/a><\/p><\/blockquote>\n<p><script async src=\"https:\/\/platform.twitter.com\/widgets.js\" charset=\"utf-8\"><\/script><\/div>\n<p>&nbsp;<\/p>\n<h3>8. Wobei \u2026 es k\u00f6nnte sich vielleicht doch schwieriger gestalten als gedacht. Da war doch was:<\/h3>\n<div class=\"dbsm-oembed\">\n<blockquote class=\"twitter-tweet\" data-width=\"500\" data-dnt=\"true\">\n<p lang=\"de\" dir=\"ltr\">Friedrich Merz wird von Til Schweiger unterst\u00fctzt und ich glaube, sp\u00e4testens davon wird sich Friedrich Merz nicht mehr erholen.<\/p>\n<p>&mdash; Nico Semsrott (@nicosemsrott) <a href=\"https:\/\/twitter.com\/nicosemsrott\/status\/1228991226537480192?ref_src=twsrc%5Etfw\">February 16, 2020<\/a><\/p><\/blockquote>\n<p><script async src=\"https:\/\/platform.twitter.com\/widgets.js\" charset=\"utf-8\"><\/script><\/div>\n<p>&nbsp;<\/p>\n<h3>9. Friedrich Merz hat jedenfalls einen perfiden Plan: Erstmal rausfinden, wie dieses Facebook funktioniert &#8230;<\/h3>\n<div class=\"dbsm-oembed\">\n<blockquote class=\"twitter-tweet\" data-width=\"500\" data-dnt=\"true\">\n<p lang=\"und\" dir=\"ltr\">WAS <a href=\"https:\/\/t.co\/MgxvdkCvHX\">pic.twitter.com\/MgxvdkCvHX<\/a><\/p>\n<p>&mdash; Marco Fuchs (@MarcoFuchs74) <a href=\"https:\/\/twitter.com\/MarcoFuchs74\/status\/1232039947936333825?ref_src=twsrc%5Etfw\">February 24, 2020<\/a><\/p><\/blockquote>\n<p><script async src=\"https:\/\/platform.twitter.com\/widgets.js\" charset=\"utf-8\"><\/script><\/div>\n<p><a href=\"https:\/\/www.facebook.com\/MerzCDU\/posts\/650045799101803?__xts__[0]=68.ARCTXkjYjZmLEFqg5QqKbnvCJdMBIDFtfOan3wSmX6JkzGKMpUSJD3-iQMTEUCmLPhPJZfEUM4bKWyk47gZsX56QLOjSWn2PJDaIHB6HMYpFfEGwDsiek5X2MQOHnftjkojPEueQujEFJcRZAsQBnqJqjuZwPpd1gpVhceuSQpT4FPZeVoP7rmxrJ2rH_a9-5RHW_5pZpZrkZF1wnSe7IzOFQP8NQV5zKlvPWg2fOGWbS-LTuI99zYPFC0G9eiTWALjqX6dzypWoSoLprg2lGkSUhhrSGKpF8qNvBih4vKsUIVW5UmCmNGs9yAHUFVrzcVoNtPQREPNJP8ZnLBc&#038;__tn__=-R\" rel=\"noopener noreferrer\" target=\"_blank\">Original-Post<\/a><br \/>\n&nbsp;<\/p>\n<h3>10. So einen Post l\u00f6schen? N\u00e4\u00e4\u00e4\u00e4\u00e4! Bearbeiten, damit jeder den Ursprungstweet nachvollziehen kann? Ehrenmann!<\/h3>\n<div class=\"dbsm-oembed\">\n<blockquote class=\"twitter-tweet\" data-width=\"500\" data-dnt=\"true\">\n<p lang=\"de\" dir=\"ltr\">&quot;Die Opfer von <a href=\"https:\/\/twitter.com\/hashtag\/Hanau?src=hash&amp;ref_src=twsrc%5Etfw\">#Hanau<\/a> [&#8230;] Vielen Dank, lieber Philipp Amthor, f\u00fcr die Einladung nach Ueckerm\u00fcnde zum traditionellen Heringsessen&quot; <\/p>\n<p>Eines muss man Friedrich <a href=\"https:\/\/twitter.com\/hashtag\/Merz?src=hash&amp;ref_src=twsrc%5Etfw\">#Merz<\/a> lassen: Er findet immer die passenden Worte und hat einfach dieses gewisse feeling f\u00fcr Piet\u00e4t und Anstand. <a href=\"https:\/\/t.co\/xCDJdvl8D0\">pic.twitter.com\/xCDJdvl8D0<\/a><\/p>\n<p>&mdash; Robert Fietzke \ud83d\udea9 (@robert_fietzke) <a href=\"https:\/\/twitter.com\/robert_fietzke\/status\/1232069283414450176?ref_src=twsrc%5Etfw\">February 24, 2020<\/a><\/p><\/blockquote>\n<p><script async src=\"https:\/\/platform.twitter.com\/widgets.js\" charset=\"utf-8\"><\/script><\/div>\n<blockquote class=\"twitter-tweet\" data-conversation=\"none\">\n<p lang=\"de\" dir=\"ltr\">Heringsessen gegen Rassismus.<\/p>\n<p>&mdash; Peter Breuer (@peterbreuer) <a href=\"https:\/\/twitter.com\/peterbreuer\/status\/1232040330222080000?ref_src=twsrc%5Etfw\">February 24, 2020<\/a><\/p><\/blockquote>\n<p> <script async src=\"https:\/\/platform.twitter.com\/widgets.js\" charset=\"utf-8\"><\/script><br \/>\n&nbsp;<\/p>\n<h3>11. Aber kommen wir doch zur\u00fcck zu den Memes \u2026<\/h3>\n<blockquote class=\"twitter-tweet\" data-conversation=\"none\">\n<p lang=\"und\" dir=\"ltr\"> <a href=\"https:\/\/t.co\/uGOfEiVJWd\">pic.twitter.com\/uGOfEiVJWd<\/a><\/p>\n<p>&mdash; JohnDoe (@johndoe33591) <a href=\"https:\/\/twitter.com\/johndoe33591\/status\/1232058396154744832?ref_src=twsrc%5Etfw\">February 24, 2020<\/a><\/p><\/blockquote>\n<p> <script async src=\"https:\/\/platform.twitter.com\/widgets.js\" charset=\"utf-8\"><\/script><br \/>\n&nbsp;<\/p>\n<h3>12. Berechtige Frage.<\/h3>\n<div class=\"dbsm-oembed\">\n<blockquote class=\"twitter-tweet\" data-width=\"500\" data-dnt=\"true\">\n<p lang=\"de\" dir=\"ltr\">\u201aBodyguard\u2018 ist zur\u00fcck! Ist Philipp Amthor der bessere Kevin Costner? <a href=\"https:\/\/t.co\/bjeMx0zbxl\">pic.twitter.com\/bjeMx0zbxl<\/a><\/p>\n<p>&mdash; Florian Schroeder (@Schroeder_Live) <a href=\"https:\/\/twitter.com\/Schroeder_Live\/status\/1232074960283283456?ref_src=twsrc%5Etfw\">February 24, 2020<\/a><\/p><\/blockquote>\n<p><script async src=\"https:\/\/platform.twitter.com\/widgets.js\" charset=\"utf-8\"><\/script><\/div>\n<p>&nbsp;<\/p>\n<h3>13. In diesem Sinne: Prost!<\/h3>\n<p>https:\/\/twitter.com\/bodobossmann\/status\/1232227676624236544<br \/>\n&nbsp;<br \/>\n\u2014\u2014<br \/>\nDanke an alle f\u00fcr die Postings! \u2764\ufe0f<br \/>\n\u2014\u2014<br \/>\n<strong>Keine Influencer! Kein Foodporn! Nur ganz viel Spa\u00df &#8211; bei uns auf Instagram:<\/strong><br \/>\nhttps:\/\/www.instagram.com\/p\/B7ES424F4bJ\/<\/p>\n","protected":false},"excerpt":{"rendered":"<p>Am Montagabend waren die CDU-Politiker Friedrich Merz und Philipp Amthor in Ueckerm\u00fcnde beim traditionellen Heringsessen zu Gast. Ein ganz normaler Politiker-Auftritt. Ja lol ey, k\u00f6nnte&#8230;<\/p>\n","protected":false},"author":65,"featured_media":117477,"comment_status":"open","ping_status":"open","sticky":false,"template":"","format":"standard","meta":{"_acf_changed":false,"footnotes":""},"categories":[1717],"tags":[2569,3765,3766,188,3763,299,1994,3441,3767,3764],"class_list":["post-117465","post","type-post","status-publish","format-standard","has-post-thumbnail","hentry","category-community","tag-amthor","tag-auftritt","tag-burns","tag-cdu","tag-heringsessen","tag-memes","tag-merz","tag-simpsons","tag-smithers","tag-ueckermuende"],"acf":[],"yoast_head":"<!-- This site is optimized with the Yoast SEO plugin v27.5 - https:\/\/yoast.com\/product\/yoast-seo-wordpress\/ -->\n<title>Merz &amp; Amthor lassen das Internet ausflippen - The Best Social Media DE<\/title>\n<meta name=\"description\" content=\"Am Montag waren die CDU-Politiker Friedrich Merz und Philipp Amthor in Ueckerm\u00fcnde beim traditionellen Heringsessen zu Gast. Zahlreiche Memes entstanden.\" \/>\n<meta name=\"robots\" content=\"index, follow, max-snippet:-1, max-image-preview:large, max-video-preview:-1\" \/>\n<link rel=\"canonical\" href=\"https:\/\/www.thebestsocial.media\/de\/merz-und-amthor-schaffen-es-mit-nur-einem-auftritt-das-internet-auf-den-kopf-zu-stellen\/\" \/>\n<meta property=\"og:locale\" content=\"de_DE\" \/>\n<meta property=\"og:type\" content=\"article\" \/>\n<meta property=\"og:title\" content=\"Merz und Amthor schaffen es mit nur einem Auftritt, das Internet auf den Kopf zu stellen\" \/>\n<meta property=\"og:description\" content=\"Am Montag waren die CDU-Politiker Friedrich Merz und Philipp Amthor in Ueckerm\u00fcnde beim traditionellen Heringsessen zu Gast. Zahlreiche Memes entstanden.\" \/>\n<meta property=\"og:url\" content=\"https:\/\/www.thebestsocial.media\/de\/merz-und-amthor-schaffen-es-mit-nur-einem-auftritt-das-internet-auf-den-kopf-zu-stellen\/\" \/>\n<meta property=\"og:site_name\" content=\"The Best Social Media DE\" \/>\n<meta property=\"article:published_time\" content=\"2020-02-25T10:17:53+00:00\" \/>\n<meta property=\"og:image\" content=\"https:\/\/www.thebestsocial.media\/de\/wp-content\/uploads\/sites\/3\/2020\/02\/Merz-Amthor-FB.png\" \/>\n\t<meta property=\"og:image:width\" content=\"1200\" \/>\n\t<meta property=\"og:image:height\" content=\"628\" \/>\n\t<meta property=\"og:image:type\" content=\"image\/png\" \/>\n<meta name=\"author\" content=\"Jan\" \/>\n<meta name=\"twitter:card\" content=\"summary_large_image\" \/>\n<meta name=\"twitter:label1\" content=\"Verfasst von\" \/>\n\t<meta name=\"twitter:data1\" content=\"Jan\" \/>\n\t<meta name=\"twitter:label2\" content=\"Gesch\u00e4tzte Lesezeit\" \/>\n\t<meta name=\"twitter:data2\" content=\"2\u00a0Minuten\" \/>\n<script type=\"application\/ld+json\" class=\"yoast-schema-graph\">{\"@context\":\"https:\\\/\\\/schema.org\",\"@graph\":[{\"@type\":\"Article\",\"@id\":\"https:\\\/\\\/www.thebestsocial.media\\\/de\\\/merz-und-amthor-schaffen-es-mit-nur-einem-auftritt-das-internet-auf-den-kopf-zu-stellen\\\/#article\",\"isPartOf\":{\"@id\":\"https:\\\/\\\/www.thebestsocial.media\\\/de\\\/merz-und-amthor-schaffen-es-mit-nur-einem-auftritt-das-internet-auf-den-kopf-zu-stellen\\\/\"},\"author\":{\"name\":\"Jan\",\"@id\":\"https:\\\/\\\/www.thebestsocial.media\\\/de\\\/#\\\/schema\\\/person\\\/03b8d8d2905b97b499c8e0808b724821\"},\"headline\":\"Merz und Amthor schaffen es mit nur einem Auftritt, das Internet auf den Kopf zu stellen\",\"datePublished\":\"2020-02-25T10:17:53+00:00\",\"mainEntityOfPage\":{\"@id\":\"https:\\\/\\\/www.thebestsocial.media\\\/de\\\/merz-und-amthor-schaffen-es-mit-nur-einem-auftritt-das-internet-auf-den-kopf-zu-stellen\\\/\"},\"wordCount\":394,\"commentCount\":0,\"image\":{\"@id\":\"https:\\\/\\\/www.thebestsocial.media\\\/de\\\/merz-und-amthor-schaffen-es-mit-nur-einem-auftritt-das-internet-auf-den-kopf-zu-stellen\\\/#primaryimage\"},\"thumbnailUrl\":\"https:\\\/\\\/www.thebestsocial.media\\\/de\\\/wp-content\\\/uploads\\\/sites\\\/3\\\/2020\\\/02\\\/merz-art.png\",\"keywords\":[\"Amthor\",\"Auftritt\",\"Burns\",\"CDU\",\"Heringsessen\",\"memes\",\"merz\",\"Simpsons\",\"Smithers\",\"Ueckerm\u00fcnde\"],\"articleSection\":[\"Community\"],\"inLanguage\":\"de\",\"potentialAction\":[{\"@type\":\"CommentAction\",\"name\":\"Comment\",\"target\":[\"https:\\\/\\\/www.thebestsocial.media\\\/de\\\/merz-und-amthor-schaffen-es-mit-nur-einem-auftritt-das-internet-auf-den-kopf-zu-stellen\\\/#respond\"]}]},{\"@type\":\"WebPage\",\"@id\":\"https:\\\/\\\/www.thebestsocial.media\\\/de\\\/merz-und-amthor-schaffen-es-mit-nur-einem-auftritt-das-internet-auf-den-kopf-zu-stellen\\\/\",\"url\":\"https:\\\/\\\/www.thebestsocial.media\\\/de\\\/merz-und-amthor-schaffen-es-mit-nur-einem-auftritt-das-internet-auf-den-kopf-zu-stellen\\\/\",\"name\":\"Merz & Amthor lassen das Internet ausflippen - The Best Social Media DE\",\"isPartOf\":{\"@id\":\"https:\\\/\\\/www.thebestsocial.media\\\/de\\\/#website\"},\"primaryImageOfPage\":{\"@id\":\"https:\\\/\\\/www.thebestsocial.media\\\/de\\\/merz-und-amthor-schaffen-es-mit-nur-einem-auftritt-das-internet-auf-den-kopf-zu-stellen\\\/#primaryimage\"},\"image\":{\"@id\":\"https:\\\/\\\/www.thebestsocial.media\\\/de\\\/merz-und-amthor-schaffen-es-mit-nur-einem-auftritt-das-internet-auf-den-kopf-zu-stellen\\\/#primaryimage\"},\"thumbnailUrl\":\"https:\\\/\\\/www.thebestsocial.media\\\/de\\\/wp-content\\\/uploads\\\/sites\\\/3\\\/2020\\\/02\\\/merz-art.png\",\"datePublished\":\"2020-02-25T10:17:53+00:00\",\"author\":{\"@id\":\"https:\\\/\\\/www.thebestsocial.media\\\/de\\\/#\\\/schema\\\/person\\\/03b8d8d2905b97b499c8e0808b724821\"},\"description\":\"Am Montag waren die CDU-Politiker Friedrich Merz und Philipp Amthor in Ueckerm\u00fcnde beim traditionellen Heringsessen zu Gast. Zahlreiche Memes entstanden.\",\"breadcrumb\":{\"@id\":\"https:\\\/\\\/www.thebestsocial.media\\\/de\\\/merz-und-amthor-schaffen-es-mit-nur-einem-auftritt-das-internet-auf-den-kopf-zu-stellen\\\/#breadcrumb\"},\"inLanguage\":\"de\",\"potentialAction\":[{\"@type\":\"ReadAction\",\"target\":[\"https:\\\/\\\/www.thebestsocial.media\\\/de\\\/merz-und-amthor-schaffen-es-mit-nur-einem-auftritt-das-internet-auf-den-kopf-zu-stellen\\\/\"]}]},{\"@type\":\"ImageObject\",\"inLanguage\":\"de\",\"@id\":\"https:\\\/\\\/www.thebestsocial.media\\\/de\\\/merz-und-amthor-schaffen-es-mit-nur-einem-auftritt-das-internet-auf-den-kopf-zu-stellen\\\/#primaryimage\",\"url\":\"https:\\\/\\\/www.thebestsocial.media\\\/de\\\/wp-content\\\/uploads\\\/sites\\\/3\\\/2020\\\/02\\\/merz-art.png\",\"contentUrl\":\"https:\\\/\\\/www.thebestsocial.media\\\/de\\\/wp-content\\\/uploads\\\/sites\\\/3\\\/2020\\\/02\\\/merz-art.png\",\"width\":1200,\"height\":628},{\"@type\":\"BreadcrumbList\",\"@id\":\"https:\\\/\\\/www.thebestsocial.media\\\/de\\\/merz-und-amthor-schaffen-es-mit-nur-einem-auftritt-das-internet-auf-den-kopf-zu-stellen\\\/#breadcrumb\",\"itemListElement\":[{\"@type\":\"ListItem\",\"position\":1,\"name\":\"Home\",\"item\":\"https:\\\/\\\/www.thebestsocial.media\\\/de\\\/\"},{\"@type\":\"ListItem\",\"position\":2,\"name\":\"Merz und Amthor schaffen es mit nur einem Auftritt, das Internet auf den Kopf zu stellen\"}]},{\"@type\":\"WebSite\",\"@id\":\"https:\\\/\\\/www.thebestsocial.media\\\/de\\\/#website\",\"url\":\"https:\\\/\\\/www.thebestsocial.media\\\/de\\\/\",\"name\":\"The Best Social Media DE\",\"description\":\"\",\"potentialAction\":[{\"@type\":\"SearchAction\",\"target\":{\"@type\":\"EntryPoint\",\"urlTemplate\":\"https:\\\/\\\/www.thebestsocial.media\\\/de\\\/?s={search_term_string}\"},\"query-input\":{\"@type\":\"PropertyValueSpecification\",\"valueRequired\":true,\"valueName\":\"search_term_string\"}}],\"inLanguage\":\"de\"},{\"@type\":\"Person\",\"@id\":\"https:\\\/\\\/www.thebestsocial.media\\\/de\\\/#\\\/schema\\\/person\\\/03b8d8d2905b97b499c8e0808b724821\",\"name\":\"Jan\",\"image\":{\"@type\":\"ImageObject\",\"inLanguage\":\"de\",\"@id\":\"https:\\\/\\\/secure.gravatar.com\\\/avatar\\\/6977c5e4d81f2a717dcf76e5e74d7a00b583f3f83a2b00830dedfc799d928343?s=96&d=mm&r=g\",\"url\":\"https:\\\/\\\/secure.gravatar.com\\\/avatar\\\/6977c5e4d81f2a717dcf76e5e74d7a00b583f3f83a2b00830dedfc799d928343?s=96&d=mm&r=g\",\"contentUrl\":\"https:\\\/\\\/secure.gravatar.com\\\/avatar\\\/6977c5e4d81f2a717dcf76e5e74d7a00b583f3f83a2b00830dedfc799d928343?s=96&d=mm&r=g\",\"caption\":\"Jan\"},\"description\":\"Wohnt in M\u00fcnchen, hat aber bis heute keine Ahnung, wie er dort gelandet ist. W\u00fcnscht sich manchmal eine dritte Stimme im Kopf, die ihn davon abh\u00e4lt, auszusprechen, was er gerade denkt. Mag Sport und jeden Kartoffelchip einzeln zu essen. Hasst es, sich auf neue Duschen einstellen zu m\u00fcssen. In einer Beziehung mit Social Media \u2013 aber es ist kompliziert.\",\"url\":\"https:\\\/\\\/www.thebestsocial.media\\\/de\\\/author\\\/janhorstkoetter\\\/\"}]}<\/script>\n<!-- \/ Yoast SEO plugin. -->","yoast_head_json":{"title":"Merz & Amthor lassen das Internet ausflippen - The Best Social Media DE","description":"Am Montag waren die CDU-Politiker Friedrich Merz und Philipp Amthor in Ueckerm\u00fcnde beim traditionellen Heringsessen zu Gast. Zahlreiche Memes entstanden.","robots":{"index":"index","follow":"follow","max-snippet":"max-snippet:-1","max-image-preview":"max-image-preview:large","max-video-preview":"max-video-preview:-1"},"canonical":"https:\/\/www.thebestsocial.media\/de\/merz-und-amthor-schaffen-es-mit-nur-einem-auftritt-das-internet-auf-den-kopf-zu-stellen\/","og_locale":"de_DE","og_type":"article","og_title":"Merz und Amthor schaffen es mit nur einem Auftritt, das Internet auf den Kopf zu stellen","og_description":"Am Montag waren die CDU-Politiker Friedrich Merz und Philipp Amthor in Ueckerm\u00fcnde beim traditionellen Heringsessen zu Gast. Zahlreiche Memes entstanden.","og_url":"https:\/\/www.thebestsocial.media\/de\/merz-und-amthor-schaffen-es-mit-nur-einem-auftritt-das-internet-auf-den-kopf-zu-stellen\/","og_site_name":"The Best Social Media DE","article_published_time":"2020-02-25T10:17:53+00:00","og_image":[{"width":1200,"height":628,"url":"https:\/\/www.thebestsocial.media\/de\/wp-content\/uploads\/sites\/3\/2020\/02\/Merz-Amthor-FB.png","type":"image\/png"}],"author":"Jan","twitter_card":"summary_large_image","twitter_misc":{"Verfasst von":"Jan","Gesch\u00e4tzte Lesezeit":"2\u00a0Minuten"},"schema":{"@context":"https:\/\/schema.org","@graph":[{"@type":"Article","@id":"https:\/\/www.thebestsocial.media\/de\/merz-und-amthor-schaffen-es-mit-nur-einem-auftritt-das-internet-auf-den-kopf-zu-stellen\/#article","isPartOf":{"@id":"https:\/\/www.thebestsocial.media\/de\/merz-und-amthor-schaffen-es-mit-nur-einem-auftritt-das-internet-auf-den-kopf-zu-stellen\/"},"author":{"name":"Jan","@id":"https:\/\/www.thebestsocial.media\/de\/#\/schema\/person\/03b8d8d2905b97b499c8e0808b724821"},"headline":"Merz und Amthor schaffen es mit nur einem Auftritt, das Internet auf den Kopf zu stellen","datePublished":"2020-02-25T10:17:53+00:00","mainEntityOfPage":{"@id":"https:\/\/www.thebestsocial.media\/de\/merz-und-amthor-schaffen-es-mit-nur-einem-auftritt-das-internet-auf-den-kopf-zu-stellen\/"},"wordCount":394,"commentCount":0,"image":{"@id":"https:\/\/www.thebestsocial.media\/de\/merz-und-amthor-schaffen-es-mit-nur-einem-auftritt-das-internet-auf-den-kopf-zu-stellen\/#primaryimage"},"thumbnailUrl":"https:\/\/www.thebestsocial.media\/de\/wp-content\/uploads\/sites\/3\/2020\/02\/merz-art.png","keywords":["Amthor","Auftritt","Burns","CDU","Heringsessen","memes","merz","Simpsons","Smithers","Ueckerm\u00fcnde"],"articleSection":["Community"],"inLanguage":"de","potentialAction":[{"@type":"CommentAction","name":"Comment","target":["https:\/\/www.thebestsocial.media\/de\/merz-und-amthor-schaffen-es-mit-nur-einem-auftritt-das-internet-auf-den-kopf-zu-stellen\/#respond"]}]},{"@type":"WebPage","@id":"https:\/\/www.thebestsocial.media\/de\/merz-und-amthor-schaffen-es-mit-nur-einem-auftritt-das-internet-auf-den-kopf-zu-stellen\/","url":"https:\/\/www.thebestsocial.media\/de\/merz-und-amthor-schaffen-es-mit-nur-einem-auftritt-das-internet-auf-den-kopf-zu-stellen\/","name":"Merz & Amthor lassen das Internet ausflippen - The Best Social Media DE","isPartOf":{"@id":"https:\/\/www.thebestsocial.media\/de\/#website"},"primaryImageOfPage":{"@id":"https:\/\/www.thebestsocial.media\/de\/merz-und-amthor-schaffen-es-mit-nur-einem-auftritt-das-internet-auf-den-kopf-zu-stellen\/#primaryimage"},"image":{"@id":"https:\/\/www.thebestsocial.media\/de\/merz-und-amthor-schaffen-es-mit-nur-einem-auftritt-das-internet-auf-den-kopf-zu-stellen\/#primaryimage"},"thumbnailUrl":"https:\/\/www.thebestsocial.media\/de\/wp-content\/uploads\/sites\/3\/2020\/02\/merz-art.png","datePublished":"2020-02-25T10:17:53+00:00","author":{"@id":"https:\/\/www.thebestsocial.media\/de\/#\/schema\/person\/03b8d8d2905b97b499c8e0808b724821"},"description":"Am Montag waren die CDU-Politiker Friedrich Merz und Philipp Amthor in Ueckerm\u00fcnde beim traditionellen Heringsessen zu Gast. Zahlreiche Memes entstanden.","breadcrumb":{"@id":"https:\/\/www.thebestsocial.media\/de\/merz-und-amthor-schaffen-es-mit-nur-einem-auftritt-das-internet-auf-den-kopf-zu-stellen\/#breadcrumb"},"inLanguage":"de","potentialAction":[{"@type":"ReadAction","target":["https:\/\/www.thebestsocial.media\/de\/merz-und-amthor-schaffen-es-mit-nur-einem-auftritt-das-internet-auf-den-kopf-zu-stellen\/"]}]},{"@type":"ImageObject","inLanguage":"de","@id":"https:\/\/www.thebestsocial.media\/de\/merz-und-amthor-schaffen-es-mit-nur-einem-auftritt-das-internet-auf-den-kopf-zu-stellen\/#primaryimage","url":"https:\/\/www.thebestsocial.media\/de\/wp-content\/uploads\/sites\/3\/2020\/02\/merz-art.png","contentUrl":"https:\/\/www.thebestsocial.media\/de\/wp-content\/uploads\/sites\/3\/2020\/02\/merz-art.png","width":1200,"height":628},{"@type":"BreadcrumbList","@id":"https:\/\/www.thebestsocial.media\/de\/merz-und-amthor-schaffen-es-mit-nur-einem-auftritt-das-internet-auf-den-kopf-zu-stellen\/#breadcrumb","itemListElement":[{"@type":"ListItem","position":1,"name":"Home","item":"https:\/\/www.thebestsocial.media\/de\/"},{"@type":"ListItem","position":2,"name":"Merz und Amthor schaffen es mit nur einem Auftritt, das Internet auf den Kopf zu stellen"}]},{"@type":"WebSite","@id":"https:\/\/www.thebestsocial.media\/de\/#website","url":"https:\/\/www.thebestsocial.media\/de\/","name":"The Best Social Media DE","description":"","potentialAction":[{"@type":"SearchAction","target":{"@type":"EntryPoint","urlTemplate":"https:\/\/www.thebestsocial.media\/de\/?s={search_term_string}"},"query-input":{"@type":"PropertyValueSpecification","valueRequired":true,"valueName":"search_term_string"}}],"inLanguage":"de"},{"@type":"Person","@id":"https:\/\/www.thebestsocial.media\/de\/#\/schema\/person\/03b8d8d2905b97b499c8e0808b724821","name":"Jan","image":{"@type":"ImageObject","inLanguage":"de","@id":"https:\/\/secure.gravatar.com\/avatar\/6977c5e4d81f2a717dcf76e5e74d7a00b583f3f83a2b00830dedfc799d928343?s=96&d=mm&r=g","url":"https:\/\/secure.gravatar.com\/avatar\/6977c5e4d81f2a717dcf76e5e74d7a00b583f3f83a2b00830dedfc799d928343?s=96&d=mm&r=g","contentUrl":"https:\/\/secure.gravatar.com\/avatar\/6977c5e4d81f2a717dcf76e5e74d7a00b583f3f83a2b00830dedfc799d928343?s=96&d=mm&r=g","caption":"Jan"},"description":"Wohnt in M\u00fcnchen, hat aber bis heute keine Ahnung, wie er dort gelandet ist. W\u00fcnscht sich manchmal eine dritte Stimme im Kopf, die ihn davon abh\u00e4lt, auszusprechen, was er gerade denkt. Mag Sport und jeden Kartoffelchip einzeln zu essen. Hasst es, sich auf neue Duschen einstellen zu m\u00fcssen. In einer Beziehung mit Social Media \u2013 aber es ist kompliziert.","url":"https:\/\/www.thebestsocial.media\/de\/author\/janhorstkoetter\/"}]}},"amp_enabled":true,"_links":{"self":[{"href":"https:\/\/www.thebestsocial.media\/de\/wp-json\/wp\/v2\/posts\/117465","targetHints":{"allow":["GET"]}}],"collection":[{"href":"https:\/\/www.thebestsocial.media\/de\/wp-json\/wp\/v2\/posts"}],"about":[{"href":"https:\/\/www.thebestsocial.media\/de\/wp-json\/wp\/v2\/types\/post"}],"author":[{"embeddable":true,"href":"https:\/\/www.thebestsocial.media\/de\/wp-json\/wp\/v2\/users\/65"}],"replies":[{"embeddable":true,"href":"https:\/\/www.thebestsocial.media\/de\/wp-json\/wp\/v2\/comments?post=117465"}],"version-history":[{"count":2,"href":"https:\/\/www.thebestsocial.media\/de\/wp-json\/wp\/v2\/posts\/117465\/revisions"}],"predecessor-version":[{"id":117479,"href":"https:\/\/www.thebestsocial.media\/de\/wp-json\/wp\/v2\/posts\/117465\/revisions\/117479"}],"wp:featuredmedia":[{"embeddable":true,"href":"https:\/\/www.thebestsocial.media\/de\/wp-json\/wp\/v2\/media\/117477"}],"wp:attachment":[{"href":"https:\/\/www.thebestsocial.media\/de\/wp-json\/wp\/v2\/media?parent=117465"}],"wp:term":[{"taxonomy":"category","embeddable":true,"href":"https:\/\/www.thebestsocial.media\/de\/wp-json\/wp\/v2\/categories?post=117465"},{"taxonomy":"post_tag","embeddable":true,"href":"https:\/\/www.thebestsocial.media\/de\/wp-json\/wp\/v2\/tags?post=117465"}],"curies":[{"name":"wp","href":"https:\/\/api.w.org\/{rel}","templated":true}]}}