{"id":117180,"date":"2020-02-21T08:59:00","date_gmt":"2020-02-21T08:59:00","guid":{"rendered":"https:\/\/www.thebestsocial.media\/de\/?p=117180"},"modified":"2020-02-21T09:12:38","modified_gmt":"2020-02-21T09:12:38","slug":"nazis-raus-idioten-stoeren-schweigeminute-frankfurt-fans-mit-starkem-statement","status":"publish","type":"post","link":"https:\/\/www.thebestsocial.media\/de\/nazis-raus-idioten-stoeren-schweigeminute-frankfurt-fans-mit-starkem-statement\/","title":{"rendered":"Schweigeminute beim gestrigen Spiel wird gest\u00f6rt &#8211; Frankfurt-Fans reagieren mit starkem Statement"},"content":{"rendered":"<p>Beim Europa-League-Spiel zwischen Eintracht Frankfurt und RB Salzburg kam es gestern bereits vor dem Spiel zu einer bemerkenswerten Szene. Idioten in den Fan-Bl\u00f6cken st\u00f6rten die Schweigeminute zu Ehren der in Hanau get\u00f6teten Menschen. Binnen kurzer Zeit solidarisierte sich das gesamte Stadion. Und skandierte lautstark: &#8222;Nazis raus! Nazis raus!&#8220;<br \/>\n&nbsp;<\/p>\n<h3>1. Ein Fan ver\u00f6ffentlichte ein Video davon. Hautnah: <\/h3>\n<p>https:\/\/twitter.com\/niggo2nd\/status\/1230587583526244353<br \/>\n&nbsp;<\/p>\n<h3>2. G\u00e4nsehaut nicht nur im Stadion. Auch beim Anschauen:<\/h3>\n<blockquote class=\"twitter-tweet\" data-conversation=\"none\">\n<p lang=\"de\" dir=\"ltr\">Im Stadion war es absolute G\u00e4nsehaut<\/p>\n<p>&mdash; \ud835\udc6d\u00e5\u012b\ud835\udc9b\u00e2\u00f1 (@Faizan_Chau) <a href=\"https:\/\/twitter.com\/Faizan_Chau\/status\/1230588948201824264?ref_src=twsrc%5Etfw\">February 20, 2020<\/a><\/p><\/blockquote>\n<p> <script async src=\"https:\/\/platform.twitter.com\/widgets.js\" charset=\"utf-8\"><\/script><br \/>\n&nbsp;<\/p>\n<h3>3. Das macht Mut!<\/h3>\n<blockquote class=\"twitter-tweet\" data-conversation=\"none\">\n<p lang=\"de\" dir=\"ltr\">Ihr wisst nicht was f\u00fcr ein Gef\u00fchl das in mir als (Deutsche mit t\u00fcrkischen Wurzeln) ausgel\u00f6st hat (und auch sicher in anderen). Wir haben uns ALLE verlassen gef\u00fchlt heute und das zu sehen macht einem unglaublich Mut<\/p>\n<p>&mdash; Tweetsn\u2018all (@AllTweetsn) <a href=\"https:\/\/twitter.com\/AllTweetsn\/status\/1230634850480250887?ref_src=twsrc%5Etfw\">February 20, 2020<\/a><\/p><\/blockquote>\n<p> <script async src=\"https:\/\/platform.twitter.com\/widgets.js\" charset=\"utf-8\"><\/script><br \/>\n&nbsp;<\/p>\n<h3>4. Gerade in der aktuellen Zeit ein verdammt sch\u00f6nes Zeichen!<\/h3>\n<blockquote class=\"twitter-tweet\" data-conversation=\"none\">\n<p lang=\"de\" dir=\"ltr\">Ich interessiere mich nicht die Bohne f\u00fcr Fu\u00dfball. Es ist ein Sport der nicht an mich heran kommt.<br \/>Aber in Momenten wie diesen bin ich absoluter Fanboy der Fans.<br \/>G\u00e4nsehaut.<br \/>Hab da was im Auge&#8230;<\/p>\n<p>\u2764<\/p>\n<p>&mdash; Paranoid (@Animus_AC) <a href=\"https:\/\/twitter.com\/Animus_AC\/status\/1230608824912011266?ref_src=twsrc%5Etfw\">February 20, 2020<\/a><\/p><\/blockquote>\n<p> <script async src=\"https:\/\/platform.twitter.com\/widgets.js\" charset=\"utf-8\"><\/script><br \/>\n&nbsp;<\/p>\n<h3>5. Danke f\u00fcr diese Reaktion! <\/h3>\n<blockquote class=\"twitter-tweet\" data-conversation=\"none\">\n<p lang=\"de\" dir=\"ltr\">Danke Frankfurter \u2764\ufe0f<\/p>\n<p>&mdash; Safar Khan (@SafarKh61868963) <a href=\"https:\/\/twitter.com\/SafarKh61868963\/status\/1230602113681633285?ref_src=twsrc%5Etfw\">February 20, 2020<\/a><\/p><\/blockquote>\n<p> <script async src=\"https:\/\/platform.twitter.com\/widgets.js\" charset=\"utf-8\"><\/script><br \/>\n&nbsp;<\/p>\n<h3>6. Bei der Szene werden Erinnerungen an das L\u00e4nderspiel Deutschland \u2013 Argentinien im Oktober vergangenen Jahres wach.<\/h3>\n<p>https:\/\/twitter.com\/GNogarole\/status\/1182005211843485696<br \/>\n&nbsp;<\/p>\n<h3>7. Auch damals wurde die Schweigeminute gest\u00f6rt. Auch damals war die Reaktion darauf gro\u00dfartig.<\/h3>\n<div class=\"dbsm-oembed\">\n<blockquote class=\"twitter-tweet\" data-width=\"500\" data-dnt=\"true\">\n<p lang=\"de\" dir=\"ltr\">Manchmal hilft ein &quot;Halt die Fresse&quot;, um dumme Idioten ruhig zu stellen. Gut so! <a href=\"https:\/\/twitter.com\/hashtag\/Halle?src=hash&amp;ref_src=twsrc%5Etfw\">#Halle<\/a> <a href=\"https:\/\/twitter.com\/hashtag\/GERARG?src=hash&amp;ref_src=twsrc%5Etfw\">#GERARG<\/a> <a href=\"https:\/\/t.co\/QkoJIVyYQy\">pic.twitter.com\/QkoJIVyYQy<\/a><\/p>\n<p>&mdash; Jan Kle (@Lockenlolly) <a href=\"https:\/\/twitter.com\/Lockenlolly\/status\/1182006261765808128?ref_src=twsrc%5Etfw\">October 9, 2019<\/a><\/p><\/blockquote>\n<p><script async src=\"https:\/\/platform.twitter.com\/widgets.js\" charset=\"utf-8\"><\/script><\/div>\n<p>&nbsp;<\/p>\n<h3>8. Der Fan wurde zurecht gefeiert.<\/h3>\n<p>https:\/\/www.instagram.com\/p\/B3aOqbQnDPp\/<br \/>\n&nbsp;<\/p>\n<h3>9. Um es abschlie\u00dfend zusammenzufassen:<\/h3>\n<blockquote class=\"twitter-tweet\" data-conversation=\"none\">\n<p lang=\"de\" dir=\"ltr\">ALLE NAZIS SIND SCHWEINE!<\/p>\n<p>&mdash; Finn\ud83c\udf41 (@FifaPlanet27) <a href=\"https:\/\/twitter.com\/FifaPlanet27\/status\/1230598423696597002?ref_src=twsrc%5Etfw\">February 20, 2020<\/a><\/p><\/blockquote>\n<p> <script async src=\"https:\/\/platform\n\n\u2014\u2014\nDanke f\u00fcr die Reaktion und die Postings! \u2764\ufe0f\n\u2014\u2014\n<strong>Keine Influencer! Kein Foodporn! Nur ganz viel Spa\u00df - bei uns auf Instagram:<\/strong><br \/>\nhttps:\/\/www.instagram.com\/p\/B7ES424F4bJ\/<\/p>\n","protected":false},"excerpt":{"rendered":"<p>Beim Europa-League-Spiel zwischen Eintracht Frankfurt und RB Salzburg kam es gestern bereits vor dem Spiel zu einer bemerkenswerten Szene. Idioten in den Fan-Bl\u00f6cken st\u00f6rten die&#8230;<\/p>\n","protected":false},"author":65,"featured_media":117187,"comment_status":"open","ping_status":"open","sticky":false,"template":"","format":"standard","meta":{"_acf_changed":false,"footnotes":""},"categories":[2031],"tags":[253,2290,2487,3754],"class_list":["post-117180","post","type-post","status-publish","format-standard","has-post-thumbnail","hentry","category-feelgood","tag-frankfurt","tag-nazis-raus","tag-reaktion","tag-stadion"],"acf":[],"yoast_head":"<!-- This site is optimized with the Yoast SEO plugin v27.5 - https:\/\/yoast.com\/product\/yoast-seo-wordpress\/ -->\n<title>Schweigeminute gest\u00f6rt! Fans reagieren stark - The Best Social Media DE<\/title>\n<meta name=\"description\" content=\"Nazis raus! In Frankfurt kam es am Donnerstag vor dem Spiel zu einer starken Szene. Idioten st\u00f6rten die Schweigeminute. Die Reaktion der Fans war gro\u00dfartig.\" \/>\n<meta name=\"robots\" content=\"index, follow, max-snippet:-1, max-image-preview:large, max-video-preview:-1\" \/>\n<link rel=\"canonical\" href=\"https:\/\/www.thebestsocial.media\/de\/nazis-raus-idioten-stoeren-schweigeminute-frankfurt-fans-mit-starkem-statement\/\" \/>\n<meta property=\"og:locale\" content=\"de_DE\" \/>\n<meta property=\"og:type\" content=\"article\" \/>\n<meta property=\"og:title\" content=\"Schweigeminute beim gestrigen Spiel wird gest\u00f6rt - Frankfurt-Fans reagieren mit starkem Statement\" \/>\n<meta property=\"og:description\" content=\"Nazis raus! In Frankfurt kam es am Donnerstag vor dem Spiel zu einer starken Szene. Idioten st\u00f6rten die Schweigeminute. Die Reaktion der Fans war gro\u00dfartig.\" \/>\n<meta property=\"og:url\" content=\"https:\/\/www.thebestsocial.media\/de\/nazis-raus-idioten-stoeren-schweigeminute-frankfurt-fans-mit-starkem-statement\/\" \/>\n<meta property=\"og:site_name\" content=\"The Best Social Media DE\" \/>\n<meta property=\"article:published_time\" content=\"2020-02-21T08:59:00+00:00\" \/>\n<meta property=\"article:modified_time\" content=\"2020-02-21T09:12:38+00:00\" \/>\n<meta property=\"og:image\" content=\"https:\/\/www.thebestsocial.media\/de\/wp-content\/uploads\/sites\/3\/2020\/02\/schweigeminute.png\" \/>\n\t<meta property=\"og:image:width\" content=\"1200\" \/>\n\t<meta property=\"og:image:height\" content=\"628\" \/>\n\t<meta property=\"og:image:type\" content=\"image\/png\" \/>\n<meta name=\"author\" content=\"Jan\" \/>\n<meta name=\"twitter:card\" content=\"summary_large_image\" \/>\n<meta name=\"twitter:label1\" content=\"Verfasst von\" \/>\n\t<meta name=\"twitter:data1\" content=\"Jan\" \/>\n\t<meta name=\"twitter:label2\" content=\"Gesch\u00e4tzte Lesezeit\" \/>\n\t<meta name=\"twitter:data2\" content=\"1\u00a0Minute\" \/>\n<script type=\"application\/ld+json\" class=\"yoast-schema-graph\">{\"@context\":\"https:\\\/\\\/schema.org\",\"@graph\":[{\"@type\":\"Article\",\"@id\":\"https:\\\/\\\/www.thebestsocial.media\\\/de\\\/nazis-raus-idioten-stoeren-schweigeminute-frankfurt-fans-mit-starkem-statement\\\/#article\",\"isPartOf\":{\"@id\":\"https:\\\/\\\/www.thebestsocial.media\\\/de\\\/nazis-raus-idioten-stoeren-schweigeminute-frankfurt-fans-mit-starkem-statement\\\/\"},\"author\":{\"name\":\"Jan\",\"@id\":\"https:\\\/\\\/www.thebestsocial.media\\\/de\\\/#\\\/schema\\\/person\\\/03b8d8d2905b97b499c8e0808b724821\"},\"headline\":\"Schweigeminute beim gestrigen Spiel wird gest\u00f6rt &#8211; Frankfurt-Fans reagieren mit starkem Statement\",\"datePublished\":\"2020-02-21T08:59:00+00:00\",\"dateModified\":\"2020-02-21T09:12:38+00:00\",\"mainEntityOfPage\":{\"@id\":\"https:\\\/\\\/www.thebestsocial.media\\\/de\\\/nazis-raus-idioten-stoeren-schweigeminute-frankfurt-fans-mit-starkem-statement\\\/\"},\"wordCount\":288,\"commentCount\":0,\"image\":{\"@id\":\"https:\\\/\\\/www.thebestsocial.media\\\/de\\\/nazis-raus-idioten-stoeren-schweigeminute-frankfurt-fans-mit-starkem-statement\\\/#primaryimage\"},\"thumbnailUrl\":\"https:\\\/\\\/www.thebestsocial.media\\\/de\\\/wp-content\\\/uploads\\\/sites\\\/3\\\/2020\\\/02\\\/Eintr.png\",\"keywords\":[\"frankfurt\",\"Nazis raus\",\"Reaktion\",\"Stadion\"],\"articleSection\":[\"Feelgood\"],\"inLanguage\":\"de\",\"potentialAction\":[{\"@type\":\"CommentAction\",\"name\":\"Comment\",\"target\":[\"https:\\\/\\\/www.thebestsocial.media\\\/de\\\/nazis-raus-idioten-stoeren-schweigeminute-frankfurt-fans-mit-starkem-statement\\\/#respond\"]}]},{\"@type\":\"WebPage\",\"@id\":\"https:\\\/\\\/www.thebestsocial.media\\\/de\\\/nazis-raus-idioten-stoeren-schweigeminute-frankfurt-fans-mit-starkem-statement\\\/\",\"url\":\"https:\\\/\\\/www.thebestsocial.media\\\/de\\\/nazis-raus-idioten-stoeren-schweigeminute-frankfurt-fans-mit-starkem-statement\\\/\",\"name\":\"Schweigeminute gest\u00f6rt! Fans reagieren stark - The Best Social Media DE\",\"isPartOf\":{\"@id\":\"https:\\\/\\\/www.thebestsocial.media\\\/de\\\/#website\"},\"primaryImageOfPage\":{\"@id\":\"https:\\\/\\\/www.thebestsocial.media\\\/de\\\/nazis-raus-idioten-stoeren-schweigeminute-frankfurt-fans-mit-starkem-statement\\\/#primaryimage\"},\"image\":{\"@id\":\"https:\\\/\\\/www.thebestsocial.media\\\/de\\\/nazis-raus-idioten-stoeren-schweigeminute-frankfurt-fans-mit-starkem-statement\\\/#primaryimage\"},\"thumbnailUrl\":\"https:\\\/\\\/www.thebestsocial.media\\\/de\\\/wp-content\\\/uploads\\\/sites\\\/3\\\/2020\\\/02\\\/Eintr.png\",\"datePublished\":\"2020-02-21T08:59:00+00:00\",\"dateModified\":\"2020-02-21T09:12:38+00:00\",\"author\":{\"@id\":\"https:\\\/\\\/www.thebestsocial.media\\\/de\\\/#\\\/schema\\\/person\\\/03b8d8d2905b97b499c8e0808b724821\"},\"description\":\"Nazis raus! In Frankfurt kam es am Donnerstag vor dem Spiel zu einer starken Szene. Idioten st\u00f6rten die Schweigeminute. Die Reaktion der Fans war gro\u00dfartig.\",\"breadcrumb\":{\"@id\":\"https:\\\/\\\/www.thebestsocial.media\\\/de\\\/nazis-raus-idioten-stoeren-schweigeminute-frankfurt-fans-mit-starkem-statement\\\/#breadcrumb\"},\"inLanguage\":\"de\",\"potentialAction\":[{\"@type\":\"ReadAction\",\"target\":[\"https:\\\/\\\/www.thebestsocial.media\\\/de\\\/nazis-raus-idioten-stoeren-schweigeminute-frankfurt-fans-mit-starkem-statement\\\/\"]}]},{\"@type\":\"ImageObject\",\"inLanguage\":\"de\",\"@id\":\"https:\\\/\\\/www.thebestsocial.media\\\/de\\\/nazis-raus-idioten-stoeren-schweigeminute-frankfurt-fans-mit-starkem-statement\\\/#primaryimage\",\"url\":\"https:\\\/\\\/www.thebestsocial.media\\\/de\\\/wp-content\\\/uploads\\\/sites\\\/3\\\/2020\\\/02\\\/Eintr.png\",\"contentUrl\":\"https:\\\/\\\/www.thebestsocial.media\\\/de\\\/wp-content\\\/uploads\\\/sites\\\/3\\\/2020\\\/02\\\/Eintr.png\",\"width\":1200,\"height\":628},{\"@type\":\"BreadcrumbList\",\"@id\":\"https:\\\/\\\/www.thebestsocial.media\\\/de\\\/nazis-raus-idioten-stoeren-schweigeminute-frankfurt-fans-mit-starkem-statement\\\/#breadcrumb\",\"itemListElement\":[{\"@type\":\"ListItem\",\"position\":1,\"name\":\"Home\",\"item\":\"https:\\\/\\\/www.thebestsocial.media\\\/de\\\/\"},{\"@type\":\"ListItem\",\"position\":2,\"name\":\"Schweigeminute beim gestrigen Spiel wird gest\u00f6rt &#8211; Frankfurt-Fans reagieren mit starkem Statement\"}]},{\"@type\":\"WebSite\",\"@id\":\"https:\\\/\\\/www.thebestsocial.media\\\/de\\\/#website\",\"url\":\"https:\\\/\\\/www.thebestsocial.media\\\/de\\\/\",\"name\":\"The Best Social Media DE\",\"description\":\"\",\"potentialAction\":[{\"@type\":\"SearchAction\",\"target\":{\"@type\":\"EntryPoint\",\"urlTemplate\":\"https:\\\/\\\/www.thebestsocial.media\\\/de\\\/?s={search_term_string}\"},\"query-input\":{\"@type\":\"PropertyValueSpecification\",\"valueRequired\":true,\"valueName\":\"search_term_string\"}}],\"inLanguage\":\"de\"},{\"@type\":\"Person\",\"@id\":\"https:\\\/\\\/www.thebestsocial.media\\\/de\\\/#\\\/schema\\\/person\\\/03b8d8d2905b97b499c8e0808b724821\",\"name\":\"Jan\",\"image\":{\"@type\":\"ImageObject\",\"inLanguage\":\"de\",\"@id\":\"https:\\\/\\\/secure.gravatar.com\\\/avatar\\\/6977c5e4d81f2a717dcf76e5e74d7a00b583f3f83a2b00830dedfc799d928343?s=96&d=mm&r=g\",\"url\":\"https:\\\/\\\/secure.gravatar.com\\\/avatar\\\/6977c5e4d81f2a717dcf76e5e74d7a00b583f3f83a2b00830dedfc799d928343?s=96&d=mm&r=g\",\"contentUrl\":\"https:\\\/\\\/secure.gravatar.com\\\/avatar\\\/6977c5e4d81f2a717dcf76e5e74d7a00b583f3f83a2b00830dedfc799d928343?s=96&d=mm&r=g\",\"caption\":\"Jan\"},\"description\":\"Wohnt in M\u00fcnchen, hat aber bis heute keine Ahnung, wie er dort gelandet ist. W\u00fcnscht sich manchmal eine dritte Stimme im Kopf, die ihn davon abh\u00e4lt, auszusprechen, was er gerade denkt. Mag Sport und jeden Kartoffelchip einzeln zu essen. Hasst es, sich auf neue Duschen einstellen zu m\u00fcssen. In einer Beziehung mit Social Media \u2013 aber es ist kompliziert.\",\"url\":\"https:\\\/\\\/www.thebestsocial.media\\\/de\\\/author\\\/janhorstkoetter\\\/\"}]}<\/script>\n<!-- \/ Yoast SEO plugin. -->","yoast_head_json":{"title":"Schweigeminute gest\u00f6rt! Fans reagieren stark - The Best Social Media DE","description":"Nazis raus! In Frankfurt kam es am Donnerstag vor dem Spiel zu einer starken Szene. Idioten st\u00f6rten die Schweigeminute. Die Reaktion der Fans war gro\u00dfartig.","robots":{"index":"index","follow":"follow","max-snippet":"max-snippet:-1","max-image-preview":"max-image-preview:large","max-video-preview":"max-video-preview:-1"},"canonical":"https:\/\/www.thebestsocial.media\/de\/nazis-raus-idioten-stoeren-schweigeminute-frankfurt-fans-mit-starkem-statement\/","og_locale":"de_DE","og_type":"article","og_title":"Schweigeminute beim gestrigen Spiel wird gest\u00f6rt - Frankfurt-Fans reagieren mit starkem Statement","og_description":"Nazis raus! In Frankfurt kam es am Donnerstag vor dem Spiel zu einer starken Szene. Idioten st\u00f6rten die Schweigeminute. Die Reaktion der Fans war gro\u00dfartig.","og_url":"https:\/\/www.thebestsocial.media\/de\/nazis-raus-idioten-stoeren-schweigeminute-frankfurt-fans-mit-starkem-statement\/","og_site_name":"The Best Social Media DE","article_published_time":"2020-02-21T08:59:00+00:00","article_modified_time":"2020-02-21T09:12:38+00:00","og_image":[{"width":1200,"height":628,"url":"https:\/\/www.thebestsocial.media\/de\/wp-content\/uploads\/sites\/3\/2020\/02\/schweigeminute.png","type":"image\/png"}],"author":"Jan","twitter_card":"summary_large_image","twitter_misc":{"Verfasst von":"Jan","Gesch\u00e4tzte Lesezeit":"1\u00a0Minute"},"schema":{"@context":"https:\/\/schema.org","@graph":[{"@type":"Article","@id":"https:\/\/www.thebestsocial.media\/de\/nazis-raus-idioten-stoeren-schweigeminute-frankfurt-fans-mit-starkem-statement\/#article","isPartOf":{"@id":"https:\/\/www.thebestsocial.media\/de\/nazis-raus-idioten-stoeren-schweigeminute-frankfurt-fans-mit-starkem-statement\/"},"author":{"name":"Jan","@id":"https:\/\/www.thebestsocial.media\/de\/#\/schema\/person\/03b8d8d2905b97b499c8e0808b724821"},"headline":"Schweigeminute beim gestrigen Spiel wird gest\u00f6rt &#8211; Frankfurt-Fans reagieren mit starkem Statement","datePublished":"2020-02-21T08:59:00+00:00","dateModified":"2020-02-21T09:12:38+00:00","mainEntityOfPage":{"@id":"https:\/\/www.thebestsocial.media\/de\/nazis-raus-idioten-stoeren-schweigeminute-frankfurt-fans-mit-starkem-statement\/"},"wordCount":288,"commentCount":0,"image":{"@id":"https:\/\/www.thebestsocial.media\/de\/nazis-raus-idioten-stoeren-schweigeminute-frankfurt-fans-mit-starkem-statement\/#primaryimage"},"thumbnailUrl":"https:\/\/www.thebestsocial.media\/de\/wp-content\/uploads\/sites\/3\/2020\/02\/Eintr.png","keywords":["frankfurt","Nazis raus","Reaktion","Stadion"],"articleSection":["Feelgood"],"inLanguage":"de","potentialAction":[{"@type":"CommentAction","name":"Comment","target":["https:\/\/www.thebestsocial.media\/de\/nazis-raus-idioten-stoeren-schweigeminute-frankfurt-fans-mit-starkem-statement\/#respond"]}]},{"@type":"WebPage","@id":"https:\/\/www.thebestsocial.media\/de\/nazis-raus-idioten-stoeren-schweigeminute-frankfurt-fans-mit-starkem-statement\/","url":"https:\/\/www.thebestsocial.media\/de\/nazis-raus-idioten-stoeren-schweigeminute-frankfurt-fans-mit-starkem-statement\/","name":"Schweigeminute gest\u00f6rt! Fans reagieren stark - The Best Social Media DE","isPartOf":{"@id":"https:\/\/www.thebestsocial.media\/de\/#website"},"primaryImageOfPage":{"@id":"https:\/\/www.thebestsocial.media\/de\/nazis-raus-idioten-stoeren-schweigeminute-frankfurt-fans-mit-starkem-statement\/#primaryimage"},"image":{"@id":"https:\/\/www.thebestsocial.media\/de\/nazis-raus-idioten-stoeren-schweigeminute-frankfurt-fans-mit-starkem-statement\/#primaryimage"},"thumbnailUrl":"https:\/\/www.thebestsocial.media\/de\/wp-content\/uploads\/sites\/3\/2020\/02\/Eintr.png","datePublished":"2020-02-21T08:59:00+00:00","dateModified":"2020-02-21T09:12:38+00:00","author":{"@id":"https:\/\/www.thebestsocial.media\/de\/#\/schema\/person\/03b8d8d2905b97b499c8e0808b724821"},"description":"Nazis raus! In Frankfurt kam es am Donnerstag vor dem Spiel zu einer starken Szene. Idioten st\u00f6rten die Schweigeminute. Die Reaktion der Fans war gro\u00dfartig.","breadcrumb":{"@id":"https:\/\/www.thebestsocial.media\/de\/nazis-raus-idioten-stoeren-schweigeminute-frankfurt-fans-mit-starkem-statement\/#breadcrumb"},"inLanguage":"de","potentialAction":[{"@type":"ReadAction","target":["https:\/\/www.thebestsocial.media\/de\/nazis-raus-idioten-stoeren-schweigeminute-frankfurt-fans-mit-starkem-statement\/"]}]},{"@type":"ImageObject","inLanguage":"de","@id":"https:\/\/www.thebestsocial.media\/de\/nazis-raus-idioten-stoeren-schweigeminute-frankfurt-fans-mit-starkem-statement\/#primaryimage","url":"https:\/\/www.thebestsocial.media\/de\/wp-content\/uploads\/sites\/3\/2020\/02\/Eintr.png","contentUrl":"https:\/\/www.thebestsocial.media\/de\/wp-content\/uploads\/sites\/3\/2020\/02\/Eintr.png","width":1200,"height":628},{"@type":"BreadcrumbList","@id":"https:\/\/www.thebestsocial.media\/de\/nazis-raus-idioten-stoeren-schweigeminute-frankfurt-fans-mit-starkem-statement\/#breadcrumb","itemListElement":[{"@type":"ListItem","position":1,"name":"Home","item":"https:\/\/www.thebestsocial.media\/de\/"},{"@type":"ListItem","position":2,"name":"Schweigeminute beim gestrigen Spiel wird gest\u00f6rt &#8211; Frankfurt-Fans reagieren mit starkem Statement"}]},{"@type":"WebSite","@id":"https:\/\/www.thebestsocial.media\/de\/#website","url":"https:\/\/www.thebestsocial.media\/de\/","name":"The Best Social Media DE","description":"","potentialAction":[{"@type":"SearchAction","target":{"@type":"EntryPoint","urlTemplate":"https:\/\/www.thebestsocial.media\/de\/?s={search_term_string}"},"query-input":{"@type":"PropertyValueSpecification","valueRequired":true,"valueName":"search_term_string"}}],"inLanguage":"de"},{"@type":"Person","@id":"https:\/\/www.thebestsocial.media\/de\/#\/schema\/person\/03b8d8d2905b97b499c8e0808b724821","name":"Jan","image":{"@type":"ImageObject","inLanguage":"de","@id":"https:\/\/secure.gravatar.com\/avatar\/6977c5e4d81f2a717dcf76e5e74d7a00b583f3f83a2b00830dedfc799d928343?s=96&d=mm&r=g","url":"https:\/\/secure.gravatar.com\/avatar\/6977c5e4d81f2a717dcf76e5e74d7a00b583f3f83a2b00830dedfc799d928343?s=96&d=mm&r=g","contentUrl":"https:\/\/secure.gravatar.com\/avatar\/6977c5e4d81f2a717dcf76e5e74d7a00b583f3f83a2b00830dedfc799d928343?s=96&d=mm&r=g","caption":"Jan"},"description":"Wohnt in M\u00fcnchen, hat aber bis heute keine Ahnung, wie er dort gelandet ist. W\u00fcnscht sich manchmal eine dritte Stimme im Kopf, die ihn davon abh\u00e4lt, auszusprechen, was er gerade denkt. Mag Sport und jeden Kartoffelchip einzeln zu essen. Hasst es, sich auf neue Duschen einstellen zu m\u00fcssen. In einer Beziehung mit Social Media \u2013 aber es ist kompliziert.","url":"https:\/\/www.thebestsocial.media\/de\/author\/janhorstkoetter\/"}]}},"amp_enabled":true,"_links":{"self":[{"href":"https:\/\/www.thebestsocial.media\/de\/wp-json\/wp\/v2\/posts\/117180","targetHints":{"allow":["GET"]}}],"collection":[{"href":"https:\/\/www.thebestsocial.media\/de\/wp-json\/wp\/v2\/posts"}],"about":[{"href":"https:\/\/www.thebestsocial.media\/de\/wp-json\/wp\/v2\/types\/post"}],"author":[{"embeddable":true,"href":"https:\/\/www.thebestsocial.media\/de\/wp-json\/wp\/v2\/users\/65"}],"replies":[{"embeddable":true,"href":"https:\/\/www.thebestsocial.media\/de\/wp-json\/wp\/v2\/comments?post=117180"}],"version-history":[{"count":7,"href":"https:\/\/www.thebestsocial.media\/de\/wp-json\/wp\/v2\/posts\/117180\/revisions"}],"predecessor-version":[{"id":117196,"href":"https:\/\/www.thebestsocial.media\/de\/wp-json\/wp\/v2\/posts\/117180\/revisions\/117196"}],"wp:featuredmedia":[{"embeddable":true,"href":"https:\/\/www.thebestsocial.media\/de\/wp-json\/wp\/v2\/media\/117187"}],"wp:attachment":[{"href":"https:\/\/www.thebestsocial.media\/de\/wp-json\/wp\/v2\/media?parent=117180"}],"wp:term":[{"taxonomy":"category","embeddable":true,"href":"https:\/\/www.thebestsocial.media\/de\/wp-json\/wp\/v2\/categories?post=117180"},{"taxonomy":"post_tag","embeddable":true,"href":"https:\/\/www.thebestsocial.media\/de\/wp-json\/wp\/v2\/tags?post=117180"}],"curies":[{"name":"wp","href":"https:\/\/api.w.org\/{rel}","templated":true}]}}