{"id":116472,"date":"2020-02-14T15:53:51","date_gmt":"2020-02-14T15:53:51","guid":{"rendered":"https:\/\/www.thebestsocial.media\/de\/?p=116472"},"modified":"2020-02-14T15:53:51","modified_gmt":"2020-02-14T15:53:51","slug":"oli-pocher-kann-nicht-aufhoeren-den-wendler-auf-social-media-zu-aergern","status":"publish","type":"post","link":"https:\/\/www.thebestsocial.media\/de\/oli-pocher-kann-nicht-aufhoeren-den-wendler-auf-social-media-zu-aergern\/","title":{"rendered":"Oli Pocher kann nicht aufh\u00f6ren, den Wendler auf Social Media zu \u00e4rgern"},"content":{"rendered":"<p>Knapp drei Wochen ist es nun her, dass Wendler-Freundin Laura ihren Freund <a href=\"https:\/\/www.thebestsocial.media\/de\/laura-wendler-suv\/\" rel=\"noopener noreferrer\" target=\"_blank\">mit einem SUV \u00fcberraschte<\/a> \u2013 und das ganze nat\u00fcrlich Social-Media-tauglich filmte. Mit seiner Parodie erzielte Oliver Pocher auf Instagram <a href=\"https:\/\/www.instagram.com\/p\/B7tCXjMoqYJ\/\" rel=\"noopener noreferrer\" target=\"_blank\">innerhalb k\u00fcrzester Zeit \u00fcber zwei Millionen Aufrufe<\/a>. Potential also, das der Comedian f\u00fcr sich entdeckte. In den kommenden Wochen folgte eigentlich kein Post, der nicht aus Wendler-Content bestand. Es ist nicht das erste Mal, dass sich Oliver Pocher \u00fcber die sozialen Medien mit einem anderen Promi anlegt. 2018 sorgte sein <a href=\"https:\/\/www.thebestsocial.media\/de\/das-social-media-battle-zwischen-pocher-becker-ist-trash-entertainment-vom-feinsten\/\" rel=\"noopener noreferrer\" target=\"_blank\">Streit mit Tennis-Legende Boris Becker<\/a> kurzzeitig f\u00fcr viel mediale Aufmerksamkeit. Sein aktuelles Opfer, Michael Wendler, findet das Ganze nat\u00fcrlich nicht so witzig &#8230;<br \/>\n&nbsp;<\/p>\n<h3>1. Bereits kurz vor dem omin\u00f6sen SUV-Gate lie\u00df Oliver Pocher den einen oder anderen Wendler-Content in seiner Timeline aufblitzen.<\/h3>\n<p>https:\/\/www.instagram.com\/p\/B7ZQeIRo_R7\/<br \/>\n&nbsp;<\/p>\n<h3>2. Den Anfang des Wendler-Feldzugs machte dann allerdings die SUV-Parodie.<\/h3>\n<p>https:\/\/www.instagram.com\/p\/B7s8DUnIAgn\/<br \/>\nhttps:\/\/www.instagram.com\/p\/B7tCXjMoqYJ\/<br \/>\n&nbsp;<\/p>\n<h3>3. Seitdem gibt es fast keinen Post, der nicht irgendetwas mit Michi oder seiner Freundin Laura zu tun hat.<\/h3>\n<p>https:\/\/www.instagram.com\/p\/B736Hw1ogoK\/<br \/>\n&nbsp;<\/p>\n<h3>4. Ob als Video &#8230;<\/h3>\n<p>https:\/\/www.instagram.com\/p\/B78uM5LI9U6\/<br \/>\n&nbsp;<\/p>\n<h3>5. &#8230; oder als Bild &#8230;<\/h3>\n<p>https:\/\/www.instagram.com\/p\/B8OOleno-HD\/<br \/>\n&nbsp;<\/p>\n<h3>6. Oli Pocher l\u00e4sst aktuell keine Gelegenheit ungenutzt. Aber 14? Ganz ehrlich. Sie k\u00f6nnten Lauras M\u00fctter sein.<\/h3>\n<p>https:\/\/www.instagram.com\/p\/B8JRhXmII2g\/<br \/>\n&nbsp;<\/p>\n<h3>7. Aus dem Pocher wird langsam aber sicher der (Achtung, jetzt kommt es &#8230;) Pendler! Okay, wow &#8230;<\/h3>\n<p>https:\/\/www.instagram.com\/p\/B8Rp6V5i1Tl\/<br \/>\nhttps:\/\/www.instagram.com\/p\/B8ZgnEKoxtK\/<br \/>\nhttps:\/\/www.instagram.com\/p\/B8TxUSNow1f\/<br \/>\n&nbsp;<\/p>\n<h3>8. Memes d\u00fcrfen nat\u00fcrlich auch nicht fehlen.<\/h3>\n<p>https:\/\/www.instagram.com\/p\/B8dtpA7o-2C\/<br \/>\nhttps:\/\/www.instagram.com\/p\/B8f8VpZouaa\/<br \/>\nhttps:\/\/www.instagram.com\/p\/B8a_rEiIv5S\/<br \/>\nhttps:\/\/www.instagram.com\/p\/B8W9XcSI1Rb\/<br \/>\n&nbsp;<\/p>\n<h3>9. Sein neuster Post: Was der Wendler wirklich singt.<\/h3>\n<p>https:\/\/www.instagram.com\/p\/B8inWbpItVZ\/<br \/>\n&nbsp;<\/p>\n<h3>10. Schlagers\u00e4nger Wendler k\u00fcndigte deshalb l\u00e4ngst schon eine Anzeige an. <\/h3>\n<p>https:\/\/www.instagram.com\/p\/B8CMGArIEx-\/<br \/>\n&nbsp;<\/p>\n<h3>11. Der Pocher gegen den Wendler! Ein Ende scheint erstmal nicht in Sicht.<\/h3>\n<p>https:\/\/www.instagram.com\/p\/B8GfB8PoHqs\/<\/p>\n","protected":false},"excerpt":{"rendered":"<p>Knapp drei Wochen ist es nun her, dass Wendler-Freundin Laura ihren Freund mit einem SUV \u00fcberraschte \u2013 und das ganze nat\u00fcrlich Social-Media-tauglich filmte. Mit seiner&#8230;<\/p>\n","protected":false},"author":65,"featured_media":116497,"comment_status":"open","ping_status":"open","sticky":false,"template":"","format":"standard","meta":{"_acf_changed":false,"footnotes":""},"categories":[1],"tags":[231,15,2590,3710,271,2851],"class_list":["post-116472","post","type-post","status-publish","format-standard","has-post-thumbnail","hentry","category-uncategorized","tag-beef","tag-instagram","tag-klage","tag-pocher","tag-social-media","tag-wendler"],"acf":[],"yoast_head":"<!-- This site is optimized with the Yoast SEO plugin v27.5 - https:\/\/yoast.com\/product\/yoast-seo-wordpress\/ -->\n<title>Oliver Pocher auf seinem Wendler-Feldzug - The Best Social Media DE<\/title>\n<meta name=\"description\" content=\"3 Wochen ist es her, dass Laura ihren Freund Michael Wendler mit einem SUV \u00fcberraschte. Mit seiner Parodie erzielte Oliver Pocher \u00fcber 2 Millionen Aufrufe.\" \/>\n<meta name=\"robots\" content=\"index, follow, max-snippet:-1, max-image-preview:large, max-video-preview:-1\" \/>\n<link rel=\"canonical\" href=\"https:\/\/www.thebestsocial.media\/de\/oli-pocher-kann-nicht-aufhoeren-den-wendler-auf-social-media-zu-aergern\/\" \/>\n<meta property=\"og:locale\" content=\"de_DE\" \/>\n<meta property=\"og:type\" content=\"article\" \/>\n<meta property=\"og:title\" content=\"Oli Pocher kann nicht aufh\u00f6ren, den Wendler auf Social Media zu \u00e4rgern\" \/>\n<meta property=\"og:description\" content=\"3 Wochen ist es her, dass Laura ihren Freund Michael Wendler mit einem SUV \u00fcberraschte. Mit seiner Parodie erzielte Oliver Pocher \u00fcber 2 Millionen Aufrufe.\" \/>\n<meta property=\"og:url\" content=\"https:\/\/www.thebestsocial.media\/de\/oli-pocher-kann-nicht-aufhoeren-den-wendler-auf-social-media-zu-aergern\/\" \/>\n<meta property=\"og:site_name\" content=\"The Best Social Media DE\" \/>\n<meta property=\"article:published_time\" content=\"2020-02-14T15:53:51+00:00\" \/>\n<meta property=\"og:image\" content=\"https:\/\/www.thebestsocial.media\/de\/wp-content\/uploads\/sites\/3\/2020\/02\/pocherfbheader.png\" \/>\n\t<meta property=\"og:image:width\" content=\"1200\" \/>\n\t<meta property=\"og:image:height\" content=\"628\" \/>\n\t<meta property=\"og:image:type\" content=\"image\/png\" \/>\n<meta name=\"author\" content=\"Jan\" \/>\n<meta name=\"twitter:card\" content=\"summary_large_image\" \/>\n<meta name=\"twitter:label1\" content=\"Verfasst von\" \/>\n\t<meta name=\"twitter:data1\" content=\"Jan\" \/>\n\t<meta name=\"twitter:label2\" content=\"Gesch\u00e4tzte Lesezeit\" \/>\n\t<meta name=\"twitter:data2\" content=\"2\u00a0Minuten\" \/>\n<script type=\"application\/ld+json\" class=\"yoast-schema-graph\">{\"@context\":\"https:\\\/\\\/schema.org\",\"@graph\":[{\"@type\":\"Article\",\"@id\":\"https:\\\/\\\/www.thebestsocial.media\\\/de\\\/oli-pocher-kann-nicht-aufhoeren-den-wendler-auf-social-media-zu-aergern\\\/#article\",\"isPartOf\":{\"@id\":\"https:\\\/\\\/www.thebestsocial.media\\\/de\\\/oli-pocher-kann-nicht-aufhoeren-den-wendler-auf-social-media-zu-aergern\\\/\"},\"author\":{\"name\":\"Jan\",\"@id\":\"https:\\\/\\\/www.thebestsocial.media\\\/de\\\/#\\\/schema\\\/person\\\/03b8d8d2905b97b499c8e0808b724821\"},\"headline\":\"Oli Pocher kann nicht aufh\u00f6ren, den Wendler auf Social Media zu \u00e4rgern\",\"datePublished\":\"2020-02-14T15:53:51+00:00\",\"mainEntityOfPage\":{\"@id\":\"https:\\\/\\\/www.thebestsocial.media\\\/de\\\/oli-pocher-kann-nicht-aufhoeren-den-wendler-auf-social-media-zu-aergern\\\/\"},\"wordCount\":392,\"commentCount\":0,\"image\":{\"@id\":\"https:\\\/\\\/www.thebestsocial.media\\\/de\\\/oli-pocher-kann-nicht-aufhoeren-den-wendler-auf-social-media-zu-aergern\\\/#primaryimage\"},\"thumbnailUrl\":\"https:\\\/\\\/www.thebestsocial.media\\\/de\\\/wp-content\\\/uploads\\\/sites\\\/3\\\/2020\\\/02\\\/Wendli.png\",\"keywords\":[\"beef\",\"instagram\",\"Klage\",\"Pocher\",\"social media\",\"Wendler\"],\"articleSection\":[\"Uncategorized\"],\"inLanguage\":\"de\",\"potentialAction\":[{\"@type\":\"CommentAction\",\"name\":\"Comment\",\"target\":[\"https:\\\/\\\/www.thebestsocial.media\\\/de\\\/oli-pocher-kann-nicht-aufhoeren-den-wendler-auf-social-media-zu-aergern\\\/#respond\"]}]},{\"@type\":\"WebPage\",\"@id\":\"https:\\\/\\\/www.thebestsocial.media\\\/de\\\/oli-pocher-kann-nicht-aufhoeren-den-wendler-auf-social-media-zu-aergern\\\/\",\"url\":\"https:\\\/\\\/www.thebestsocial.media\\\/de\\\/oli-pocher-kann-nicht-aufhoeren-den-wendler-auf-social-media-zu-aergern\\\/\",\"name\":\"Oliver Pocher auf seinem Wendler-Feldzug - The Best Social Media DE\",\"isPartOf\":{\"@id\":\"https:\\\/\\\/www.thebestsocial.media\\\/de\\\/#website\"},\"primaryImageOfPage\":{\"@id\":\"https:\\\/\\\/www.thebestsocial.media\\\/de\\\/oli-pocher-kann-nicht-aufhoeren-den-wendler-auf-social-media-zu-aergern\\\/#primaryimage\"},\"image\":{\"@id\":\"https:\\\/\\\/www.thebestsocial.media\\\/de\\\/oli-pocher-kann-nicht-aufhoeren-den-wendler-auf-social-media-zu-aergern\\\/#primaryimage\"},\"thumbnailUrl\":\"https:\\\/\\\/www.thebestsocial.media\\\/de\\\/wp-content\\\/uploads\\\/sites\\\/3\\\/2020\\\/02\\\/Wendli.png\",\"datePublished\":\"2020-02-14T15:53:51+00:00\",\"author\":{\"@id\":\"https:\\\/\\\/www.thebestsocial.media\\\/de\\\/#\\\/schema\\\/person\\\/03b8d8d2905b97b499c8e0808b724821\"},\"description\":\"3 Wochen ist es her, dass Laura ihren Freund Michael Wendler mit einem SUV \u00fcberraschte. Mit seiner Parodie erzielte Oliver Pocher \u00fcber 2 Millionen Aufrufe.\",\"breadcrumb\":{\"@id\":\"https:\\\/\\\/www.thebestsocial.media\\\/de\\\/oli-pocher-kann-nicht-aufhoeren-den-wendler-auf-social-media-zu-aergern\\\/#breadcrumb\"},\"inLanguage\":\"de\",\"potentialAction\":[{\"@type\":\"ReadAction\",\"target\":[\"https:\\\/\\\/www.thebestsocial.media\\\/de\\\/oli-pocher-kann-nicht-aufhoeren-den-wendler-auf-social-media-zu-aergern\\\/\"]}]},{\"@type\":\"ImageObject\",\"inLanguage\":\"de\",\"@id\":\"https:\\\/\\\/www.thebestsocial.media\\\/de\\\/oli-pocher-kann-nicht-aufhoeren-den-wendler-auf-social-media-zu-aergern\\\/#primaryimage\",\"url\":\"https:\\\/\\\/www.thebestsocial.media\\\/de\\\/wp-content\\\/uploads\\\/sites\\\/3\\\/2020\\\/02\\\/Wendli.png\",\"contentUrl\":\"https:\\\/\\\/www.thebestsocial.media\\\/de\\\/wp-content\\\/uploads\\\/sites\\\/3\\\/2020\\\/02\\\/Wendli.png\",\"width\":1200,\"height\":628},{\"@type\":\"BreadcrumbList\",\"@id\":\"https:\\\/\\\/www.thebestsocial.media\\\/de\\\/oli-pocher-kann-nicht-aufhoeren-den-wendler-auf-social-media-zu-aergern\\\/#breadcrumb\",\"itemListElement\":[{\"@type\":\"ListItem\",\"position\":1,\"name\":\"Home\",\"item\":\"https:\\\/\\\/www.thebestsocial.media\\\/de\\\/\"},{\"@type\":\"ListItem\",\"position\":2,\"name\":\"Oli Pocher kann nicht aufh\u00f6ren, den Wendler auf Social Media zu \u00e4rgern\"}]},{\"@type\":\"WebSite\",\"@id\":\"https:\\\/\\\/www.thebestsocial.media\\\/de\\\/#website\",\"url\":\"https:\\\/\\\/www.thebestsocial.media\\\/de\\\/\",\"name\":\"The Best Social Media DE\",\"description\":\"\",\"potentialAction\":[{\"@type\":\"SearchAction\",\"target\":{\"@type\":\"EntryPoint\",\"urlTemplate\":\"https:\\\/\\\/www.thebestsocial.media\\\/de\\\/?s={search_term_string}\"},\"query-input\":{\"@type\":\"PropertyValueSpecification\",\"valueRequired\":true,\"valueName\":\"search_term_string\"}}],\"inLanguage\":\"de\"},{\"@type\":\"Person\",\"@id\":\"https:\\\/\\\/www.thebestsocial.media\\\/de\\\/#\\\/schema\\\/person\\\/03b8d8d2905b97b499c8e0808b724821\",\"name\":\"Jan\",\"image\":{\"@type\":\"ImageObject\",\"inLanguage\":\"de\",\"@id\":\"https:\\\/\\\/secure.gravatar.com\\\/avatar\\\/6977c5e4d81f2a717dcf76e5e74d7a00b583f3f83a2b00830dedfc799d928343?s=96&d=mm&r=g\",\"url\":\"https:\\\/\\\/secure.gravatar.com\\\/avatar\\\/6977c5e4d81f2a717dcf76e5e74d7a00b583f3f83a2b00830dedfc799d928343?s=96&d=mm&r=g\",\"contentUrl\":\"https:\\\/\\\/secure.gravatar.com\\\/avatar\\\/6977c5e4d81f2a717dcf76e5e74d7a00b583f3f83a2b00830dedfc799d928343?s=96&d=mm&r=g\",\"caption\":\"Jan\"},\"description\":\"Wohnt in M\u00fcnchen, hat aber bis heute keine Ahnung, wie er dort gelandet ist. W\u00fcnscht sich manchmal eine dritte Stimme im Kopf, die ihn davon abh\u00e4lt, auszusprechen, was er gerade denkt. Mag Sport und jeden Kartoffelchip einzeln zu essen. Hasst es, sich auf neue Duschen einstellen zu m\u00fcssen. In einer Beziehung mit Social Media \u2013 aber es ist kompliziert.\",\"url\":\"https:\\\/\\\/www.thebestsocial.media\\\/de\\\/author\\\/janhorstkoetter\\\/\"}]}<\/script>\n<!-- \/ Yoast SEO plugin. -->","yoast_head_json":{"title":"Oliver Pocher auf seinem Wendler-Feldzug - The Best Social Media DE","description":"3 Wochen ist es her, dass Laura ihren Freund Michael Wendler mit einem SUV \u00fcberraschte. Mit seiner Parodie erzielte Oliver Pocher \u00fcber 2 Millionen Aufrufe.","robots":{"index":"index","follow":"follow","max-snippet":"max-snippet:-1","max-image-preview":"max-image-preview:large","max-video-preview":"max-video-preview:-1"},"canonical":"https:\/\/www.thebestsocial.media\/de\/oli-pocher-kann-nicht-aufhoeren-den-wendler-auf-social-media-zu-aergern\/","og_locale":"de_DE","og_type":"article","og_title":"Oli Pocher kann nicht aufh\u00f6ren, den Wendler auf Social Media zu \u00e4rgern","og_description":"3 Wochen ist es her, dass Laura ihren Freund Michael Wendler mit einem SUV \u00fcberraschte. Mit seiner Parodie erzielte Oliver Pocher \u00fcber 2 Millionen Aufrufe.","og_url":"https:\/\/www.thebestsocial.media\/de\/oli-pocher-kann-nicht-aufhoeren-den-wendler-auf-social-media-zu-aergern\/","og_site_name":"The Best Social Media DE","article_published_time":"2020-02-14T15:53:51+00:00","og_image":[{"width":1200,"height":628,"url":"https:\/\/www.thebestsocial.media\/de\/wp-content\/uploads\/sites\/3\/2020\/02\/pocherfbheader.png","type":"image\/png"}],"author":"Jan","twitter_card":"summary_large_image","twitter_misc":{"Verfasst von":"Jan","Gesch\u00e4tzte Lesezeit":"2\u00a0Minuten"},"schema":{"@context":"https:\/\/schema.org","@graph":[{"@type":"Article","@id":"https:\/\/www.thebestsocial.media\/de\/oli-pocher-kann-nicht-aufhoeren-den-wendler-auf-social-media-zu-aergern\/#article","isPartOf":{"@id":"https:\/\/www.thebestsocial.media\/de\/oli-pocher-kann-nicht-aufhoeren-den-wendler-auf-social-media-zu-aergern\/"},"author":{"name":"Jan","@id":"https:\/\/www.thebestsocial.media\/de\/#\/schema\/person\/03b8d8d2905b97b499c8e0808b724821"},"headline":"Oli Pocher kann nicht aufh\u00f6ren, den Wendler auf Social Media zu \u00e4rgern","datePublished":"2020-02-14T15:53:51+00:00","mainEntityOfPage":{"@id":"https:\/\/www.thebestsocial.media\/de\/oli-pocher-kann-nicht-aufhoeren-den-wendler-auf-social-media-zu-aergern\/"},"wordCount":392,"commentCount":0,"image":{"@id":"https:\/\/www.thebestsocial.media\/de\/oli-pocher-kann-nicht-aufhoeren-den-wendler-auf-social-media-zu-aergern\/#primaryimage"},"thumbnailUrl":"https:\/\/www.thebestsocial.media\/de\/wp-content\/uploads\/sites\/3\/2020\/02\/Wendli.png","keywords":["beef","instagram","Klage","Pocher","social media","Wendler"],"articleSection":["Uncategorized"],"inLanguage":"de","potentialAction":[{"@type":"CommentAction","name":"Comment","target":["https:\/\/www.thebestsocial.media\/de\/oli-pocher-kann-nicht-aufhoeren-den-wendler-auf-social-media-zu-aergern\/#respond"]}]},{"@type":"WebPage","@id":"https:\/\/www.thebestsocial.media\/de\/oli-pocher-kann-nicht-aufhoeren-den-wendler-auf-social-media-zu-aergern\/","url":"https:\/\/www.thebestsocial.media\/de\/oli-pocher-kann-nicht-aufhoeren-den-wendler-auf-social-media-zu-aergern\/","name":"Oliver Pocher auf seinem Wendler-Feldzug - The Best Social Media DE","isPartOf":{"@id":"https:\/\/www.thebestsocial.media\/de\/#website"},"primaryImageOfPage":{"@id":"https:\/\/www.thebestsocial.media\/de\/oli-pocher-kann-nicht-aufhoeren-den-wendler-auf-social-media-zu-aergern\/#primaryimage"},"image":{"@id":"https:\/\/www.thebestsocial.media\/de\/oli-pocher-kann-nicht-aufhoeren-den-wendler-auf-social-media-zu-aergern\/#primaryimage"},"thumbnailUrl":"https:\/\/www.thebestsocial.media\/de\/wp-content\/uploads\/sites\/3\/2020\/02\/Wendli.png","datePublished":"2020-02-14T15:53:51+00:00","author":{"@id":"https:\/\/www.thebestsocial.media\/de\/#\/schema\/person\/03b8d8d2905b97b499c8e0808b724821"},"description":"3 Wochen ist es her, dass Laura ihren Freund Michael Wendler mit einem SUV \u00fcberraschte. Mit seiner Parodie erzielte Oliver Pocher \u00fcber 2 Millionen Aufrufe.","breadcrumb":{"@id":"https:\/\/www.thebestsocial.media\/de\/oli-pocher-kann-nicht-aufhoeren-den-wendler-auf-social-media-zu-aergern\/#breadcrumb"},"inLanguage":"de","potentialAction":[{"@type":"ReadAction","target":["https:\/\/www.thebestsocial.media\/de\/oli-pocher-kann-nicht-aufhoeren-den-wendler-auf-social-media-zu-aergern\/"]}]},{"@type":"ImageObject","inLanguage":"de","@id":"https:\/\/www.thebestsocial.media\/de\/oli-pocher-kann-nicht-aufhoeren-den-wendler-auf-social-media-zu-aergern\/#primaryimage","url":"https:\/\/www.thebestsocial.media\/de\/wp-content\/uploads\/sites\/3\/2020\/02\/Wendli.png","contentUrl":"https:\/\/www.thebestsocial.media\/de\/wp-content\/uploads\/sites\/3\/2020\/02\/Wendli.png","width":1200,"height":628},{"@type":"BreadcrumbList","@id":"https:\/\/www.thebestsocial.media\/de\/oli-pocher-kann-nicht-aufhoeren-den-wendler-auf-social-media-zu-aergern\/#breadcrumb","itemListElement":[{"@type":"ListItem","position":1,"name":"Home","item":"https:\/\/www.thebestsocial.media\/de\/"},{"@type":"ListItem","position":2,"name":"Oli Pocher kann nicht aufh\u00f6ren, den Wendler auf Social Media zu \u00e4rgern"}]},{"@type":"WebSite","@id":"https:\/\/www.thebestsocial.media\/de\/#website","url":"https:\/\/www.thebestsocial.media\/de\/","name":"The Best Social Media DE","description":"","potentialAction":[{"@type":"SearchAction","target":{"@type":"EntryPoint","urlTemplate":"https:\/\/www.thebestsocial.media\/de\/?s={search_term_string}"},"query-input":{"@type":"PropertyValueSpecification","valueRequired":true,"valueName":"search_term_string"}}],"inLanguage":"de"},{"@type":"Person","@id":"https:\/\/www.thebestsocial.media\/de\/#\/schema\/person\/03b8d8d2905b97b499c8e0808b724821","name":"Jan","image":{"@type":"ImageObject","inLanguage":"de","@id":"https:\/\/secure.gravatar.com\/avatar\/6977c5e4d81f2a717dcf76e5e74d7a00b583f3f83a2b00830dedfc799d928343?s=96&d=mm&r=g","url":"https:\/\/secure.gravatar.com\/avatar\/6977c5e4d81f2a717dcf76e5e74d7a00b583f3f83a2b00830dedfc799d928343?s=96&d=mm&r=g","contentUrl":"https:\/\/secure.gravatar.com\/avatar\/6977c5e4d81f2a717dcf76e5e74d7a00b583f3f83a2b00830dedfc799d928343?s=96&d=mm&r=g","caption":"Jan"},"description":"Wohnt in M\u00fcnchen, hat aber bis heute keine Ahnung, wie er dort gelandet ist. W\u00fcnscht sich manchmal eine dritte Stimme im Kopf, die ihn davon abh\u00e4lt, auszusprechen, was er gerade denkt. Mag Sport und jeden Kartoffelchip einzeln zu essen. Hasst es, sich auf neue Duschen einstellen zu m\u00fcssen. In einer Beziehung mit Social Media \u2013 aber es ist kompliziert.","url":"https:\/\/www.thebestsocial.media\/de\/author\/janhorstkoetter\/"}]}},"amp_enabled":true,"_links":{"self":[{"href":"https:\/\/www.thebestsocial.media\/de\/wp-json\/wp\/v2\/posts\/116472","targetHints":{"allow":["GET"]}}],"collection":[{"href":"https:\/\/www.thebestsocial.media\/de\/wp-json\/wp\/v2\/posts"}],"about":[{"href":"https:\/\/www.thebestsocial.media\/de\/wp-json\/wp\/v2\/types\/post"}],"author":[{"embeddable":true,"href":"https:\/\/www.thebestsocial.media\/de\/wp-json\/wp\/v2\/users\/65"}],"replies":[{"embeddable":true,"href":"https:\/\/www.thebestsocial.media\/de\/wp-json\/wp\/v2\/comments?post=116472"}],"version-history":[{"count":11,"href":"https:\/\/www.thebestsocial.media\/de\/wp-json\/wp\/v2\/posts\/116472\/revisions"}],"predecessor-version":[{"id":116502,"href":"https:\/\/www.thebestsocial.media\/de\/wp-json\/wp\/v2\/posts\/116472\/revisions\/116502"}],"wp:featuredmedia":[{"embeddable":true,"href":"https:\/\/www.thebestsocial.media\/de\/wp-json\/wp\/v2\/media\/116497"}],"wp:attachment":[{"href":"https:\/\/www.thebestsocial.media\/de\/wp-json\/wp\/v2\/media?parent=116472"}],"wp:term":[{"taxonomy":"category","embeddable":true,"href":"https:\/\/www.thebestsocial.media\/de\/wp-json\/wp\/v2\/categories?post=116472"},{"taxonomy":"post_tag","embeddable":true,"href":"https:\/\/www.thebestsocial.media\/de\/wp-json\/wp\/v2\/tags?post=116472"}],"curies":[{"name":"wp","href":"https:\/\/api.w.org\/{rel}","templated":true}]}}