{"id":115608,"date":"2020-02-07T13:17:18","date_gmt":"2020-02-07T13:17:18","guid":{"rendered":"https:\/\/www.thebestsocial.media\/de\/?p=115608"},"modified":"2020-09-07T14:47:43","modified_gmt":"2020-09-07T14:47:43","slug":"kuenstler-stellt-die-folgen-oekologischer-krisen-mit-disney-figuren-dar","status":"publish","type":"post","link":"https:\/\/www.thebestsocial.media\/de\/kuenstler-stellt-die-folgen-oekologischer-krisen-mit-disney-figuren-dar\/","title":{"rendered":"K\u00fcnstler stellt die Folgen \u00f6kologischer Krisen in der Welt von Disney-Figuren dar"},"content":{"rendered":"<p>K\u00fcnstler <a href=\"https:\/\/www.instagram.com\/the_baptman\/\">the_baptman<\/a> stellt mit seinem Comics die Auswirkungen \u00f6kologischer Katastrophen und des menschlichen Raubbaus an der Natur anhand von Disney-Figuren dar. Seine an die 30.000 Abonnenten d\u00fcrfen sich auch \u00fcber den ein oder anderen Gastauftritt eines Superhelden freuen &#8211; aber ist freuen hier \u00fcberhaupt der richtige Ausdruck?<\/p>\n<p>&nbsp;<\/p>\n<h3>1. Die Hauptfiguren des K\u00f6nig der L\u00f6wen haben die Savanne endg\u00fcltig verlassen.<\/h3>\n<p>https:\/\/www.instagram.com\/p\/B74eFOxojpy\/<\/p>\n<p>&nbsp;<\/p>\n<h3>2. Mogli besucht seine Freunde.<\/h3>\n<p>https:\/\/www.instagram.com\/p\/B7za_1RoNll\/<\/p>\n<p>&nbsp;<\/p>\n<h3>3. Das Biest wird f\u00fcr Tierversuche gefangen gehalten.<\/h3>\n<p>https:\/\/www.instagram.com\/p\/B7mgKL1IPDs\/<\/p>\n<p>&nbsp;<\/p>\n<h3>4. Wo sind all die Korallen hin, Nemo?<\/h3>\n<p>https:\/\/www.instagram.com\/p\/B7ZuPoEowzX\/<\/p>\n<p>&nbsp;<\/p>\n<h3>5. Wird langsam eng f\u00fcr die Pinguine aus Madagaskar.<\/h3>\n<p>https:\/\/www.instagram.com\/p\/B7UihqxoV2v\/<\/p>\n<p>&nbsp;<\/p>\n<h3>6. Donald Duck in der Massenentenzucht.<\/h3>\n<p>https:\/\/www.instagram.com\/p\/B6b6cXCoufs\/<\/p>\n<p>&nbsp;<\/p>\n<h3>7. Batman und Atomm\u00fcll-Robin.<\/h3>\n<p>https:\/\/www.instagram.com\/p\/B2ryAk9IG8S\/<\/p>\n<p>&nbsp;<\/p>\n<h3>8. Lilo und Stitch sehen richtig angewidert aus.<\/h3>\n<p>https:\/\/www.instagram.com\/p\/Br_jUrEAx7l\/<\/p>\n<p>&nbsp;<\/p>\n<h3>9. Bambi verliert nach der Mutter auch seinen Lieblingswald.<\/h3>\n<p>https:\/\/www.instagram.com\/p\/BrRFu4Agyqu\/<\/p>\n<p>&nbsp;<\/p>\n<h3>10. Auch mancher Superheld des DC Universums wird von dem K\u00fcnstler dargestellt.<\/h3>\n<p>Wie hier Aquaman, der um einen Freund trauert, der der \u00d6lpest zum Opfer gefallen ist.<\/p>\n<p>https:\/\/www.instagram.com\/p\/BrnvHvBH_SB\/<\/p>\n<p>&nbsp;<\/p>\n<h3>11. Und Green Lantern macht lieber gleich die Fliege.<\/h3>\n<p>https:\/\/www.instagram.com\/p\/B7hdU0VoBTs\/<\/p>\n<p>&nbsp;<\/p>\n<h3>12. Winnie Puuh leidet unter dem Bienensterben.<\/h3>\n<p>https:\/\/www.instagram.com\/p\/BrOZjIiA0qN\/<\/p>\n<p>&nbsp;<\/p>\n<h3>13. Mary Poppins kann wegen der Luftverschmutzung nur noch mit Gasmaske mit ihrem Schirm fliegen.<\/h3>\n<p>https:\/\/www.instagram.com\/p\/BrL7KXzghym\/<\/p>\n<p>&nbsp;<\/p>\n<h3>14. Und Arielle die Meerjungfrau droht im Plastikm\u00fcll zu ersticken.<\/h3>\n<p>https:\/\/www.instagram.com\/p\/BqyMnyhgixg\/<\/p>\n<p>&nbsp;<\/p>\n<h3>Hier geht es zu weiteren K\u00fcnstler-Portraits:<\/h3>\n<p><a href=\"https:\/\/www.thebestsocial.media\/de\/kuenstler-zeigt-wie-die-rueckseite-bekannter-alben-wirklich-aussehen\/\">Instagrammer photoshopped sich auf die R\u00fcckseiten bekannter Albencover<\/a><\/p>\n<p><a href=\"https:\/\/www.thebestsocial.media\/de\/comic-zeichnerin-zeigt-die-vor-und-nachteile-davon-klein-zu-sein\/\">Comic-Zeichnerin zeigt die Vor- und Nachteile davon, klein zu sein<\/a><\/p>\n<p><a href=\"https:\/\/www.thebestsocial.media\/de\/ich-male-mir-die-welt-kuenstler-bringt-die-kritzeleien-von-kindern-ins-echte-leben\/\">Ich male mir die Welt: K\u00fcnstler bringt die Kritzeleien von Kindern ins echte Leben<\/a><\/p>\n<p><a href=\"https:\/\/www.thebestsocial.media\/de\/photoshop-kuenstler-nimmt-user-anfragen-woertlich-und-macht-sie-zu-irrwitzigen-kunstwerken\/\">Dieser Photoshop-K\u00fcnstler nimmt die Anfragen seiner Community w\u00f6rtlich<\/a><\/p>\n","protected":false},"excerpt":{"rendered":"<p>K\u00fcnstler the_baptman stellt mit seinem Comics die Auswirkungen \u00f6kologischer Katastrophen und des menschlichen Raubbaus an der Natur anhand von Disney-Figuren dar. Seine an die 30.000&#8230;<\/p>\n","protected":false},"author":69,"featured_media":115636,"comment_status":"open","ping_status":"open","sticky":false,"template":"","format":"standard","meta":{"_acf_changed":false,"footnotes":""},"categories":[106,11,14,1178],"tags":[3659,3660,448,15,1625,2542,3661],"class_list":["post-115608","post","type-post","status-publish","format-standard","has-post-thumbnail","hentry","category-best-of","category-creative-content","category-instagram","category-portrait","tag-the_baptman","tag-dc-comics","tag-disney","tag-instagram","tag-klimawandel","tag-kuenstler","tag-naturkatastrophen"],"acf":[],"yoast_head":"<!-- This site is optimized with the Yoast SEO plugin v27.5 - https:\/\/yoast.com\/product\/yoast-seo-wordpress\/ -->\n<title>K\u00fcnstler stellt die Folgen \u00f6kologischer Krisen mit Disney-Figuren dar<\/title>\n<meta name=\"description\" content=\"K\u00fcnstler the_baptman stellt mit seinem Comics die Auswirkungen \u00f6kologischer Katastrophen und des menschlichen Raubbaus an der Natur auf Disney-Figuren dar.\" \/>\n<meta name=\"robots\" content=\"index, follow, max-snippet:-1, max-image-preview:large, max-video-preview:-1\" \/>\n<link rel=\"canonical\" href=\"https:\/\/www.thebestsocial.media\/de\/kuenstler-stellt-die-folgen-oekologischer-krisen-mit-disney-figuren-dar\/\" \/>\n<meta property=\"og:locale\" content=\"de_DE\" \/>\n<meta property=\"og:type\" content=\"article\" \/>\n<meta property=\"og:title\" content=\"K\u00fcnstler stellt die Folgen \u00f6kologischer Krisen in der Welt von Disney-Figuren dar\" \/>\n<meta property=\"og:description\" content=\"K\u00fcnstler the_baptman stellt mit seinem Comics die Auswirkungen \u00f6kologischer Katastrophen und des menschlichen Raubbaus an der Natur auf Disney-Figuren dar.\" \/>\n<meta property=\"og:url\" content=\"https:\/\/www.thebestsocial.media\/de\/kuenstler-stellt-die-folgen-oekologischer-krisen-mit-disney-figuren-dar\/\" \/>\n<meta property=\"og:site_name\" content=\"The Best Social Media DE\" \/>\n<meta property=\"article:published_time\" content=\"2020-02-07T13:17:18+00:00\" \/>\n<meta property=\"article:modified_time\" content=\"2020-09-07T14:47:43+00:00\" \/>\n<meta property=\"og:image\" content=\"https:\/\/www.thebestsocial.media\/de\/wp-content\/uploads\/sites\/3\/2020\/02\/K\u00fcnstler-Disney-FB.png\" \/>\n\t<meta property=\"og:image:width\" content=\"1200\" \/>\n\t<meta property=\"og:image:height\" content=\"628\" \/>\n\t<meta property=\"og:image:type\" content=\"image\/png\" \/>\n<meta name=\"author\" content=\"Daniel\" \/>\n<meta name=\"twitter:card\" content=\"summary_large_image\" \/>\n<meta name=\"twitter:label1\" content=\"Verfasst von\" \/>\n\t<meta name=\"twitter:data1\" content=\"Daniel\" \/>\n\t<meta name=\"twitter:label2\" content=\"Gesch\u00e4tzte Lesezeit\" \/>\n\t<meta name=\"twitter:data2\" content=\"2\u00a0Minuten\" \/>\n<script type=\"application\/ld+json\" class=\"yoast-schema-graph\">{\"@context\":\"https:\\\/\\\/schema.org\",\"@graph\":[{\"@type\":\"Article\",\"@id\":\"https:\\\/\\\/www.thebestsocial.media\\\/de\\\/kuenstler-stellt-die-folgen-oekologischer-krisen-mit-disney-figuren-dar\\\/#article\",\"isPartOf\":{\"@id\":\"https:\\\/\\\/www.thebestsocial.media\\\/de\\\/kuenstler-stellt-die-folgen-oekologischer-krisen-mit-disney-figuren-dar\\\/\"},\"author\":{\"name\":\"Daniel\",\"@id\":\"https:\\\/\\\/www.thebestsocial.media\\\/de\\\/#\\\/schema\\\/person\\\/8436dad17308be6a12bda1359db16b67\"},\"headline\":\"K\u00fcnstler stellt die Folgen \u00f6kologischer Krisen in der Welt von Disney-Figuren dar\",\"datePublished\":\"2020-02-07T13:17:18+00:00\",\"dateModified\":\"2020-09-07T14:47:43+00:00\",\"mainEntityOfPage\":{\"@id\":\"https:\\\/\\\/www.thebestsocial.media\\\/de\\\/kuenstler-stellt-die-folgen-oekologischer-krisen-mit-disney-figuren-dar\\\/\"},\"wordCount\":364,\"commentCount\":0,\"image\":{\"@id\":\"https:\\\/\\\/www.thebestsocial.media\\\/de\\\/kuenstler-stellt-die-folgen-oekologischer-krisen-mit-disney-figuren-dar\\\/#primaryimage\"},\"thumbnailUrl\":\"https:\\\/\\\/www.thebestsocial.media\\\/de\\\/wp-content\\\/uploads\\\/sites\\\/3\\\/2020\\\/02\\\/K\u00fcnstler-Disney-BB.png\",\"keywords\":[\"@the_baptman\",\"DC Comics\",\"disney\",\"instagram\",\"Klimawandel\",\"K\u00fcnstler\",\"Naturkatastrophen\"],\"articleSection\":[\"Best of\",\"Creative Content\",\"Instagram\",\"Portrait\"],\"inLanguage\":\"de\",\"potentialAction\":[{\"@type\":\"CommentAction\",\"name\":\"Comment\",\"target\":[\"https:\\\/\\\/www.thebestsocial.media\\\/de\\\/kuenstler-stellt-die-folgen-oekologischer-krisen-mit-disney-figuren-dar\\\/#respond\"]}]},{\"@type\":\"WebPage\",\"@id\":\"https:\\\/\\\/www.thebestsocial.media\\\/de\\\/kuenstler-stellt-die-folgen-oekologischer-krisen-mit-disney-figuren-dar\\\/\",\"url\":\"https:\\\/\\\/www.thebestsocial.media\\\/de\\\/kuenstler-stellt-die-folgen-oekologischer-krisen-mit-disney-figuren-dar\\\/\",\"name\":\"K\u00fcnstler stellt die Folgen \u00f6kologischer Krisen mit Disney-Figuren dar\",\"isPartOf\":{\"@id\":\"https:\\\/\\\/www.thebestsocial.media\\\/de\\\/#website\"},\"primaryImageOfPage\":{\"@id\":\"https:\\\/\\\/www.thebestsocial.media\\\/de\\\/kuenstler-stellt-die-folgen-oekologischer-krisen-mit-disney-figuren-dar\\\/#primaryimage\"},\"image\":{\"@id\":\"https:\\\/\\\/www.thebestsocial.media\\\/de\\\/kuenstler-stellt-die-folgen-oekologischer-krisen-mit-disney-figuren-dar\\\/#primaryimage\"},\"thumbnailUrl\":\"https:\\\/\\\/www.thebestsocial.media\\\/de\\\/wp-content\\\/uploads\\\/sites\\\/3\\\/2020\\\/02\\\/K\u00fcnstler-Disney-BB.png\",\"datePublished\":\"2020-02-07T13:17:18+00:00\",\"dateModified\":\"2020-09-07T14:47:43+00:00\",\"author\":{\"@id\":\"https:\\\/\\\/www.thebestsocial.media\\\/de\\\/#\\\/schema\\\/person\\\/8436dad17308be6a12bda1359db16b67\"},\"description\":\"K\u00fcnstler the_baptman stellt mit seinem Comics die Auswirkungen \u00f6kologischer Katastrophen und des menschlichen Raubbaus an der Natur auf Disney-Figuren dar.\",\"breadcrumb\":{\"@id\":\"https:\\\/\\\/www.thebestsocial.media\\\/de\\\/kuenstler-stellt-die-folgen-oekologischer-krisen-mit-disney-figuren-dar\\\/#breadcrumb\"},\"inLanguage\":\"de\",\"potentialAction\":[{\"@type\":\"ReadAction\",\"target\":[\"https:\\\/\\\/www.thebestsocial.media\\\/de\\\/kuenstler-stellt-die-folgen-oekologischer-krisen-mit-disney-figuren-dar\\\/\"]}]},{\"@type\":\"ImageObject\",\"inLanguage\":\"de\",\"@id\":\"https:\\\/\\\/www.thebestsocial.media\\\/de\\\/kuenstler-stellt-die-folgen-oekologischer-krisen-mit-disney-figuren-dar\\\/#primaryimage\",\"url\":\"https:\\\/\\\/www.thebestsocial.media\\\/de\\\/wp-content\\\/uploads\\\/sites\\\/3\\\/2020\\\/02\\\/K\u00fcnstler-Disney-BB.png\",\"contentUrl\":\"https:\\\/\\\/www.thebestsocial.media\\\/de\\\/wp-content\\\/uploads\\\/sites\\\/3\\\/2020\\\/02\\\/K\u00fcnstler-Disney-BB.png\",\"width\":1200,\"height\":628},{\"@type\":\"BreadcrumbList\",\"@id\":\"https:\\\/\\\/www.thebestsocial.media\\\/de\\\/kuenstler-stellt-die-folgen-oekologischer-krisen-mit-disney-figuren-dar\\\/#breadcrumb\",\"itemListElement\":[{\"@type\":\"ListItem\",\"position\":1,\"name\":\"Home\",\"item\":\"https:\\\/\\\/www.thebestsocial.media\\\/de\\\/\"},{\"@type\":\"ListItem\",\"position\":2,\"name\":\"K\u00fcnstler stellt die Folgen \u00f6kologischer Krisen in der Welt von Disney-Figuren dar\"}]},{\"@type\":\"WebSite\",\"@id\":\"https:\\\/\\\/www.thebestsocial.media\\\/de\\\/#website\",\"url\":\"https:\\\/\\\/www.thebestsocial.media\\\/de\\\/\",\"name\":\"The Best Social Media DE\",\"description\":\"\",\"potentialAction\":[{\"@type\":\"SearchAction\",\"target\":{\"@type\":\"EntryPoint\",\"urlTemplate\":\"https:\\\/\\\/www.thebestsocial.media\\\/de\\\/?s={search_term_string}\"},\"query-input\":{\"@type\":\"PropertyValueSpecification\",\"valueRequired\":true,\"valueName\":\"search_term_string\"}}],\"inLanguage\":\"de\"},{\"@type\":\"Person\",\"@id\":\"https:\\\/\\\/www.thebestsocial.media\\\/de\\\/#\\\/schema\\\/person\\\/8436dad17308be6a12bda1359db16b67\",\"name\":\"Daniel\",\"image\":{\"@type\":\"ImageObject\",\"inLanguage\":\"de\",\"@id\":\"https:\\\/\\\/secure.gravatar.com\\\/avatar\\\/e57960a5419478a8e098ecfe25dc307d2752a6893387329845c92b11790ee251?s=96&d=mm&r=g\",\"url\":\"https:\\\/\\\/secure.gravatar.com\\\/avatar\\\/e57960a5419478a8e098ecfe25dc307d2752a6893387329845c92b11790ee251?s=96&d=mm&r=g\",\"contentUrl\":\"https:\\\/\\\/secure.gravatar.com\\\/avatar\\\/e57960a5419478a8e098ecfe25dc307d2752a6893387329845c92b11790ee251?s=96&d=mm&r=g\",\"caption\":\"Daniel\"},\"description\":\"M\u00fcnchner Urgestein, das sich im Sumpf der sozialen Medien austobt. Wunschberuf war eigentlich Profifu\u00dfballer. Daraus wurde aber nichts, weil der Stift bei der Vertragsunterschrift leer war. Und dann kam auch noch die eine Erk\u00e4ltung.\",\"url\":\"https:\\\/\\\/www.thebestsocial.media\\\/de\\\/author\\\/danielkugler\\\/\"}]}<\/script>\n<!-- \/ Yoast SEO plugin. -->","yoast_head_json":{"title":"K\u00fcnstler stellt die Folgen \u00f6kologischer Krisen mit Disney-Figuren dar","description":"K\u00fcnstler the_baptman stellt mit seinem Comics die Auswirkungen \u00f6kologischer Katastrophen und des menschlichen Raubbaus an der Natur auf Disney-Figuren dar.","robots":{"index":"index","follow":"follow","max-snippet":"max-snippet:-1","max-image-preview":"max-image-preview:large","max-video-preview":"max-video-preview:-1"},"canonical":"https:\/\/www.thebestsocial.media\/de\/kuenstler-stellt-die-folgen-oekologischer-krisen-mit-disney-figuren-dar\/","og_locale":"de_DE","og_type":"article","og_title":"K\u00fcnstler stellt die Folgen \u00f6kologischer Krisen in der Welt von Disney-Figuren dar","og_description":"K\u00fcnstler the_baptman stellt mit seinem Comics die Auswirkungen \u00f6kologischer Katastrophen und des menschlichen Raubbaus an der Natur auf Disney-Figuren dar.","og_url":"https:\/\/www.thebestsocial.media\/de\/kuenstler-stellt-die-folgen-oekologischer-krisen-mit-disney-figuren-dar\/","og_site_name":"The Best Social Media DE","article_published_time":"2020-02-07T13:17:18+00:00","article_modified_time":"2020-09-07T14:47:43+00:00","og_image":[{"width":1200,"height":628,"url":"https:\/\/www.thebestsocial.media\/de\/wp-content\/uploads\/sites\/3\/2020\/02\/K\u00fcnstler-Disney-FB.png","type":"image\/png"}],"author":"Daniel","twitter_card":"summary_large_image","twitter_misc":{"Verfasst von":"Daniel","Gesch\u00e4tzte Lesezeit":"2\u00a0Minuten"},"schema":{"@context":"https:\/\/schema.org","@graph":[{"@type":"Article","@id":"https:\/\/www.thebestsocial.media\/de\/kuenstler-stellt-die-folgen-oekologischer-krisen-mit-disney-figuren-dar\/#article","isPartOf":{"@id":"https:\/\/www.thebestsocial.media\/de\/kuenstler-stellt-die-folgen-oekologischer-krisen-mit-disney-figuren-dar\/"},"author":{"name":"Daniel","@id":"https:\/\/www.thebestsocial.media\/de\/#\/schema\/person\/8436dad17308be6a12bda1359db16b67"},"headline":"K\u00fcnstler stellt die Folgen \u00f6kologischer Krisen in der Welt von Disney-Figuren dar","datePublished":"2020-02-07T13:17:18+00:00","dateModified":"2020-09-07T14:47:43+00:00","mainEntityOfPage":{"@id":"https:\/\/www.thebestsocial.media\/de\/kuenstler-stellt-die-folgen-oekologischer-krisen-mit-disney-figuren-dar\/"},"wordCount":364,"commentCount":0,"image":{"@id":"https:\/\/www.thebestsocial.media\/de\/kuenstler-stellt-die-folgen-oekologischer-krisen-mit-disney-figuren-dar\/#primaryimage"},"thumbnailUrl":"https:\/\/www.thebestsocial.media\/de\/wp-content\/uploads\/sites\/3\/2020\/02\/K\u00fcnstler-Disney-BB.png","keywords":["@the_baptman","DC Comics","disney","instagram","Klimawandel","K\u00fcnstler","Naturkatastrophen"],"articleSection":["Best of","Creative Content","Instagram","Portrait"],"inLanguage":"de","potentialAction":[{"@type":"CommentAction","name":"Comment","target":["https:\/\/www.thebestsocial.media\/de\/kuenstler-stellt-die-folgen-oekologischer-krisen-mit-disney-figuren-dar\/#respond"]}]},{"@type":"WebPage","@id":"https:\/\/www.thebestsocial.media\/de\/kuenstler-stellt-die-folgen-oekologischer-krisen-mit-disney-figuren-dar\/","url":"https:\/\/www.thebestsocial.media\/de\/kuenstler-stellt-die-folgen-oekologischer-krisen-mit-disney-figuren-dar\/","name":"K\u00fcnstler stellt die Folgen \u00f6kologischer Krisen mit Disney-Figuren dar","isPartOf":{"@id":"https:\/\/www.thebestsocial.media\/de\/#website"},"primaryImageOfPage":{"@id":"https:\/\/www.thebestsocial.media\/de\/kuenstler-stellt-die-folgen-oekologischer-krisen-mit-disney-figuren-dar\/#primaryimage"},"image":{"@id":"https:\/\/www.thebestsocial.media\/de\/kuenstler-stellt-die-folgen-oekologischer-krisen-mit-disney-figuren-dar\/#primaryimage"},"thumbnailUrl":"https:\/\/www.thebestsocial.media\/de\/wp-content\/uploads\/sites\/3\/2020\/02\/K\u00fcnstler-Disney-BB.png","datePublished":"2020-02-07T13:17:18+00:00","dateModified":"2020-09-07T14:47:43+00:00","author":{"@id":"https:\/\/www.thebestsocial.media\/de\/#\/schema\/person\/8436dad17308be6a12bda1359db16b67"},"description":"K\u00fcnstler the_baptman stellt mit seinem Comics die Auswirkungen \u00f6kologischer Katastrophen und des menschlichen Raubbaus an der Natur auf Disney-Figuren dar.","breadcrumb":{"@id":"https:\/\/www.thebestsocial.media\/de\/kuenstler-stellt-die-folgen-oekologischer-krisen-mit-disney-figuren-dar\/#breadcrumb"},"inLanguage":"de","potentialAction":[{"@type":"ReadAction","target":["https:\/\/www.thebestsocial.media\/de\/kuenstler-stellt-die-folgen-oekologischer-krisen-mit-disney-figuren-dar\/"]}]},{"@type":"ImageObject","inLanguage":"de","@id":"https:\/\/www.thebestsocial.media\/de\/kuenstler-stellt-die-folgen-oekologischer-krisen-mit-disney-figuren-dar\/#primaryimage","url":"https:\/\/www.thebestsocial.media\/de\/wp-content\/uploads\/sites\/3\/2020\/02\/K\u00fcnstler-Disney-BB.png","contentUrl":"https:\/\/www.thebestsocial.media\/de\/wp-content\/uploads\/sites\/3\/2020\/02\/K\u00fcnstler-Disney-BB.png","width":1200,"height":628},{"@type":"BreadcrumbList","@id":"https:\/\/www.thebestsocial.media\/de\/kuenstler-stellt-die-folgen-oekologischer-krisen-mit-disney-figuren-dar\/#breadcrumb","itemListElement":[{"@type":"ListItem","position":1,"name":"Home","item":"https:\/\/www.thebestsocial.media\/de\/"},{"@type":"ListItem","position":2,"name":"K\u00fcnstler stellt die Folgen \u00f6kologischer Krisen in der Welt von Disney-Figuren dar"}]},{"@type":"WebSite","@id":"https:\/\/www.thebestsocial.media\/de\/#website","url":"https:\/\/www.thebestsocial.media\/de\/","name":"The Best Social Media DE","description":"","potentialAction":[{"@type":"SearchAction","target":{"@type":"EntryPoint","urlTemplate":"https:\/\/www.thebestsocial.media\/de\/?s={search_term_string}"},"query-input":{"@type":"PropertyValueSpecification","valueRequired":true,"valueName":"search_term_string"}}],"inLanguage":"de"},{"@type":"Person","@id":"https:\/\/www.thebestsocial.media\/de\/#\/schema\/person\/8436dad17308be6a12bda1359db16b67","name":"Daniel","image":{"@type":"ImageObject","inLanguage":"de","@id":"https:\/\/secure.gravatar.com\/avatar\/e57960a5419478a8e098ecfe25dc307d2752a6893387329845c92b11790ee251?s=96&d=mm&r=g","url":"https:\/\/secure.gravatar.com\/avatar\/e57960a5419478a8e098ecfe25dc307d2752a6893387329845c92b11790ee251?s=96&d=mm&r=g","contentUrl":"https:\/\/secure.gravatar.com\/avatar\/e57960a5419478a8e098ecfe25dc307d2752a6893387329845c92b11790ee251?s=96&d=mm&r=g","caption":"Daniel"},"description":"M\u00fcnchner Urgestein, das sich im Sumpf der sozialen Medien austobt. Wunschberuf war eigentlich Profifu\u00dfballer. Daraus wurde aber nichts, weil der Stift bei der Vertragsunterschrift leer war. Und dann kam auch noch die eine Erk\u00e4ltung.","url":"https:\/\/www.thebestsocial.media\/de\/author\/danielkugler\/"}]}},"amp_enabled":true,"_links":{"self":[{"href":"https:\/\/www.thebestsocial.media\/de\/wp-json\/wp\/v2\/posts\/115608","targetHints":{"allow":["GET"]}}],"collection":[{"href":"https:\/\/www.thebestsocial.media\/de\/wp-json\/wp\/v2\/posts"}],"about":[{"href":"https:\/\/www.thebestsocial.media\/de\/wp-json\/wp\/v2\/types\/post"}],"author":[{"embeddable":true,"href":"https:\/\/www.thebestsocial.media\/de\/wp-json\/wp\/v2\/users\/69"}],"replies":[{"embeddable":true,"href":"https:\/\/www.thebestsocial.media\/de\/wp-json\/wp\/v2\/comments?post=115608"}],"version-history":[{"count":13,"href":"https:\/\/www.thebestsocial.media\/de\/wp-json\/wp\/v2\/posts\/115608\/revisions"}],"predecessor-version":[{"id":133254,"href":"https:\/\/www.thebestsocial.media\/de\/wp-json\/wp\/v2\/posts\/115608\/revisions\/133254"}],"wp:featuredmedia":[{"embeddable":true,"href":"https:\/\/www.thebestsocial.media\/de\/wp-json\/wp\/v2\/media\/115636"}],"wp:attachment":[{"href":"https:\/\/www.thebestsocial.media\/de\/wp-json\/wp\/v2\/media?parent=115608"}],"wp:term":[{"taxonomy":"category","embeddable":true,"href":"https:\/\/www.thebestsocial.media\/de\/wp-json\/wp\/v2\/categories?post=115608"},{"taxonomy":"post_tag","embeddable":true,"href":"https:\/\/www.thebestsocial.media\/de\/wp-json\/wp\/v2\/tags?post=115608"}],"curies":[{"name":"wp","href":"https:\/\/api.w.org\/{rel}","templated":true}]}}