{"id":115315,"date":"2020-02-05T15:56:04","date_gmt":"2020-02-05T15:56:04","guid":{"rendered":"https:\/\/www.thebestsocial.media\/de\/?p=115315"},"modified":"2020-02-05T16:10:25","modified_gmt":"2020-02-05T16:10:25","slug":"ueberraschung-in-thueringen-die-ersten-netzstimmen-zur-wahl-von-fdp-mann-kemmerich","status":"publish","type":"post","link":"https:\/\/www.thebestsocial.media\/de\/ueberraschung-in-thueringen-die-ersten-netzstimmen-zur-wahl-von-fdp-mann-kemmerich\/","title":{"rendered":"\u00dcberraschung in Th\u00fcringen: Die ersten Netzstimmen zur Wahl von FDP-Mann Kemmerich"},"content":{"rendered":"<p>Wenn man ganz fest mit etwas rechnet&#8230; kommts am Ende manchmal doch ganz anders. So geschehen heute im Th\u00fcringer Landtag: Dass der (nun ehemalige) Ministerpr\u00e4sident Bodo Ramelow keine absolute Mehrheit bei der Wahl des selbigen bekommen w\u00fcrde, war klar. Dennoch rechnete man damit, dass er zumindest aus dem dritten Wahlgang, in dem bereits eine einfach Mehrheit zur Wiederwahl ausreichen w\u00fcrde, siegreich hervorginge. Denkste! Stimmen der <a href=\"https:\/\/www.thebestsocial.media\/de\/?s=afd\">AfD<\/a> verhalfen dem <a href=\"https:\/\/www.thebestsocial.media\/de\/?s=fdp\">FDP<\/a>-Mann Thomas Kemmerich heute dazu, Regierungschef in Th\u00fcringen zu werden. Das mediale Erdbeben war vorprogrammiert. Die herausstechenden Posts der ersten Stunden:<\/p>\n<p>&nbsp;<\/p>\n<p><strong>1. Klar, FDP gleich Lindner gleich eines der bekanntesten Zitate, die ein Politiker in den letzten Jahren so rausgehauen hat. Und eben jenes wurde nat\u00fcrlich in Rekordzeit an die heutigen Umst\u00e4nde angepasst.<\/strong><\/p>\n<div class=\"dbsm-oembed\">\n<blockquote class=\"twitter-tweet\" data-width=\"500\" data-dnt=\"true\">\n<p lang=\"de\" dir=\"ltr\">Denken wir neu. <a href=\"https:\/\/twitter.com\/hashtag\/Th%C3%BCringen?src=hash&amp;ref_src=twsrc%5Etfw\">#Th\u00fcringen<\/a> <a href=\"https:\/\/t.co\/mTn283L1jp\">pic.twitter.com\/mTn283L1jp<\/a><\/p>\n<p>&mdash; O\u011fuz Y\u0131lmaz (@oguz) <a href=\"https:\/\/twitter.com\/oguz\/status\/1225038546286804992?ref_src=twsrc%5Etfw\">February 5, 2020<\/a><\/p><\/blockquote>\n<p><script async src=\"https:\/\/platform.twitter.com\/widgets.js\" charset=\"utf-8\"><\/script><\/div>\n<p>&nbsp;<br \/>\n<strong>2. Auch von hochoffizieller Stelle.<\/strong><\/p>\n<div class=\"dbsm-oembed\">\n<blockquote class=\"twitter-tweet\" data-width=\"500\" data-dnt=\"true\">\n<p lang=\"de\" dir=\"ltr\"><a href=\"https:\/\/twitter.com\/hashtag\/FDP?src=hash&amp;ref_src=twsrc%5Etfw\">#FDP<\/a> und <a href=\"https:\/\/twitter.com\/c_lindner?ref_src=twsrc%5Etfw\">@c_lindner<\/a>: Lieber mit Faschisten regieren, als nicht regieren.<a href=\"https:\/\/twitter.com\/hashtag\/MPWahl?src=hash&amp;ref_src=twsrc%5Etfw\">#MPWahl<\/a> <a href=\"https:\/\/twitter.com\/hashtag\/Kemmerich?src=hash&amp;ref_src=twsrc%5Etfw\">#Kemmerich<\/a> <a href=\"https:\/\/twitter.com\/hashtag\/CDU?src=hash&amp;ref_src=twsrc%5Etfw\">#CDU<\/a> <a href=\"https:\/\/twitter.com\/hashtag\/Th%C3%BCringen?src=hash&amp;ref_src=twsrc%5Etfw\">#Th\u00fcringen<\/a> <a href=\"https:\/\/t.co\/P11kfcBwdL\">pic.twitter.com\/P11kfcBwdL<\/a><\/p>\n<p>&mdash; Die Linke (@dieLinke) <a href=\"https:\/\/twitter.com\/dieLinke\/status\/1225038283698319363?ref_src=twsrc%5Etfw\">February 5, 2020<\/a><\/p><\/blockquote>\n<p><script async src=\"https:\/\/platform.twitter.com\/widgets.js\" charset=\"utf-8\"><\/script><\/div>\n<p>&nbsp;<br \/>\n<strong>3. Hier nochmal das Originalzitat. Scheinbar nicht so gut gealtert.<\/strong><\/p>\n<p>https:\/\/twitter.com\/stollenthomas\/status\/1225038606370312194<br \/>\n&nbsp;<\/p>\n<p><strong>4. &#8222;Tabubruch&#8220; war im Kontext der Ereignisse ein \u00fcberall auftauchendes Schlagwort.<\/strong><\/p>\n<div class=\"dbsm-oembed\">\n<blockquote class=\"twitter-tweet\" data-width=\"500\" data-dnt=\"true\">\n<p lang=\"de\" dir=\"ltr\">Was f\u00fcr die FDP ein Tabubruch ist:<\/p>\n<p>-Debatte \u00fcber Enteignungen gro\u00dfer Wohnkonzerne<br \/>-Debatte \u00fcber Billigfleisch &amp; B\u00f6llerverbot<br \/>-Tempolimit<br \/>-Grundrente<br \/>-Schulstreik gegen Klimawandel<\/p>\n<p>Was f\u00fcr die FDP kein Tabubruch ist:<\/p>\n<p>-sich von Faschisten der AfD in <a href=\"https:\/\/twitter.com\/hashtag\/Th%C3%BCringen?src=hash&amp;ref_src=twsrc%5Etfw\">#Th\u00fcringen<\/a> w\u00e4hlen zu lassen<\/p>\n<p>&mdash; Kaffeecup (@kaffeecup) <a href=\"https:\/\/twitter.com\/kaffeecup\/status\/1225062306016583681?ref_src=twsrc%5Etfw\">February 5, 2020<\/a><\/p><\/blockquote>\n<p><script async src=\"https:\/\/platform.twitter.com\/widgets.js\" charset=\"utf-8\"><\/script><\/div>\n<p>https:\/\/twitter.com\/KuehniKev\/status\/1225034218671083520<br \/>\n&nbsp;<\/p>\n<p><strong>5. Und den wollte nicht jede im Landtag einfach so hinnehmen.<\/strong><\/p>\n<div class=\"dbsm-oembed\">\n<blockquote class=\"twitter-tweet\" data-width=\"500\" data-dnt=\"true\">\n<p lang=\"de\" dir=\"ltr\">So geht Haltung! <a href=\"https:\/\/twitter.com\/SusanneHennig?ref_src=twsrc%5Etfw\">@SusanneHennig<\/a> wirft den Blumenstrau\u00df vor den F\u00fc\u00dfen von <a href=\"https:\/\/twitter.com\/hashtag\/Kemmerich?src=hash&amp;ref_src=twsrc%5Etfw\">#Kemmerich<\/a> ab, der soeben mit den Stimmen der Faschisten gew\u00e4hlt wurde. Danke! <a href=\"https:\/\/twitter.com\/hashtag\/thueringen?src=hash&amp;ref_src=twsrc%5Etfw\">#thueringen<\/a> <a href=\"https:\/\/twitter.com\/hashtag\/MPWahl?src=hash&amp;ref_src=twsrc%5Etfw\">#MPWahl<\/a> <a href=\"https:\/\/twitter.com\/hashtag\/fckafd?src=hash&amp;ref_src=twsrc%5Etfw\">#fckafd<\/a> <a href=\"https:\/\/t.co\/Q6BsQUEo4C\">pic.twitter.com\/Q6BsQUEo4C<\/a><\/p>\n<p>&mdash; Chris (@ChrisCldtz) <a href=\"https:\/\/twitter.com\/ChrisCldtz\/status\/1225046067076571136?ref_src=twsrc%5Etfw\">February 5, 2020<\/a><\/p><\/blockquote>\n<p><script async src=\"https:\/\/platform.twitter.com\/widgets.js\" charset=\"utf-8\"><\/script><\/div>\n<div class=\"dbsm-oembed\">\n<blockquote class=\"twitter-tweet\" data-width=\"500\" data-dnt=\"true\">\n<p lang=\"de\" dir=\"ltr\">Linken-Chefin Hennig-Wellsow wirft dem Ministerpr\u00e4sidenten <a href=\"https:\/\/twitter.com\/hashtag\/Kemmerich?src=hash&amp;ref_src=twsrc%5Etfw\">#Kemmerich<\/a> nach seiner Vereidigung einen Blumenstrau\u00df vor die F\u00fc\u00dfe, sie scheint au\u00dfer sich.<a href=\"https:\/\/twitter.com\/hashtag\/MPWahl?src=hash&amp;ref_src=twsrc%5Etfw\">#MPWahl<\/a> <a href=\"https:\/\/twitter.com\/hashtag\/Th%C3%BCringen?src=hash&amp;ref_src=twsrc%5Etfw\">#Th\u00fcringen<\/a> <a href=\"https:\/\/twitter.com\/hashtag\/Landtag?src=hash&amp;ref_src=twsrc%5Etfw\">#Landtag<\/a> <a href=\"https:\/\/twitter.com\/hashtag\/Ministerpr%C3%A4sident?src=hash&amp;ref_src=twsrc%5Etfw\">#Ministerpr\u00e4sident<\/a><\/p>\n<p>&mdash; MDR TH\u00dcRINGEN (@mdr_th) <a href=\"https:\/\/twitter.com\/mdr_th\/status\/1225034318826954754?ref_src=twsrc%5Etfw\">February 5, 2020<\/a><\/p><\/blockquote>\n<p><script async src=\"https:\/\/platform.twitter.com\/widgets.js\" charset=\"utf-8\"><\/script><\/div>\n<p>&nbsp;<\/p>\n<p><strong>6. Tja, wie war das nochmal mit der Geschichte&#8230;<\/strong><\/p>\n<div class=\"dbsm-oembed\">\n<blockquote class=\"twitter-tweet\" data-width=\"500\" data-dnt=\"true\">\n<p lang=\"en\" dir=\"ltr\">well&#8230;ehm&#8230;.<a href=\"https:\/\/twitter.com\/hashtag\/MPWahl?src=hash&amp;ref_src=twsrc%5Etfw\">#MPWahl<\/a> <a href=\"https:\/\/twitter.com\/hashtag\/Thueringen?src=hash&amp;ref_src=twsrc%5Etfw\">#Thueringen<\/a> <a href=\"https:\/\/twitter.com\/hashtag\/FDP?src=hash&amp;ref_src=twsrc%5Etfw\">#FDP<\/a> <a href=\"https:\/\/twitter.com\/hashtag\/AfD?src=hash&amp;ref_src=twsrc%5Etfw\">#AfD<\/a> <a href=\"https:\/\/t.co\/6pvzPRYfFi\">pic.twitter.com\/6pvzPRYfFi<\/a><\/p>\n<p>&mdash; Micky Beisenherz \ud83c\udf4c (@MickyBeisenherz) <a href=\"https:\/\/twitter.com\/MickyBeisenherz\/status\/1225062177981304834?ref_src=twsrc%5Etfw\">February 5, 2020<\/a><\/p><\/blockquote>\n<p><script async src=\"https:\/\/platform.twitter.com\/widgets.js\" charset=\"utf-8\"><\/script><\/div>\n<div class=\"dbsm-oembed\">\n<blockquote class=\"twitter-tweet\" data-width=\"500\" data-dnt=\"true\">\n<p lang=\"en\" dir=\"ltr\">Feel old yet? <a href=\"https:\/\/twitter.com\/hashtag\/thueringen?src=hash&amp;ref_src=twsrc%5Etfw\">#thueringen<\/a> <a href=\"https:\/\/t.co\/HImVgrQ65T\">pic.twitter.com\/HImVgrQ65T<\/a><\/p>\n<p>&mdash; Tobias Ahrens (@altobelliahrens) <a href=\"https:\/\/twitter.com\/altobelliahrens\/status\/1225037409756286977?ref_src=twsrc%5Etfw\">February 5, 2020<\/a><\/p><\/blockquote>\n<p><script async src=\"https:\/\/platform.twitter.com\/widgets.js\" charset=\"utf-8\"><\/script><\/div>\n<div class=\"dbsm-oembed\">\n<blockquote class=\"twitter-tweet\" data-width=\"500\" data-dnt=\"true\">\n<p lang=\"de\" dir=\"ltr\">das ist also der neue ministerpr\u00e4sident von th\u00fcringen. <\/p>\n<p>keine weiteren worte. das bild steht f\u00fcr sich. <a href=\"https:\/\/twitter.com\/hashtag\/afd?src=hash&amp;ref_src=twsrc%5Etfw\">#afd<\/a> <a href=\"https:\/\/twitter.com\/hashtag\/fdp?src=hash&amp;ref_src=twsrc%5Etfw\">#fdp<\/a> <a href=\"https:\/\/twitter.com\/hashtag\/th%C3%BCringen?src=hash&amp;ref_src=twsrc%5Etfw\">#th\u00fcringen<\/a> <a href=\"https:\/\/twitter.com\/hashtag\/cdu?src=hash&amp;ref_src=twsrc%5Etfw\">#cdu<\/a> <a href=\"https:\/\/twitter.com\/hashtag\/linke?src=hash&amp;ref_src=twsrc%5Etfw\">#linke<\/a> <a href=\"https:\/\/twitter.com\/hashtag\/gr%C3%BCne?src=hash&amp;ref_src=twsrc%5Etfw\">#gr\u00fcne<\/a> <a href=\"https:\/\/twitter.com\/hashtag\/spd?src=hash&amp;ref_src=twsrc%5Etfw\">#spd<\/a> <a href=\"https:\/\/twitter.com\/hashtag\/MPWahl?src=hash&amp;ref_src=twsrc%5Etfw\">#MPWahl<\/a>  \ud83d\udcf7 <a href=\"https:\/\/twitter.com\/niggi?ref_src=twsrc%5Etfw\">@niggi<\/a> <a href=\"https:\/\/t.co\/sN0oGRz3bs\">pic.twitter.com\/sN0oGRz3bs<\/a><\/p>\n<p>&mdash; Dunja Hayali (@dunjahayali) <a href=\"https:\/\/twitter.com\/dunjahayali\/status\/1225048552520462336?ref_src=twsrc%5Etfw\">February 5, 2020<\/a><\/p><\/blockquote>\n<p><script async src=\"https:\/\/platform.twitter.com\/widgets.js\" charset=\"utf-8\"><\/script><\/div>\n<p>&nbsp;<br \/>\n<strong>7. FDPler selber meldeten sich unterschiedlich zu Wort. So etwa die Bundestagsabgeordnete Strack-Zimmermann:<\/strong><\/p>\n<div class=\"dbsm-oembed\">\n<blockquote class=\"twitter-tweet\" data-width=\"500\" data-dnt=\"true\">\n<p lang=\"de\" dir=\"ltr\">Ich sch\u00e4tze Thomas <a href=\"https:\/\/twitter.com\/hashtag\/Kemmerich?src=hash&amp;ref_src=twsrc%5Etfw\">#Kemmerich<\/a> pers\u00f6nlich. Ich verstehe seinen Wunsch, <a href=\"https:\/\/twitter.com\/hashtag\/Ministerpr%C3%A4sident?src=hash&amp;ref_src=twsrc%5Etfw\">#Ministerpr\u00e4sident<\/a> zu werden. Sich aber von jemandem wie <a href=\"https:\/\/twitter.com\/hashtag\/H%C3%B6cke?src=hash&amp;ref_src=twsrc%5Etfw\">#H\u00f6cke<\/a> w\u00e4hlen zu lassen, ist unter Demokraten inakzeptabel &amp; unertr\u00e4glich. Es ist daher ein schlechter Tag f\u00fcr mich als Liberale. <a href=\"https:\/\/twitter.com\/hashtag\/Th%C3%BCringen?src=hash&amp;ref_src=twsrc%5Etfw\">#Th\u00fcringen<\/a> <a href=\"https:\/\/twitter.com\/hashtag\/Thueringen?src=hash&amp;ref_src=twsrc%5Etfw\">#Thueringen<\/a><\/p>\n<p>&mdash; Marie-Agnes Strack-Zimmermann (@MAStrackZi) <a href=\"https:\/\/twitter.com\/MAStrackZi\/status\/1225045153477550081?ref_src=twsrc%5Etfw\">February 5, 2020<\/a><\/p><\/blockquote>\n<p><script async src=\"https:\/\/platform.twitter.com\/widgets.js\" charset=\"utf-8\"><\/script><\/div>\n<blockquote class=\"twitter-tweet\" data-conversation=\"none\">\n<p lang=\"de\" dir=\"ltr\">Danke f\u00fcr ihre Klarheit als aufrechte Liberale! Hoffe inst\u00e4ndig, Sie stehen in Ihrer Partei nicht allein. Da kommt gerade was gewaltig ins Rutschen. Noch letzte Woche haben wir Demokratinnen und Demokraten gemeinsam der Befreiung von Ausschwitz gedacht. Manche vergessen schnell.<\/p>\n<p>&mdash; Cem \u00d6zdemir (@cem_oezdemir) <a href=\"https:\/\/twitter.com\/cem_oezdemir\/status\/1225050165188472835?ref_src=twsrc%5Etfw\">February 5, 2020<\/a><\/p><\/blockquote>\n<p> <script async src=\"https:\/\/platform.twitter.com\/widgets.js\" charset=\"utf-8\"><\/script> <\/p>\n<p>&nbsp;<br \/>\n<strong>8. Parteichef Lindner k\u00fcndigte auf Twitter schleunigst ein Statement an.<\/strong><\/p>\n<div class=\"dbsm-oembed\">\n<blockquote class=\"twitter-tweet\" data-width=\"500\" data-dnt=\"true\">\n<p lang=\"de\" dir=\"ltr\">+++ Statement von CL zu <a href=\"https:\/\/twitter.com\/hashtag\/Th%C3%BCringen?src=hash&amp;ref_src=twsrc%5Etfw\">#Th\u00fcringen<\/a> um 16 Uhr im Hans-Dietrich-Genscher-Haus. Livestream bei <a href=\"https:\/\/twitter.com\/fdp?ref_src=twsrc%5Etfw\">@fdp<\/a>. TL +++<\/p>\n<p>&mdash; Christian Lindner (@c_lindner) <a href=\"https:\/\/twitter.com\/c_lindner\/status\/1225052101325312001?ref_src=twsrc%5Etfw\">February 5, 2020<\/a><\/p><\/blockquote>\n<p><script async src=\"https:\/\/platform.twitter.com\/widgets.js\" charset=\"utf-8\"><\/script><\/div>\n<p>&nbsp;<\/p>\n<p><strong>9. Hatte aber nicht jeder Bock drauf.<\/strong><\/p>\n<blockquote class=\"twitter-tweet\" data-conversation=\"none\">\n<p lang=\"da\" dir=\"ltr\">Komm Fortnite<\/p>\n<p>&mdash; Kurt Pr\u00f6del (@KurtProedel) <a href=\"https:\/\/twitter.com\/KurtProedel\/status\/1225061957889339394?ref_src=twsrc%5Etfw\">February 5, 2020<\/a><\/p><\/blockquote>\n<p> <script async src=\"https:\/\/platform.twitter.com\/widgets.js\" charset=\"utf-8\"><\/script> <\/p>\n<blockquote class=\"twitter-tweet\" data-conversation=\"none\">\n<p lang=\"de\" dir=\"ltr\">Genscher w\u00fcrde auf diese FDP spucken \ud83e\udd70<\/p>\n<p>&mdash; jasmin schreiber aka seer\u00e4uberbatman \u0ca0\u256d\u256e\u0ca0 (@LaVieVagabonde) <a href=\"https:\/\/twitter.com\/LaVieVagabonde\/status\/1225059382758707200?ref_src=twsrc%5Etfw\">February 5, 2020<\/a><\/p><\/blockquote>\n<p> <script async src=\"https:\/\/platform.twitter.com\/widgets.js\" charset=\"utf-8\"><\/script> <\/p>\n<div class=\"dbsm-oembed\">\n<blockquote class=\"twitter-tweet\" data-width=\"500\" data-dnt=\"true\">\n<p lang=\"de\" dir=\"ltr\">erspars uns <a href=\"https:\/\/t.co\/KiMEB2XzKx\">https:\/\/t.co\/KiMEB2XzKx<\/a><\/p>\n<p>&mdash; klaas heufer-umlauf (@damitdasklaas) <a href=\"https:\/\/twitter.com\/damitdasklaas\/status\/1225056131657150466?ref_src=twsrc%5Etfw\">February 5, 2020<\/a><\/p><\/blockquote>\n<p><script async src=\"https:\/\/platform.twitter.com\/widgets.js\" charset=\"utf-8\"><\/script><\/div>\n<p>&nbsp;<br \/>\n<strong>10. Dann aber doch &#8211; hier die Erkl\u00e4rung im Wortlaut:<\/strong><\/p>\n<p>https:\/\/www.facebook.com\/FDP\/videos\/170475557621762\/<\/p>\n<p>&nbsp;<br \/>\n<strong>11. Die blieb aber ohne nennenswerte Folgen. Stattdessen: Entsetzen und Spott \u00fcberall. <\/strong><\/p>\n<div class=\"dbsm-oembed\">\n<blockquote class=\"twitter-tweet\" data-width=\"500\" data-dnt=\"true\">\n<p lang=\"de\" dir=\"ltr\">In <a href=\"https:\/\/twitter.com\/hashtag\/Th%C3%BCringen?src=hash&amp;ref_src=twsrc%5Etfw\">#Th\u00fcringen<\/a> l\u00e4sst sich ein Kandidat der <a href=\"https:\/\/twitter.com\/hashtag\/FDP?src=hash&amp;ref_src=twsrc%5Etfw\">#FDP<\/a> mit den Stimmen der <a href=\"https:\/\/twitter.com\/hashtag\/AfD?src=hash&amp;ref_src=twsrc%5Etfw\">#AfD<\/a> zum Ministerpr\u00e4sidenten w\u00e4hlen.<br \/>Manchmal hei\u00dft \u201eliberal\u201c auch einfach: Wir schei\u00dfen auf alles.<\/p>\n<p>&mdash; ZDF heute-show (@heuteshow) <a href=\"https:\/\/twitter.com\/heuteshow\/status\/1225049440895062018?ref_src=twsrc%5Etfw\">February 5, 2020<\/a><\/p><\/blockquote>\n<p><script async src=\"https:\/\/platform.twitter.com\/widgets.js\" charset=\"utf-8\"><\/script><\/div>\n<p>https:\/\/www.instagram.com\/p\/B8L88L2IL7g\/<\/p>\n<div class=\"dbsm-oembed\">\n<blockquote class=\"twitter-tweet\" data-width=\"500\" data-dnt=\"true\">\n<p lang=\"de\" dir=\"ltr\">Schon \u00fcber ein Rebranding nachgedacht, <a href=\"https:\/\/twitter.com\/fdp?ref_src=twsrc%5Etfw\">@fdp<\/a>? <a href=\"https:\/\/twitter.com\/hashtag\/Th%C3%BCringen?src=hash&amp;ref_src=twsrc%5Etfw\">#Th\u00fcringen<\/a> <a href=\"https:\/\/t.co\/zoYhZP3KNO\">pic.twitter.com\/zoYhZP3KNO<\/a><\/p>\n<p>&mdash; ZDF heute-show (@heuteshow) <a href=\"https:\/\/twitter.com\/heuteshow\/status\/1225046354059198473?ref_src=twsrc%5Etfw\">February 5, 2020<\/a><\/p><\/blockquote>\n<p><script async src=\"https:\/\/platform.twitter.com\/widgets.js\" charset=\"utf-8\"><\/script><\/div>\n<div class=\"dbsm-oembed\">\n<blockquote class=\"twitter-tweet\" data-width=\"500\" data-dnt=\"true\">\n<p lang=\"de\" dir=\"ltr\">Schlechte Menschen, die schlechte Dinge tun.<a href=\"https:\/\/twitter.com\/hashtag\/Th%C3%BCringen?src=hash&amp;ref_src=twsrc%5Etfw\">#Th\u00fcringen<\/a> <a href=\"https:\/\/twitter.com\/hashtag\/cdu?src=hash&amp;ref_src=twsrc%5Etfw\">#cdu<\/a> <a href=\"https:\/\/twitter.com\/hashtag\/fdp?src=hash&amp;ref_src=twsrc%5Etfw\">#fdp<\/a> <a href=\"https:\/\/twitter.com\/hashtag\/afd?src=hash&amp;ref_src=twsrc%5Etfw\">#afd<\/a><\/p>\n<p>&mdash; Nico Semsrott (@nicosemsrott) <a href=\"https:\/\/twitter.com\/nicosemsrott\/status\/1225044665789042694?ref_src=twsrc%5Etfw\">February 5, 2020<\/a><\/p><\/blockquote>\n<p><script async src=\"https:\/\/platform.twitter.com\/widgets.js\" charset=\"utf-8\"><\/script><\/div>\n<div class=\"dbsm-oembed\">\n<blockquote class=\"twitter-tweet\" data-width=\"500\" data-dnt=\"true\">\n<p lang=\"de\" dir=\"ltr\">Mann, dessen Partei es mit gerade mal 73 Stimmen \u00fcber die <br \/>F\u00fcnf-Prozent-H\u00fcrde geschafft hat, wird Ministerpr\u00e4sident.<br \/>Oder wie man in <a href=\"https:\/\/twitter.com\/hashtag\/Th%C3%BCringen?src=hash&amp;ref_src=twsrc%5Etfw\">#Th\u00fcringen<\/a> sagt: W\u00e4hlerauftrag erf\u00fcllt! <a href=\"https:\/\/twitter.com\/hashtag\/Kemmerich?src=hash&amp;ref_src=twsrc%5Etfw\">#Kemmerich<\/a><\/p>\n<p>&mdash; extra3 (@extra3) <a href=\"https:\/\/twitter.com\/extra3\/status\/1225044104817651717?ref_src=twsrc%5Etfw\">February 5, 2020<\/a><\/p><\/blockquote>\n<p><script async src=\"https:\/\/platform.twitter.com\/widgets.js\" charset=\"utf-8\"><\/script><\/div>\n<p>&nbsp;<\/p>\n<p><strong>12. Sch\u00f6n w\u00e4rs&#8230;<\/strong><\/p>\n<div class=\"dbsm-oembed\">\n<blockquote class=\"twitter-tweet\" data-width=\"500\" data-dnt=\"true\">\n<p lang=\"de\" dir=\"ltr\">Heute Nachmittag, in einem Paralleluniversum:<\/p>\n<p>\u201eHerr Kemmerich, nehmen Sie die Wahl zum Ministerpr\u00e4sidenten an?\u201c<\/p>\n<p>\u201eNat\u00fcrlich NICHT!\u201c<\/p>\n<p>&#8211; Donnernder Applaus<br \/>&#8211; neuer Held der Demokratie geboren<br \/>&#8211; FDP als unersch\u00fctterlicher Prellbock gegen Nazis und Antisemitismus gefeiert<\/p>\n<p>&mdash; Marie von den Benken (@Regendelfin) <a href=\"https:\/\/twitter.com\/Regendelfin\/status\/1225082183196598273?ref_src=twsrc%5Etfw\">February 5, 2020<\/a><\/p><\/blockquote>\n<p><script async src=\"https:\/\/platform.twitter.com\/widgets.js\" charset=\"utf-8\"><\/script><\/div>\n<p>&nbsp;<br \/>\n<strong>13. Oder steckt am Ende vielleicht doch eine komplett andere Strategie hinter dem ganzen?<\/strong><\/p>\n<div class=\"dbsm-oembed\">\n<blockquote class=\"twitter-tweet\" data-width=\"500\" data-dnt=\"true\">\n<p lang=\"de\" dir=\"ltr\">Und das alles, weil Lindner endlich mal wieder in ne Talkshow eingeladen werden wollte.<\/p>\n<p>&mdash; Christian Huber (@Christian_Huber) <a href=\"https:\/\/twitter.com\/Christian_Huber\/status\/1225053029554180096?ref_src=twsrc%5Etfw\">February 5, 2020<\/a><\/p><\/blockquote>\n<p><script async src=\"https:\/\/platform.twitter.com\/widgets.js\" charset=\"utf-8\"><\/script><\/div>\n<p>\u2014\u2014<br \/>\nDanke an alle f\u00fcr die Postings! \u2764\ufe0f\ufe0f<\/p>\n","protected":false},"excerpt":{"rendered":"<p>Wenn man ganz fest mit etwas rechnet&#8230; kommts am Ende manchmal doch ganz anders. So geschehen heute im Th\u00fcringer Landtag: Dass der (nun ehemalige) Ministerpr\u00e4sident&#8230;<\/p>\n","protected":false},"author":54,"featured_media":115377,"comment_status":"open","ping_status":"open","sticky":false,"template":"","format":"standard","meta":{"_acf_changed":false,"footnotes":""},"categories":[460],"tags":[144,113,3237],"class_list":["post-115315","post","type-post","status-publish","format-standard","has-post-thumbnail","hentry","category-fail","tag-afd","tag-fdp","tag-thueringen"],"acf":[],"yoast_head":"<!-- This site is optimized with the Yoast SEO plugin v27.5 - https:\/\/yoast.com\/product\/yoast-seo-wordpress\/ -->\n<title>AfD verhilft FDP-Mann Kemmerich zur Wahl: Die Netzstimmen<\/title>\n<meta name=\"robots\" content=\"index, follow, max-snippet:-1, max-image-preview:large, max-video-preview:-1\" \/>\n<link rel=\"canonical\" href=\"https:\/\/www.thebestsocial.media\/de\/ueberraschung-in-thueringen-die-ersten-netzstimmen-zur-wahl-von-fdp-mann-kemmerich\/\" \/>\n<meta property=\"og:locale\" content=\"de_DE\" \/>\n<meta property=\"og:type\" content=\"article\" \/>\n<meta property=\"og:title\" content=\"\u00dcberraschung in Th\u00fcringen: Die ersten Netzstimmen zur Wahl von FDP-Mann Kemmerich\" \/>\n<meta property=\"og:description\" content=\"Wenn man ganz fest mit etwas rechnet&#8230; kommts am Ende manchmal doch ganz anders. So geschehen heute im Th\u00fcringer Landtag: Dass der (nun ehemalige) Ministerpr\u00e4sident...\" \/>\n<meta property=\"og:url\" content=\"https:\/\/www.thebestsocial.media\/de\/ueberraschung-in-thueringen-die-ersten-netzstimmen-zur-wahl-von-fdp-mann-kemmerich\/\" \/>\n<meta property=\"og:site_name\" content=\"The Best Social Media DE\" \/>\n<meta property=\"article:published_time\" content=\"2020-02-05T15:56:04+00:00\" \/>\n<meta property=\"article:modified_time\" content=\"2020-02-05T16:10:25+00:00\" \/>\n<meta property=\"og:image\" content=\"https:\/\/www.thebestsocial.media\/de\/wp-content\/uploads\/sites\/3\/2020\/02\/afdfdp.png\" \/>\n\t<meta property=\"og:image:width\" content=\"1200\" \/>\n\t<meta property=\"og:image:height\" content=\"628\" \/>\n\t<meta property=\"og:image:type\" content=\"image\/png\" \/>\n<meta name=\"author\" content=\"dion\" \/>\n<meta name=\"twitter:card\" content=\"summary_large_image\" \/>\n<meta name=\"twitter:creator\" content=\"@https:\/\/twitter.com\/karlauaa\" \/>\n<meta name=\"twitter:label1\" content=\"Verfasst von\" \/>\n\t<meta name=\"twitter:data1\" content=\"dion\" \/>\n\t<meta name=\"twitter:label2\" content=\"Gesch\u00e4tzte Lesezeit\" \/>\n\t<meta name=\"twitter:data2\" content=\"2\u00a0Minuten\" \/>\n<script type=\"application\/ld+json\" class=\"yoast-schema-graph\">{\"@context\":\"https:\\\/\\\/schema.org\",\"@graph\":[{\"@type\":\"Article\",\"@id\":\"https:\\\/\\\/www.thebestsocial.media\\\/de\\\/ueberraschung-in-thueringen-die-ersten-netzstimmen-zur-wahl-von-fdp-mann-kemmerich\\\/#article\",\"isPartOf\":{\"@id\":\"https:\\\/\\\/www.thebestsocial.media\\\/de\\\/ueberraschung-in-thueringen-die-ersten-netzstimmen-zur-wahl-von-fdp-mann-kemmerich\\\/\"},\"author\":{\"name\":\"dion\",\"@id\":\"https:\\\/\\\/www.thebestsocial.media\\\/de\\\/#\\\/schema\\\/person\\\/365173f1fca5907fe6290e35cbd2d91a\"},\"headline\":\"\u00dcberraschung in Th\u00fcringen: Die ersten Netzstimmen zur Wahl von FDP-Mann Kemmerich\",\"datePublished\":\"2020-02-05T15:56:04+00:00\",\"dateModified\":\"2020-02-05T16:10:25+00:00\",\"mainEntityOfPage\":{\"@id\":\"https:\\\/\\\/www.thebestsocial.media\\\/de\\\/ueberraschung-in-thueringen-die-ersten-netzstimmen-zur-wahl-von-fdp-mann-kemmerich\\\/\"},\"wordCount\":450,\"commentCount\":0,\"image\":{\"@id\":\"https:\\\/\\\/www.thebestsocial.media\\\/de\\\/ueberraschung-in-thueringen-die-ersten-netzstimmen-zur-wahl-von-fdp-mann-kemmerich\\\/#primaryimage\"},\"thumbnailUrl\":\"https:\\\/\\\/www.thebestsocial.media\\\/de\\\/wp-content\\\/uploads\\\/sites\\\/3\\\/2020\\\/02\\\/thu\u0308ringerrn.png\",\"keywords\":[\"AfD\",\"fdp\",\"Th\u00fcringen\"],\"articleSection\":[\"Fail\"],\"inLanguage\":\"de\",\"potentialAction\":[{\"@type\":\"CommentAction\",\"name\":\"Comment\",\"target\":[\"https:\\\/\\\/www.thebestsocial.media\\\/de\\\/ueberraschung-in-thueringen-die-ersten-netzstimmen-zur-wahl-von-fdp-mann-kemmerich\\\/#respond\"]}]},{\"@type\":\"WebPage\",\"@id\":\"https:\\\/\\\/www.thebestsocial.media\\\/de\\\/ueberraschung-in-thueringen-die-ersten-netzstimmen-zur-wahl-von-fdp-mann-kemmerich\\\/\",\"url\":\"https:\\\/\\\/www.thebestsocial.media\\\/de\\\/ueberraschung-in-thueringen-die-ersten-netzstimmen-zur-wahl-von-fdp-mann-kemmerich\\\/\",\"name\":\"AfD verhilft FDP-Mann Kemmerich zur Wahl: Die Netzstimmen\",\"isPartOf\":{\"@id\":\"https:\\\/\\\/www.thebestsocial.media\\\/de\\\/#website\"},\"primaryImageOfPage\":{\"@id\":\"https:\\\/\\\/www.thebestsocial.media\\\/de\\\/ueberraschung-in-thueringen-die-ersten-netzstimmen-zur-wahl-von-fdp-mann-kemmerich\\\/#primaryimage\"},\"image\":{\"@id\":\"https:\\\/\\\/www.thebestsocial.media\\\/de\\\/ueberraschung-in-thueringen-die-ersten-netzstimmen-zur-wahl-von-fdp-mann-kemmerich\\\/#primaryimage\"},\"thumbnailUrl\":\"https:\\\/\\\/www.thebestsocial.media\\\/de\\\/wp-content\\\/uploads\\\/sites\\\/3\\\/2020\\\/02\\\/thu\u0308ringerrn.png\",\"datePublished\":\"2020-02-05T15:56:04+00:00\",\"dateModified\":\"2020-02-05T16:10:25+00:00\",\"author\":{\"@id\":\"https:\\\/\\\/www.thebestsocial.media\\\/de\\\/#\\\/schema\\\/person\\\/365173f1fca5907fe6290e35cbd2d91a\"},\"breadcrumb\":{\"@id\":\"https:\\\/\\\/www.thebestsocial.media\\\/de\\\/ueberraschung-in-thueringen-die-ersten-netzstimmen-zur-wahl-von-fdp-mann-kemmerich\\\/#breadcrumb\"},\"inLanguage\":\"de\",\"potentialAction\":[{\"@type\":\"ReadAction\",\"target\":[\"https:\\\/\\\/www.thebestsocial.media\\\/de\\\/ueberraschung-in-thueringen-die-ersten-netzstimmen-zur-wahl-von-fdp-mann-kemmerich\\\/\"]}]},{\"@type\":\"ImageObject\",\"inLanguage\":\"de\",\"@id\":\"https:\\\/\\\/www.thebestsocial.media\\\/de\\\/ueberraschung-in-thueringen-die-ersten-netzstimmen-zur-wahl-von-fdp-mann-kemmerich\\\/#primaryimage\",\"url\":\"https:\\\/\\\/www.thebestsocial.media\\\/de\\\/wp-content\\\/uploads\\\/sites\\\/3\\\/2020\\\/02\\\/thu\u0308ringerrn.png\",\"contentUrl\":\"https:\\\/\\\/www.thebestsocial.media\\\/de\\\/wp-content\\\/uploads\\\/sites\\\/3\\\/2020\\\/02\\\/thu\u0308ringerrn.png\",\"width\":1200,\"height\":628},{\"@type\":\"BreadcrumbList\",\"@id\":\"https:\\\/\\\/www.thebestsocial.media\\\/de\\\/ueberraschung-in-thueringen-die-ersten-netzstimmen-zur-wahl-von-fdp-mann-kemmerich\\\/#breadcrumb\",\"itemListElement\":[{\"@type\":\"ListItem\",\"position\":1,\"name\":\"Home\",\"item\":\"https:\\\/\\\/www.thebestsocial.media\\\/de\\\/\"},{\"@type\":\"ListItem\",\"position\":2,\"name\":\"\u00dcberraschung in Th\u00fcringen: Die ersten Netzstimmen zur Wahl von FDP-Mann Kemmerich\"}]},{\"@type\":\"WebSite\",\"@id\":\"https:\\\/\\\/www.thebestsocial.media\\\/de\\\/#website\",\"url\":\"https:\\\/\\\/www.thebestsocial.media\\\/de\\\/\",\"name\":\"The Best Social Media DE\",\"description\":\"\",\"potentialAction\":[{\"@type\":\"SearchAction\",\"target\":{\"@type\":\"EntryPoint\",\"urlTemplate\":\"https:\\\/\\\/www.thebestsocial.media\\\/de\\\/?s={search_term_string}\"},\"query-input\":{\"@type\":\"PropertyValueSpecification\",\"valueRequired\":true,\"valueName\":\"search_term_string\"}}],\"inLanguage\":\"de\"},{\"@type\":\"Person\",\"@id\":\"https:\\\/\\\/www.thebestsocial.media\\\/de\\\/#\\\/schema\\\/person\\\/365173f1fca5907fe6290e35cbd2d91a\",\"name\":\"dion\",\"image\":{\"@type\":\"ImageObject\",\"inLanguage\":\"de\",\"@id\":\"https:\\\/\\\/secure.gravatar.com\\\/avatar\\\/b5969bff5b8f125d2c7681200c319227d40b6a628ab8d9f8bdc5d0e410cf8eff?s=96&d=mm&r=g\",\"url\":\"https:\\\/\\\/secure.gravatar.com\\\/avatar\\\/b5969bff5b8f125d2c7681200c319227d40b6a628ab8d9f8bdc5d0e410cf8eff?s=96&d=mm&r=g\",\"contentUrl\":\"https:\\\/\\\/secure.gravatar.com\\\/avatar\\\/b5969bff5b8f125d2c7681200c319227d40b6a628ab8d9f8bdc5d0e410cf8eff?s=96&d=mm&r=g\",\"caption\":\"dion\"},\"description\":\"Kommt aus der norddeutschen Provinz und studierte einst irgendwas mit Medien. Hat danach leider keine Stelle als Taxifahrer gefunden und schreibt deswegen jetzt hier \u00fcber verschiedene Dinge. Zum Beispiel \u00fcber sich selbst in der dritten Person.\",\"sameAs\":[\"https:\\\/\\\/www.instagram.com\\\/kid.stardust\\\/\",\"https:\\\/\\\/x.com\\\/https:\\\/\\\/twitter.com\\\/karlauaa\"],\"url\":\"https:\\\/\\\/www.thebestsocial.media\\\/de\\\/author\\\/dion\\\/\"}]}<\/script>\n<!-- \/ Yoast SEO plugin. -->","yoast_head_json":{"title":"AfD verhilft FDP-Mann Kemmerich zur Wahl: Die Netzstimmen","robots":{"index":"index","follow":"follow","max-snippet":"max-snippet:-1","max-image-preview":"max-image-preview:large","max-video-preview":"max-video-preview:-1"},"canonical":"https:\/\/www.thebestsocial.media\/de\/ueberraschung-in-thueringen-die-ersten-netzstimmen-zur-wahl-von-fdp-mann-kemmerich\/","og_locale":"de_DE","og_type":"article","og_title":"\u00dcberraschung in Th\u00fcringen: Die ersten Netzstimmen zur Wahl von FDP-Mann Kemmerich","og_description":"Wenn man ganz fest mit etwas rechnet&#8230; kommts am Ende manchmal doch ganz anders. So geschehen heute im Th\u00fcringer Landtag: Dass der (nun ehemalige) Ministerpr\u00e4sident...","og_url":"https:\/\/www.thebestsocial.media\/de\/ueberraschung-in-thueringen-die-ersten-netzstimmen-zur-wahl-von-fdp-mann-kemmerich\/","og_site_name":"The Best Social Media DE","article_published_time":"2020-02-05T15:56:04+00:00","article_modified_time":"2020-02-05T16:10:25+00:00","og_image":[{"width":1200,"height":628,"url":"https:\/\/www.thebestsocial.media\/de\/wp-content\/uploads\/sites\/3\/2020\/02\/afdfdp.png","type":"image\/png"}],"author":"dion","twitter_card":"summary_large_image","twitter_creator":"@https:\/\/twitter.com\/karlauaa","twitter_misc":{"Verfasst von":"dion","Gesch\u00e4tzte Lesezeit":"2\u00a0Minuten"},"schema":{"@context":"https:\/\/schema.org","@graph":[{"@type":"Article","@id":"https:\/\/www.thebestsocial.media\/de\/ueberraschung-in-thueringen-die-ersten-netzstimmen-zur-wahl-von-fdp-mann-kemmerich\/#article","isPartOf":{"@id":"https:\/\/www.thebestsocial.media\/de\/ueberraschung-in-thueringen-die-ersten-netzstimmen-zur-wahl-von-fdp-mann-kemmerich\/"},"author":{"name":"dion","@id":"https:\/\/www.thebestsocial.media\/de\/#\/schema\/person\/365173f1fca5907fe6290e35cbd2d91a"},"headline":"\u00dcberraschung in Th\u00fcringen: Die ersten Netzstimmen zur Wahl von FDP-Mann Kemmerich","datePublished":"2020-02-05T15:56:04+00:00","dateModified":"2020-02-05T16:10:25+00:00","mainEntityOfPage":{"@id":"https:\/\/www.thebestsocial.media\/de\/ueberraschung-in-thueringen-die-ersten-netzstimmen-zur-wahl-von-fdp-mann-kemmerich\/"},"wordCount":450,"commentCount":0,"image":{"@id":"https:\/\/www.thebestsocial.media\/de\/ueberraschung-in-thueringen-die-ersten-netzstimmen-zur-wahl-von-fdp-mann-kemmerich\/#primaryimage"},"thumbnailUrl":"https:\/\/www.thebestsocial.media\/de\/wp-content\/uploads\/sites\/3\/2020\/02\/thu\u0308ringerrn.png","keywords":["AfD","fdp","Th\u00fcringen"],"articleSection":["Fail"],"inLanguage":"de","potentialAction":[{"@type":"CommentAction","name":"Comment","target":["https:\/\/www.thebestsocial.media\/de\/ueberraschung-in-thueringen-die-ersten-netzstimmen-zur-wahl-von-fdp-mann-kemmerich\/#respond"]}]},{"@type":"WebPage","@id":"https:\/\/www.thebestsocial.media\/de\/ueberraschung-in-thueringen-die-ersten-netzstimmen-zur-wahl-von-fdp-mann-kemmerich\/","url":"https:\/\/www.thebestsocial.media\/de\/ueberraschung-in-thueringen-die-ersten-netzstimmen-zur-wahl-von-fdp-mann-kemmerich\/","name":"AfD verhilft FDP-Mann Kemmerich zur Wahl: Die Netzstimmen","isPartOf":{"@id":"https:\/\/www.thebestsocial.media\/de\/#website"},"primaryImageOfPage":{"@id":"https:\/\/www.thebestsocial.media\/de\/ueberraschung-in-thueringen-die-ersten-netzstimmen-zur-wahl-von-fdp-mann-kemmerich\/#primaryimage"},"image":{"@id":"https:\/\/www.thebestsocial.media\/de\/ueberraschung-in-thueringen-die-ersten-netzstimmen-zur-wahl-von-fdp-mann-kemmerich\/#primaryimage"},"thumbnailUrl":"https:\/\/www.thebestsocial.media\/de\/wp-content\/uploads\/sites\/3\/2020\/02\/thu\u0308ringerrn.png","datePublished":"2020-02-05T15:56:04+00:00","dateModified":"2020-02-05T16:10:25+00:00","author":{"@id":"https:\/\/www.thebestsocial.media\/de\/#\/schema\/person\/365173f1fca5907fe6290e35cbd2d91a"},"breadcrumb":{"@id":"https:\/\/www.thebestsocial.media\/de\/ueberraschung-in-thueringen-die-ersten-netzstimmen-zur-wahl-von-fdp-mann-kemmerich\/#breadcrumb"},"inLanguage":"de","potentialAction":[{"@type":"ReadAction","target":["https:\/\/www.thebestsocial.media\/de\/ueberraschung-in-thueringen-die-ersten-netzstimmen-zur-wahl-von-fdp-mann-kemmerich\/"]}]},{"@type":"ImageObject","inLanguage":"de","@id":"https:\/\/www.thebestsocial.media\/de\/ueberraschung-in-thueringen-die-ersten-netzstimmen-zur-wahl-von-fdp-mann-kemmerich\/#primaryimage","url":"https:\/\/www.thebestsocial.media\/de\/wp-content\/uploads\/sites\/3\/2020\/02\/thu\u0308ringerrn.png","contentUrl":"https:\/\/www.thebestsocial.media\/de\/wp-content\/uploads\/sites\/3\/2020\/02\/thu\u0308ringerrn.png","width":1200,"height":628},{"@type":"BreadcrumbList","@id":"https:\/\/www.thebestsocial.media\/de\/ueberraschung-in-thueringen-die-ersten-netzstimmen-zur-wahl-von-fdp-mann-kemmerich\/#breadcrumb","itemListElement":[{"@type":"ListItem","position":1,"name":"Home","item":"https:\/\/www.thebestsocial.media\/de\/"},{"@type":"ListItem","position":2,"name":"\u00dcberraschung in Th\u00fcringen: Die ersten Netzstimmen zur Wahl von FDP-Mann Kemmerich"}]},{"@type":"WebSite","@id":"https:\/\/www.thebestsocial.media\/de\/#website","url":"https:\/\/www.thebestsocial.media\/de\/","name":"The Best Social Media DE","description":"","potentialAction":[{"@type":"SearchAction","target":{"@type":"EntryPoint","urlTemplate":"https:\/\/www.thebestsocial.media\/de\/?s={search_term_string}"},"query-input":{"@type":"PropertyValueSpecification","valueRequired":true,"valueName":"search_term_string"}}],"inLanguage":"de"},{"@type":"Person","@id":"https:\/\/www.thebestsocial.media\/de\/#\/schema\/person\/365173f1fca5907fe6290e35cbd2d91a","name":"dion","image":{"@type":"ImageObject","inLanguage":"de","@id":"https:\/\/secure.gravatar.com\/avatar\/b5969bff5b8f125d2c7681200c319227d40b6a628ab8d9f8bdc5d0e410cf8eff?s=96&d=mm&r=g","url":"https:\/\/secure.gravatar.com\/avatar\/b5969bff5b8f125d2c7681200c319227d40b6a628ab8d9f8bdc5d0e410cf8eff?s=96&d=mm&r=g","contentUrl":"https:\/\/secure.gravatar.com\/avatar\/b5969bff5b8f125d2c7681200c319227d40b6a628ab8d9f8bdc5d0e410cf8eff?s=96&d=mm&r=g","caption":"dion"},"description":"Kommt aus der norddeutschen Provinz und studierte einst irgendwas mit Medien. Hat danach leider keine Stelle als Taxifahrer gefunden und schreibt deswegen jetzt hier \u00fcber verschiedene Dinge. Zum Beispiel \u00fcber sich selbst in der dritten Person.","sameAs":["https:\/\/www.instagram.com\/kid.stardust\/","https:\/\/x.com\/https:\/\/twitter.com\/karlauaa"],"url":"https:\/\/www.thebestsocial.media\/de\/author\/dion\/"}]}},"amp_enabled":true,"_links":{"self":[{"href":"https:\/\/www.thebestsocial.media\/de\/wp-json\/wp\/v2\/posts\/115315","targetHints":{"allow":["GET"]}}],"collection":[{"href":"https:\/\/www.thebestsocial.media\/de\/wp-json\/wp\/v2\/posts"}],"about":[{"href":"https:\/\/www.thebestsocial.media\/de\/wp-json\/wp\/v2\/types\/post"}],"author":[{"embeddable":true,"href":"https:\/\/www.thebestsocial.media\/de\/wp-json\/wp\/v2\/users\/54"}],"replies":[{"embeddable":true,"href":"https:\/\/www.thebestsocial.media\/de\/wp-json\/wp\/v2\/comments?post=115315"}],"version-history":[{"count":36,"href":"https:\/\/www.thebestsocial.media\/de\/wp-json\/wp\/v2\/posts\/115315\/revisions"}],"predecessor-version":[{"id":115376,"href":"https:\/\/www.thebestsocial.media\/de\/wp-json\/wp\/v2\/posts\/115315\/revisions\/115376"}],"wp:featuredmedia":[{"embeddable":true,"href":"https:\/\/www.thebestsocial.media\/de\/wp-json\/wp\/v2\/media\/115377"}],"wp:attachment":[{"href":"https:\/\/www.thebestsocial.media\/de\/wp-json\/wp\/v2\/media?parent=115315"}],"wp:term":[{"taxonomy":"category","embeddable":true,"href":"https:\/\/www.thebestsocial.media\/de\/wp-json\/wp\/v2\/categories?post=115315"},{"taxonomy":"post_tag","embeddable":true,"href":"https:\/\/www.thebestsocial.media\/de\/wp-json\/wp\/v2\/tags?post=115315"}],"curies":[{"name":"wp","href":"https:\/\/api.w.org\/{rel}","templated":true}]}}