{"id":112758,"date":"2020-01-15T10:12:58","date_gmt":"2020-01-15T10:12:58","guid":{"rendered":"https:\/\/www.thebestsocial.media\/de\/?p=112758"},"modified":"2020-01-15T10:14:39","modified_gmt":"2020-01-15T10:14:39","slug":"ab-in-die-danni-show-die-dschungelcamp-highlights-der-letzten-tage","status":"publish","type":"post","link":"https:\/\/www.thebestsocial.media\/de\/ab-in-die-danni-show-die-dschungelcamp-highlights-der-letzten-tage\/","title":{"rendered":"Ab in die Danni-Show: Die Dschungelcamp Highlights der letzten Tage"},"content":{"rendered":"<p>Wenn man mental bereits so abgestumpft ist, dass man sehns\u00fcchtig an Yotta, den Currywurst-Mann, Sarah Knappik oder Larissa Marolt denkt, dann hat man einerseits vielleicht einige Probleme im Leben, um die man sich mal k\u00fcmmern sollte, andererseits aber auch die Erkenntnis gewonnen, dass das Dschungelcamp dieses Jahr bislang relativ dr\u00f6ge vor sich hinpl\u00e4tschert. Das kann uns aber egal sein, denn Twitter nimmt sich an DHL &#038; Hermes gl\u00fccklicherweise kein Vorbild und liefert immer ab. Egal was auf der Mattscheibe l\u00e4uft. Wir fassen die letzten beiden Busch-Tage zusammen:<br \/>\n&nbsp;<br \/>\n<strong><\/p>\n<p>1. Dreh- und Angelpunkt des Zuschauer-Hates ist nach wie vor Danni B\u00fcchner, die das Camp schon l\u00e4ngst zur &#8222;Danni-Show&#8220; deklariert hat, weil sie jeden Tag in die Pr\u00fcfung gew\u00e4hlt wird. Und somit &#8211; O-Ton &#8211; wertvolle SENDEZEIT einheimst. <\/p>\n<div class=\"dbsm-oembed\">\n<blockquote class=\"twitter-tweet\" data-width=\"500\" data-dnt=\"true\">\n<p lang=\"de\" dir=\"ltr\">Ganz Deutschland, wenn angek\u00fcndigt wird, dass uns heute wieder die Danni-Show erwartet. <a href=\"https:\/\/twitter.com\/hashtag\/IBES?src=hash&amp;ref_src=twsrc%5Etfw\">#IBES<\/a> <a href=\"https:\/\/t.co\/jYmj8AlkFa\">pic.twitter.com\/jYmj8AlkFa<\/a><\/p>\n<p>&mdash; anredo (@anredo) <a href=\"https:\/\/twitter.com\/anredo\/status\/1216831950222254082?ref_src=twsrc%5Etfw\">January 13, 2020<\/a><\/p><\/blockquote>\n<p><script async src=\"https:\/\/platform.twitter.com\/widgets.js\" charset=\"utf-8\"><\/script><\/div>\n<div class=\"dbsm-oembed\">\n<blockquote class=\"twitter-tweet\" data-width=\"500\" data-dnt=\"true\">\n<p lang=\"de\" dir=\"ltr\">Daniela! <br \/>Da sitzen zwei fremde Menschen vor DEINER Kamera und labern in DEINE Show rein!!<a href=\"https:\/\/twitter.com\/hashtag\/ibes?src=hash&amp;ref_src=twsrc%5Etfw\">#ibes<\/a> <a href=\"https:\/\/t.co\/piUZlClsJO\">pic.twitter.com\/piUZlClsJO<\/a><\/p>\n<p>&mdash; Corny (@wiederRiegel) <a href=\"https:\/\/twitter.com\/wiederRiegel\/status\/1216847451291881473?ref_src=twsrc%5Etfw\">January 13, 2020<\/a><\/p><\/blockquote>\n<p><script async src=\"https:\/\/platform.twitter.com\/widgets.js\" charset=\"utf-8\"><\/script><\/div>\n<p>2. Dabei legt notfunny-Danni viel Wert darauf, sich zielorientiert nachhaltig unsympathisch zu machen. <\/p>\n<div class=\"dbsm-oembed\">\n<blockquote class=\"twitter-tweet\" data-width=\"500\" data-dnt=\"true\">\n<p lang=\"de\" dir=\"ltr\">Danni am ersten Tag: \u201eICH SCHLAF IN DEM BETT, IN DEM MEIN MANN SCHLIEF, HAUT AB.\u201c<\/p>\n<p>Auch Danni: \u201eAber mich fragt keiner, wo ich schlafen will.\u201c<a href=\"https:\/\/twitter.com\/hashtag\/IBES?src=hash&amp;ref_src=twsrc%5Etfw\">#IBES<\/a><\/p>\n<p>&mdash; Dennis M\u00fcller (@dennisderdoedel) <a href=\"https:\/\/twitter.com\/dennisderdoedel\/status\/1217199091287056384?ref_src=twsrc%5Etfw\">January 14, 2020<\/a><\/p><\/blockquote>\n<p><script async src=\"https:\/\/platform.twitter.com\/widgets.js\" charset=\"utf-8\"><\/script><\/div>\n<div class=\"dbsm-oembed\">\n<blockquote class=\"twitter-tweet\" data-width=\"500\" data-dnt=\"true\">\n<p lang=\"de\" dir=\"ltr\">Jemand: Wo wurdest du geboren?<br \/>Danni: Mein Vater ist Alkoholiker und meine Lippe musste mal gen\u00e4ht werden. <a href=\"https:\/\/twitter.com\/hashtag\/ibes?src=hash&amp;ref_src=twsrc%5Etfw\">#ibes<\/a><\/p>\n<p>&mdash; Buttercup Kittensnatch (@StereoSushisu) <a href=\"https:\/\/twitter.com\/StereoSushisu\/status\/1217196156155023360?ref_src=twsrc%5Etfw\">January 14, 2020<\/a><\/p><\/blockquote>\n<p><script async src=\"https:\/\/platform.twitter.com\/widgets.js\" charset=\"utf-8\"><\/script><\/div>\n<div class=\"dbsm-oembed\">\n<blockquote class=\"twitter-tweet\" data-width=\"500\" data-dnt=\"true\">\n<p lang=\"de\" dir=\"ltr\">Wenn ich nach 3 Minuten Crosstrainer Muskelkater in den Beinen habe und aus dem Fitnessstudio fl\u00fcchte: <a href=\"https:\/\/twitter.com\/hashtag\/IBES?src=hash&amp;ref_src=twsrc%5Etfw\">#IBES<\/a> <a href=\"https:\/\/t.co\/PgTfhphQ1F\">pic.twitter.com\/PgTfhphQ1F<\/a><\/p>\n<p>&mdash; anredo (@anredo) <a href=\"https:\/\/twitter.com\/anredo\/status\/1217202467089321987?ref_src=twsrc%5Etfw\">January 14, 2020<\/a><\/p><\/blockquote>\n<p><script async src=\"https:\/\/platform.twitter.com\/widgets.js\" charset=\"utf-8\"><\/script><\/div>\n<p>https:\/\/twitter.com\/Jessicapth\/status\/1216844522241581059<\/p>\n<div class=\"dbsm-oembed\">\n<blockquote class=\"twitter-tweet\" data-width=\"500\" data-dnt=\"true\">\n<p lang=\"de\" dir=\"ltr\">Meine Freunde, wenn mein Leben den Bach runter l\u00e4uft und ich Unterst\u00fctzung gebrauchen k\u00f6nnte <a href=\"https:\/\/twitter.com\/hashtag\/ibes?src=hash&amp;ref_src=twsrc%5Etfw\">#ibes<\/a> <a href=\"https:\/\/t.co\/xQf6zSQf7Y\">pic.twitter.com\/xQf6zSQf7Y<\/a><\/p>\n<p>&mdash; Bea (Taylor\u2018s Version) (@bebeweb32) <a href=\"https:\/\/twitter.com\/bebeweb32\/status\/1216845412264562689?ref_src=twsrc%5Etfw\">January 13, 2020<\/a><\/p><\/blockquote>\n<p><script async src=\"https:\/\/platform.twitter.com\/widgets.js\" charset=\"utf-8\"><\/script><\/div>\n<p>3. Das geht soweit, dass selbst Sonja und Daniel inzwischen extrem keine Lust mehr auf Pr\u00fcfungsstress mit ihr haben. <\/p>\n<div class=\"dbsm-oembed\">\n<blockquote class=\"twitter-tweet\" data-width=\"500\" data-dnt=\"true\">\n<p lang=\"de\" dir=\"ltr\">Daniel und Sonja haben jetzt schon keinen Bock mehr auf Danni. Einfach g\u00f6ttlich. <a href=\"https:\/\/twitter.com\/hashtag\/ibes?src=hash&amp;ref_src=twsrc%5Etfw\">#ibes<\/a> <a href=\"https:\/\/twitter.com\/hashtag\/IBES2020?src=hash&amp;ref_src=twsrc%5Etfw\">#IBES2020<\/a> <a href=\"https:\/\/t.co\/ZdWam6yRYR\">pic.twitter.com\/ZdWam6yRYR<\/a><\/p>\n<p>&mdash; SerApollyon (@SerApollyon) <a href=\"https:\/\/twitter.com\/SerApollyon\/status\/1216477715206897670?ref_src=twsrc%5Etfw\">January 12, 2020<\/a><\/p><\/blockquote>\n<p><script async src=\"https:\/\/platform.twitter.com\/widgets.js\" charset=\"utf-8\"><\/script><\/div>\n<div class=\"dbsm-oembed\">\n<blockquote class=\"twitter-tweet\" data-width=\"500\" data-dnt=\"true\">\n<p lang=\"de\" dir=\"ltr\">Sonja und Daniel wenn Daniela direkt wieder verschwindet. <a href=\"https:\/\/twitter.com\/hashtag\/IBES?src=hash&amp;ref_src=twsrc%5Etfw\">#IBES<\/a> <a href=\"https:\/\/t.co\/Mja7UTnR1A\">pic.twitter.com\/Mja7UTnR1A<\/a><\/p>\n<p>&mdash; Marcel (@Der_Mazze) <a href=\"https:\/\/twitter.com\/Der_Mazze\/status\/1217202288735019008?ref_src=twsrc%5Etfw\">January 14, 2020<\/a><\/p><\/blockquote>\n<p><script async src=\"https:\/\/platform.twitter.com\/widgets.js\" charset=\"utf-8\"><\/script><\/div>\n<p>4. Und da Danni dort auch ausnahmslos underperformed, sammelt sie statt Sternen halt eine Rekordzahl an missg\u00fcnstigen Tweets. Auch sch\u00f6n. <\/p>\n<div class=\"dbsm-oembed\">\n<blockquote class=\"twitter-tweet\" data-width=\"500\" data-dnt=\"true\">\n<p lang=\"de\" dir=\"ltr\">Ok, der kommt fies. Ich entschuldige mich schon mal. Nicht retweeten. <a href=\"https:\/\/twitter.com\/hashtag\/IBES?src=hash&amp;ref_src=twsrc%5Etfw\">#IBES<\/a> <a href=\"https:\/\/t.co\/dtSUcifltn\">pic.twitter.com\/dtSUcifltn<\/a><\/p>\n<p>&mdash; tumanichso.bsky.social \ud83c\uddea\ud83c\uddfa (@tumanichso) <a href=\"https:\/\/twitter.com\/tumanichso\/status\/1216852907724890113?ref_src=twsrc%5Etfw\">January 13, 2020<\/a><\/p><\/blockquote>\n<p><script async src=\"https:\/\/platform.twitter.com\/widgets.js\" charset=\"utf-8\"><\/script><\/div>\n<div class=\"dbsm-oembed\">\n<blockquote class=\"twitter-tweet\" data-width=\"500\" data-dnt=\"true\">\n<p lang=\"de\" dir=\"ltr\">Endlich wei\u00df ich, woran mich Danni erinnert. <a href=\"https:\/\/twitter.com\/hashtag\/IBES?src=hash&amp;ref_src=twsrc%5Etfw\">#IBES<\/a> <a href=\"https:\/\/t.co\/Q1WfCGFrEE\">pic.twitter.com\/Q1WfCGFrEE<\/a><\/p>\n<p>&mdash; anredo (@anredo) <a href=\"https:\/\/twitter.com\/anredo\/status\/1217194539888381952?ref_src=twsrc%5Etfw\">January 14, 2020<\/a><\/p><\/blockquote>\n<p><script async src=\"https:\/\/platform.twitter.com\/widgets.js\" charset=\"utf-8\"><\/script><\/div>\n<div class=\"dbsm-oembed\">\n<blockquote class=\"twitter-tweet\" data-width=\"500\" data-dnt=\"true\">\n<p lang=\"de\" dir=\"ltr\">danni: \u201eich hoffe meine kinder sind stolz auf mich wenn sie das sehen:\u201c<\/p>\n<p>dannis kinder vor dem fernseher: <a href=\"https:\/\/twitter.com\/hashtag\/ibes?src=hash&amp;ref_src=twsrc%5Etfw\">#ibes<\/a> <a href=\"https:\/\/t.co\/D8dgLrDyN1\">pic.twitter.com\/D8dgLrDyN1<\/a><\/p>\n<p>&mdash; liz keen hater (@nichtdielisa) <a href=\"https:\/\/twitter.com\/nichtdielisa\/status\/1216844984047079429?ref_src=twsrc%5Etfw\">January 13, 2020<\/a><\/p><\/blockquote>\n<p><script async src=\"https:\/\/platform.twitter.com\/widgets.js\" charset=\"utf-8\"><\/script><\/div>\n<p>https:\/\/twitter.com\/Jennox09\/status\/1217196814497132544<\/p>\n<div class=\"dbsm-oembed\">\n<blockquote class=\"twitter-tweet\" data-width=\"500\" data-dnt=\"true\">\n<p lang=\"de\" dir=\"ltr\">Danni: &quot;Man kann sich doch nicht daran erg\u00f6tzen, jemanden leiden zu sehen.&quot;<\/p>\n<p>Reaktion auf Twitter:<a href=\"https:\/\/twitter.com\/hashtag\/Ibes?src=hash&amp;ref_src=twsrc%5Etfw\">#Ibes<\/a> <a href=\"https:\/\/t.co\/ZY6UvfICFC\">pic.twitter.com\/ZY6UvfICFC<\/a><\/p>\n<p>&mdash; Trashocalypse (@Trashocalypse) <a href=\"https:\/\/twitter.com\/Trashocalypse\/status\/1217199101525270535?ref_src=twsrc%5Etfw\">January 14, 2020<\/a><\/p><\/blockquote>\n<p><script async src=\"https:\/\/platform.twitter.com\/widgets.js\" charset=\"utf-8\"><\/script><\/div>\n<p>5. Hier, der Typ hat sich auch wertvolle &#8211; SENDEZEIT &#8211; geholt. Weil er vor der Kamera geheult hat, irgendwas mit Vergangenheit oder so. Wei\u00df der Geier.  <\/p>\n<div class=\"dbsm-oembed\">\n<blockquote class=\"twitter-tweet\" data-width=\"500\" data-dnt=\"true\">\n<p lang=\"de\" dir=\"ltr\"><a href=\"https:\/\/twitter.com\/hashtag\/ibes?src=hash&amp;ref_src=twsrc%5Etfw\">#ibes<\/a><\/p>\n<p>Die \u201eUndercover-Boss\u201c-Kost\u00fcmabteilung erblasst vor Neid <a href=\"https:\/\/t.co\/Kj9GxvCKG3\">pic.twitter.com\/Kj9GxvCKG3<\/a><\/p>\n<p>&mdash; unalternativ (@unalternativ) <a href=\"https:\/\/twitter.com\/unalternativ\/status\/1216833643060105221?ref_src=twsrc%5Etfw\">January 13, 2020<\/a><\/p><\/blockquote>\n<p><script async src=\"https:\/\/platform.twitter.com\/widgets.js\" charset=\"utf-8\"><\/script><\/div>\n<p>https:\/\/twitter.com\/unalternativ\/status\/1217197985488146435<\/p>\n<div class=\"dbsm-oembed\">\n<blockquote class=\"twitter-tweet\" data-width=\"500\" data-dnt=\"true\">\n<p lang=\"de\" dir=\"ltr\">Zwei Dinge aus Marcos Vergangenheit, die er nie h\u00e4tte tun sollen: <a href=\"https:\/\/twitter.com\/hashtag\/IBES?src=hash&amp;ref_src=twsrc%5Etfw\">#IBES<\/a> <a href=\"https:\/\/t.co\/al2b9UcpMj\">pic.twitter.com\/al2b9UcpMj<\/a><\/p>\n<p>&mdash; Dennis M\u00fcller (@dennisderdoedel) <a href=\"https:\/\/twitter.com\/dennisderdoedel\/status\/1217197812607279107?ref_src=twsrc%5Etfw\">January 14, 2020<\/a><\/p><\/blockquote>\n<p><script async src=\"https:\/\/platform.twitter.com\/widgets.js\" charset=\"utf-8\"><\/script><\/div>\n<div class=\"dbsm-oembed\">\n<blockquote class=\"twitter-tweet\" data-width=\"500\" data-dnt=\"true\">\n<p lang=\"de\" dir=\"ltr\">Ich in der Uni. <a href=\"https:\/\/twitter.com\/hashtag\/IBES?src=hash&amp;ref_src=twsrc%5Etfw\">#IBES<\/a> <a href=\"https:\/\/t.co\/XkH70eMbq8\">pic.twitter.com\/XkH70eMbq8<\/a><\/p>\n<p>&mdash; anredo (@anredo) <a href=\"https:\/\/twitter.com\/anredo\/status\/1216857237936857094?ref_src=twsrc%5Etfw\">January 13, 2020<\/a><\/p><\/blockquote>\n<p><script async src=\"https:\/\/platform.twitter.com\/widgets.js\" charset=\"utf-8\"><\/script><\/div>\n<p>6. Ansonsten bringt uns der Dschungel nat\u00fcrlich das, wonach wir doch eigentlich suchen. Meme-Material. Zuhauf. Etwa, wenn Raul einfach mal ungefragt raushaut, dass er ja Klavier spiele. Schon l\u00e4nger. <\/p>\n<div class=\"dbsm-oembed\">\n<blockquote class=\"twitter-tweet\" data-width=\"500\" data-dnt=\"true\">\n<p lang=\"de\" dir=\"ltr\">Oh, da ist es endlich, mein Lieblings-meme \ud83d\ude01<\/p>\n<p> <a href=\"https:\/\/twitter.com\/hashtag\/ibes?src=hash&amp;ref_src=twsrc%5Etfw\">#ibes<\/a> <a href=\"https:\/\/t.co\/2KFkA0hfoI\">pic.twitter.com\/2KFkA0hfoI<\/a><\/p>\n<p>&mdash; Trash_Trine \ud83d\udcfa\u267b\ufe0f\ud83e\ude9d (@Trash_Trine) <a href=\"https:\/\/twitter.com\/Trash_Trine\/status\/1216835085795721217?ref_src=twsrc%5Etfw\">January 13, 2020<\/a><\/p><\/blockquote>\n<p><script async src=\"https:\/\/platform.twitter.com\/widgets.js\" charset=\"utf-8\"><\/script><\/div>\n<div class=\"dbsm-oembed\">\n<blockquote class=\"twitter-tweet\" data-width=\"500\" data-dnt=\"true\">\n<p lang=\"de\" dir=\"ltr\">&quot;Ich finds echt ultra hart hier.&quot;<br \/>&quot;Ich spiele Klavier. Schon l\u00e4nger.&quot;<a href=\"https:\/\/twitter.com\/hashtag\/IBES?src=hash&amp;ref_src=twsrc%5Etfw\">#IBES<\/a> <a href=\"https:\/\/t.co\/4EAEsb5HlF\">pic.twitter.com\/4EAEsb5HlF<\/a><\/p>\n<p>&mdash; RTL (@RTL_com) <a href=\"https:\/\/twitter.com\/RTL_com\/status\/1216852520288575491?ref_src=twsrc%5Etfw\">January 13, 2020<\/a><\/p><\/blockquote>\n<p><script async src=\"https:\/\/platform.twitter.com\/widgets.js\" charset=\"utf-8\"><\/script><\/div>\n<div class=\"dbsm-oembed\">\n<blockquote class=\"twitter-tweet\" data-width=\"500\" data-dnt=\"true\">\n<p lang=\"en\" dir=\"ltr\">DER Moment der Staffel. <a href=\"https:\/\/twitter.com\/hashtag\/IBES?src=hash&amp;ref_src=twsrc%5Etfw\">#IBES<\/a> <a href=\"https:\/\/t.co\/iT2EsJcnqH\">pic.twitter.com\/iT2EsJcnqH<\/a><\/p>\n<p>&mdash; anredo (@anredo) <a href=\"https:\/\/twitter.com\/anredo\/status\/1217207711240269824?ref_src=twsrc%5Etfw\">January 14, 2020<\/a><\/p><\/blockquote>\n<p><script async src=\"https:\/\/platform.twitter.com\/widgets.js\" charset=\"utf-8\"><\/script><\/div>\n<p>7. Oder Daniela halt guckt. <\/p>\n<div class=\"dbsm-oembed\">\n<blockquote class=\"twitter-tweet\" data-width=\"500\" data-dnt=\"true\">\n<p lang=\"qme\" dir=\"ltr\"> <a href=\"https:\/\/t.co\/P47PWTdU96\">pic.twitter.com\/P47PWTdU96<\/a><\/p>\n<p>&mdash; Shut up, Candy! (@BitchWithCandy) <a href=\"https:\/\/twitter.com\/BitchWithCandy\/status\/1216851906007588865?ref_src=twsrc%5Etfw\">January 13, 2020<\/a><\/p><\/blockquote>\n<p><script async src=\"https:\/\/platform.twitter.com\/widgets.js\" charset=\"utf-8\"><\/script><\/div>\n<div class=\"dbsm-oembed\">\n<blockquote class=\"twitter-tweet\" data-width=\"500\" data-dnt=\"true\">\n<p lang=\"de\" dir=\"ltr\">Wenn ich ein Foto machen will und die Frontkamera aktiviert ist. <a href=\"https:\/\/twitter.com\/hashtag\/IBES?src=hash&amp;ref_src=twsrc%5Etfw\">#IBES<\/a> <a href=\"https:\/\/t.co\/tB3h5DaaWk\">pic.twitter.com\/tB3h5DaaWk<\/a><\/p>\n<p>&mdash; anredo (@anredo) <a href=\"https:\/\/twitter.com\/anredo\/status\/1216842277244542977?ref_src=twsrc%5Etfw\">January 13, 2020<\/a><\/p><\/blockquote>\n<p><script async src=\"https:\/\/platform.twitter.com\/widgets.js\" charset=\"utf-8\"><\/script><\/div>\n<div class=\"dbsm-oembed\">\n<blockquote class=\"twitter-tweet\" data-width=\"500\" data-dnt=\"true\">\n<p lang=\"de\" dir=\"ltr\">Wenn dein Chef einen Witz erz\u00e4hlt, du aber dringend eine Lohnerh\u00f6hung brauchst. <a href=\"https:\/\/twitter.com\/hashtag\/ibes?src=hash&amp;ref_src=twsrc%5Etfw\">#ibes<\/a> <a href=\"https:\/\/t.co\/qIK9Ubyhm7\">pic.twitter.com\/qIK9Ubyhm7<\/a><\/p>\n<p>&mdash; manja2806 (@manja28061) <a href=\"https:\/\/twitter.com\/manja28061\/status\/1216856902078029830?ref_src=twsrc%5Etfw\">January 13, 2020<\/a><\/p><\/blockquote>\n<p><script async src=\"https:\/\/platform.twitter.com\/widgets.js\" charset=\"utf-8\"><\/script><\/div>\n<p>8. Oder die hier &#8211; was auch immer &#8211; macht. <\/p>\n<div class=\"dbsm-oembed\">\n<blockquote class=\"twitter-tweet\" data-width=\"500\" data-dnt=\"true\">\n<p lang=\"de\" dir=\"ltr\">Ich montags, 8:00 Uhr im B\u00fcro. <a href=\"https:\/\/twitter.com\/hashtag\/IBES?src=hash&amp;ref_src=twsrc%5Etfw\">#IBES<\/a> <a href=\"https:\/\/t.co\/np5cBwTMPa\">pic.twitter.com\/np5cBwTMPa<\/a><\/p>\n<p>&mdash; Niko (@Nikonomisch) <a href=\"https:\/\/twitter.com\/Nikonomisch\/status\/1216831640749727745?ref_src=twsrc%5Etfw\">January 13, 2020<\/a><\/p><\/blockquote>\n<p><script async src=\"https:\/\/platform.twitter.com\/widgets.js\" charset=\"utf-8\"><\/script><\/div>\n<div class=\"dbsm-oembed\">\n<blockquote class=\"twitter-tweet\" data-width=\"500\" data-dnt=\"true\">\n<p lang=\"de\" dir=\"ltr\">Wenn ich bei Sims \u201emoveobjects on\u201c eingebe und das Bett l\u00f6sche: <a href=\"https:\/\/twitter.com\/hashtag\/IBES?src=hash&amp;ref_src=twsrc%5Etfw\">#IBES<\/a> <a href=\"https:\/\/t.co\/qZMkJOfWFX\">pic.twitter.com\/qZMkJOfWFX<\/a><\/p>\n<p>&mdash; anredo (@anredo) <a href=\"https:\/\/twitter.com\/anredo\/status\/1216834981844131846?ref_src=twsrc%5Etfw\">January 13, 2020<\/a><\/p><\/blockquote>\n<p><script async src=\"https:\/\/platform.twitter.com\/widgets.js\" charset=\"utf-8\"><\/script><\/div>\n<p>9. Zwischenfazit also: Wenig Spa\u00df auf der Mattscheibe, viel Spa\u00df im Netz. <\/p>\n<p>https:\/\/twitter.com\/leaabck\/status\/1217200353189466114<br \/>\n<\/strong><br \/>\n\u2014\u2014<br \/>\nDanke an alle f\u00fcr die Postings! \u2764\ufe0f\ufe0f<br \/>\n\u2014\u2014<br \/>\n<strong>Du kannst das hier alles noch viel besser &#8211; und willst es uns beweisen? Dann werde Teil von The Best Social Media in Berlin! <\/strong><br \/>\n<a href=\"https:\/\/www.thebestsocialjobs.com\/de\/stelle\/online-redakteur-koordinator-m-w-d-bei-the-best-social-media\/\">+++HIER BEWERBEN+++HIER BEWERBEN+++H<\/a><\/p>\n<p><img loading=\"lazy\" decoding=\"async\" src=\"https:\/\/www.thebestsocial.media\/de\/wp-content\/uploads\/sites\/3\/2019\/10\/jobsheaderkoord-1024x536.png\" alt=\"\" width=\"1024\" height=\"536\" class=\"alignnone size-large wp-image-105392\" srcset=\"https:\/\/www.thebestsocial.media\/de\/wp-content\/uploads\/sites\/3\/2019\/10\/jobsheaderkoord-1024x536.png 1024w, https:\/\/www.thebestsocial.media\/de\/wp-content\/uploads\/sites\/3\/2019\/10\/jobsheaderkoord-300x157.png 300w, https:\/\/www.thebestsocial.media\/de\/wp-content\/uploads\/sites\/3\/2019\/10\/jobsheaderkoord-768x402.png 768w, https:\/\/www.thebestsocial.media\/de\/wp-content\/uploads\/sites\/3\/2019\/10\/jobsheaderkoord.png 1200w\" sizes=\"auto, (max-width: 1024px) 100vw, 1024px\" \/><\/p>\n","protected":false},"excerpt":{"rendered":"<p>Wenn man mental bereits so abgestumpft ist, dass man sehns\u00fcchtig an Yotta, den Currywurst-Mann, Sarah Knappik oder Larissa Marolt denkt, dann hat man einerseits vielleicht&#8230;<\/p>\n","protected":false},"author":54,"featured_media":112828,"comment_status":"open","ping_status":"open","sticky":false,"template":"","format":"standard","meta":{"_acf_changed":false,"footnotes":""},"categories":[1839],"tags":[19,226,147],"class_list":["post-112758","post","type-post","status-publish","format-standard","has-post-thumbnail","hentry","category-television","tag-dschungelcamp","tag-ibes","tag-rtl"],"acf":[],"yoast_head":"<!-- This site is optimized with the Yoast SEO plugin v27.5 - https:\/\/yoast.com\/product\/yoast-seo-wordpress\/ -->\n<title>Ab in die Danni-Show: Die Dschungelcamp Highlights der letzten Tage - The Best Social Media DE<\/title>\n<meta name=\"robots\" content=\"index, follow, max-snippet:-1, max-image-preview:large, max-video-preview:-1\" \/>\n<link rel=\"canonical\" href=\"https:\/\/www.thebestsocial.media\/de\/ab-in-die-danni-show-die-dschungelcamp-highlights-der-letzten-tage\/\" \/>\n<meta property=\"og:locale\" content=\"de_DE\" \/>\n<meta property=\"og:type\" content=\"article\" \/>\n<meta property=\"og:title\" content=\"Ab in die Danni-Show: Die Dschungelcamp Highlights der letzten Tage\" \/>\n<meta property=\"og:description\" content=\"Wenn man mental bereits so abgestumpft ist, dass man sehns\u00fcchtig an Yotta, den Currywurst-Mann, Sarah Knappik oder Larissa Marolt denkt, dann hat man einerseits vielleicht...\" \/>\n<meta property=\"og:url\" content=\"https:\/\/www.thebestsocial.media\/de\/ab-in-die-danni-show-die-dschungelcamp-highlights-der-letzten-tage\/\" \/>\n<meta property=\"og:site_name\" content=\"The Best Social Media DE\" \/>\n<meta property=\"article:published_time\" content=\"2020-01-15T10:12:58+00:00\" \/>\n<meta property=\"article:modified_time\" content=\"2020-01-15T10:14:39+00:00\" \/>\n<meta property=\"og:image\" content=\"https:\/\/www.thebestsocial.media\/de\/wp-content\/uploads\/sites\/3\/2020\/01\/header5.png\" \/>\n\t<meta property=\"og:image:width\" content=\"1200\" \/>\n\t<meta property=\"og:image:height\" content=\"628\" \/>\n\t<meta property=\"og:image:type\" content=\"image\/png\" \/>\n<meta name=\"author\" content=\"dion\" \/>\n<meta name=\"twitter:card\" content=\"summary_large_image\" \/>\n<meta name=\"twitter:creator\" content=\"@https:\/\/twitter.com\/karlauaa\" \/>\n<meta name=\"twitter:label1\" content=\"Verfasst von\" \/>\n\t<meta name=\"twitter:data1\" content=\"dion\" \/>\n\t<meta name=\"twitter:label2\" content=\"Gesch\u00e4tzte Lesezeit\" \/>\n\t<meta name=\"twitter:data2\" content=\"2\u00a0Minuten\" \/>\n<script type=\"application\/ld+json\" class=\"yoast-schema-graph\">{\"@context\":\"https:\\\/\\\/schema.org\",\"@graph\":[{\"@type\":\"Article\",\"@id\":\"https:\\\/\\\/www.thebestsocial.media\\\/de\\\/ab-in-die-danni-show-die-dschungelcamp-highlights-der-letzten-tage\\\/#article\",\"isPartOf\":{\"@id\":\"https:\\\/\\\/www.thebestsocial.media\\\/de\\\/ab-in-die-danni-show-die-dschungelcamp-highlights-der-letzten-tage\\\/\"},\"author\":{\"name\":\"dion\",\"@id\":\"https:\\\/\\\/www.thebestsocial.media\\\/de\\\/#\\\/schema\\\/person\\\/365173f1fca5907fe6290e35cbd2d91a\"},\"headline\":\"Ab in die Danni-Show: Die Dschungelcamp Highlights der letzten Tage\",\"datePublished\":\"2020-01-15T10:12:58+00:00\",\"dateModified\":\"2020-01-15T10:14:39+00:00\",\"mainEntityOfPage\":{\"@id\":\"https:\\\/\\\/www.thebestsocial.media\\\/de\\\/ab-in-die-danni-show-die-dschungelcamp-highlights-der-letzten-tage\\\/\"},\"wordCount\":449,\"commentCount\":0,\"image\":{\"@id\":\"https:\\\/\\\/www.thebestsocial.media\\\/de\\\/ab-in-die-danni-show-die-dschungelcamp-highlights-der-letzten-tage\\\/#primaryimage\"},\"thumbnailUrl\":\"https:\\\/\\\/www.thebestsocial.media\\\/de\\\/wp-content\\\/uploads\\\/sites\\\/3\\\/2020\\\/01\\\/dschungel.png\",\"keywords\":[\"dschungelcamp\",\"ibes\",\"rtl\"],\"articleSection\":[\"Television\"],\"inLanguage\":\"de\",\"potentialAction\":[{\"@type\":\"CommentAction\",\"name\":\"Comment\",\"target\":[\"https:\\\/\\\/www.thebestsocial.media\\\/de\\\/ab-in-die-danni-show-die-dschungelcamp-highlights-der-letzten-tage\\\/#respond\"]}]},{\"@type\":\"WebPage\",\"@id\":\"https:\\\/\\\/www.thebestsocial.media\\\/de\\\/ab-in-die-danni-show-die-dschungelcamp-highlights-der-letzten-tage\\\/\",\"url\":\"https:\\\/\\\/www.thebestsocial.media\\\/de\\\/ab-in-die-danni-show-die-dschungelcamp-highlights-der-letzten-tage\\\/\",\"name\":\"Ab in die Danni-Show: Die Dschungelcamp Highlights der letzten Tage - The Best Social Media DE\",\"isPartOf\":{\"@id\":\"https:\\\/\\\/www.thebestsocial.media\\\/de\\\/#website\"},\"primaryImageOfPage\":{\"@id\":\"https:\\\/\\\/www.thebestsocial.media\\\/de\\\/ab-in-die-danni-show-die-dschungelcamp-highlights-der-letzten-tage\\\/#primaryimage\"},\"image\":{\"@id\":\"https:\\\/\\\/www.thebestsocial.media\\\/de\\\/ab-in-die-danni-show-die-dschungelcamp-highlights-der-letzten-tage\\\/#primaryimage\"},\"thumbnailUrl\":\"https:\\\/\\\/www.thebestsocial.media\\\/de\\\/wp-content\\\/uploads\\\/sites\\\/3\\\/2020\\\/01\\\/dschungel.png\",\"datePublished\":\"2020-01-15T10:12:58+00:00\",\"dateModified\":\"2020-01-15T10:14:39+00:00\",\"author\":{\"@id\":\"https:\\\/\\\/www.thebestsocial.media\\\/de\\\/#\\\/schema\\\/person\\\/365173f1fca5907fe6290e35cbd2d91a\"},\"breadcrumb\":{\"@id\":\"https:\\\/\\\/www.thebestsocial.media\\\/de\\\/ab-in-die-danni-show-die-dschungelcamp-highlights-der-letzten-tage\\\/#breadcrumb\"},\"inLanguage\":\"de\",\"potentialAction\":[{\"@type\":\"ReadAction\",\"target\":[\"https:\\\/\\\/www.thebestsocial.media\\\/de\\\/ab-in-die-danni-show-die-dschungelcamp-highlights-der-letzten-tage\\\/\"]}]},{\"@type\":\"ImageObject\",\"inLanguage\":\"de\",\"@id\":\"https:\\\/\\\/www.thebestsocial.media\\\/de\\\/ab-in-die-danni-show-die-dschungelcamp-highlights-der-letzten-tage\\\/#primaryimage\",\"url\":\"https:\\\/\\\/www.thebestsocial.media\\\/de\\\/wp-content\\\/uploads\\\/sites\\\/3\\\/2020\\\/01\\\/dschungel.png\",\"contentUrl\":\"https:\\\/\\\/www.thebestsocial.media\\\/de\\\/wp-content\\\/uploads\\\/sites\\\/3\\\/2020\\\/01\\\/dschungel.png\",\"width\":1200,\"height\":628},{\"@type\":\"BreadcrumbList\",\"@id\":\"https:\\\/\\\/www.thebestsocial.media\\\/de\\\/ab-in-die-danni-show-die-dschungelcamp-highlights-der-letzten-tage\\\/#breadcrumb\",\"itemListElement\":[{\"@type\":\"ListItem\",\"position\":1,\"name\":\"Home\",\"item\":\"https:\\\/\\\/www.thebestsocial.media\\\/de\\\/\"},{\"@type\":\"ListItem\",\"position\":2,\"name\":\"Ab in die Danni-Show: Die Dschungelcamp Highlights der letzten Tage\"}]},{\"@type\":\"WebSite\",\"@id\":\"https:\\\/\\\/www.thebestsocial.media\\\/de\\\/#website\",\"url\":\"https:\\\/\\\/www.thebestsocial.media\\\/de\\\/\",\"name\":\"The Best Social Media DE\",\"description\":\"\",\"potentialAction\":[{\"@type\":\"SearchAction\",\"target\":{\"@type\":\"EntryPoint\",\"urlTemplate\":\"https:\\\/\\\/www.thebestsocial.media\\\/de\\\/?s={search_term_string}\"},\"query-input\":{\"@type\":\"PropertyValueSpecification\",\"valueRequired\":true,\"valueName\":\"search_term_string\"}}],\"inLanguage\":\"de\"},{\"@type\":\"Person\",\"@id\":\"https:\\\/\\\/www.thebestsocial.media\\\/de\\\/#\\\/schema\\\/person\\\/365173f1fca5907fe6290e35cbd2d91a\",\"name\":\"dion\",\"image\":{\"@type\":\"ImageObject\",\"inLanguage\":\"de\",\"@id\":\"https:\\\/\\\/secure.gravatar.com\\\/avatar\\\/b5969bff5b8f125d2c7681200c319227d40b6a628ab8d9f8bdc5d0e410cf8eff?s=96&d=mm&r=g\",\"url\":\"https:\\\/\\\/secure.gravatar.com\\\/avatar\\\/b5969bff5b8f125d2c7681200c319227d40b6a628ab8d9f8bdc5d0e410cf8eff?s=96&d=mm&r=g\",\"contentUrl\":\"https:\\\/\\\/secure.gravatar.com\\\/avatar\\\/b5969bff5b8f125d2c7681200c319227d40b6a628ab8d9f8bdc5d0e410cf8eff?s=96&d=mm&r=g\",\"caption\":\"dion\"},\"description\":\"Kommt aus der norddeutschen Provinz und studierte einst irgendwas mit Medien. Hat danach leider keine Stelle als Taxifahrer gefunden und schreibt deswegen jetzt hier \u00fcber verschiedene Dinge. Zum Beispiel \u00fcber sich selbst in der dritten Person.\",\"sameAs\":[\"https:\\\/\\\/www.instagram.com\\\/kid.stardust\\\/\",\"https:\\\/\\\/x.com\\\/https:\\\/\\\/twitter.com\\\/karlauaa\"],\"url\":\"https:\\\/\\\/www.thebestsocial.media\\\/de\\\/author\\\/dion\\\/\"}]}<\/script>\n<!-- \/ Yoast SEO plugin. -->","yoast_head_json":{"title":"Ab in die Danni-Show: Die Dschungelcamp Highlights der letzten Tage - The Best Social Media DE","robots":{"index":"index","follow":"follow","max-snippet":"max-snippet:-1","max-image-preview":"max-image-preview:large","max-video-preview":"max-video-preview:-1"},"canonical":"https:\/\/www.thebestsocial.media\/de\/ab-in-die-danni-show-die-dschungelcamp-highlights-der-letzten-tage\/","og_locale":"de_DE","og_type":"article","og_title":"Ab in die Danni-Show: Die Dschungelcamp Highlights der letzten Tage","og_description":"Wenn man mental bereits so abgestumpft ist, dass man sehns\u00fcchtig an Yotta, den Currywurst-Mann, Sarah Knappik oder Larissa Marolt denkt, dann hat man einerseits vielleicht...","og_url":"https:\/\/www.thebestsocial.media\/de\/ab-in-die-danni-show-die-dschungelcamp-highlights-der-letzten-tage\/","og_site_name":"The Best Social Media DE","article_published_time":"2020-01-15T10:12:58+00:00","article_modified_time":"2020-01-15T10:14:39+00:00","og_image":[{"width":1200,"height":628,"url":"https:\/\/www.thebestsocial.media\/de\/wp-content\/uploads\/sites\/3\/2020\/01\/header5.png","type":"image\/png"}],"author":"dion","twitter_card":"summary_large_image","twitter_creator":"@https:\/\/twitter.com\/karlauaa","twitter_misc":{"Verfasst von":"dion","Gesch\u00e4tzte Lesezeit":"2\u00a0Minuten"},"schema":{"@context":"https:\/\/schema.org","@graph":[{"@type":"Article","@id":"https:\/\/www.thebestsocial.media\/de\/ab-in-die-danni-show-die-dschungelcamp-highlights-der-letzten-tage\/#article","isPartOf":{"@id":"https:\/\/www.thebestsocial.media\/de\/ab-in-die-danni-show-die-dschungelcamp-highlights-der-letzten-tage\/"},"author":{"name":"dion","@id":"https:\/\/www.thebestsocial.media\/de\/#\/schema\/person\/365173f1fca5907fe6290e35cbd2d91a"},"headline":"Ab in die Danni-Show: Die Dschungelcamp Highlights der letzten Tage","datePublished":"2020-01-15T10:12:58+00:00","dateModified":"2020-01-15T10:14:39+00:00","mainEntityOfPage":{"@id":"https:\/\/www.thebestsocial.media\/de\/ab-in-die-danni-show-die-dschungelcamp-highlights-der-letzten-tage\/"},"wordCount":449,"commentCount":0,"image":{"@id":"https:\/\/www.thebestsocial.media\/de\/ab-in-die-danni-show-die-dschungelcamp-highlights-der-letzten-tage\/#primaryimage"},"thumbnailUrl":"https:\/\/www.thebestsocial.media\/de\/wp-content\/uploads\/sites\/3\/2020\/01\/dschungel.png","keywords":["dschungelcamp","ibes","rtl"],"articleSection":["Television"],"inLanguage":"de","potentialAction":[{"@type":"CommentAction","name":"Comment","target":["https:\/\/www.thebestsocial.media\/de\/ab-in-die-danni-show-die-dschungelcamp-highlights-der-letzten-tage\/#respond"]}]},{"@type":"WebPage","@id":"https:\/\/www.thebestsocial.media\/de\/ab-in-die-danni-show-die-dschungelcamp-highlights-der-letzten-tage\/","url":"https:\/\/www.thebestsocial.media\/de\/ab-in-die-danni-show-die-dschungelcamp-highlights-der-letzten-tage\/","name":"Ab in die Danni-Show: Die Dschungelcamp Highlights der letzten Tage - The Best Social Media DE","isPartOf":{"@id":"https:\/\/www.thebestsocial.media\/de\/#website"},"primaryImageOfPage":{"@id":"https:\/\/www.thebestsocial.media\/de\/ab-in-die-danni-show-die-dschungelcamp-highlights-der-letzten-tage\/#primaryimage"},"image":{"@id":"https:\/\/www.thebestsocial.media\/de\/ab-in-die-danni-show-die-dschungelcamp-highlights-der-letzten-tage\/#primaryimage"},"thumbnailUrl":"https:\/\/www.thebestsocial.media\/de\/wp-content\/uploads\/sites\/3\/2020\/01\/dschungel.png","datePublished":"2020-01-15T10:12:58+00:00","dateModified":"2020-01-15T10:14:39+00:00","author":{"@id":"https:\/\/www.thebestsocial.media\/de\/#\/schema\/person\/365173f1fca5907fe6290e35cbd2d91a"},"breadcrumb":{"@id":"https:\/\/www.thebestsocial.media\/de\/ab-in-die-danni-show-die-dschungelcamp-highlights-der-letzten-tage\/#breadcrumb"},"inLanguage":"de","potentialAction":[{"@type":"ReadAction","target":["https:\/\/www.thebestsocial.media\/de\/ab-in-die-danni-show-die-dschungelcamp-highlights-der-letzten-tage\/"]}]},{"@type":"ImageObject","inLanguage":"de","@id":"https:\/\/www.thebestsocial.media\/de\/ab-in-die-danni-show-die-dschungelcamp-highlights-der-letzten-tage\/#primaryimage","url":"https:\/\/www.thebestsocial.media\/de\/wp-content\/uploads\/sites\/3\/2020\/01\/dschungel.png","contentUrl":"https:\/\/www.thebestsocial.media\/de\/wp-content\/uploads\/sites\/3\/2020\/01\/dschungel.png","width":1200,"height":628},{"@type":"BreadcrumbList","@id":"https:\/\/www.thebestsocial.media\/de\/ab-in-die-danni-show-die-dschungelcamp-highlights-der-letzten-tage\/#breadcrumb","itemListElement":[{"@type":"ListItem","position":1,"name":"Home","item":"https:\/\/www.thebestsocial.media\/de\/"},{"@type":"ListItem","position":2,"name":"Ab in die Danni-Show: Die Dschungelcamp Highlights der letzten Tage"}]},{"@type":"WebSite","@id":"https:\/\/www.thebestsocial.media\/de\/#website","url":"https:\/\/www.thebestsocial.media\/de\/","name":"The Best Social Media DE","description":"","potentialAction":[{"@type":"SearchAction","target":{"@type":"EntryPoint","urlTemplate":"https:\/\/www.thebestsocial.media\/de\/?s={search_term_string}"},"query-input":{"@type":"PropertyValueSpecification","valueRequired":true,"valueName":"search_term_string"}}],"inLanguage":"de"},{"@type":"Person","@id":"https:\/\/www.thebestsocial.media\/de\/#\/schema\/person\/365173f1fca5907fe6290e35cbd2d91a","name":"dion","image":{"@type":"ImageObject","inLanguage":"de","@id":"https:\/\/secure.gravatar.com\/avatar\/b5969bff5b8f125d2c7681200c319227d40b6a628ab8d9f8bdc5d0e410cf8eff?s=96&d=mm&r=g","url":"https:\/\/secure.gravatar.com\/avatar\/b5969bff5b8f125d2c7681200c319227d40b6a628ab8d9f8bdc5d0e410cf8eff?s=96&d=mm&r=g","contentUrl":"https:\/\/secure.gravatar.com\/avatar\/b5969bff5b8f125d2c7681200c319227d40b6a628ab8d9f8bdc5d0e410cf8eff?s=96&d=mm&r=g","caption":"dion"},"description":"Kommt aus der norddeutschen Provinz und studierte einst irgendwas mit Medien. Hat danach leider keine Stelle als Taxifahrer gefunden und schreibt deswegen jetzt hier \u00fcber verschiedene Dinge. Zum Beispiel \u00fcber sich selbst in der dritten Person.","sameAs":["https:\/\/www.instagram.com\/kid.stardust\/","https:\/\/x.com\/https:\/\/twitter.com\/karlauaa"],"url":"https:\/\/www.thebestsocial.media\/de\/author\/dion\/"}]}},"amp_enabled":true,"_links":{"self":[{"href":"https:\/\/www.thebestsocial.media\/de\/wp-json\/wp\/v2\/posts\/112758","targetHints":{"allow":["GET"]}}],"collection":[{"href":"https:\/\/www.thebestsocial.media\/de\/wp-json\/wp\/v2\/posts"}],"about":[{"href":"https:\/\/www.thebestsocial.media\/de\/wp-json\/wp\/v2\/types\/post"}],"author":[{"embeddable":true,"href":"https:\/\/www.thebestsocial.media\/de\/wp-json\/wp\/v2\/users\/54"}],"replies":[{"embeddable":true,"href":"https:\/\/www.thebestsocial.media\/de\/wp-json\/wp\/v2\/comments?post=112758"}],"version-history":[{"count":43,"href":"https:\/\/www.thebestsocial.media\/de\/wp-json\/wp\/v2\/posts\/112758\/revisions"}],"predecessor-version":[{"id":112830,"href":"https:\/\/www.thebestsocial.media\/de\/wp-json\/wp\/v2\/posts\/112758\/revisions\/112830"}],"wp:featuredmedia":[{"embeddable":true,"href":"https:\/\/www.thebestsocial.media\/de\/wp-json\/wp\/v2\/media\/112828"}],"wp:attachment":[{"href":"https:\/\/www.thebestsocial.media\/de\/wp-json\/wp\/v2\/media?parent=112758"}],"wp:term":[{"taxonomy":"category","embeddable":true,"href":"https:\/\/www.thebestsocial.media\/de\/wp-json\/wp\/v2\/categories?post=112758"},{"taxonomy":"post_tag","embeddable":true,"href":"https:\/\/www.thebestsocial.media\/de\/wp-json\/wp\/v2\/tags?post=112758"}],"curies":[{"name":"wp","href":"https:\/\/api.w.org\/{rel}","templated":true}]}}