{"id":112499,"date":"2020-01-13T10:39:54","date_gmt":"2020-01-13T10:39:54","guid":{"rendered":"https:\/\/www.thebestsocial.media\/de\/?p=112499"},"modified":"2020-01-14T10:50:25","modified_gmt":"2020-01-14T10:50:25","slug":"das-erste-wochenende-im-dschungelcamp-der-ultimative-twitter-rueckblick","status":"publish","type":"post","link":"https:\/\/www.thebestsocial.media\/de\/das-erste-wochenende-im-dschungelcamp-der-ultimative-twitter-rueckblick\/","title":{"rendered":"Das erste Wochenende im Dschungelcamp: Der ultimative Twitter-R\u00fcckblick"},"content":{"rendered":"<p>Eine Menge wurde in der letzten Woche dar\u00fcber diskutiert, ob das Dschungelcamp im <a href=\"https:\/\/www.thebestsocial.media\/de\/braende-in-australien-rtl-bekommt-fuer-dschungelcamp-ausstrahlung-starken-gegenwind\/\">waldbrandgeplagten Australien<\/a> tats\u00e4chlich stattfinden solle, viel Kritik wurde ge\u00e4u\u00dfert, an einigen Stellen aber auch gefragt, wie genau die Ausstrahlung einer Unterhaltungsshow eigentlich mit einer Naturkatastrophe korreliert. Letztlich entschied sich RTL f\u00fcr die Ausstrahlung und gibt Trash-TV-Fans damit in den n\u00e4chsten zwei Wochen das, wonach sie Anfang des Jahres stets lechzen: A-Promis in Extremsituationen, jede Menge messerscharfe Dialoge und&#8230; genau, grandiose Tweets, die das ganze Buschgeseschehen doch eigentlich erst zu einer wirklichen Gaudi machen. Wir blicken auf das vergangene Wochenende und somit die ersten drei Folgen von IBES 2020 zur\u00fcck: <\/p>\n<p>&nbsp;<br \/>\n<strong>1. So geht es vermutlich den meisten, die sich ja eigentlich erhaben f\u00fchlen&#8230; und dann doch wieder jeden Tag auf RTL h\u00e4ngen bleiben. Seltsam!<\/strong><\/p>\n<div class=\"dbsm-oembed\">\n<blockquote class=\"twitter-tweet\" data-width=\"500\" data-dnt=\"true\">\n<p lang=\"de\" dir=\"ltr\">Ich 351 Tage im Jahr:<br \/>-Trash TV ist kacke<br \/>-Ich gucke nur noch Netflix<br \/>-RTL ist niveaulos<\/p>\n<p>Ich w\u00e4hrend Dschungelcamp:<a href=\"https:\/\/twitter.com\/hashtag\/ibes?src=hash&amp;ref_src=twsrc%5Etfw\">#ibes<\/a> <a href=\"https:\/\/t.co\/ib2oY6eyyt\">pic.twitter.com\/ib2oY6eyyt<\/a><\/p>\n<p>&mdash; Lea (@dealy9_) <a href=\"https:\/\/twitter.com\/dealy9_\/status\/1216480636388749313?ref_src=twsrc%5Etfw\">January 12, 2020<\/a><\/p><\/blockquote>\n<p><script async src=\"https:\/\/platform.twitter.com\/widgets.js\" charset=\"utf-8\"><\/script><\/div>\n<p><strong>2. <a href=\"https:\/\/www.thebestsocial.media\/de\/wir-brauchen-den-schwulen-bachelor-unser-fragen-an-den-trash-tv-twitterkoenig-anredo\/\">Anredo<\/a> konnte sich derweil vor der Ausstrahlung diesen kleinen Seitenhieb nicht verkneifen.<\/strong><\/p>\n<div class=\"dbsm-oembed\">\n<blockquote class=\"twitter-tweet\" data-width=\"500\" data-dnt=\"true\">\n<p lang=\"de\" dir=\"ltr\">Was tun die meisten Deutschen gegen die Feuer in Australien?<\/p>\n<p>\u274c Feuerwehren, NGOs, Tierschutzorganisationen &amp; Auffangstationen Geld spenden<\/p>\n<p>\u274c Vor Ort helfen<\/p>\n<p>\u274c Gegen den Klimawandel vorgehen<\/p>\n<p>\u2705 \u201eIch boykottiere <a href=\"https:\/\/twitter.com\/hashtag\/IBES?src=hash&amp;ref_src=twsrc%5Etfw\">#IBES<\/a>\u201c posten<\/p>\n<p>&mdash; anredo (@anredo) <a href=\"https:\/\/twitter.com\/anredo\/status\/1215707166893641728?ref_src=twsrc%5Etfw\">January 10, 2020<\/a><\/p><\/blockquote>\n<p><script async src=\"https:\/\/platform.twitter.com\/widgets.js\" charset=\"utf-8\"><\/script><\/div>\n<p><strong>3. Doch genug der Vorrede. Schauen wir auf den Einzug der &#8222;Stars&#8220; vom Freitag. Bei dem es traditionell nat\u00fcrlich zun\u00e4chst mal darum ging, auszuloten, welche Flitzpiepen sich denn dort dem Dschungelspa\u00df stellen. <\/strong><\/p>\n<div class=\"dbsm-oembed\">\n<blockquote class=\"twitter-tweet\" data-width=\"500\" data-dnt=\"true\">\n<p lang=\"de\" dir=\"ltr\">Ganz Deutschland jetzt. <a href=\"https:\/\/twitter.com\/hashtag\/IBES?src=hash&amp;ref_src=twsrc%5Etfw\">#IBES<\/a> <a href=\"https:\/\/t.co\/v9RAKRi5wO\">pic.twitter.com\/v9RAKRi5wO<\/a><\/p>\n<p>&mdash; anredo (@anredo) <a href=\"https:\/\/twitter.com\/anredo\/status\/1215729651932389377?ref_src=twsrc%5Etfw\">January 10, 2020<\/a><\/p><\/blockquote>\n<p><script async src=\"https:\/\/platform.twitter.com\/widgets.js\" charset=\"utf-8\"><\/script><\/div>\n<div class=\"dbsm-oembed\">\n<blockquote class=\"twitter-tweet\" data-width=\"500\" data-dnt=\"true\">\n<p lang=\"de\" dir=\"ltr\">Wie prominent bist du, auf einer Skala von \u201eIch bin bekannt, weil mein Mann gestorben ist\u201c bis \u201eMich kennt man aus der letzten Staffel DSDS, Folge 3, Minute 17, wo ich kurz gesungen habe\u201c? <a href=\"https:\/\/twitter.com\/hashtag\/IBES?src=hash&amp;ref_src=twsrc%5Etfw\">#IBES<\/a><\/p>\n<p>&mdash; anredo (@anredo) <a href=\"https:\/\/twitter.com\/anredo\/status\/1215733702724149250?ref_src=twsrc%5Etfw\">January 10, 2020<\/a><\/p><\/blockquote>\n<p><script async src=\"https:\/\/platform.twitter.com\/widgets.js\" charset=\"utf-8\"><\/script><\/div>\n<p><strong>4. Der Ottonormal-Zuschauer ist beim Verstehen der zwischenmenschlichen Beziehungen und Intrigen \u00fcbrigens nach zehn Minuten erstmal raus.<\/strong><\/p>\n<p>https:\/\/twitter.com\/marks_anti\/status\/1216485030689759232<\/p>\n<p><strong>5. Kommen wir doch daher schnell zu den \u00fcblichen Stumpfsinnigkeiten der ersten Sendestunden, an denen wir uns alle gemeinsam erfreuen k\u00f6nnen. Auch ganz ohne Vorwissen.<\/strong><\/p>\n<div class=\"dbsm-oembed\">\n<blockquote class=\"twitter-tweet\" data-width=\"500\" data-dnt=\"true\">\n<p lang=\"de\" dir=\"ltr\">&quot;Nenne 3 Planeten unseren Sonnensystems.&quot;<\/p>\n<p>Sie: Markus oder so?<\/p>\n<p>RTL hat sich mal wieder selbst mit den Prominenten \u00fcbertroffen. <a href=\"https:\/\/twitter.com\/hashtag\/ibes?src=hash&amp;ref_src=twsrc%5Etfw\">#ibes<\/a><\/p>\n<p>&mdash; extrakaese (@extrakaese) <a href=\"https:\/\/twitter.com\/extrakaese\/status\/1215742667243565068?ref_src=twsrc%5Etfw\">January 10, 2020<\/a><\/p><\/blockquote>\n<p><script async src=\"https:\/\/platform.twitter.com\/widgets.js\" charset=\"utf-8\"><\/script><\/div>\n<div class=\"dbsm-oembed\">\n<blockquote class=\"twitter-tweet\" data-width=\"500\" data-dnt=\"true\">\n<p lang=\"de\" dir=\"ltr\">&quot;Nenne drei Planeten.&quot;<br \/>&quot;Markus.&quot;<\/p>\n<p>&quot;Nenne drei St\u00e4dte.&quot;<br \/>&quot;Afrika.&quot;<a href=\"https:\/\/twitter.com\/hashtag\/IBES?src=hash&amp;ref_src=twsrc%5Etfw\">#IBES<\/a> <a href=\"https:\/\/t.co\/ZPFZzj8IiW\">pic.twitter.com\/ZPFZzj8IiW<\/a><\/p>\n<p>&mdash; Jen (@JenelopeJeans) <a href=\"https:\/\/twitter.com\/JenelopeJeans\/status\/1215749926090612743?ref_src=twsrc%5Etfw\">January 10, 2020<\/a><\/p><\/blockquote>\n<p><script async src=\"https:\/\/platform.twitter.com\/widgets.js\" charset=\"utf-8\"><\/script><\/div>\n<div class=\"dbsm-oembed\">\n<blockquote class=\"twitter-tweet\" data-width=\"500\" data-dnt=\"true\">\n<p lang=\"de\" dir=\"ltr\">Danni: \u201eWisst Ihr, was das ist? Die Asche meines Mannes.\u201c<br \/>Gleich \u00fcberreicht Claudia auch eine Kette&#8230;<br \/>Claudia: \u201eWisst Ihr, was das ist? Die Asche meines Mannes.\u201c<br \/>Daniel: \u201eWas?\u201c<br \/>Claudia: \u201eWas?\u201c<br \/>Daniel: \u201eWAS?\u201c<a href=\"https:\/\/twitter.com\/hashtag\/ibes?src=hash&amp;ref_src=twsrc%5Etfw\">#ibes<\/a> <a href=\"https:\/\/t.co\/nbtbXwgUtw\">pic.twitter.com\/nbtbXwgUtw<\/a><\/p>\n<p>&mdash; Mutter Teresa (@abteilungswag) <a href=\"https:\/\/twitter.com\/abteilungswag\/status\/1215751786235072513?ref_src=twsrc%5Etfw\">January 10, 2020<\/a><\/p><\/blockquote>\n<p><script async src=\"https:\/\/platform.twitter.com\/widgets.js\" charset=\"utf-8\"><\/script><\/div>\n<div class=\"dbsm-oembed\">\n<blockquote class=\"twitter-tweet\" data-width=\"500\" data-dnt=\"true\">\n<p lang=\"de\" dir=\"ltr\">Nun weiss ich endlich an wen mich Toni erinnert<a href=\"https:\/\/twitter.com\/hashtag\/ibes?src=hash&amp;ref_src=twsrc%5Etfw\">#ibes<\/a> <a href=\"https:\/\/t.co\/8awwepS4rG\">pic.twitter.com\/8awwepS4rG<\/a><\/p>\n<p>&mdash; NaschKatze \ud83d\udc26 (@_Naschkatze86_) <a href=\"https:\/\/twitter.com\/_Naschkatze86_\/status\/1215749351869501442?ref_src=twsrc%5Etfw\">January 10, 2020<\/a><\/p><\/blockquote>\n<p><script async src=\"https:\/\/platform.twitter.com\/widgets.js\" charset=\"utf-8\"><\/script><\/div>\n<div class=\"dbsm-oembed\">\n<blockquote class=\"twitter-tweet\" data-width=\"500\" data-dnt=\"true\">\n<p lang=\"de\" dir=\"ltr\">Wenn neue Leute sich mir vorstellen: <a href=\"https:\/\/twitter.com\/hashtag\/IBES?src=hash&amp;ref_src=twsrc%5Etfw\">#IBES<\/a> <a href=\"https:\/\/t.co\/0SzSlEajOS\">pic.twitter.com\/0SzSlEajOS<\/a><\/p>\n<p>&mdash; anredo (@anredo) <a href=\"https:\/\/twitter.com\/anredo\/status\/1215743570310836224?ref_src=twsrc%5Etfw\">January 10, 2020<\/a><\/p><\/blockquote>\n<p><script async src=\"https:\/\/platform.twitter.com\/widgets.js\" charset=\"utf-8\"><\/script><\/div>\n<div class=\"dbsm-oembed\">\n<blockquote class=\"twitter-tweet\" data-width=\"500\" data-dnt=\"true\">\n<p lang=\"de\" dir=\"ltr\">Meine Kollegen und ich, jeden Mittag in der Kantine. <a href=\"https:\/\/twitter.com\/hashtag\/ibes?src=hash&amp;ref_src=twsrc%5Etfw\">#ibes<\/a> <a href=\"https:\/\/t.co\/bgcrkXs2H7\">pic.twitter.com\/bgcrkXs2H7<\/a><\/p>\n<p>&mdash; zweiniemand (@zweiniemand) <a href=\"https:\/\/twitter.com\/zweiniemand\/status\/1215772703799508993?ref_src=twsrc%5Etfw\">January 10, 2020<\/a><\/p><\/blockquote>\n<p><script async src=\"https:\/\/platform.twitter.com\/widgets.js\" charset=\"utf-8\"><\/script><\/div>\n<p>https:\/\/twitter.com\/NichtTomJones\/status\/1215762024661225475<\/p>\n<p><strong>6. Twitter-Liebling war dann \u00fcbrigens schnell Alt-Verkehrsminister G\u00fcnther Krause, der als erster ehemaliger Politiker ins Camp einzog. Und nach einem Tag aus gesundheitlichen Gr\u00fcnden direkt wieder &#8217;nen Sittich machte. L\u00e4uft.<\/strong><\/p>\n<div class=\"dbsm-oembed\">\n<blockquote class=\"twitter-tweet\" data-width=\"500\" data-dnt=\"true\">\n<p lang=\"de\" dir=\"ltr\">Ich im Englisch-Abi, m\u00fcndliche Pr\u00fcfung. <a href=\"https:\/\/twitter.com\/hashtag\/IBES?src=hash&amp;ref_src=twsrc%5Etfw\">#IBES<\/a> <a href=\"https:\/\/t.co\/ourZId6NbR\">pic.twitter.com\/ourZId6NbR<\/a><\/p>\n<p>&mdash; anredo (@anredo) <a href=\"https:\/\/twitter.com\/anredo\/status\/1215732477601505280?ref_src=twsrc%5Etfw\">January 10, 2020<\/a><\/p><\/blockquote>\n<p><script async src=\"https:\/\/platform.twitter.com\/widgets.js\" charset=\"utf-8\"><\/script><\/div>\n<div class=\"dbsm-oembed\">\n<blockquote class=\"twitter-tweet\" data-width=\"500\" data-dnt=\"true\">\n<p lang=\"de\" dir=\"ltr\">Wenn Du nach der Wiedervereinigung im Westen ankommst.   <a href=\"https:\/\/twitter.com\/hashtag\/ibes?src=hash&amp;ref_src=twsrc%5Etfw\">#ibes<\/a> <a href=\"https:\/\/t.co\/djyANq1rpP\">pic.twitter.com\/djyANq1rpP<\/a><\/p>\n<p>&mdash; Sven \uf8ff (@lSnakel) <a href=\"https:\/\/twitter.com\/lSnakel\/status\/1215742028547600385?ref_src=twsrc%5Etfw\">January 10, 2020<\/a><\/p><\/blockquote>\n<p><script async src=\"https:\/\/platform.twitter.com\/widgets.js\" charset=\"utf-8\"><\/script><\/div>\n<p>https:\/\/twitter.com\/S04_Till\/status\/1215774897256964100<\/p>\n<div class=\"dbsm-oembed\">\n<blockquote class=\"twitter-tweet\" data-width=\"500\" data-dnt=\"true\">\n<p lang=\"de\" dir=\"ltr\">Man holt einen alten Mann, der mit dem Auto direkt ins Camp gefahren werden muss und bei ausnahmslos jeder Pr\u00fcfung gesperrt ist &#8230; und wundert sich, dass er an Tag 1 aus medizinischen Gr\u00fcnden raus muss. <\/p>\n<p>Genau mein Humor. <a href=\"https:\/\/twitter.com\/hashtag\/IBES?src=hash&amp;ref_src=twsrc%5Etfw\">#IBES<\/a><\/p>\n<p>&mdash; anredo (@anredo) <a href=\"https:\/\/twitter.com\/anredo\/status\/1215775290489700352?ref_src=twsrc%5Etfw\">January 10, 2020<\/a><\/p><\/blockquote>\n<p><script async src=\"https:\/\/platform.twitter.com\/widgets.js\" charset=\"utf-8\"><\/script><\/div>\n<p>https:\/\/twitter.com\/maxelxo_\/status\/1216108675284140032<\/p>\n<p><strong>7. Ansonsten ist nat\u00fcrlich die Wendlerin dabei. Also die Ex vom Wendler. Die aber eigentlich Norberg hei\u00dft. Was?! Egal, es geht um den Wendler, da haben wir doch alle immer Bock drauf. Wendlerpauschale quasi. <\/strong><\/p>\n<div class=\"dbsm-oembed\">\n<blockquote class=\"twitter-tweet\" data-width=\"500\" data-dnt=\"true\">\n<p lang=\"de\" dir=\"ltr\">Bei der Essenspr\u00fcfung ist Claudia Norberg im Vorteil!<\/p>\n<p>Sie hat wohl schon das schlimmstm\u00f6gliche im Mund gehabt&#8230;<\/p>\n<p>  <a href=\"https:\/\/twitter.com\/hashtag\/ibes?src=hash&amp;ref_src=twsrc%5Etfw\">#ibes<\/a> <a href=\"https:\/\/t.co\/surdVNFeTA\">pic.twitter.com\/surdVNFeTA<\/a><\/p>\n<p>&mdash; Trashocalypse (@Trashocalypse) <a href=\"https:\/\/twitter.com\/Trashocalypse\/status\/1215767782991810561?ref_src=twsrc%5Etfw\">January 10, 2020<\/a><\/p><\/blockquote>\n<p><script async src=\"https:\/\/platform.twitter.com\/widgets.js\" charset=\"utf-8\"><\/script><\/div>\n<div class=\"dbsm-oembed\">\n<blockquote class=\"twitter-tweet\" data-width=\"500\" data-dnt=\"true\">\n<p lang=\"de\" dir=\"ltr\">Der Wendler wenn er merkt, dass er die Witzfigur des Camps ist, obwohl er diese Staffel gar nicht dabei ist. <a href=\"https:\/\/twitter.com\/hashtag\/ibes?src=hash&amp;ref_src=twsrc%5Etfw\">#ibes<\/a> <a href=\"https:\/\/t.co\/na3HRoU5Ax\">pic.twitter.com\/na3HRoU5Ax<\/a><\/p>\n<p>&mdash; Davina \u2763\ufe0f (@LadyALover95) <a href=\"https:\/\/twitter.com\/LadyALover95\/status\/1215741684220407809?ref_src=twsrc%5Etfw\">January 10, 2020<\/a><\/p><\/blockquote>\n<p><script async src=\"https:\/\/platform.twitter.com\/widgets.js\" charset=\"utf-8\"><\/script><\/div>\n<div class=\"dbsm-oembed\">\n<blockquote class=\"twitter-tweet\" data-width=\"500\" data-dnt=\"true\">\n<p lang=\"de\" dir=\"ltr\">der wendler und seine laura vorm fernseher daheim, wenn sie dank elena wieder thema sind. <a href=\"https:\/\/twitter.com\/hashtag\/ibes?src=hash&amp;ref_src=twsrc%5Etfw\">#ibes<\/a> <a href=\"https:\/\/t.co\/FAGZmkzwMI\">pic.twitter.com\/FAGZmkzwMI<\/a><\/p>\n<p>&mdash; ally (@sowhvt) <a href=\"https:\/\/twitter.com\/sowhvt\/status\/1216483841516412929?ref_src=twsrc%5Etfw\">January 12, 2020<\/a><\/p><\/blockquote>\n<p><script async src=\"https:\/\/platform.twitter.com\/widgets.js\" charset=\"utf-8\"><\/script><\/div>\n<div class=\"dbsm-oembed\">\n<blockquote class=\"twitter-tweet\" data-width=\"500\" data-dnt=\"true\">\n<p lang=\"de\" dir=\"ltr\">\u201eWendler hat seine Frau verlassen, er ein Kind von einer anderen Frau bekommen hat, n\u00e4mlich von Lauras Mutter.\u201c Spruch der Staffel! <a href=\"https:\/\/twitter.com\/hashtag\/ibes?src=hash&amp;ref_src=twsrc%5Etfw\">#ibes<\/a> <a href=\"https:\/\/t.co\/If5R6wQkYS\">pic.twitter.com\/If5R6wQkYS<\/a><\/p>\n<p>&mdash; Kadda (@dediKate_d) <a href=\"https:\/\/twitter.com\/dediKate_d\/status\/1215741301028614145?ref_src=twsrc%5Etfw\">January 10, 2020<\/a><\/p><\/blockquote>\n<p><script async src=\"https:\/\/platform.twitter.com\/widgets.js\" charset=\"utf-8\"><\/script><\/div>\n<div class=\"dbsm-oembed\">\n<blockquote class=\"twitter-tweet\" data-width=\"500\" data-dnt=\"true\">\n<p lang=\"de\" dir=\"ltr\">Claudia redet netter \u00fcber ihren Ex als Elena mit ihrem aktuellen Partner. <a href=\"https:\/\/twitter.com\/hashtag\/ibes?src=hash&amp;ref_src=twsrc%5Etfw\">#ibes<\/a><\/p>\n<p>&mdash; Roberta Blanca (@Roberta_Blanca) <a href=\"https:\/\/twitter.com\/Roberta_Blanca\/status\/1216483081688944640?ref_src=twsrc%5Etfw\">January 12, 2020<\/a><\/p><\/blockquote>\n<p><script async src=\"https:\/\/platform.twitter.com\/widgets.js\" charset=\"utf-8\"><\/script><\/div>\n<p><strong>8. Apropos Elena. Die hat sich schnell als Stressmacherin unter den Kandidaten herauskristallisiert. Zum Gl\u00fcck. Denn Dschungel ohne Konfro braucht nun wirklich kein Mensch<\/strong><\/p>\n<div class=\"dbsm-oembed\">\n<blockquote class=\"twitter-tweet\" data-width=\"500\" data-dnt=\"true\">\n<p lang=\"de\" dir=\"ltr\">Twitter, wenn Elena Stress macht &#8230; <a href=\"https:\/\/twitter.com\/hashtag\/IBES?src=hash&amp;ref_src=twsrc%5Etfw\">#IBES<\/a> <a href=\"https:\/\/t.co\/d34gChi3im\">pic.twitter.com\/d34gChi3im<\/a><\/p>\n<p>&mdash; malte (@MalteJordan) <a href=\"https:\/\/twitter.com\/MalteJordan\/status\/1215757679001505793?ref_src=twsrc%5Etfw\">January 10, 2020<\/a><\/p><\/blockquote>\n<p><script async src=\"https:\/\/platform.twitter.com\/widgets.js\" charset=\"utf-8\"><\/script><\/div>\n<div class=\"dbsm-oembed\">\n<blockquote class=\"twitter-tweet\" data-width=\"500\" data-dnt=\"true\">\n<p lang=\"de\" dir=\"ltr\">Wenn der Lehrer dich fragt, obwohl du dich gar nicht gemeldet hast. <a href=\"https:\/\/twitter.com\/hashtag\/IBES?src=hash&amp;ref_src=twsrc%5Etfw\">#IBES<\/a> <a href=\"https:\/\/t.co\/c8wtdSSEkN\">pic.twitter.com\/c8wtdSSEkN<\/a><\/p>\n<p>&mdash; anredo (@anredo) <a href=\"https:\/\/twitter.com\/anredo\/status\/1216469964867039232?ref_src=twsrc%5Etfw\">January 12, 2020<\/a><\/p><\/blockquote>\n<p><script async src=\"https:\/\/platform.twitter.com\/widgets.js\" charset=\"utf-8\"><\/script><\/div>\n<div class=\"dbsm-oembed\">\n<blockquote class=\"twitter-tweet\" data-width=\"500\" data-dnt=\"true\">\n<p lang=\"de\" dir=\"ltr\">\u201eSie hat mich gebittet\u201c  <a href=\"https:\/\/twitter.com\/hashtag\/ibes?src=hash&amp;ref_src=twsrc%5Etfw\">#ibes<\/a> <a href=\"https:\/\/t.co\/RFREqFuTNh\">pic.twitter.com\/RFREqFuTNh<\/a><\/p>\n<p>&mdash; liz (@ayoyeliza) <a href=\"https:\/\/twitter.com\/ayoyeliza\/status\/1216483123346755587?ref_src=twsrc%5Etfw\">January 12, 2020<\/a><\/p><\/blockquote>\n<p><script async src=\"https:\/\/platform.twitter.com\/widgets.js\" charset=\"utf-8\"><\/script><\/div>\n<div class=\"dbsm-oembed\">\n<blockquote class=\"twitter-tweet\" data-width=\"500\" data-dnt=\"true\">\n<p lang=\"de\" dir=\"ltr\">Wenn du mal wieder w\u00e4hrend der Arbeitszeit s\u00e4ufst und die Chefin b\u00f6se guckt. <a href=\"https:\/\/twitter.com\/hashtag\/IBES?src=hash&amp;ref_src=twsrc%5Etfw\">#IBES<\/a> <a href=\"https:\/\/t.co\/RxZLcR382S\">pic.twitter.com\/RxZLcR382S<\/a><\/p>\n<p>&mdash; anredo (@anredo) <a href=\"https:\/\/twitter.com\/anredo\/status\/1215758310655373313?ref_src=twsrc%5Etfw\">January 10, 2020<\/a><\/p><\/blockquote>\n<p><script async src=\"https:\/\/platform.twitter.com\/widgets.js\" charset=\"utf-8\"><\/script><\/div>\n<div class=\"dbsm-oembed\">\n<blockquote class=\"twitter-tweet\" data-width=\"500\" data-dnt=\"true\">\n<p lang=\"de\" dir=\"ltr\">Wie Elena nach 3 Tagen im Camp aussehen wird <a href=\"https:\/\/twitter.com\/hashtag\/ibes?src=hash&amp;ref_src=twsrc%5Etfw\">#ibes<\/a> <a href=\"https:\/\/t.co\/LOSwVRpMxu\">pic.twitter.com\/LOSwVRpMxu<\/a><\/p>\n<p>&mdash; Lisa (@fu_k_you) <a href=\"https:\/\/twitter.com\/fu_k_you\/status\/1215761788588974080?ref_src=twsrc%5Etfw\">January 10, 2020<\/a><\/p><\/blockquote>\n<p><script async src=\"https:\/\/platform.twitter.com\/widgets.js\" charset=\"utf-8\"><\/script><\/div>\n<p><strong>9. Fehlt noch das Hassobjekt der Zuschauer. Wurde in Danni B\u00fcchner ratzfatz gefunden. Ihre durchaus traurige Hintergrundgeschichte (Ehemann Jens B\u00fcchner im vergangenen Jahr an Krebs gestorben) kann sie nicht davor sch\u00fctzen, bisher in jede Dschungelpr\u00fcfung gew\u00e4hlt worden zu sein. Begr\u00fcndet durch weitestgehend unsympathisches und arrogantes Auftreten. Und bevor Twitter das ungestraft geschehen l\u00e4sst, moderiert Sonja Zietlow das Dschungelcamp nicht mehr! <\/strong><\/p>\n<p>https:\/\/twitter.com\/Mietzekaetzchen\/status\/1216113111427620864<\/p>\n<div class=\"dbsm-oembed\">\n<blockquote class=\"twitter-tweet\" data-width=\"500\" data-dnt=\"true\">\n<p lang=\"de\" dir=\"ltr\">Dani: &quot;Du kannst uns hier doch nicht 3 Tage im Regen leben lassen, da werden wir doch krank, hab ich kein Bock drauf&quot; <br \/>Prince: &quot;Hoffentlich regnet es auch 600km weiter, die Australier freuen sich&quot;<br \/>Einer von beiden hat sich gerade etwas beliebter &#8211; der andere etwas unbeliebt <a href=\"https:\/\/twitter.com\/hashtag\/ibes?src=hash&amp;ref_src=twsrc%5Etfw\">#ibes<\/a><\/p>\n<p>&mdash; Next Bachelorette (@firefighter0401) <a href=\"https:\/\/twitter.com\/firefighter0401\/status\/1216127639569739776?ref_src=twsrc%5Etfw\">January 11, 2020<\/a><\/p><\/blockquote>\n<p><script async src=\"https:\/\/platform.twitter.com\/widgets.js\" charset=\"utf-8\"><\/script><\/div>\n<div class=\"dbsm-oembed\">\n<blockquote class=\"twitter-tweet\" data-width=\"500\" data-dnt=\"true\">\n<p lang=\"de\" dir=\"ltr\">Danni will K\u00f6nigin des Dschungels werden? Das letzte mal als eine Danni K\u00f6nigin werden wollte endete nicht gut.<a href=\"https:\/\/twitter.com\/hashtag\/ibes?src=hash&amp;ref_src=twsrc%5Etfw\">#ibes<\/a> <a href=\"https:\/\/t.co\/dy1U7ZkqtO\">pic.twitter.com\/dy1U7ZkqtO<\/a><\/p>\n<p>&mdash; sarah (@helloimsaarah) <a href=\"https:\/\/twitter.com\/helloimsaarah\/status\/1216480771495677954?ref_src=twsrc%5Etfw\">January 12, 2020<\/a><\/p><\/blockquote>\n<p><script async src=\"https:\/\/platform.twitter.com\/widgets.js\" charset=\"utf-8\"><\/script><\/div>\n<div class=\"dbsm-oembed\">\n<blockquote class=\"twitter-tweet\" data-width=\"500\" data-dnt=\"true\">\n<p lang=\"de\" dir=\"ltr\">Auf einer Skala von \u201eNervenzusammenbruch\u201c bis \u201eIch weise in der Dschungelpr\u00fcfung die Moderatoren darauf hin, dass sie mich bitte beim Spitznamen nennen sollen\u201c, wie sehr hast du Todesangst? <a href=\"https:\/\/twitter.com\/hashtag\/IBES?src=hash&amp;ref_src=twsrc%5Etfw\">#IBES<\/a> <a href=\"https:\/\/t.co\/MTPa5JStVX\">pic.twitter.com\/MTPa5JStVX<\/a><\/p>\n<p>&mdash; anredo (@anredo) <a href=\"https:\/\/twitter.com\/anredo\/status\/1216125824497307651?ref_src=twsrc%5Etfw\">January 11, 2020<\/a><\/p><\/blockquote>\n<p><script async src=\"https:\/\/platform.twitter.com\/widgets.js\" charset=\"utf-8\"><\/script><\/div>\n<div class=\"dbsm-oembed\">\n<blockquote class=\"twitter-tweet\" data-width=\"500\" data-dnt=\"true\">\n<p lang=\"de\" dir=\"ltr\">Daniel und Sonja haben jetzt schon keinen Bock mehr auf Danni. Einfach g\u00f6ttlich. <a href=\"https:\/\/twitter.com\/hashtag\/ibes?src=hash&amp;ref_src=twsrc%5Etfw\">#ibes<\/a> <a href=\"https:\/\/twitter.com\/hashtag\/IBES2020?src=hash&amp;ref_src=twsrc%5Etfw\">#IBES2020<\/a> <a href=\"https:\/\/t.co\/ZdWam6yRYR\">pic.twitter.com\/ZdWam6yRYR<\/a><\/p>\n<p>&mdash; SerApollyon (@SerApollyon) <a href=\"https:\/\/twitter.com\/SerApollyon\/status\/1216477715206897670?ref_src=twsrc%5Etfw\">January 12, 2020<\/a><\/p><\/blockquote>\n<p><script async src=\"https:\/\/platform.twitter.com\/widgets.js\" charset=\"utf-8\"><\/script><\/div>\n<div class=\"dbsm-oembed\">\n<blockquote class=\"twitter-tweet\" data-width=\"500\" data-dnt=\"true\">\n<p lang=\"de\" dir=\"ltr\">Danni B\u00fcchner schafft es sogar, dass sie in Pr\u00fcfungen nicht nur schlecht, sondern gleichzeitig extrem langweilig ist. <a href=\"https:\/\/twitter.com\/hashtag\/IBES?src=hash&amp;ref_src=twsrc%5Etfw\">#IBES<\/a><\/p>\n<p>&mdash; anredo (@anredo) <a href=\"https:\/\/twitter.com\/anredo\/status\/1216476296424935430?ref_src=twsrc%5Etfw\">January 12, 2020<\/a><\/p><\/blockquote>\n<p><script async src=\"https:\/\/platform.twitter.com\/widgets.js\" charset=\"utf-8\"><\/script><\/div>\n<p>https:\/\/twitter.com\/Jessicapth\/status\/1216471773346254848<\/p>\n<p>https:\/\/twitter.com\/_sebbl_\/status\/1216474944810471424<\/p>\n<div class=\"dbsm-oembed\">\n<blockquote class=\"twitter-tweet\" data-width=\"500\" data-dnt=\"true\">\n<p lang=\"de\" dir=\"ltr\">Spieglein, Spieglein an der Wand,<br \/>wer ist die Sch\u00f6nste im ganzen Land? <a href=\"https:\/\/twitter.com\/hashtag\/IBES?src=hash&amp;ref_src=twsrc%5Etfw\">#IBES<\/a> <a href=\"https:\/\/t.co\/PCvbBQf6dJ\">pic.twitter.com\/PCvbBQf6dJ<\/a><\/p>\n<p>&mdash; Marvin (@maarveo) <a href=\"https:\/\/twitter.com\/maarveo\/status\/1216475668705431556?ref_src=twsrc%5Etfw\">January 12, 2020<\/a><\/p><\/blockquote>\n<p><script async src=\"https:\/\/platform.twitter.com\/widgets.js\" charset=\"utf-8\"><\/script><\/div>\n<p>https:\/\/twitter.com\/Dasc087\/status\/1216475994464444416<\/p>\n<div class=\"dbsm-oembed\">\n<blockquote class=\"twitter-tweet\" data-width=\"500\" data-dnt=\"true\">\n<p lang=\"de\" dir=\"ltr\">Flusskrebse in der ersten Box und Danni erw\u00e4hnt nicht, dass ihr Mann Krebs hatte. Bin entt\u00e4uscht. <a href=\"https:\/\/twitter.com\/hashtag\/IBES?src=hash&amp;ref_src=twsrc%5Etfw\">#IBES<\/a><\/p>\n<p>&mdash; Lars (@eisbaer91) <a href=\"https:\/\/twitter.com\/eisbaer91\/status\/1216119581779034117?ref_src=twsrc%5Etfw\">January 11, 2020<\/a><\/p><\/blockquote>\n<p><script async src=\"https:\/\/platform.twitter.com\/widgets.js\" charset=\"utf-8\"><\/script><\/div>\n<div class=\"dbsm-oembed\">\n<blockquote class=\"twitter-tweet\" data-width=\"500\" data-dnt=\"true\">\n<p lang=\"de\" dir=\"ltr\">Wer darf morgen wieder ran? <a href=\"https:\/\/twitter.com\/hashtag\/IBES?src=hash&amp;ref_src=twsrc%5Etfw\">#IBES<\/a> <a href=\"https:\/\/t.co\/4M5IZcWNd8\">pic.twitter.com\/4M5IZcWNd8<\/a><\/p>\n<p>&mdash; anredo (@anredo) <a href=\"https:\/\/twitter.com\/anredo\/status\/1216121671461101570?ref_src=twsrc%5Etfw\">January 11, 2020<\/a><\/p><\/blockquote>\n<p><script async src=\"https:\/\/platform.twitter.com\/widgets.js\" charset=\"utf-8\"><\/script><\/div>\n<p><strong>10. Was war sonst so los?! Spinnen und Kasalla!<\/strong><\/p>\n<div class=\"dbsm-oembed\">\n<blockquote class=\"twitter-tweet\" data-width=\"500\" data-dnt=\"true\">\n<p lang=\"de\" dir=\"ltr\">Sind wir nicht alle ein bisschen wie Marco, wenn es um Spinnen geht? \ud83d\ude0d <a href=\"https:\/\/twitter.com\/hashtag\/ibes?src=hash&amp;ref_src=twsrc%5Etfw\">#ibes<\/a> <a href=\"https:\/\/t.co\/69mAr0IxY8\">pic.twitter.com\/69mAr0IxY8<\/a><\/p>\n<p>&mdash; Marc Ries (@Rieslinger) <a href=\"https:\/\/twitter.com\/Rieslinger\/status\/1216471984978178049?ref_src=twsrc%5Etfw\">January 12, 2020<\/a><\/p><\/blockquote>\n<p><script async src=\"https:\/\/platform.twitter.com\/widgets.js\" charset=\"utf-8\"><\/script><\/div>\n<div class=\"dbsm-oembed\">\n<blockquote class=\"twitter-tweet\" data-width=\"500\" data-dnt=\"true\">\n<p lang=\"de\" dir=\"ltr\">Wenn Leute zu mir sagen, ich soll meine Maske ablegen und mein wahres ich zeigen. <a href=\"https:\/\/twitter.com\/hashtag\/ibes?src=hash&amp;ref_src=twsrc%5Etfw\">#ibes<\/a> <a href=\"https:\/\/t.co\/0JAltjqOFx\">pic.twitter.com\/0JAltjqOFx<\/a><\/p>\n<p>&mdash; Marc Ries (@Rieslinger) <a href=\"https:\/\/twitter.com\/Rieslinger\/status\/1216113944248582144?ref_src=twsrc%5Etfw\">January 11, 2020<\/a><\/p><\/blockquote>\n<p><script async src=\"https:\/\/platform.twitter.com\/widgets.js\" charset=\"utf-8\"><\/script><\/div>\n<p>https:\/\/twitter.com\/unalternativ\/status\/1216477530674356225<\/p>\n<div class=\"dbsm-oembed\">\n<blockquote class=\"twitter-tweet\" data-width=\"500\" data-dnt=\"true\">\n<p lang=\"de\" dir=\"ltr\">Mein RTL. <a href=\"https:\/\/twitter.com\/hashtag\/IBES?src=hash&amp;ref_src=twsrc%5Etfw\">#IBES<\/a> <a href=\"https:\/\/t.co\/DNNrCk7RrP\">pic.twitter.com\/DNNrCk7RrP<\/a><\/p>\n<p>&mdash; Pascal (@pastables) <a href=\"https:\/\/twitter.com\/pastables\/status\/1216486837142900737?ref_src=twsrc%5Etfw\">January 12, 2020<\/a><\/p><\/blockquote>\n<p><script async src=\"https:\/\/platform.twitter.com\/widgets.js\" charset=\"utf-8\"><\/script><\/div>\n<p><strong>11. Und wenn ihr jetzt mal wieder denkt: Wie kann man sich das nur geben?!&#8230; K\u00f6nnen wir euch lediglich entgegnen: <\/strong><\/p>\n<div class=\"dbsm-oembed\">\n<blockquote class=\"twitter-tweet\" data-width=\"500\" data-dnt=\"true\">\n<p lang=\"de\" dir=\"ltr\">Meine Antwort, wenn jemand fragt, ob ich jetzt ernsthaft zwei Wochen lang jeden Abend meine wertvolle Lebenszeit in <a href=\"https:\/\/twitter.com\/hashtag\/IBES?src=hash&amp;ref_src=twsrc%5Etfw\">#IBES<\/a> investiere: <a href=\"https:\/\/t.co\/mJ8s4MbRN4\">pic.twitter.com\/mJ8s4MbRN4<\/a><\/p>\n<p>&mdash; anredo (@anredo) <a href=\"https:\/\/twitter.com\/anredo\/status\/1215763876211580929?ref_src=twsrc%5Etfw\">January 10, 2020<\/a><\/p><\/blockquote>\n<p><script async src=\"https:\/\/platform.twitter.com\/widgets.js\" charset=\"utf-8\"><\/script><\/div>\n<p>\u2014\u2014<br \/>\nDanke an alle f\u00fcr die Postings! \u2764\ufe0f\ufe0f<br \/>\n\u2014\u2014<br \/>\n<strong>Keine Influencer! Kein Foodporn! Nur ganz viel Spa\u00df &#8211; bei uns auf Instagram:<\/strong><br \/>\nhttps:\/\/www.instagram.com\/p\/B7ES424F4bJ\/<\/p>\n","protected":false},"excerpt":{"rendered":"<p>Eine Menge wurde in der letzten Woche dar\u00fcber diskutiert, ob das Dschungelcamp im waldbrandgeplagten Australien tats\u00e4chlich stattfinden solle, viel Kritik wurde ge\u00e4u\u00dfert, an einigen Stellen&#8230;<\/p>\n","protected":false},"author":54,"featured_media":112605,"comment_status":"open","ping_status":"open","sticky":false,"template":"","format":"standard","meta":{"_acf_changed":false,"footnotes":""},"categories":[1839],"tags":[19,226,147],"class_list":["post-112499","post","type-post","status-publish","format-standard","has-post-thumbnail","hentry","category-television","tag-dschungelcamp","tag-ibes","tag-rtl"],"acf":[],"yoast_head":"<!-- This site is optimized with the Yoast SEO plugin v27.5 - https:\/\/yoast.com\/product\/yoast-seo-wordpress\/ -->\n<title>Das erste Wochenende im Dschungelcamp: Der ultimative Twitter-R\u00fcckblick - The Best Social Media DE<\/title>\n<meta name=\"robots\" content=\"index, follow, max-snippet:-1, max-image-preview:large, max-video-preview:-1\" \/>\n<link rel=\"canonical\" href=\"https:\/\/www.thebestsocial.media\/de\/das-erste-wochenende-im-dschungelcamp-der-ultimative-twitter-rueckblick\/\" \/>\n<meta property=\"og:locale\" content=\"de_DE\" \/>\n<meta property=\"og:type\" content=\"article\" \/>\n<meta property=\"og:title\" content=\"Das erste Wochenende im Dschungelcamp: Der ultimative Twitter-R\u00fcckblick\" \/>\n<meta property=\"og:description\" content=\"Eine Menge wurde in der letzten Woche dar\u00fcber diskutiert, ob das Dschungelcamp im waldbrandgeplagten Australien tats\u00e4chlich stattfinden solle, viel Kritik wurde ge\u00e4u\u00dfert, an einigen Stellen...\" \/>\n<meta property=\"og:url\" content=\"https:\/\/www.thebestsocial.media\/de\/das-erste-wochenende-im-dschungelcamp-der-ultimative-twitter-rueckblick\/\" \/>\n<meta property=\"og:site_name\" content=\"The Best Social Media DE\" \/>\n<meta property=\"article:published_time\" content=\"2020-01-13T10:39:54+00:00\" \/>\n<meta property=\"article:modified_time\" content=\"2020-01-14T10:50:25+00:00\" \/>\n<meta property=\"og:image\" content=\"https:\/\/www.thebestsocial.media\/de\/wp-content\/uploads\/sites\/3\/2020\/01\/sonnensystem.png\" \/>\n\t<meta property=\"og:image:width\" content=\"1200\" \/>\n\t<meta property=\"og:image:height\" content=\"628\" \/>\n\t<meta property=\"og:image:type\" content=\"image\/png\" \/>\n<meta name=\"author\" content=\"dion\" \/>\n<meta name=\"twitter:card\" content=\"summary_large_image\" \/>\n<meta name=\"twitter:creator\" content=\"@https:\/\/twitter.com\/karlauaa\" \/>\n<meta name=\"twitter:label1\" content=\"Verfasst von\" \/>\n\t<meta name=\"twitter:data1\" content=\"dion\" \/>\n\t<meta name=\"twitter:label2\" content=\"Gesch\u00e4tzte Lesezeit\" \/>\n\t<meta name=\"twitter:data2\" content=\"3\u00a0Minuten\" \/>\n<script type=\"application\/ld+json\" class=\"yoast-schema-graph\">{\"@context\":\"https:\\\/\\\/schema.org\",\"@graph\":[{\"@type\":\"Article\",\"@id\":\"https:\\\/\\\/www.thebestsocial.media\\\/de\\\/das-erste-wochenende-im-dschungelcamp-der-ultimative-twitter-rueckblick\\\/#article\",\"isPartOf\":{\"@id\":\"https:\\\/\\\/www.thebestsocial.media\\\/de\\\/das-erste-wochenende-im-dschungelcamp-der-ultimative-twitter-rueckblick\\\/\"},\"author\":{\"name\":\"dion\",\"@id\":\"https:\\\/\\\/www.thebestsocial.media\\\/de\\\/#\\\/schema\\\/person\\\/365173f1fca5907fe6290e35cbd2d91a\"},\"headline\":\"Das erste Wochenende im Dschungelcamp: Der ultimative Twitter-R\u00fcckblick\",\"datePublished\":\"2020-01-13T10:39:54+00:00\",\"dateModified\":\"2020-01-14T10:50:25+00:00\",\"mainEntityOfPage\":{\"@id\":\"https:\\\/\\\/www.thebestsocial.media\\\/de\\\/das-erste-wochenende-im-dschungelcamp-der-ultimative-twitter-rueckblick\\\/\"},\"wordCount\":669,\"commentCount\":0,\"image\":{\"@id\":\"https:\\\/\\\/www.thebestsocial.media\\\/de\\\/das-erste-wochenende-im-dschungelcamp-der-ultimative-twitter-rueckblick\\\/#primaryimage\"},\"thumbnailUrl\":\"https:\\\/\\\/www.thebestsocial.media\\\/de\\\/wp-content\\\/uploads\\\/sites\\\/3\\\/2020\\\/01\\\/djungle.png\",\"keywords\":[\"dschungelcamp\",\"ibes\",\"rtl\"],\"articleSection\":[\"Television\"],\"inLanguage\":\"de\",\"potentialAction\":[{\"@type\":\"CommentAction\",\"name\":\"Comment\",\"target\":[\"https:\\\/\\\/www.thebestsocial.media\\\/de\\\/das-erste-wochenende-im-dschungelcamp-der-ultimative-twitter-rueckblick\\\/#respond\"]}]},{\"@type\":\"WebPage\",\"@id\":\"https:\\\/\\\/www.thebestsocial.media\\\/de\\\/das-erste-wochenende-im-dschungelcamp-der-ultimative-twitter-rueckblick\\\/\",\"url\":\"https:\\\/\\\/www.thebestsocial.media\\\/de\\\/das-erste-wochenende-im-dschungelcamp-der-ultimative-twitter-rueckblick\\\/\",\"name\":\"Das erste Wochenende im Dschungelcamp: Der ultimative Twitter-R\u00fcckblick - The Best Social Media DE\",\"isPartOf\":{\"@id\":\"https:\\\/\\\/www.thebestsocial.media\\\/de\\\/#website\"},\"primaryImageOfPage\":{\"@id\":\"https:\\\/\\\/www.thebestsocial.media\\\/de\\\/das-erste-wochenende-im-dschungelcamp-der-ultimative-twitter-rueckblick\\\/#primaryimage\"},\"image\":{\"@id\":\"https:\\\/\\\/www.thebestsocial.media\\\/de\\\/das-erste-wochenende-im-dschungelcamp-der-ultimative-twitter-rueckblick\\\/#primaryimage\"},\"thumbnailUrl\":\"https:\\\/\\\/www.thebestsocial.media\\\/de\\\/wp-content\\\/uploads\\\/sites\\\/3\\\/2020\\\/01\\\/djungle.png\",\"datePublished\":\"2020-01-13T10:39:54+00:00\",\"dateModified\":\"2020-01-14T10:50:25+00:00\",\"author\":{\"@id\":\"https:\\\/\\\/www.thebestsocial.media\\\/de\\\/#\\\/schema\\\/person\\\/365173f1fca5907fe6290e35cbd2d91a\"},\"breadcrumb\":{\"@id\":\"https:\\\/\\\/www.thebestsocial.media\\\/de\\\/das-erste-wochenende-im-dschungelcamp-der-ultimative-twitter-rueckblick\\\/#breadcrumb\"},\"inLanguage\":\"de\",\"potentialAction\":[{\"@type\":\"ReadAction\",\"target\":[\"https:\\\/\\\/www.thebestsocial.media\\\/de\\\/das-erste-wochenende-im-dschungelcamp-der-ultimative-twitter-rueckblick\\\/\"]}]},{\"@type\":\"ImageObject\",\"inLanguage\":\"de\",\"@id\":\"https:\\\/\\\/www.thebestsocial.media\\\/de\\\/das-erste-wochenende-im-dschungelcamp-der-ultimative-twitter-rueckblick\\\/#primaryimage\",\"url\":\"https:\\\/\\\/www.thebestsocial.media\\\/de\\\/wp-content\\\/uploads\\\/sites\\\/3\\\/2020\\\/01\\\/djungle.png\",\"contentUrl\":\"https:\\\/\\\/www.thebestsocial.media\\\/de\\\/wp-content\\\/uploads\\\/sites\\\/3\\\/2020\\\/01\\\/djungle.png\",\"width\":1200,\"height\":628},{\"@type\":\"BreadcrumbList\",\"@id\":\"https:\\\/\\\/www.thebestsocial.media\\\/de\\\/das-erste-wochenende-im-dschungelcamp-der-ultimative-twitter-rueckblick\\\/#breadcrumb\",\"itemListElement\":[{\"@type\":\"ListItem\",\"position\":1,\"name\":\"Home\",\"item\":\"https:\\\/\\\/www.thebestsocial.media\\\/de\\\/\"},{\"@type\":\"ListItem\",\"position\":2,\"name\":\"Das erste Wochenende im Dschungelcamp: Der ultimative Twitter-R\u00fcckblick\"}]},{\"@type\":\"WebSite\",\"@id\":\"https:\\\/\\\/www.thebestsocial.media\\\/de\\\/#website\",\"url\":\"https:\\\/\\\/www.thebestsocial.media\\\/de\\\/\",\"name\":\"The Best Social Media DE\",\"description\":\"\",\"potentialAction\":[{\"@type\":\"SearchAction\",\"target\":{\"@type\":\"EntryPoint\",\"urlTemplate\":\"https:\\\/\\\/www.thebestsocial.media\\\/de\\\/?s={search_term_string}\"},\"query-input\":{\"@type\":\"PropertyValueSpecification\",\"valueRequired\":true,\"valueName\":\"search_term_string\"}}],\"inLanguage\":\"de\"},{\"@type\":\"Person\",\"@id\":\"https:\\\/\\\/www.thebestsocial.media\\\/de\\\/#\\\/schema\\\/person\\\/365173f1fca5907fe6290e35cbd2d91a\",\"name\":\"dion\",\"image\":{\"@type\":\"ImageObject\",\"inLanguage\":\"de\",\"@id\":\"https:\\\/\\\/secure.gravatar.com\\\/avatar\\\/b5969bff5b8f125d2c7681200c319227d40b6a628ab8d9f8bdc5d0e410cf8eff?s=96&d=mm&r=g\",\"url\":\"https:\\\/\\\/secure.gravatar.com\\\/avatar\\\/b5969bff5b8f125d2c7681200c319227d40b6a628ab8d9f8bdc5d0e410cf8eff?s=96&d=mm&r=g\",\"contentUrl\":\"https:\\\/\\\/secure.gravatar.com\\\/avatar\\\/b5969bff5b8f125d2c7681200c319227d40b6a628ab8d9f8bdc5d0e410cf8eff?s=96&d=mm&r=g\",\"caption\":\"dion\"},\"description\":\"Kommt aus der norddeutschen Provinz und studierte einst irgendwas mit Medien. Hat danach leider keine Stelle als Taxifahrer gefunden und schreibt deswegen jetzt hier \u00fcber verschiedene Dinge. Zum Beispiel \u00fcber sich selbst in der dritten Person.\",\"sameAs\":[\"https:\\\/\\\/www.instagram.com\\\/kid.stardust\\\/\",\"https:\\\/\\\/x.com\\\/https:\\\/\\\/twitter.com\\\/karlauaa\"],\"url\":\"https:\\\/\\\/www.thebestsocial.media\\\/de\\\/author\\\/dion\\\/\"}]}<\/script>\n<!-- \/ Yoast SEO plugin. -->","yoast_head_json":{"title":"Das erste Wochenende im Dschungelcamp: Der ultimative Twitter-R\u00fcckblick - The Best Social Media DE","robots":{"index":"index","follow":"follow","max-snippet":"max-snippet:-1","max-image-preview":"max-image-preview:large","max-video-preview":"max-video-preview:-1"},"canonical":"https:\/\/www.thebestsocial.media\/de\/das-erste-wochenende-im-dschungelcamp-der-ultimative-twitter-rueckblick\/","og_locale":"de_DE","og_type":"article","og_title":"Das erste Wochenende im Dschungelcamp: Der ultimative Twitter-R\u00fcckblick","og_description":"Eine Menge wurde in der letzten Woche dar\u00fcber diskutiert, ob das Dschungelcamp im waldbrandgeplagten Australien tats\u00e4chlich stattfinden solle, viel Kritik wurde ge\u00e4u\u00dfert, an einigen Stellen...","og_url":"https:\/\/www.thebestsocial.media\/de\/das-erste-wochenende-im-dschungelcamp-der-ultimative-twitter-rueckblick\/","og_site_name":"The Best Social Media DE","article_published_time":"2020-01-13T10:39:54+00:00","article_modified_time":"2020-01-14T10:50:25+00:00","og_image":[{"width":1200,"height":628,"url":"https:\/\/www.thebestsocial.media\/de\/wp-content\/uploads\/sites\/3\/2020\/01\/sonnensystem.png","type":"image\/png"}],"author":"dion","twitter_card":"summary_large_image","twitter_creator":"@https:\/\/twitter.com\/karlauaa","twitter_misc":{"Verfasst von":"dion","Gesch\u00e4tzte Lesezeit":"3\u00a0Minuten"},"schema":{"@context":"https:\/\/schema.org","@graph":[{"@type":"Article","@id":"https:\/\/www.thebestsocial.media\/de\/das-erste-wochenende-im-dschungelcamp-der-ultimative-twitter-rueckblick\/#article","isPartOf":{"@id":"https:\/\/www.thebestsocial.media\/de\/das-erste-wochenende-im-dschungelcamp-der-ultimative-twitter-rueckblick\/"},"author":{"name":"dion","@id":"https:\/\/www.thebestsocial.media\/de\/#\/schema\/person\/365173f1fca5907fe6290e35cbd2d91a"},"headline":"Das erste Wochenende im Dschungelcamp: Der ultimative Twitter-R\u00fcckblick","datePublished":"2020-01-13T10:39:54+00:00","dateModified":"2020-01-14T10:50:25+00:00","mainEntityOfPage":{"@id":"https:\/\/www.thebestsocial.media\/de\/das-erste-wochenende-im-dschungelcamp-der-ultimative-twitter-rueckblick\/"},"wordCount":669,"commentCount":0,"image":{"@id":"https:\/\/www.thebestsocial.media\/de\/das-erste-wochenende-im-dschungelcamp-der-ultimative-twitter-rueckblick\/#primaryimage"},"thumbnailUrl":"https:\/\/www.thebestsocial.media\/de\/wp-content\/uploads\/sites\/3\/2020\/01\/djungle.png","keywords":["dschungelcamp","ibes","rtl"],"articleSection":["Television"],"inLanguage":"de","potentialAction":[{"@type":"CommentAction","name":"Comment","target":["https:\/\/www.thebestsocial.media\/de\/das-erste-wochenende-im-dschungelcamp-der-ultimative-twitter-rueckblick\/#respond"]}]},{"@type":"WebPage","@id":"https:\/\/www.thebestsocial.media\/de\/das-erste-wochenende-im-dschungelcamp-der-ultimative-twitter-rueckblick\/","url":"https:\/\/www.thebestsocial.media\/de\/das-erste-wochenende-im-dschungelcamp-der-ultimative-twitter-rueckblick\/","name":"Das erste Wochenende im Dschungelcamp: Der ultimative Twitter-R\u00fcckblick - The Best Social Media DE","isPartOf":{"@id":"https:\/\/www.thebestsocial.media\/de\/#website"},"primaryImageOfPage":{"@id":"https:\/\/www.thebestsocial.media\/de\/das-erste-wochenende-im-dschungelcamp-der-ultimative-twitter-rueckblick\/#primaryimage"},"image":{"@id":"https:\/\/www.thebestsocial.media\/de\/das-erste-wochenende-im-dschungelcamp-der-ultimative-twitter-rueckblick\/#primaryimage"},"thumbnailUrl":"https:\/\/www.thebestsocial.media\/de\/wp-content\/uploads\/sites\/3\/2020\/01\/djungle.png","datePublished":"2020-01-13T10:39:54+00:00","dateModified":"2020-01-14T10:50:25+00:00","author":{"@id":"https:\/\/www.thebestsocial.media\/de\/#\/schema\/person\/365173f1fca5907fe6290e35cbd2d91a"},"breadcrumb":{"@id":"https:\/\/www.thebestsocial.media\/de\/das-erste-wochenende-im-dschungelcamp-der-ultimative-twitter-rueckblick\/#breadcrumb"},"inLanguage":"de","potentialAction":[{"@type":"ReadAction","target":["https:\/\/www.thebestsocial.media\/de\/das-erste-wochenende-im-dschungelcamp-der-ultimative-twitter-rueckblick\/"]}]},{"@type":"ImageObject","inLanguage":"de","@id":"https:\/\/www.thebestsocial.media\/de\/das-erste-wochenende-im-dschungelcamp-der-ultimative-twitter-rueckblick\/#primaryimage","url":"https:\/\/www.thebestsocial.media\/de\/wp-content\/uploads\/sites\/3\/2020\/01\/djungle.png","contentUrl":"https:\/\/www.thebestsocial.media\/de\/wp-content\/uploads\/sites\/3\/2020\/01\/djungle.png","width":1200,"height":628},{"@type":"BreadcrumbList","@id":"https:\/\/www.thebestsocial.media\/de\/das-erste-wochenende-im-dschungelcamp-der-ultimative-twitter-rueckblick\/#breadcrumb","itemListElement":[{"@type":"ListItem","position":1,"name":"Home","item":"https:\/\/www.thebestsocial.media\/de\/"},{"@type":"ListItem","position":2,"name":"Das erste Wochenende im Dschungelcamp: Der ultimative Twitter-R\u00fcckblick"}]},{"@type":"WebSite","@id":"https:\/\/www.thebestsocial.media\/de\/#website","url":"https:\/\/www.thebestsocial.media\/de\/","name":"The Best Social Media DE","description":"","potentialAction":[{"@type":"SearchAction","target":{"@type":"EntryPoint","urlTemplate":"https:\/\/www.thebestsocial.media\/de\/?s={search_term_string}"},"query-input":{"@type":"PropertyValueSpecification","valueRequired":true,"valueName":"search_term_string"}}],"inLanguage":"de"},{"@type":"Person","@id":"https:\/\/www.thebestsocial.media\/de\/#\/schema\/person\/365173f1fca5907fe6290e35cbd2d91a","name":"dion","image":{"@type":"ImageObject","inLanguage":"de","@id":"https:\/\/secure.gravatar.com\/avatar\/b5969bff5b8f125d2c7681200c319227d40b6a628ab8d9f8bdc5d0e410cf8eff?s=96&d=mm&r=g","url":"https:\/\/secure.gravatar.com\/avatar\/b5969bff5b8f125d2c7681200c319227d40b6a628ab8d9f8bdc5d0e410cf8eff?s=96&d=mm&r=g","contentUrl":"https:\/\/secure.gravatar.com\/avatar\/b5969bff5b8f125d2c7681200c319227d40b6a628ab8d9f8bdc5d0e410cf8eff?s=96&d=mm&r=g","caption":"dion"},"description":"Kommt aus der norddeutschen Provinz und studierte einst irgendwas mit Medien. Hat danach leider keine Stelle als Taxifahrer gefunden und schreibt deswegen jetzt hier \u00fcber verschiedene Dinge. Zum Beispiel \u00fcber sich selbst in der dritten Person.","sameAs":["https:\/\/www.instagram.com\/kid.stardust\/","https:\/\/x.com\/https:\/\/twitter.com\/karlauaa"],"url":"https:\/\/www.thebestsocial.media\/de\/author\/dion\/"}]}},"amp_enabled":true,"_links":{"self":[{"href":"https:\/\/www.thebestsocial.media\/de\/wp-json\/wp\/v2\/posts\/112499","targetHints":{"allow":["GET"]}}],"collection":[{"href":"https:\/\/www.thebestsocial.media\/de\/wp-json\/wp\/v2\/posts"}],"about":[{"href":"https:\/\/www.thebestsocial.media\/de\/wp-json\/wp\/v2\/types\/post"}],"author":[{"embeddable":true,"href":"https:\/\/www.thebestsocial.media\/de\/wp-json\/wp\/v2\/users\/54"}],"replies":[{"embeddable":true,"href":"https:\/\/www.thebestsocial.media\/de\/wp-json\/wp\/v2\/comments?post=112499"}],"version-history":[{"count":52,"href":"https:\/\/www.thebestsocial.media\/de\/wp-json\/wp\/v2\/posts\/112499\/revisions"}],"predecessor-version":[{"id":112722,"href":"https:\/\/www.thebestsocial.media\/de\/wp-json\/wp\/v2\/posts\/112499\/revisions\/112722"}],"wp:featuredmedia":[{"embeddable":true,"href":"https:\/\/www.thebestsocial.media\/de\/wp-json\/wp\/v2\/media\/112605"}],"wp:attachment":[{"href":"https:\/\/www.thebestsocial.media\/de\/wp-json\/wp\/v2\/media?parent=112499"}],"wp:term":[{"taxonomy":"category","embeddable":true,"href":"https:\/\/www.thebestsocial.media\/de\/wp-json\/wp\/v2\/categories?post=112499"},{"taxonomy":"post_tag","embeddable":true,"href":"https:\/\/www.thebestsocial.media\/de\/wp-json\/wp\/v2\/tags?post=112499"}],"curies":[{"name":"wp","href":"https:\/\/api.w.org\/{rel}","templated":true}]}}