{"id":112329,"date":"2020-01-10T09:54:52","date_gmt":"2020-01-10T09:54:52","guid":{"rendered":"https:\/\/www.thebestsocial.media\/de\/?p=112329"},"modified":"2020-01-19T10:09:08","modified_gmt":"2020-01-19T10:09:08","slug":"user-liefern-zahlreiche-beispiele-dass-menschen-frueher-viel-aelter-aussahen-als-heute","status":"publish","type":"post","link":"https:\/\/www.thebestsocial.media\/de\/user-liefern-zahlreiche-beispiele-dass-menschen-frueher-viel-aelter-aussahen-als-heute\/","title":{"rendered":"User liefern zahlreiche Beispiele daf\u00fcr, dass Menschen fr\u00fcher viel \u00e4lter aussahen als heute"},"content":{"rendered":"<p>Hattet ihr jemals das Gef\u00fchl, dass Menschen auf Fotos von fr\u00fcher \u00e4lter aussahen, als sie es zum Zeitpunkt des Bildes aus heutiger Sicht tun? Damit seid ihr nicht die Einzigen, denen der damalige Alterungsprozess spanisch vorkommt. Auf Twitter ist man sich bei der Thematik jedenfalls einig.<\/p>\n<p>&nbsp;<\/p>\n<h3>1. Ein Tweet von <a href=\"https:\/\/twitter.com\/BMcCarthy32\">Brandon McCarthy<\/a> brachte die ganze Diskussion ins Rollen.<\/h3>\n<div class=\"dbsm-oembed\">\n<blockquote class=\"twitter-tweet\" data-width=\"500\" data-dnt=\"true\">\n<p lang=\"en\" dir=\"ltr\">this is nonsense but did people in the past look older when they were younger?<\/p>\n<p>&mdash; Brandon McCarthy (@BMcCarthy32) <a href=\"https:\/\/twitter.com\/BMcCarthy32\/status\/1210350854571585537?ref_src=twsrc%5Etfw\">December 27, 2019<\/a><\/p><\/blockquote>\n<p><script async src=\"https:\/\/platform.twitter.com\/widgets.js\" charset=\"utf-8\"><\/script><\/div>\n<h3>2. Viele User posteten Vergleichsbilder, die die Altersdiskrepanz verdeutlichen.<\/h3>\n<blockquote class=\"twitter-tweet\" data-conversation=\"none\">\n<p dir=\"ltr\" lang=\"en\">The same age: <a href=\"https:\/\/t.co\/FrVCFxPseL\">pic.twitter.com\/FrVCFxPseL<\/a><\/p>\n<p>\u2014 I work for Dick Jones! (@JakesAlterEgo) <a href=\"https:\/\/twitter.com\/JakesAlterEgo\/status\/1210597941712445442?ref_src=twsrc%5Etfw\">December 27, 2019<\/a><\/p><\/blockquote>\n<p><script async src=\"https:\/\/platform.twitter.com\/widgets.js\" charset=\"utf-8\"><\/script><\/p>\n<blockquote class=\"twitter-tweet\" data-conversation=\"none\">\n<p dir=\"ltr\" lang=\"en\">Ralph Macchio is about the same age now that Pat Morita was at the time of The Karate Kid. <a href=\"https:\/\/t.co\/oF7CBOrERj\">pic.twitter.com\/oF7CBOrERj<\/a><\/p>\n<p>\u2014 Zappaneese (@zappaneese) <a href=\"https:\/\/twitter.com\/zappaneese\/status\/1210405845705601024?ref_src=twsrc%5Etfw\">December 27, 2019<\/a><\/p><\/blockquote>\n<p><script async src=\"https:\/\/platform.twitter.com\/widgets.js\" charset=\"utf-8\"><\/script><\/p>\n<blockquote class=\"twitter-tweet\" data-conversation=\"none\">\n<p dir=\"ltr\" lang=\"en\">I don&#8217;t know but I&#8217;d like to take this opportunity to point out Nigel Farage and Keanu Reeves are the same damn age. <a href=\"https:\/\/t.co\/XrozXOZq9i\">pic.twitter.com\/XrozXOZq9i<\/a><\/p>\n<p>\u2014 Meg \ud83c\udf3b (@MRipley13) <a href=\"https:\/\/twitter.com\/MRipley13\/status\/1211762362140766215?ref_src=twsrc%5Etfw\">December 30, 2019<\/a><\/p><\/blockquote>\n<p><script async src=\"https:\/\/platform.twitter.com\/widgets.js\" charset=\"utf-8\"><\/script><\/p>\n<blockquote class=\"twitter-tweet\" data-conversation=\"none\">\n<p dir=\"ltr\" lang=\"en\">John Travolta is 3 years younger in this picture than Abe Vigoda was when he played his grandfather in Look Who&#8217;s Talking. <a href=\"https:\/\/t.co\/EfNOkRQsaR\">pic.twitter.com\/EfNOkRQsaR<\/a><\/p>\n<p>\u2014 Gary Danger Moore (@GaryMoo14010104) <a href=\"https:\/\/twitter.com\/GaryMoo14010104\/status\/1212108528443412480?ref_src=twsrc%5Etfw\">December 31, 2019<\/a><\/p><\/blockquote>\n<p><script async src=\"https:\/\/platform.twitter.com\/widgets.js\" charset=\"utf-8\"><\/script><\/p>\n<blockquote class=\"twitter-tweet\" data-conversation=\"none\">\n<p dir=\"ltr\" lang=\"en\">Bette Davis, 54 &amp; Joan Crawford, 58, played by Susan Sarandon, 71 &amp; Jessica Lange, 68. <a href=\"https:\/\/t.co\/SfQy6DETn8\">pic.twitter.com\/SfQy6DETn8<\/a><\/p>\n<p>\u2014 Angelcrusher (@Angelcrusher) <a href=\"https:\/\/twitter.com\/Angelcrusher\/status\/1211936085988630528?ref_src=twsrc%5Etfw\">December 31, 2019<\/a><\/p><\/blockquote>\n<p><script async src=\"https:\/\/platform.twitter.com\/widgets.js\" charset=\"utf-8\"><\/script><\/p>\n<h3>3. Ohne Ihnen zu nahe zu treten: Die Filmstars von fr\u00fcher sahen aus heutiger Sicht oftmals auff\u00e4llig fr\u00fch &#8222;alt&#8220; aus.<\/h3>\n<blockquote class=\"twitter-tweet\" data-conversation=\"none\">\n<p dir=\"ltr\" lang=\"en\">George Wendt was THIRTY THREE in the first season of Cheers. John Ratzenberger was 34! <a href=\"https:\/\/t.co\/s239yApKOl\">pic.twitter.com\/s239yApKOl<\/a><\/p>\n<p>\u2014 santa claus lane \ud83c\udf39 (@stefanielaine) <a href=\"https:\/\/twitter.com\/stefanielaine\/status\/1210389323297640451?ref_src=twsrc%5Etfw\">December 27, 2019<\/a><\/p><\/blockquote>\n<p><script async src=\"https:\/\/platform.twitter.com\/widgets.js\" charset=\"utf-8\"><\/script><\/p>\n<blockquote class=\"twitter-tweet\" data-conversation=\"none\">\n<p dir=\"ltr\" lang=\"en\">Estelle Getty was 62 when The Golden Girls started. <a href=\"https:\/\/t.co\/viX0Ks3S65\">pic.twitter.com\/viX0Ks3S65<\/a><\/p>\n<p>\u2014 tribbles (@troublewtribble) <a href=\"https:\/\/twitter.com\/troublewtribble\/status\/1211891075457146881?ref_src=twsrc%5Etfw\">December 31, 2019<\/a><\/p><\/blockquote>\n<p><script async src=\"https:\/\/platform.twitter.com\/widgets.js\" charset=\"utf-8\"><\/script><\/p>\n<blockquote class=\"twitter-tweet\" data-conversation=\"none\">\n<p dir=\"ltr\" lang=\"en\">And Clark Gable is 39 here. <a href=\"https:\/\/t.co\/rUr9NEriqL\">pic.twitter.com\/rUr9NEriqL<\/a><\/p>\n<p>\u2014 E\u1d05\u1d21\u1d00\u0280\u1d05 C\u029c\u1d00\u1d0d\u1d18\u026a\u1d0f\u0274 (@drmabuse) <a href=\"https:\/\/twitter.com\/drmabuse\/status\/1211870145116856320?ref_src=twsrc%5Etfw\">December 31, 2019<\/a><\/p><\/blockquote>\n<p><script async src=\"https:\/\/platform.twitter.com\/widgets.js\" charset=\"utf-8\"><\/script><\/p>\n<blockquote class=\"twitter-tweet\" data-conversation=\"none\">\n<p dir=\"ltr\" lang=\"en\">I was going to point this out &#8211; O\u2019Connor was actually only 47 when All In The Family started! Harrelson is a decade older, but looks two decades younger. <a href=\"https:\/\/t.co\/G8uyXsPnMt\">pic.twitter.com\/G8uyXsPnMt<\/a><\/p>\n<p>\u2014 Mark O&#8217;Wokeness (@Solvang84) <a href=\"https:\/\/twitter.com\/Solvang84\/status\/1210606985369939968?ref_src=twsrc%5Etfw\">December 27, 2019<\/a><\/p><\/blockquote>\n<p><script async src=\"https:\/\/platform.twitter.com\/widgets.js\" charset=\"utf-8\"><\/script><\/p>\n<blockquote class=\"twitter-tweet\" data-conversation=\"none\">\n<p dir=\"ltr\" lang=\"en\">Dirty Dozen (1967) with a 46 year old Charles Bronson and a 43 year old Lee Marvin. <a href=\"https:\/\/t.co\/H0mpipiM9g\">pic.twitter.com\/H0mpipiM9g<\/a><\/p>\n<p>\u2014 Suboptimal Prime (@2ndHandBurrito) <a href=\"https:\/\/twitter.com\/2ndHandBurrito\/status\/1210401030158082055?ref_src=twsrc%5Etfw\">December 27, 2019<\/a><\/p><\/blockquote>\n<p><script async src=\"https:\/\/platform.twitter.com\/widgets.js\" charset=\"utf-8\"><\/script><\/p>\n<blockquote class=\"twitter-tweet\" data-conversation=\"none\">\n<p dir=\"ltr\" lang=\"en\">Ritchie Valens was 17 when he died in a plane crash <a href=\"https:\/\/t.co\/RoWxaxjTyi\">pic.twitter.com\/RoWxaxjTyi<\/a><\/p>\n<p>\u2014 J.A. Adande (@jadande) <a href=\"https:\/\/twitter.com\/jadande\/status\/1210366041974591489?ref_src=twsrc%5Etfw\">December 27, 2019<\/a><\/p><\/blockquote>\n<p><script async src=\"https:\/\/platform.twitter.com\/widgets.js\" charset=\"utf-8\"><\/script><\/p>\n<h3>4. H\u00e4ufig wurde zur Beweisf\u00fchrung im eigenen Fotofundus gekramt.<\/h3>\n<blockquote class=\"twitter-tweet\" data-conversation=\"none\">\n<p dir=\"ltr\" lang=\"en\">Definitely. These are my parents when my mom was pregnant with me. They were like 23. <a href=\"https:\/\/t.co\/Eoa3wDs42D\">pic.twitter.com\/Eoa3wDs42D<\/a><\/p>\n<p>\u2014 Debbie White \u26be\ufe0f\ud83d\udc99\u26be\ufe0f (@rockiepie258) <a href=\"https:\/\/twitter.com\/rockiepie258\/status\/1210355345299689472?ref_src=twsrc%5Etfw\">December 27, 2019<\/a><\/p><\/blockquote>\n<p><script async src=\"https:\/\/platform.twitter.com\/widgets.js\" charset=\"utf-8\"><\/script><\/p>\n<blockquote class=\"twitter-tweet\" data-conversation=\"none\">\n<p dir=\"ltr\" lang=\"en\">Yup. My parents at 20 and 22. <a href=\"https:\/\/t.co\/peedgeAGAJ\">pic.twitter.com\/peedgeAGAJ<\/a><\/p>\n<p>\u2014 What&#8217;s the speed of dark? \ud83c\udf35 (@what_speed) <a href=\"https:\/\/twitter.com\/what_speed\/status\/1211685761319198720?ref_src=twsrc%5Etfw\">December 30, 2019<\/a><\/p><\/blockquote>\n<p><script async src=\"https:\/\/platform.twitter.com\/widgets.js\" charset=\"utf-8\"><\/script><\/p>\n<blockquote class=\"twitter-tweet\" data-conversation=\"none\">\n<p dir=\"ltr\" lang=\"en\">Random pic of me, age 50 and a random pic of Gordon Jump from WKRP In Cincinnati, age 44 <a href=\"https:\/\/t.co\/hD8DrTiD4M\">pic.twitter.com\/hD8DrTiD4M<\/a><\/p>\n<p>\u2014 Gary Danger Moore (@GaryMoo14010104) <a href=\"https:\/\/twitter.com\/GaryMoo14010104\/status\/1211700917294305281?ref_src=twsrc%5Etfw\">December 30, 2019<\/a><\/p><\/blockquote>\n<p><script async src=\"https:\/\/platform.twitter.com\/widgets.js\" charset=\"utf-8\"><\/script><\/p>\n<h3>5. An manchem Sportler nagte schon zu aktiven Zeiten der Zahn der Zeit.<\/h3>\n<blockquote class=\"twitter-tweet\" data-conversation=\"none\">\n<p dir=\"ltr\" lang=\"en\">Larry Bird (pictured age 25-30 probably) looked like he ran his own plumbing business for 30 years and played basketball at the local gym in the evenings to stay young and active <a href=\"https:\/\/t.co\/LqAadr4NjP\">pic.twitter.com\/LqAadr4NjP<\/a><\/p>\n<p>\u2014 javier vera (@_JVera) <a href=\"https:\/\/twitter.com\/_JVera\/status\/1210717648511569925?ref_src=twsrc%5Etfw\">December 28, 2019<\/a><\/p><\/blockquote>\n<p><script async src=\"https:\/\/platform.twitter.com\/widgets.js\" charset=\"utf-8\"><\/script><\/p>\n<blockquote class=\"twitter-tweet\" data-conversation=\"none\">\n<p dir=\"ltr\" lang=\"en\">This is Buddy Ryan, age 51, his first season coaching in Philadelphia.<\/p>\n<p>That&#8217;s a few months older than Dabo Swinney is today. <a href=\"https:\/\/t.co\/xXGQDydVnT\">pic.twitter.com\/xXGQDydVnT<\/a><\/p>\n<p>\u2014 Rob (@rjs1023) <a href=\"https:\/\/twitter.com\/rjs1023\/status\/1210390250339606529?ref_src=twsrc%5Etfw\">December 27, 2019<\/a><\/p><\/blockquote>\n<p><script async src=\"https:\/\/platform.twitter.com\/widgets.js\" charset=\"utf-8\"><\/script><\/p>\n<blockquote class=\"twitter-tweet\" data-conversation=\"none\">\n<p dir=\"ltr\" lang=\"en\">This is former NHL\/WHA hockey player George &#8222;Duke&#8220; Harris. Born in 1942, he was 31 when this pic was taken. <a href=\"https:\/\/t.co\/YAQBgIct46\">https:\/\/t.co\/YAQBgIct46<\/a> <a href=\"https:\/\/t.co\/wehGuqsNm5\">pic.twitter.com\/wehGuqsNm5<\/a><\/p>\n<p>\u2014 J.S. \ud83c\udd59 (@realjasonstru) <a href=\"https:\/\/twitter.com\/realjasonstru\/status\/1210385585719959552?ref_src=twsrc%5Etfw\">December 27, 2019<\/a><\/p><\/blockquote>\n<p><script async src=\"https:\/\/platform.twitter.com\/widgets.js\" charset=\"utf-8\"><\/script><\/p>\n<blockquote class=\"twitter-tweet\" data-conversation=\"none\">\n<p dir=\"ltr\" lang=\"en\">This was the late John Tenta AKA WWF&#8217;s Earthquake at age 26 <a href=\"https:\/\/t.co\/BwJKPm3veu\">pic.twitter.com\/BwJKPm3veu<\/a><\/p>\n<p>\u2014 Soundwave (@LocalSoundwave) <a href=\"https:\/\/twitter.com\/LocalSoundwave\/status\/1210364574047842305?ref_src=twsrc%5Etfw\">December 27, 2019<\/a><\/p><\/blockquote>\n<p><script async src=\"https:\/\/platform.twitter.com\/widgets.js\" charset=\"utf-8\"><\/script><\/p>\n<blockquote class=\"twitter-tweet\" data-conversation=\"none\">\n<p dir=\"ltr\" lang=\"en\">This was an active major league pitcher I. The 1980s <a href=\"https:\/\/t.co\/U6ufSgqpTr\">pic.twitter.com\/U6ufSgqpTr<\/a><\/p>\n<p>\u2014 SeanGroark (@SeanGroark) <a href=\"https:\/\/twitter.com\/SeanGroark\/status\/1210372974899011584?ref_src=twsrc%5Etfw\">December 27, 2019<\/a><\/p><\/blockquote>\n<p><script async src=\"https:\/\/platform.twitter.com\/widgets.js\" charset=\"utf-8\"><\/script><\/p>\n<blockquote class=\"twitter-tweet\" data-conversation=\"none\">\n<p dir=\"ltr\" lang=\"en\">Soccer players in the 70s looked super old. This is one of the stars of the 1974 World Cup, Grzegorz Lato. He was 24 years old at the time <a href=\"https:\/\/t.co\/JB7kvwsNLZ\">pic.twitter.com\/JB7kvwsNLZ<\/a><\/p>\n<p>\u2014 Dominik Stecu\u0142a (@decustecu) <a href=\"https:\/\/twitter.com\/decustecu\/status\/1211863622999302144?ref_src=twsrc%5Etfw\">December 31, 2019<\/a><\/p><\/blockquote>\n<p><script async src=\"https:\/\/platform.twitter.com\/widgets.js\" charset=\"utf-8\"><\/script><\/p>\n<blockquote class=\"twitter-tweet\" data-conversation=\"none\">\n<p dir=\"ltr\" lang=\"en\">Willie Stargell, 32<br \/>\nTerry Bradshaw, 31 <a href=\"https:\/\/t.co\/H08YDDbMu2\">pic.twitter.com\/H08YDDbMu2<\/a><\/p>\n<p>\u2014 Steven Connors (@StevenRConnors1) <a href=\"https:\/\/twitter.com\/StevenRConnors1\/status\/1211870556074790917?ref_src=twsrc%5Etfw\">December 31, 2019<\/a><\/p><\/blockquote>\n<p><script async src=\"https:\/\/platform.twitter.com\/widgets.js\" charset=\"utf-8\"><\/script><\/p>\n<blockquote class=\"twitter-tweet\" data-conversation=\"none\">\n<p dir=\"ltr\" lang=\"en\">Toby Kimball and Jeff Mullins were about 30 here. <a href=\"https:\/\/t.co\/G2iW8fkqzp\">pic.twitter.com\/G2iW8fkqzp<\/a><\/p>\n<p>\u2014 Pete (@fl_west) <a href=\"https:\/\/twitter.com\/fl_west\/status\/1210366948804042752?ref_src=twsrc%5Etfw\">December 27, 2019<\/a><\/p><\/blockquote>\n<p><script async src=\"https:\/\/platform.twitter.com\/widgets.js\" charset=\"utf-8\"><\/script><\/p>\n<blockquote class=\"twitter-tweet\" data-conversation=\"none\">\n<p dir=\"ltr\" lang=\"en\">Rivellino, on the left, was 23. G\u00e9rson, on the right, was 29 and won the Silver Ball in the 1970 World Cup. <a href=\"https:\/\/t.co\/tX1KdI3Ol9\">pic.twitter.com\/tX1KdI3Ol9<\/a><\/p>\n<p>\u2014 Pedro Hollanda (@phollanda) <a href=\"https:\/\/twitter.com\/phollanda\/status\/1210371452547063808?ref_src=twsrc%5Etfw\">December 27, 2019<\/a><\/p><\/blockquote>\n<p><script async src=\"https:\/\/platform.twitter.com\/widgets.js\" charset=\"utf-8\"><\/script><\/p>\n<h3>6. Wie man um die 20 fr\u00fcher eben so aussah.<\/h3>\n<blockquote class=\"twitter-tweet\" data-conversation=\"none\">\n<p dir=\"ltr\" lang=\"en\">It is not nonsense. These guys were only 17 <a href=\"https:\/\/t.co\/WaeoqEiHrg\">pic.twitter.com\/WaeoqEiHrg<\/a><\/p>\n<p>\u2014 MudleyDoore (@dbrydodg) <a href=\"https:\/\/twitter.com\/dbrydodg\/status\/1210352185596350464?ref_src=twsrc%5Etfw\">December 27, 2019<\/a><\/p><\/blockquote>\n<p><script async src=\"https:\/\/platform.twitter.com\/widgets.js\" charset=\"utf-8\"><\/script><\/p>\n<blockquote class=\"twitter-tweet\" data-conversation=\"none\">\n<p dir=\"ltr\" lang=\"en\">These fellas were 24 and 23 <a href=\"https:\/\/t.co\/r9dL00R4nv\">pic.twitter.com\/r9dL00R4nv<\/a><\/p>\n<p>\u2014 jack \ud83d\ude0e (@JohnHam5WC) <a href=\"https:\/\/twitter.com\/JohnHam5WC\/status\/1210914941621936128?ref_src=twsrc%5Etfw\">December 28, 2019<\/a><\/p><\/blockquote>\n<p><script async src=\"https:\/\/platform.twitter.com\/widgets.js\" charset=\"utf-8\"><\/script><\/p>\n<h3>7. Bei bei Spiderman-Filmreihe wird das Ph\u00e4nomen gut deutlich: Obwohl Hauptdarsteller Peter Parkers Tante May im Film immer gleich alt ist, wird sie mit jeder Neubesetzung der Rolle optisch deutlich j\u00fcnger.<\/h3>\n<blockquote class=\"twitter-tweet\" data-conversation=\"none\">\n<p dir=\"ltr\" lang=\"en\">When spider-man first came out Aunt May was supposed to be very old, her age hasn\u2019t changed but time has <a href=\"https:\/\/t.co\/y2qRxiTzlX\">pic.twitter.com\/y2qRxiTzlX<\/a><\/p>\n<p>\u2014 Samm \ud83c\uddfa\ud83c\uddf8\ud83c\udde8\ud83c\udde6\ud83c\udff3\ufe0f\u200d\ud83c\udf08\u2721\ufe0f \u05d6\u05d0\u05d1 (@DarknessRandom) <a href=\"https:\/\/twitter.com\/DarknessRandom\/status\/1211687500923785221?ref_src=twsrc%5Etfw\">December 30, 2019<\/a><\/p><\/blockquote>\n<p><script async src=\"https:\/\/platform.twitter.com\/widgets.js\" charset=\"utf-8\"><\/script><\/p>\n<h3>8. Eine wissenschaftliche Erkl\u00e4rung f\u00fcr die Anomalie liefert die steigende Lebenserwartung. Abschlie\u00dfend beantworten l\u00e4sst sich die Hypothese damit aber nicht.<\/h3>\n<blockquote class=\"twitter-tweet\" data-conversation=\"none\">\n<p dir=\"ltr\" lang=\"en\">Notwithstanding the genetics, nutrition, lifestyle, etc. of *individual* (persons\/family) \u201coutliers\u201d, it still holds up on a *population* basis.<\/p>\n<p>In 1950, average life expectancy (in US) was ~60; now it\u2019s ~80. In 1950, at 30, your life was half over. Today, 40 is the new 30. <a href=\"https:\/\/t.co\/K2o1JOKO9d\">pic.twitter.com\/K2o1JOKO9d<\/a><\/p>\n<p>\u2014 Scott Eccarius, MD (@ScottEccarius) <a href=\"https:\/\/twitter.com\/ScottEccarius\/status\/1210609826637725696?ref_src=twsrc%5Etfw\">December 27, 2019<\/a><\/p><\/blockquote>\n<p><script async src=\"https:\/\/platform.twitter.com\/widgets.js\" charset=\"utf-8\"><\/script><\/p>\n<p>\u2014\u2014<br \/>\nDanke an alle f\u00fcr die Postings! \u2764\ufe0f\ufe0f<br \/>\n\u2014\u2014<br \/>\n<strong>Keine Influencer! Kein Foodporn! Nur ganz viel Spa\u00df &#8211; bei uns auf Instagram:<\/strong><br \/>\nhttps:\/\/www.instagram.com\/p\/B7ES424F4bJ\/<\/p>\n","protected":false},"excerpt":{"rendered":"<p>Hattet ihr jemals das Gef\u00fchl, dass Menschen auf Fotos von fr\u00fcher \u00e4lter aussahen, als sie es zum Zeitpunkt des Bildes aus heutiger Sicht tun? Damit&#8230;<\/p>\n","protected":false},"author":69,"featured_media":112374,"comment_status":"open","ping_status":"open","sticky":false,"template":"","format":"standard","meta":{"_acf_changed":false,"footnotes":""},"categories":[1679,35,2404],"tags":[2035,1452,1453,3536],"class_list":["post-112329","post","type-post","status-publish","format-standard","has-post-thumbnail","hentry","category-throwback","category-twitter","category-wtf","tag-aelter-werden","tag-frueher","tag-heute","tag-theorie"],"acf":[],"yoast_head":"<!-- This site is optimized with the Yoast SEO plugin v27.5 - https:\/\/yoast.com\/product\/yoast-seo-wordpress\/ -->\n<title>User liefern zahlreiche Beispiele daf\u00fcr, dass Menschen fr\u00fcher viel \u00e4lter aussahen als heute - The Best Social Media DE<\/title>\n<meta name=\"robots\" content=\"index, follow, max-snippet:-1, max-image-preview:large, max-video-preview:-1\" \/>\n<link rel=\"canonical\" href=\"https:\/\/www.thebestsocial.media\/de\/user-liefern-zahlreiche-beispiele-dass-menschen-frueher-viel-aelter-aussahen-als-heute\/\" \/>\n<meta property=\"og:locale\" content=\"de_DE\" \/>\n<meta property=\"og:type\" content=\"article\" \/>\n<meta property=\"og:title\" content=\"User liefern zahlreiche Beispiele daf\u00fcr, dass Menschen fr\u00fcher viel \u00e4lter aussahen als heute\" \/>\n<meta property=\"og:description\" content=\"Hattet ihr jemals das Gef\u00fchl, dass Menschen auf Fotos von fr\u00fcher \u00e4lter aussahen, als sie es zum Zeitpunkt des Bildes aus heutiger Sicht tun? Damit...\" \/>\n<meta property=\"og:url\" content=\"https:\/\/www.thebestsocial.media\/de\/user-liefern-zahlreiche-beispiele-dass-menschen-frueher-viel-aelter-aussahen-als-heute\/\" \/>\n<meta property=\"og:site_name\" content=\"The Best Social Media DE\" \/>\n<meta property=\"article:published_time\" content=\"2020-01-10T09:54:52+00:00\" \/>\n<meta property=\"article:modified_time\" content=\"2020-01-19T10:09:08+00:00\" \/>\n<meta property=\"og:image\" content=\"https:\/\/www.thebestsocial.media\/de\/wp-content\/uploads\/sites\/3\/2020\/01\/sameage.png\" \/>\n\t<meta property=\"og:image:width\" content=\"1200\" \/>\n\t<meta property=\"og:image:height\" content=\"628\" \/>\n\t<meta property=\"og:image:type\" content=\"image\/png\" \/>\n<meta name=\"author\" content=\"Daniel\" \/>\n<meta name=\"twitter:card\" content=\"summary_large_image\" \/>\n<meta name=\"twitter:label1\" content=\"Verfasst von\" \/>\n\t<meta name=\"twitter:data1\" content=\"Daniel\" \/>\n\t<meta name=\"twitter:label2\" content=\"Gesch\u00e4tzte Lesezeit\" \/>\n\t<meta name=\"twitter:data2\" content=\"4\u00a0Minuten\" \/>\n<script type=\"application\/ld+json\" class=\"yoast-schema-graph\">{\"@context\":\"https:\\\/\\\/schema.org\",\"@graph\":[{\"@type\":\"Article\",\"@id\":\"https:\\\/\\\/www.thebestsocial.media\\\/de\\\/user-liefern-zahlreiche-beispiele-dass-menschen-frueher-viel-aelter-aussahen-als-heute\\\/#article\",\"isPartOf\":{\"@id\":\"https:\\\/\\\/www.thebestsocial.media\\\/de\\\/user-liefern-zahlreiche-beispiele-dass-menschen-frueher-viel-aelter-aussahen-als-heute\\\/\"},\"author\":{\"name\":\"Daniel\",\"@id\":\"https:\\\/\\\/www.thebestsocial.media\\\/de\\\/#\\\/schema\\\/person\\\/8436dad17308be6a12bda1359db16b67\"},\"headline\":\"User liefern zahlreiche Beispiele daf\u00fcr, dass Menschen fr\u00fcher viel \u00e4lter aussahen als heute\",\"datePublished\":\"2020-01-10T09:54:52+00:00\",\"dateModified\":\"2020-01-19T10:09:08+00:00\",\"mainEntityOfPage\":{\"@id\":\"https:\\\/\\\/www.thebestsocial.media\\\/de\\\/user-liefern-zahlreiche-beispiele-dass-menschen-frueher-viel-aelter-aussahen-als-heute\\\/\"},\"wordCount\":898,\"commentCount\":0,\"image\":{\"@id\":\"https:\\\/\\\/www.thebestsocial.media\\\/de\\\/user-liefern-zahlreiche-beispiele-dass-menschen-frueher-viel-aelter-aussahen-als-heute\\\/#primaryimage\"},\"thumbnailUrl\":\"https:\\\/\\\/www.thebestsocial.media\\\/de\\\/wp-content\\\/uploads\\\/sites\\\/3\\\/2020\\\/01\\\/Alterung-fr\u00fcher-BB.png\",\"keywords\":[\"\u00e4lter werden\",\"Fr\u00fcher\",\"Heute\",\"Theorie\"],\"articleSection\":[\"throwback\",\"Twitter\",\"WTF\"],\"inLanguage\":\"de\",\"potentialAction\":[{\"@type\":\"CommentAction\",\"name\":\"Comment\",\"target\":[\"https:\\\/\\\/www.thebestsocial.media\\\/de\\\/user-liefern-zahlreiche-beispiele-dass-menschen-frueher-viel-aelter-aussahen-als-heute\\\/#respond\"]}]},{\"@type\":\"WebPage\",\"@id\":\"https:\\\/\\\/www.thebestsocial.media\\\/de\\\/user-liefern-zahlreiche-beispiele-dass-menschen-frueher-viel-aelter-aussahen-als-heute\\\/\",\"url\":\"https:\\\/\\\/www.thebestsocial.media\\\/de\\\/user-liefern-zahlreiche-beispiele-dass-menschen-frueher-viel-aelter-aussahen-als-heute\\\/\",\"name\":\"User liefern zahlreiche Beispiele daf\u00fcr, dass Menschen fr\u00fcher viel \u00e4lter aussahen als heute - The Best Social Media DE\",\"isPartOf\":{\"@id\":\"https:\\\/\\\/www.thebestsocial.media\\\/de\\\/#website\"},\"primaryImageOfPage\":{\"@id\":\"https:\\\/\\\/www.thebestsocial.media\\\/de\\\/user-liefern-zahlreiche-beispiele-dass-menschen-frueher-viel-aelter-aussahen-als-heute\\\/#primaryimage\"},\"image\":{\"@id\":\"https:\\\/\\\/www.thebestsocial.media\\\/de\\\/user-liefern-zahlreiche-beispiele-dass-menschen-frueher-viel-aelter-aussahen-als-heute\\\/#primaryimage\"},\"thumbnailUrl\":\"https:\\\/\\\/www.thebestsocial.media\\\/de\\\/wp-content\\\/uploads\\\/sites\\\/3\\\/2020\\\/01\\\/Alterung-fr\u00fcher-BB.png\",\"datePublished\":\"2020-01-10T09:54:52+00:00\",\"dateModified\":\"2020-01-19T10:09:08+00:00\",\"author\":{\"@id\":\"https:\\\/\\\/www.thebestsocial.media\\\/de\\\/#\\\/schema\\\/person\\\/8436dad17308be6a12bda1359db16b67\"},\"breadcrumb\":{\"@id\":\"https:\\\/\\\/www.thebestsocial.media\\\/de\\\/user-liefern-zahlreiche-beispiele-dass-menschen-frueher-viel-aelter-aussahen-als-heute\\\/#breadcrumb\"},\"inLanguage\":\"de\",\"potentialAction\":[{\"@type\":\"ReadAction\",\"target\":[\"https:\\\/\\\/www.thebestsocial.media\\\/de\\\/user-liefern-zahlreiche-beispiele-dass-menschen-frueher-viel-aelter-aussahen-als-heute\\\/\"]}]},{\"@type\":\"ImageObject\",\"inLanguage\":\"de\",\"@id\":\"https:\\\/\\\/www.thebestsocial.media\\\/de\\\/user-liefern-zahlreiche-beispiele-dass-menschen-frueher-viel-aelter-aussahen-als-heute\\\/#primaryimage\",\"url\":\"https:\\\/\\\/www.thebestsocial.media\\\/de\\\/wp-content\\\/uploads\\\/sites\\\/3\\\/2020\\\/01\\\/Alterung-fr\u00fcher-BB.png\",\"contentUrl\":\"https:\\\/\\\/www.thebestsocial.media\\\/de\\\/wp-content\\\/uploads\\\/sites\\\/3\\\/2020\\\/01\\\/Alterung-fr\u00fcher-BB.png\",\"width\":1200,\"height\":628},{\"@type\":\"BreadcrumbList\",\"@id\":\"https:\\\/\\\/www.thebestsocial.media\\\/de\\\/user-liefern-zahlreiche-beispiele-dass-menschen-frueher-viel-aelter-aussahen-als-heute\\\/#breadcrumb\",\"itemListElement\":[{\"@type\":\"ListItem\",\"position\":1,\"name\":\"Home\",\"item\":\"https:\\\/\\\/www.thebestsocial.media\\\/de\\\/\"},{\"@type\":\"ListItem\",\"position\":2,\"name\":\"User liefern zahlreiche Beispiele daf\u00fcr, dass Menschen fr\u00fcher viel \u00e4lter aussahen als heute\"}]},{\"@type\":\"WebSite\",\"@id\":\"https:\\\/\\\/www.thebestsocial.media\\\/de\\\/#website\",\"url\":\"https:\\\/\\\/www.thebestsocial.media\\\/de\\\/\",\"name\":\"The Best Social Media DE\",\"description\":\"\",\"potentialAction\":[{\"@type\":\"SearchAction\",\"target\":{\"@type\":\"EntryPoint\",\"urlTemplate\":\"https:\\\/\\\/www.thebestsocial.media\\\/de\\\/?s={search_term_string}\"},\"query-input\":{\"@type\":\"PropertyValueSpecification\",\"valueRequired\":true,\"valueName\":\"search_term_string\"}}],\"inLanguage\":\"de\"},{\"@type\":\"Person\",\"@id\":\"https:\\\/\\\/www.thebestsocial.media\\\/de\\\/#\\\/schema\\\/person\\\/8436dad17308be6a12bda1359db16b67\",\"name\":\"Daniel\",\"image\":{\"@type\":\"ImageObject\",\"inLanguage\":\"de\",\"@id\":\"https:\\\/\\\/secure.gravatar.com\\\/avatar\\\/e57960a5419478a8e098ecfe25dc307d2752a6893387329845c92b11790ee251?s=96&d=mm&r=g\",\"url\":\"https:\\\/\\\/secure.gravatar.com\\\/avatar\\\/e57960a5419478a8e098ecfe25dc307d2752a6893387329845c92b11790ee251?s=96&d=mm&r=g\",\"contentUrl\":\"https:\\\/\\\/secure.gravatar.com\\\/avatar\\\/e57960a5419478a8e098ecfe25dc307d2752a6893387329845c92b11790ee251?s=96&d=mm&r=g\",\"caption\":\"Daniel\"},\"description\":\"M\u00fcnchner Urgestein, das sich im Sumpf der sozialen Medien austobt. Wunschberuf war eigentlich Profifu\u00dfballer. Daraus wurde aber nichts, weil der Stift bei der Vertragsunterschrift leer war. Und dann kam auch noch die eine Erk\u00e4ltung.\",\"url\":\"https:\\\/\\\/www.thebestsocial.media\\\/de\\\/author\\\/danielkugler\\\/\"}]}<\/script>\n<!-- \/ Yoast SEO plugin. -->","yoast_head_json":{"title":"User liefern zahlreiche Beispiele daf\u00fcr, dass Menschen fr\u00fcher viel \u00e4lter aussahen als heute - The Best Social Media DE","robots":{"index":"index","follow":"follow","max-snippet":"max-snippet:-1","max-image-preview":"max-image-preview:large","max-video-preview":"max-video-preview:-1"},"canonical":"https:\/\/www.thebestsocial.media\/de\/user-liefern-zahlreiche-beispiele-dass-menschen-frueher-viel-aelter-aussahen-als-heute\/","og_locale":"de_DE","og_type":"article","og_title":"User liefern zahlreiche Beispiele daf\u00fcr, dass Menschen fr\u00fcher viel \u00e4lter aussahen als heute","og_description":"Hattet ihr jemals das Gef\u00fchl, dass Menschen auf Fotos von fr\u00fcher \u00e4lter aussahen, als sie es zum Zeitpunkt des Bildes aus heutiger Sicht tun? Damit...","og_url":"https:\/\/www.thebestsocial.media\/de\/user-liefern-zahlreiche-beispiele-dass-menschen-frueher-viel-aelter-aussahen-als-heute\/","og_site_name":"The Best Social Media DE","article_published_time":"2020-01-10T09:54:52+00:00","article_modified_time":"2020-01-19T10:09:08+00:00","og_image":[{"width":1200,"height":628,"url":"https:\/\/www.thebestsocial.media\/de\/wp-content\/uploads\/sites\/3\/2020\/01\/sameage.png","type":"image\/png"}],"author":"Daniel","twitter_card":"summary_large_image","twitter_misc":{"Verfasst von":"Daniel","Gesch\u00e4tzte Lesezeit":"4\u00a0Minuten"},"schema":{"@context":"https:\/\/schema.org","@graph":[{"@type":"Article","@id":"https:\/\/www.thebestsocial.media\/de\/user-liefern-zahlreiche-beispiele-dass-menschen-frueher-viel-aelter-aussahen-als-heute\/#article","isPartOf":{"@id":"https:\/\/www.thebestsocial.media\/de\/user-liefern-zahlreiche-beispiele-dass-menschen-frueher-viel-aelter-aussahen-als-heute\/"},"author":{"name":"Daniel","@id":"https:\/\/www.thebestsocial.media\/de\/#\/schema\/person\/8436dad17308be6a12bda1359db16b67"},"headline":"User liefern zahlreiche Beispiele daf\u00fcr, dass Menschen fr\u00fcher viel \u00e4lter aussahen als heute","datePublished":"2020-01-10T09:54:52+00:00","dateModified":"2020-01-19T10:09:08+00:00","mainEntityOfPage":{"@id":"https:\/\/www.thebestsocial.media\/de\/user-liefern-zahlreiche-beispiele-dass-menschen-frueher-viel-aelter-aussahen-als-heute\/"},"wordCount":898,"commentCount":0,"image":{"@id":"https:\/\/www.thebestsocial.media\/de\/user-liefern-zahlreiche-beispiele-dass-menschen-frueher-viel-aelter-aussahen-als-heute\/#primaryimage"},"thumbnailUrl":"https:\/\/www.thebestsocial.media\/de\/wp-content\/uploads\/sites\/3\/2020\/01\/Alterung-fr\u00fcher-BB.png","keywords":["\u00e4lter werden","Fr\u00fcher","Heute","Theorie"],"articleSection":["throwback","Twitter","WTF"],"inLanguage":"de","potentialAction":[{"@type":"CommentAction","name":"Comment","target":["https:\/\/www.thebestsocial.media\/de\/user-liefern-zahlreiche-beispiele-dass-menschen-frueher-viel-aelter-aussahen-als-heute\/#respond"]}]},{"@type":"WebPage","@id":"https:\/\/www.thebestsocial.media\/de\/user-liefern-zahlreiche-beispiele-dass-menschen-frueher-viel-aelter-aussahen-als-heute\/","url":"https:\/\/www.thebestsocial.media\/de\/user-liefern-zahlreiche-beispiele-dass-menschen-frueher-viel-aelter-aussahen-als-heute\/","name":"User liefern zahlreiche Beispiele daf\u00fcr, dass Menschen fr\u00fcher viel \u00e4lter aussahen als heute - The Best Social Media DE","isPartOf":{"@id":"https:\/\/www.thebestsocial.media\/de\/#website"},"primaryImageOfPage":{"@id":"https:\/\/www.thebestsocial.media\/de\/user-liefern-zahlreiche-beispiele-dass-menschen-frueher-viel-aelter-aussahen-als-heute\/#primaryimage"},"image":{"@id":"https:\/\/www.thebestsocial.media\/de\/user-liefern-zahlreiche-beispiele-dass-menschen-frueher-viel-aelter-aussahen-als-heute\/#primaryimage"},"thumbnailUrl":"https:\/\/www.thebestsocial.media\/de\/wp-content\/uploads\/sites\/3\/2020\/01\/Alterung-fr\u00fcher-BB.png","datePublished":"2020-01-10T09:54:52+00:00","dateModified":"2020-01-19T10:09:08+00:00","author":{"@id":"https:\/\/www.thebestsocial.media\/de\/#\/schema\/person\/8436dad17308be6a12bda1359db16b67"},"breadcrumb":{"@id":"https:\/\/www.thebestsocial.media\/de\/user-liefern-zahlreiche-beispiele-dass-menschen-frueher-viel-aelter-aussahen-als-heute\/#breadcrumb"},"inLanguage":"de","potentialAction":[{"@type":"ReadAction","target":["https:\/\/www.thebestsocial.media\/de\/user-liefern-zahlreiche-beispiele-dass-menschen-frueher-viel-aelter-aussahen-als-heute\/"]}]},{"@type":"ImageObject","inLanguage":"de","@id":"https:\/\/www.thebestsocial.media\/de\/user-liefern-zahlreiche-beispiele-dass-menschen-frueher-viel-aelter-aussahen-als-heute\/#primaryimage","url":"https:\/\/www.thebestsocial.media\/de\/wp-content\/uploads\/sites\/3\/2020\/01\/Alterung-fr\u00fcher-BB.png","contentUrl":"https:\/\/www.thebestsocial.media\/de\/wp-content\/uploads\/sites\/3\/2020\/01\/Alterung-fr\u00fcher-BB.png","width":1200,"height":628},{"@type":"BreadcrumbList","@id":"https:\/\/www.thebestsocial.media\/de\/user-liefern-zahlreiche-beispiele-dass-menschen-frueher-viel-aelter-aussahen-als-heute\/#breadcrumb","itemListElement":[{"@type":"ListItem","position":1,"name":"Home","item":"https:\/\/www.thebestsocial.media\/de\/"},{"@type":"ListItem","position":2,"name":"User liefern zahlreiche Beispiele daf\u00fcr, dass Menschen fr\u00fcher viel \u00e4lter aussahen als heute"}]},{"@type":"WebSite","@id":"https:\/\/www.thebestsocial.media\/de\/#website","url":"https:\/\/www.thebestsocial.media\/de\/","name":"The Best Social Media DE","description":"","potentialAction":[{"@type":"SearchAction","target":{"@type":"EntryPoint","urlTemplate":"https:\/\/www.thebestsocial.media\/de\/?s={search_term_string}"},"query-input":{"@type":"PropertyValueSpecification","valueRequired":true,"valueName":"search_term_string"}}],"inLanguage":"de"},{"@type":"Person","@id":"https:\/\/www.thebestsocial.media\/de\/#\/schema\/person\/8436dad17308be6a12bda1359db16b67","name":"Daniel","image":{"@type":"ImageObject","inLanguage":"de","@id":"https:\/\/secure.gravatar.com\/avatar\/e57960a5419478a8e098ecfe25dc307d2752a6893387329845c92b11790ee251?s=96&d=mm&r=g","url":"https:\/\/secure.gravatar.com\/avatar\/e57960a5419478a8e098ecfe25dc307d2752a6893387329845c92b11790ee251?s=96&d=mm&r=g","contentUrl":"https:\/\/secure.gravatar.com\/avatar\/e57960a5419478a8e098ecfe25dc307d2752a6893387329845c92b11790ee251?s=96&d=mm&r=g","caption":"Daniel"},"description":"M\u00fcnchner Urgestein, das sich im Sumpf der sozialen Medien austobt. Wunschberuf war eigentlich Profifu\u00dfballer. Daraus wurde aber nichts, weil der Stift bei der Vertragsunterschrift leer war. Und dann kam auch noch die eine Erk\u00e4ltung.","url":"https:\/\/www.thebestsocial.media\/de\/author\/danielkugler\/"}]}},"amp_enabled":true,"_links":{"self":[{"href":"https:\/\/www.thebestsocial.media\/de\/wp-json\/wp\/v2\/posts\/112329","targetHints":{"allow":["GET"]}}],"collection":[{"href":"https:\/\/www.thebestsocial.media\/de\/wp-json\/wp\/v2\/posts"}],"about":[{"href":"https:\/\/www.thebestsocial.media\/de\/wp-json\/wp\/v2\/types\/post"}],"author":[{"embeddable":true,"href":"https:\/\/www.thebestsocial.media\/de\/wp-json\/wp\/v2\/users\/69"}],"replies":[{"embeddable":true,"href":"https:\/\/www.thebestsocial.media\/de\/wp-json\/wp\/v2\/comments?post=112329"}],"version-history":[{"count":19,"href":"https:\/\/www.thebestsocial.media\/de\/wp-json\/wp\/v2\/posts\/112329\/revisions"}],"predecessor-version":[{"id":113490,"href":"https:\/\/www.thebestsocial.media\/de\/wp-json\/wp\/v2\/posts\/112329\/revisions\/113490"}],"wp:featuredmedia":[{"embeddable":true,"href":"https:\/\/www.thebestsocial.media\/de\/wp-json\/wp\/v2\/media\/112374"}],"wp:attachment":[{"href":"https:\/\/www.thebestsocial.media\/de\/wp-json\/wp\/v2\/media?parent=112329"}],"wp:term":[{"taxonomy":"category","embeddable":true,"href":"https:\/\/www.thebestsocial.media\/de\/wp-json\/wp\/v2\/categories?post=112329"},{"taxonomy":"post_tag","embeddable":true,"href":"https:\/\/www.thebestsocial.media\/de\/wp-json\/wp\/v2\/tags?post=112329"}],"curies":[{"name":"wp","href":"https:\/\/api.w.org\/{rel}","templated":true}]}}