{"id":112174,"date":"2020-01-10T11:03:55","date_gmt":"2020-01-10T11:03:55","guid":{"rendered":"https:\/\/www.thebestsocial.media\/de\/?p=112174"},"modified":"2020-01-10T11:07:23","modified_gmt":"2020-01-10T11:07:23","slug":"ich-male-mir-die-welt-kuenstler-bringt-die-kritzeleien-von-kindern-ins-echte-leben","status":"publish","type":"post","link":"https:\/\/www.thebestsocial.media\/de\/ich-male-mir-die-welt-kuenstler-bringt-die-kritzeleien-von-kindern-ins-echte-leben\/","title":{"rendered":"Ich male mir die Welt: K\u00fcnstler bringt die Kritzeleien von Kindern ins echte Leben"},"content":{"rendered":"<p>Kinder verf\u00fcgen \u00fcber eine bl\u00fchende Fantasie. Besonders deutlich wird das, wenn man sie einfach ihre Vorstellungen malen l\u00e4sst. Der Instagram-Account <a href=\"https:\/\/www.instagram.com\/thingsihavedrawn\/\">thingsihavedrawn<\/a> geht nochmal einen Schritt weiter und erweckt die Zeichnungen der jungen K\u00fcnstler zum Leben.<\/p>\n<p>&nbsp;<\/p>\n<p><strong>1. Diese Ente ist noch relativ nah am Original.<\/strong><\/p>\n<p>https:\/\/www.instagram.com\/p\/B68ear7lDLS\/<\/p>\n<p><strong>2. Der Knetmensch kommt da schon deutlich deformierter daher.<\/strong><\/p>\n<p>https:\/\/www.instagram.com\/p\/B6qaTrjFZ0p\/<\/p>\n<p><strong>3. Huch, der Uhu hat sich wohl gerade selbst im Spiegel entdeckt.<\/strong><\/p>\n<p>https:\/\/www.instagram.com\/p\/B6D6yvilMTy\/<\/p>\n<p><strong>4. So einen goldigen Tukan w\u00fcrde ich sofort adoptieren.<\/strong><\/p>\n<p>https:\/\/www.instagram.com\/p\/B50ZGJ1lRXc\/<\/p>\n<p><strong>5. Gestatten, die Kreuzung aus Dachs und Igel: der Digel.<\/strong><\/p>\n<p>https:\/\/www.instagram.com\/p\/B5ibe5rlEP6\/<\/p>\n<p><strong>6. Dieser Gepard hat wohl etwas auf dem Grill gelegen.<\/strong><\/p>\n<p>https:\/\/www.instagram.com\/p\/B5NrQxvlLPB\/<\/p>\n<p><strong>7. Wenn das Pferd auch gerne ein Ameisenb\u00e4r geworden w\u00e4r.<\/strong><\/p>\n<p>https:\/\/www.instagram.com\/p\/B47vID8Fy6x\/<\/p>\n<p><strong>8. Als Bildbeschreibung ergibt es am ehesten einen vier\u00e4ugigen Pinguin mit Loch.<\/strong><\/p>\n<p>https:\/\/www.instagram.com\/p\/B4IW9Wtl0k3\/<\/p>\n<p><strong>9. Ja wo ist denn die Nase von der Kuh?<\/strong><\/p>\n<p>https:\/\/www.instagram.com\/p\/B32Gk7FFEF0\/<\/p>\n<p><strong>10. Der freundliche Vogel f\u00e4ngt den Wurm.<\/strong><\/p>\n<p>https:\/\/www.instagram.com\/p\/B2reRYmFd8E\/<\/p>\n<p><strong>11. Ein rosa Panzer, der Seifenblasen schie\u00dft und in dem man gleichzeitig wohnen kann. Hasbro ist schon dran.<\/strong><\/p>\n<p>https:\/\/www.instagram.com\/p\/B1jYhaUFkcc\/<\/p>\n<p><strong>12. Manche Exemplare hat es dann doch etwas deformiert.<\/strong><\/p>\n<p>https:\/\/www.instagram.com\/p\/BznwvuJl8IF\/<\/p>\n<p>https:\/\/www.instagram.com\/p\/Bz5y8hQlDwq\/<\/p>\n<p>https:\/\/www.instagram.com\/p\/BrdMWHDBL7r\/<\/p>\n<p>https:\/\/www.instagram.com\/p\/Bt_XaEbhhUR\/<\/p>\n<p>https:\/\/www.instagram.com\/p\/B3hdIfllJpT\/<\/p>\n<p>https:\/\/www.instagram.com\/p\/B3Pah1Hlrb5\/<\/p>\n<p>https:\/\/www.instagram.com\/p\/BzTIrwElJ5Q\/<\/p>\n<p><strong>13. Wer stellt sich hier auch vor, dass der Affe mit dem Bowlingkugel-Bauch Bananen-Kegel umhaut?<\/strong><\/p>\n<p>https:\/\/www.instagram.com\/p\/BxpnbBylyUi\/<\/p>\n<p><strong>14. K\u00fcnstlerisch wertvoll ist auch die Umsetzung mit den kleinen Wal-Tattoos.<\/strong><\/p>\n<p>https:\/\/www.instagram.com\/p\/Bx-KuyDl-o3\/<\/p>\n<p><strong>15. Shrek, das Rentier?<\/strong><\/p>\n<p>https:\/\/www.instagram.com\/p\/Braj4g6BZSI\/<\/p>\n<p><strong>16. Und beenden werden wir diesen Blog mit einem Blick in die Zukunft, denn der Kolibri hat was Futuristisches an sich.<\/strong><\/p>\n<p>https:\/\/www.instagram.com\/p\/Bwzc74MFfJx\/<\/p>\n","protected":false},"excerpt":{"rendered":"<p>Kinder verf\u00fcgen \u00fcber eine bl\u00fchende Fantasie. Besonders deutlich wird das, wenn man sie einfach ihre Vorstellungen malen l\u00e4sst. Der Instagram-Account thingsihavedrawn geht nochmal einen Schritt&#8230;<\/p>\n","protected":false},"author":69,"featured_media":112312,"comment_status":"open","ping_status":"open","sticky":false,"template":"","format":"standard","meta":{"_acf_changed":false,"footnotes":""},"categories":[106,1728,14],"tags":[3533,1039,3532],"class_list":["post-112174","post","type-post","status-publish","format-standard","has-post-thumbnail","hentry","category-best-of","category-humor","category-instagram","tag-thingsihavedrawn","tag-kinder","tag-zeichnungen"],"acf":[],"yoast_head":"<!-- This site is optimized with the Yoast SEO plugin v27.5 - https:\/\/yoast.com\/product\/yoast-seo-wordpress\/ -->\n<title>Ich male mir die Welt: K\u00fcnstler bringt die Kritzeleien von Kindern ins echte Leben - The Best Social Media DE<\/title>\n<meta name=\"robots\" content=\"index, follow, max-snippet:-1, max-image-preview:large, max-video-preview:-1\" \/>\n<link rel=\"canonical\" href=\"https:\/\/www.thebestsocial.media\/de\/ich-male-mir-die-welt-kuenstler-bringt-die-kritzeleien-von-kindern-ins-echte-leben\/\" \/>\n<meta property=\"og:locale\" content=\"de_DE\" \/>\n<meta property=\"og:type\" content=\"article\" \/>\n<meta property=\"og:title\" content=\"Ich male mir die Welt: K\u00fcnstler bringt die Kritzeleien von Kindern ins echte Leben\" \/>\n<meta property=\"og:description\" content=\"Kinder verf\u00fcgen \u00fcber eine bl\u00fchende Fantasie. Besonders deutlich wird das, wenn man sie einfach ihre Vorstellungen malen l\u00e4sst. Der Instagram-Account thingsihavedrawn geht nochmal einen Schritt...\" \/>\n<meta property=\"og:url\" content=\"https:\/\/www.thebestsocial.media\/de\/ich-male-mir-die-welt-kuenstler-bringt-die-kritzeleien-von-kindern-ins-echte-leben\/\" \/>\n<meta property=\"og:site_name\" content=\"The Best Social Media DE\" \/>\n<meta property=\"article:published_time\" content=\"2020-01-10T11:03:55+00:00\" \/>\n<meta property=\"article:modified_time\" content=\"2020-01-10T11:07:23+00:00\" \/>\n<meta property=\"og:image\" content=\"https:\/\/www.thebestsocial.media\/de\/wp-content\/uploads\/sites\/3\/2020\/01\/Zeichnungen-Kinder-FB.png\" \/>\n\t<meta property=\"og:image:width\" content=\"1200\" \/>\n\t<meta property=\"og:image:height\" content=\"628\" \/>\n\t<meta property=\"og:image:type\" content=\"image\/png\" \/>\n<meta name=\"author\" content=\"Daniel\" \/>\n<meta name=\"twitter:card\" content=\"summary_large_image\" \/>\n<meta name=\"twitter:label1\" content=\"Verfasst von\" \/>\n\t<meta name=\"twitter:data1\" content=\"Daniel\" \/>\n\t<meta name=\"twitter:label2\" content=\"Gesch\u00e4tzte Lesezeit\" \/>\n\t<meta name=\"twitter:data2\" content=\"2\u00a0Minuten\" \/>\n<script type=\"application\/ld+json\" class=\"yoast-schema-graph\">{\"@context\":\"https:\\\/\\\/schema.org\",\"@graph\":[{\"@type\":\"Article\",\"@id\":\"https:\\\/\\\/www.thebestsocial.media\\\/de\\\/ich-male-mir-die-welt-kuenstler-bringt-die-kritzeleien-von-kindern-ins-echte-leben\\\/#article\",\"isPartOf\":{\"@id\":\"https:\\\/\\\/www.thebestsocial.media\\\/de\\\/ich-male-mir-die-welt-kuenstler-bringt-die-kritzeleien-von-kindern-ins-echte-leben\\\/\"},\"author\":{\"name\":\"Daniel\",\"@id\":\"https:\\\/\\\/www.thebestsocial.media\\\/de\\\/#\\\/schema\\\/person\\\/8436dad17308be6a12bda1359db16b67\"},\"headline\":\"Ich male mir die Welt: K\u00fcnstler bringt die Kritzeleien von Kindern ins echte Leben\",\"datePublished\":\"2020-01-10T11:03:55+00:00\",\"dateModified\":\"2020-01-10T11:07:23+00:00\",\"mainEntityOfPage\":{\"@id\":\"https:\\\/\\\/www.thebestsocial.media\\\/de\\\/ich-male-mir-die-welt-kuenstler-bringt-die-kritzeleien-von-kindern-ins-echte-leben\\\/\"},\"wordCount\":388,\"commentCount\":0,\"image\":{\"@id\":\"https:\\\/\\\/www.thebestsocial.media\\\/de\\\/ich-male-mir-die-welt-kuenstler-bringt-die-kritzeleien-von-kindern-ins-echte-leben\\\/#primaryimage\"},\"thumbnailUrl\":\"https:\\\/\\\/www.thebestsocial.media\\\/de\\\/wp-content\\\/uploads\\\/sites\\\/3\\\/2020\\\/01\\\/Zeichnungen-Kinder-BB.png\",\"keywords\":[\"@thingsihavedrawn\",\"Kinder\",\"Zeichnungen\"],\"articleSection\":[\"Best of\",\"Humor\",\"Instagram\"],\"inLanguage\":\"de\",\"potentialAction\":[{\"@type\":\"CommentAction\",\"name\":\"Comment\",\"target\":[\"https:\\\/\\\/www.thebestsocial.media\\\/de\\\/ich-male-mir-die-welt-kuenstler-bringt-die-kritzeleien-von-kindern-ins-echte-leben\\\/#respond\"]}]},{\"@type\":\"WebPage\",\"@id\":\"https:\\\/\\\/www.thebestsocial.media\\\/de\\\/ich-male-mir-die-welt-kuenstler-bringt-die-kritzeleien-von-kindern-ins-echte-leben\\\/\",\"url\":\"https:\\\/\\\/www.thebestsocial.media\\\/de\\\/ich-male-mir-die-welt-kuenstler-bringt-die-kritzeleien-von-kindern-ins-echte-leben\\\/\",\"name\":\"Ich male mir die Welt: K\u00fcnstler bringt die Kritzeleien von Kindern ins echte Leben - The Best Social Media DE\",\"isPartOf\":{\"@id\":\"https:\\\/\\\/www.thebestsocial.media\\\/de\\\/#website\"},\"primaryImageOfPage\":{\"@id\":\"https:\\\/\\\/www.thebestsocial.media\\\/de\\\/ich-male-mir-die-welt-kuenstler-bringt-die-kritzeleien-von-kindern-ins-echte-leben\\\/#primaryimage\"},\"image\":{\"@id\":\"https:\\\/\\\/www.thebestsocial.media\\\/de\\\/ich-male-mir-die-welt-kuenstler-bringt-die-kritzeleien-von-kindern-ins-echte-leben\\\/#primaryimage\"},\"thumbnailUrl\":\"https:\\\/\\\/www.thebestsocial.media\\\/de\\\/wp-content\\\/uploads\\\/sites\\\/3\\\/2020\\\/01\\\/Zeichnungen-Kinder-BB.png\",\"datePublished\":\"2020-01-10T11:03:55+00:00\",\"dateModified\":\"2020-01-10T11:07:23+00:00\",\"author\":{\"@id\":\"https:\\\/\\\/www.thebestsocial.media\\\/de\\\/#\\\/schema\\\/person\\\/8436dad17308be6a12bda1359db16b67\"},\"breadcrumb\":{\"@id\":\"https:\\\/\\\/www.thebestsocial.media\\\/de\\\/ich-male-mir-die-welt-kuenstler-bringt-die-kritzeleien-von-kindern-ins-echte-leben\\\/#breadcrumb\"},\"inLanguage\":\"de\",\"potentialAction\":[{\"@type\":\"ReadAction\",\"target\":[\"https:\\\/\\\/www.thebestsocial.media\\\/de\\\/ich-male-mir-die-welt-kuenstler-bringt-die-kritzeleien-von-kindern-ins-echte-leben\\\/\"]}]},{\"@type\":\"ImageObject\",\"inLanguage\":\"de\",\"@id\":\"https:\\\/\\\/www.thebestsocial.media\\\/de\\\/ich-male-mir-die-welt-kuenstler-bringt-die-kritzeleien-von-kindern-ins-echte-leben\\\/#primaryimage\",\"url\":\"https:\\\/\\\/www.thebestsocial.media\\\/de\\\/wp-content\\\/uploads\\\/sites\\\/3\\\/2020\\\/01\\\/Zeichnungen-Kinder-BB.png\",\"contentUrl\":\"https:\\\/\\\/www.thebestsocial.media\\\/de\\\/wp-content\\\/uploads\\\/sites\\\/3\\\/2020\\\/01\\\/Zeichnungen-Kinder-BB.png\",\"width\":1200,\"height\":628},{\"@type\":\"BreadcrumbList\",\"@id\":\"https:\\\/\\\/www.thebestsocial.media\\\/de\\\/ich-male-mir-die-welt-kuenstler-bringt-die-kritzeleien-von-kindern-ins-echte-leben\\\/#breadcrumb\",\"itemListElement\":[{\"@type\":\"ListItem\",\"position\":1,\"name\":\"Home\",\"item\":\"https:\\\/\\\/www.thebestsocial.media\\\/de\\\/\"},{\"@type\":\"ListItem\",\"position\":2,\"name\":\"Ich male mir die Welt: K\u00fcnstler bringt die Kritzeleien von Kindern ins echte Leben\"}]},{\"@type\":\"WebSite\",\"@id\":\"https:\\\/\\\/www.thebestsocial.media\\\/de\\\/#website\",\"url\":\"https:\\\/\\\/www.thebestsocial.media\\\/de\\\/\",\"name\":\"The Best Social Media DE\",\"description\":\"\",\"potentialAction\":[{\"@type\":\"SearchAction\",\"target\":{\"@type\":\"EntryPoint\",\"urlTemplate\":\"https:\\\/\\\/www.thebestsocial.media\\\/de\\\/?s={search_term_string}\"},\"query-input\":{\"@type\":\"PropertyValueSpecification\",\"valueRequired\":true,\"valueName\":\"search_term_string\"}}],\"inLanguage\":\"de\"},{\"@type\":\"Person\",\"@id\":\"https:\\\/\\\/www.thebestsocial.media\\\/de\\\/#\\\/schema\\\/person\\\/8436dad17308be6a12bda1359db16b67\",\"name\":\"Daniel\",\"image\":{\"@type\":\"ImageObject\",\"inLanguage\":\"de\",\"@id\":\"https:\\\/\\\/secure.gravatar.com\\\/avatar\\\/e57960a5419478a8e098ecfe25dc307d2752a6893387329845c92b11790ee251?s=96&d=mm&r=g\",\"url\":\"https:\\\/\\\/secure.gravatar.com\\\/avatar\\\/e57960a5419478a8e098ecfe25dc307d2752a6893387329845c92b11790ee251?s=96&d=mm&r=g\",\"contentUrl\":\"https:\\\/\\\/secure.gravatar.com\\\/avatar\\\/e57960a5419478a8e098ecfe25dc307d2752a6893387329845c92b11790ee251?s=96&d=mm&r=g\",\"caption\":\"Daniel\"},\"description\":\"M\u00fcnchner Urgestein, das sich im Sumpf der sozialen Medien austobt. Wunschberuf war eigentlich Profifu\u00dfballer. Daraus wurde aber nichts, weil der Stift bei der Vertragsunterschrift leer war. Und dann kam auch noch die eine Erk\u00e4ltung.\",\"url\":\"https:\\\/\\\/www.thebestsocial.media\\\/de\\\/author\\\/danielkugler\\\/\"}]}<\/script>\n<!-- \/ Yoast SEO plugin. -->","yoast_head_json":{"title":"Ich male mir die Welt: K\u00fcnstler bringt die Kritzeleien von Kindern ins echte Leben - The Best Social Media DE","robots":{"index":"index","follow":"follow","max-snippet":"max-snippet:-1","max-image-preview":"max-image-preview:large","max-video-preview":"max-video-preview:-1"},"canonical":"https:\/\/www.thebestsocial.media\/de\/ich-male-mir-die-welt-kuenstler-bringt-die-kritzeleien-von-kindern-ins-echte-leben\/","og_locale":"de_DE","og_type":"article","og_title":"Ich male mir die Welt: K\u00fcnstler bringt die Kritzeleien von Kindern ins echte Leben","og_description":"Kinder verf\u00fcgen \u00fcber eine bl\u00fchende Fantasie. Besonders deutlich wird das, wenn man sie einfach ihre Vorstellungen malen l\u00e4sst. Der Instagram-Account thingsihavedrawn geht nochmal einen Schritt...","og_url":"https:\/\/www.thebestsocial.media\/de\/ich-male-mir-die-welt-kuenstler-bringt-die-kritzeleien-von-kindern-ins-echte-leben\/","og_site_name":"The Best Social Media DE","article_published_time":"2020-01-10T11:03:55+00:00","article_modified_time":"2020-01-10T11:07:23+00:00","og_image":[{"width":1200,"height":628,"url":"https:\/\/www.thebestsocial.media\/de\/wp-content\/uploads\/sites\/3\/2020\/01\/Zeichnungen-Kinder-FB.png","type":"image\/png"}],"author":"Daniel","twitter_card":"summary_large_image","twitter_misc":{"Verfasst von":"Daniel","Gesch\u00e4tzte Lesezeit":"2\u00a0Minuten"},"schema":{"@context":"https:\/\/schema.org","@graph":[{"@type":"Article","@id":"https:\/\/www.thebestsocial.media\/de\/ich-male-mir-die-welt-kuenstler-bringt-die-kritzeleien-von-kindern-ins-echte-leben\/#article","isPartOf":{"@id":"https:\/\/www.thebestsocial.media\/de\/ich-male-mir-die-welt-kuenstler-bringt-die-kritzeleien-von-kindern-ins-echte-leben\/"},"author":{"name":"Daniel","@id":"https:\/\/www.thebestsocial.media\/de\/#\/schema\/person\/8436dad17308be6a12bda1359db16b67"},"headline":"Ich male mir die Welt: K\u00fcnstler bringt die Kritzeleien von Kindern ins echte Leben","datePublished":"2020-01-10T11:03:55+00:00","dateModified":"2020-01-10T11:07:23+00:00","mainEntityOfPage":{"@id":"https:\/\/www.thebestsocial.media\/de\/ich-male-mir-die-welt-kuenstler-bringt-die-kritzeleien-von-kindern-ins-echte-leben\/"},"wordCount":388,"commentCount":0,"image":{"@id":"https:\/\/www.thebestsocial.media\/de\/ich-male-mir-die-welt-kuenstler-bringt-die-kritzeleien-von-kindern-ins-echte-leben\/#primaryimage"},"thumbnailUrl":"https:\/\/www.thebestsocial.media\/de\/wp-content\/uploads\/sites\/3\/2020\/01\/Zeichnungen-Kinder-BB.png","keywords":["@thingsihavedrawn","Kinder","Zeichnungen"],"articleSection":["Best of","Humor","Instagram"],"inLanguage":"de","potentialAction":[{"@type":"CommentAction","name":"Comment","target":["https:\/\/www.thebestsocial.media\/de\/ich-male-mir-die-welt-kuenstler-bringt-die-kritzeleien-von-kindern-ins-echte-leben\/#respond"]}]},{"@type":"WebPage","@id":"https:\/\/www.thebestsocial.media\/de\/ich-male-mir-die-welt-kuenstler-bringt-die-kritzeleien-von-kindern-ins-echte-leben\/","url":"https:\/\/www.thebestsocial.media\/de\/ich-male-mir-die-welt-kuenstler-bringt-die-kritzeleien-von-kindern-ins-echte-leben\/","name":"Ich male mir die Welt: K\u00fcnstler bringt die Kritzeleien von Kindern ins echte Leben - The Best Social Media DE","isPartOf":{"@id":"https:\/\/www.thebestsocial.media\/de\/#website"},"primaryImageOfPage":{"@id":"https:\/\/www.thebestsocial.media\/de\/ich-male-mir-die-welt-kuenstler-bringt-die-kritzeleien-von-kindern-ins-echte-leben\/#primaryimage"},"image":{"@id":"https:\/\/www.thebestsocial.media\/de\/ich-male-mir-die-welt-kuenstler-bringt-die-kritzeleien-von-kindern-ins-echte-leben\/#primaryimage"},"thumbnailUrl":"https:\/\/www.thebestsocial.media\/de\/wp-content\/uploads\/sites\/3\/2020\/01\/Zeichnungen-Kinder-BB.png","datePublished":"2020-01-10T11:03:55+00:00","dateModified":"2020-01-10T11:07:23+00:00","author":{"@id":"https:\/\/www.thebestsocial.media\/de\/#\/schema\/person\/8436dad17308be6a12bda1359db16b67"},"breadcrumb":{"@id":"https:\/\/www.thebestsocial.media\/de\/ich-male-mir-die-welt-kuenstler-bringt-die-kritzeleien-von-kindern-ins-echte-leben\/#breadcrumb"},"inLanguage":"de","potentialAction":[{"@type":"ReadAction","target":["https:\/\/www.thebestsocial.media\/de\/ich-male-mir-die-welt-kuenstler-bringt-die-kritzeleien-von-kindern-ins-echte-leben\/"]}]},{"@type":"ImageObject","inLanguage":"de","@id":"https:\/\/www.thebestsocial.media\/de\/ich-male-mir-die-welt-kuenstler-bringt-die-kritzeleien-von-kindern-ins-echte-leben\/#primaryimage","url":"https:\/\/www.thebestsocial.media\/de\/wp-content\/uploads\/sites\/3\/2020\/01\/Zeichnungen-Kinder-BB.png","contentUrl":"https:\/\/www.thebestsocial.media\/de\/wp-content\/uploads\/sites\/3\/2020\/01\/Zeichnungen-Kinder-BB.png","width":1200,"height":628},{"@type":"BreadcrumbList","@id":"https:\/\/www.thebestsocial.media\/de\/ich-male-mir-die-welt-kuenstler-bringt-die-kritzeleien-von-kindern-ins-echte-leben\/#breadcrumb","itemListElement":[{"@type":"ListItem","position":1,"name":"Home","item":"https:\/\/www.thebestsocial.media\/de\/"},{"@type":"ListItem","position":2,"name":"Ich male mir die Welt: K\u00fcnstler bringt die Kritzeleien von Kindern ins echte Leben"}]},{"@type":"WebSite","@id":"https:\/\/www.thebestsocial.media\/de\/#website","url":"https:\/\/www.thebestsocial.media\/de\/","name":"The Best Social Media DE","description":"","potentialAction":[{"@type":"SearchAction","target":{"@type":"EntryPoint","urlTemplate":"https:\/\/www.thebestsocial.media\/de\/?s={search_term_string}"},"query-input":{"@type":"PropertyValueSpecification","valueRequired":true,"valueName":"search_term_string"}}],"inLanguage":"de"},{"@type":"Person","@id":"https:\/\/www.thebestsocial.media\/de\/#\/schema\/person\/8436dad17308be6a12bda1359db16b67","name":"Daniel","image":{"@type":"ImageObject","inLanguage":"de","@id":"https:\/\/secure.gravatar.com\/avatar\/e57960a5419478a8e098ecfe25dc307d2752a6893387329845c92b11790ee251?s=96&d=mm&r=g","url":"https:\/\/secure.gravatar.com\/avatar\/e57960a5419478a8e098ecfe25dc307d2752a6893387329845c92b11790ee251?s=96&d=mm&r=g","contentUrl":"https:\/\/secure.gravatar.com\/avatar\/e57960a5419478a8e098ecfe25dc307d2752a6893387329845c92b11790ee251?s=96&d=mm&r=g","caption":"Daniel"},"description":"M\u00fcnchner Urgestein, das sich im Sumpf der sozialen Medien austobt. Wunschberuf war eigentlich Profifu\u00dfballer. Daraus wurde aber nichts, weil der Stift bei der Vertragsunterschrift leer war. Und dann kam auch noch die eine Erk\u00e4ltung.","url":"https:\/\/www.thebestsocial.media\/de\/author\/danielkugler\/"}]}},"amp_enabled":true,"_links":{"self":[{"href":"https:\/\/www.thebestsocial.media\/de\/wp-json\/wp\/v2\/posts\/112174","targetHints":{"allow":["GET"]}}],"collection":[{"href":"https:\/\/www.thebestsocial.media\/de\/wp-json\/wp\/v2\/posts"}],"about":[{"href":"https:\/\/www.thebestsocial.media\/de\/wp-json\/wp\/v2\/types\/post"}],"author":[{"embeddable":true,"href":"https:\/\/www.thebestsocial.media\/de\/wp-json\/wp\/v2\/users\/69"}],"replies":[{"embeddable":true,"href":"https:\/\/www.thebestsocial.media\/de\/wp-json\/wp\/v2\/comments?post=112174"}],"version-history":[{"count":8,"href":"https:\/\/www.thebestsocial.media\/de\/wp-json\/wp\/v2\/posts\/112174\/revisions"}],"predecessor-version":[{"id":112414,"href":"https:\/\/www.thebestsocial.media\/de\/wp-json\/wp\/v2\/posts\/112174\/revisions\/112414"}],"wp:featuredmedia":[{"embeddable":true,"href":"https:\/\/www.thebestsocial.media\/de\/wp-json\/wp\/v2\/media\/112312"}],"wp:attachment":[{"href":"https:\/\/www.thebestsocial.media\/de\/wp-json\/wp\/v2\/media?parent=112174"}],"wp:term":[{"taxonomy":"category","embeddable":true,"href":"https:\/\/www.thebestsocial.media\/de\/wp-json\/wp\/v2\/categories?post=112174"},{"taxonomy":"post_tag","embeddable":true,"href":"https:\/\/www.thebestsocial.media\/de\/wp-json\/wp\/v2\/tags?post=112174"}],"curies":[{"name":"wp","href":"https:\/\/api.w.org\/{rel}","templated":true}]}}