{"id":111873,"date":"2020-01-10T10:20:55","date_gmt":"2020-01-10T10:20:55","guid":{"rendered":"https:\/\/www.thebestsocial.media\/de\/?p=111873"},"modified":"2020-01-10T10:20:55","modified_gmt":"2020-01-10T10:20:55","slug":"der-fliesentisch-aus-zahlreichen-rtl-ii-sendungen-hat-im-netz-absoluten-kult-status","status":"publish","type":"post","link":"https:\/\/www.thebestsocial.media\/de\/der-fliesentisch-aus-zahlreichen-rtl-ii-sendungen-hat-im-netz-absoluten-kult-status\/","title":{"rendered":"Der Fliesentisch aus zahlreichen RTL II Sendungen hat im Netz absoluten Kult-Status"},"content":{"rendered":"<p>Jeder hat ihn! Zumindest jeder, der einmal in einer von RTL II ausgestrahlten (und umgangssprachlich liebevoll Hartz-IV-TV genannten) Sendung zu sehen war: Der Fliesentisch! Deutsches Kulturgut. Im Netz verehrt. Und immer wieder f\u00fcr einen Lacher gut &#8230;<br \/>\n&nbsp;<br \/>\n<strong><\/p>\n<p>1. Wie funktioniert das eigentlich mit dem Besitz solch eines Fliesentisches?<\/p>\n<div class=\"dbsm-oembed\">\n<blockquote class=\"twitter-tweet\" data-width=\"500\" data-dnt=\"true\">\n<p lang=\"de\" dir=\"ltr\">Ich bin heute den ersten Tag in meinem bisherigen Berufsleben arbeitslos gemeldet.<\/p>\n<p>Wird mir jetzt ein Fliesentisch vom Amt zugeteilt oder wie l\u00e4uft das hier?<\/p>\n<p>&mdash; Tom Kraftwerk (@TomKraftwerk) <a href=\"https:\/\/twitter.com\/TomKraftwerk\/status\/1168416750750380034?ref_src=twsrc%5Etfw\">September 2, 2019<\/a><\/p><\/blockquote>\n<p><script async src=\"https:\/\/platform.twitter.com\/widgets.js\" charset=\"utf-8\"><\/script><\/div>\n<p>2. Das Statussymbol eines jeden Hartz-IV-Empf\u00e4ngers:<\/p>\n<p>https:\/\/twitter.com\/MOKoffiziell\/status\/1163679390045282304<\/p>\n<p>3. Und dementsprechend sicher nicht billig!<\/p>\n<p>https:\/\/www.instagram.com\/p\/B03ALXUIPl-\/<\/p>\n<p>4. Ein anderes Exemplar, aber die wichtigsten Fragen bleiben gleich!<\/p>\n<p>https:\/\/www.instagram.com\/p\/BmTq9ynnQ-T\/<\/p>\n<p>5. Andere m\u00fcssen vielleicht erst noch \u00fcberzeugt werden.<\/p>\n<div class=\"dbsm-oembed\">\n<blockquote class=\"twitter-tweet\" data-width=\"500\" data-dnt=\"true\">\n<p lang=\"de\" dir=\"ltr\">Glaube nicht an die Menschheit solange man sowas k\u00e4uflich erwerben kann. <a href=\"https:\/\/t.co\/CUwRQ300Q1\">pic.twitter.com\/CUwRQ300Q1<\/a><\/p>\n<p>&mdash; Christel (@suutje_blieven) <a href=\"https:\/\/twitter.com\/suutje_blieven\/status\/1180495785152126977?ref_src=twsrc%5Etfw\">October 5, 2019<\/a><\/p><\/blockquote>\n<p><script async src=\"https:\/\/platform.twitter.com\/widgets.js\" charset=\"utf-8\"><\/script><\/div>\n<p>6. Stereotypen zieht so ein Fliesentisch \u00fcbrigens magisch an. Wie RTL II Hartz IV Sendungen.<\/p>\n<p>https:\/\/twitter.com\/TommiSchmitt\/status\/1001173287580336129<\/p>\n<p>7. Wie gesagt: Stereotypen und so &#8230; \ud83d\ude09 <\/p>\n<p>https:\/\/twitter.com\/Horst_Hutzel\/status\/995398531400785920<\/p>\n<p>8. Mathelehrer lieben diese Aufgabenstellung.<\/p>\n<div class=\"dbsm-oembed\">\n<blockquote class=\"twitter-tweet\" data-width=\"500\" data-dnt=\"true\">\n<p lang=\"de\" dir=\"ltr\">Cindy bekommt 404\u20ac Hartz4. Die Bulldogge frisst t\u00e4glich f\u00fcr 6\u20ac, Ponystr\u00e4hnen &amp; Kunstn\u00e4gel kosten 52\u20ac.<\/p>\n<p>Welche Farbe hat ihr Fliesentisch?<\/p>\n<p>&mdash; Fischer-Steak (@DerWachsame) <a href=\"https:\/\/twitter.com\/DerWachsame\/status\/728999335334129664?ref_src=twsrc%5Etfw\">May 7, 2016<\/a><\/p><\/blockquote>\n<p><script async src=\"https:\/\/platform.twitter.com\/widgets.js\" charset=\"utf-8\"><\/script><\/div>\n<p>9. Ist das Traumschiff wirklich so schlimm? Frage f\u00fcr Familie Ritter.<\/p>\n<div class=\"dbsm-oembed\">\n<blockquote class=\"twitter-tweet\" data-width=\"500\" data-dnt=\"true\">\n<p lang=\"de\" dir=\"ltr\">Wir gucken gerade zum aller ersten Mal und \u00e4u\u00dferst versehentlich \u201eTraumschiff\u201c und es ist eine wunderbare Mischung aus \u201eGeborgenheit\u201c und \u201egleich w\u00e4chst mir ein Fliesentisch\u201c<\/p>\n<p>&mdash; kasch (@ambrosianuss) <a href=\"https:\/\/twitter.com\/ambrosianuss\/status\/1120412709034569728?ref_src=twsrc%5Etfw\">April 22, 2019<\/a><\/p><\/blockquote>\n<p><script async src=\"https:\/\/platform.twitter.com\/widgets.js\" charset=\"utf-8\"><\/script><\/div>\n<p>10. Wie weiht man einen Fliesentisch eigentlich richtig ein? <\/p>\n<div class=\"dbsm-oembed\">\n<blockquote class=\"twitter-tweet\" data-width=\"500\" data-dnt=\"true\">\n<p lang=\"de\" dir=\"ltr\">So. Unser neuer <a href=\"https:\/\/twitter.com\/hashtag\/Fliesentisch?src=hash&amp;ref_src=twsrc%5Etfw\">#Fliesentisch<\/a> ist nun eingeweiht und offiziell in Patenschaft von @Tau6e! Wurde heute standesgem\u00e4\u00df er\u00f6ffnet! Wir danken sehr \ud83d\ude09 <a href=\"https:\/\/t.co\/MaEvpdbDIy\">pic.twitter.com\/MaEvpdbDIy<\/a><\/p>\n<p>&mdash; linXXnet (@linxxnet) <a href=\"https:\/\/twitter.com\/linxxnet\/status\/1118981368434823168?ref_src=twsrc%5Etfw\">April 18, 2019<\/a><\/p><\/blockquote>\n<p><script async src=\"https:\/\/platform.twitter.com\/widgets.js\" charset=\"utf-8\"><\/script><\/div>\n<p>11. Sch\u00fctzt besser als ein Jack Wolfskin Anorak.<\/p>\n<div class=\"dbsm-oembed\">\n<blockquote class=\"twitter-tweet\" data-width=\"500\" data-dnt=\"true\">\n<p lang=\"de\" dir=\"ltr\">\u201eUnd? Wie verh\u00fctest du?\u201c<\/p>\n<p>\u201eHab nen Fliesentisch\u201c<\/p>\n<p>&mdash; Knifften-Alfred (@an_dy_wand) <a href=\"https:\/\/twitter.com\/an_dy_wand\/status\/1083760283238219777?ref_src=twsrc%5Etfw\">January 11, 2019<\/a><\/p><\/blockquote>\n<p><script async src=\"https:\/\/platform.twitter.com\/widgets.js\" charset=\"utf-8\"><\/script><\/div>\n<p>12. So besagt es zumindest die Legende.<\/p>\n<div class=\"dbsm-oembed\">\n<blockquote class=\"twitter-tweet\" data-width=\"500\" data-dnt=\"true\">\n<p lang=\"de\" dir=\"ltr\">Ich bin fest davon \u00fcberzeugt, dass wenn man nur lange genug Asi-TV schaut, sich ein Wohnzimmertisch magisch in einen Fliesentisch verwandelt<\/p>\n<p>&mdash; Donnie O&#39;Sullivan (@DonnieOsullivan) <a href=\"https:\/\/twitter.com\/DonnieOsullivan\/status\/856562010561155072?ref_src=twsrc%5Etfw\">April 24, 2017<\/a><\/p><\/blockquote>\n<p><script async src=\"https:\/\/platform.twitter.com\/widgets.js\" charset=\"utf-8\"><\/script><\/div>\n<p>13. Es gibt nichts Vergleichbares in der heutigen Zeit. Oder?<\/p>\n<p>https:\/\/www.instagram.com\/p\/Bnqc43OB5R8\/<\/p>\n<p>14. Um den Blog standesgem\u00e4\u00df abzuschlie\u00dfen, hier noch einmal ein Vorurteil: <\/p>\n<p>https:\/\/twitter.com\/MOKoffiziell\/status\/982535923303936000<br \/>\n<\/strong><br \/>\n\u2014\u2014<br \/>\nDanke an alle f\u00fcr die Postings! \u2764\ufe0f\ufe0f<br \/>\n\u2014\u2014<br \/>\n<strong>Keine Influencer! Kein Foodporn! Nur ganz viel Spa\u00df &#8211; bei uns auf Instagram:<\/strong><br \/>\nhttps:\/\/www.instagram.com\/p\/B6-SnzbAGn6\/<\/p>\n","protected":false},"excerpt":{"rendered":"<p>Jeder hat ihn! Zumindest jeder, der einmal in einer von RTL II ausgestrahlten (und umgangssprachlich liebevoll Hartz-IV-TV genannten) Sendung zu sehen war: Der Fliesentisch! Deutsches&#8230;<\/p>\n","protected":false},"author":65,"featured_media":111895,"comment_status":"open","ping_status":"open","sticky":false,"template":"","format":"standard","meta":{"_acf_changed":false,"footnotes":""},"categories":[1],"tags":[697,3520,1281,3166,3521],"class_list":["post-111873","post","type-post","status-publish","format-standard","has-post-thumbnail","hentry","category-uncategorized","tag-deutschland","tag-fliesentisch","tag-hartz-iv","tag-kult","tag-rtl-ii"],"acf":[],"yoast_head":"<!-- This site is optimized with the Yoast SEO plugin v27.5 - https:\/\/yoast.com\/product\/yoast-seo-wordpress\/ -->\n<title>Der Fliesentisch aus zahlreichen RTL II Sendungen hat im Netz absoluten Kult-Status - The Best Social Media DE<\/title>\n<meta name=\"robots\" content=\"index, follow, max-snippet:-1, max-image-preview:large, max-video-preview:-1\" \/>\n<link rel=\"canonical\" href=\"https:\/\/www.thebestsocial.media\/de\/der-fliesentisch-aus-zahlreichen-rtl-ii-sendungen-hat-im-netz-absoluten-kult-status\/\" \/>\n<meta property=\"og:locale\" content=\"de_DE\" \/>\n<meta property=\"og:type\" content=\"article\" \/>\n<meta property=\"og:title\" content=\"Der Fliesentisch aus zahlreichen RTL II Sendungen hat im Netz absoluten Kult-Status\" \/>\n<meta property=\"og:description\" content=\"Jeder hat ihn! Zumindest jeder, der einmal in einer von RTL II ausgestrahlten (und umgangssprachlich liebevoll Hartz-IV-TV genannten) Sendung zu sehen war: Der Fliesentisch! Deutsches...\" \/>\n<meta property=\"og:url\" content=\"https:\/\/www.thebestsocial.media\/de\/der-fliesentisch-aus-zahlreichen-rtl-ii-sendungen-hat-im-netz-absoluten-kult-status\/\" \/>\n<meta property=\"og:site_name\" content=\"The Best Social Media DE\" \/>\n<meta property=\"article:published_time\" content=\"2020-01-10T10:20:55+00:00\" \/>\n<meta property=\"og:image\" content=\"https:\/\/www.thebestsocial.media\/de\/wp-content\/uploads\/sites\/3\/2020\/01\/Flies-FB.png\" \/>\n\t<meta property=\"og:image:width\" content=\"1200\" \/>\n\t<meta property=\"og:image:height\" content=\"628\" \/>\n\t<meta property=\"og:image:type\" content=\"image\/png\" \/>\n<meta name=\"author\" content=\"Jan\" \/>\n<meta name=\"twitter:card\" content=\"summary_large_image\" \/>\n<meta name=\"twitter:label1\" content=\"Verfasst von\" \/>\n\t<meta name=\"twitter:data1\" content=\"Jan\" \/>\n\t<meta name=\"twitter:label2\" content=\"Gesch\u00e4tzte Lesezeit\" \/>\n\t<meta name=\"twitter:data2\" content=\"1\u00a0Minute\" \/>\n<script type=\"application\/ld+json\" class=\"yoast-schema-graph\">{\"@context\":\"https:\\\/\\\/schema.org\",\"@graph\":[{\"@type\":\"Article\",\"@id\":\"https:\\\/\\\/www.thebestsocial.media\\\/de\\\/der-fliesentisch-aus-zahlreichen-rtl-ii-sendungen-hat-im-netz-absoluten-kult-status\\\/#article\",\"isPartOf\":{\"@id\":\"https:\\\/\\\/www.thebestsocial.media\\\/de\\\/der-fliesentisch-aus-zahlreichen-rtl-ii-sendungen-hat-im-netz-absoluten-kult-status\\\/\"},\"author\":{\"name\":\"Jan\",\"@id\":\"https:\\\/\\\/www.thebestsocial.media\\\/de\\\/#\\\/schema\\\/person\\\/03b8d8d2905b97b499c8e0808b724821\"},\"headline\":\"Der Fliesentisch aus zahlreichen RTL II Sendungen hat im Netz absoluten Kult-Status\",\"datePublished\":\"2020-01-10T10:20:55+00:00\",\"mainEntityOfPage\":{\"@id\":\"https:\\\/\\\/www.thebestsocial.media\\\/de\\\/der-fliesentisch-aus-zahlreichen-rtl-ii-sendungen-hat-im-netz-absoluten-kult-status\\\/\"},\"wordCount\":273,\"commentCount\":0,\"image\":{\"@id\":\"https:\\\/\\\/www.thebestsocial.media\\\/de\\\/der-fliesentisch-aus-zahlreichen-rtl-ii-sendungen-hat-im-netz-absoluten-kult-status\\\/#primaryimage\"},\"thumbnailUrl\":\"https:\\\/\\\/www.thebestsocial.media\\\/de\\\/wp-content\\\/uploads\\\/sites\\\/3\\\/2020\\\/01\\\/Fliesentisch.png\",\"keywords\":[\"deutschland\",\"Fliesentisch\",\"Hartz IV\",\"Kult\",\"RTL II\"],\"articleSection\":[\"Uncategorized\"],\"inLanguage\":\"de\",\"potentialAction\":[{\"@type\":\"CommentAction\",\"name\":\"Comment\",\"target\":[\"https:\\\/\\\/www.thebestsocial.media\\\/de\\\/der-fliesentisch-aus-zahlreichen-rtl-ii-sendungen-hat-im-netz-absoluten-kult-status\\\/#respond\"]}]},{\"@type\":\"WebPage\",\"@id\":\"https:\\\/\\\/www.thebestsocial.media\\\/de\\\/der-fliesentisch-aus-zahlreichen-rtl-ii-sendungen-hat-im-netz-absoluten-kult-status\\\/\",\"url\":\"https:\\\/\\\/www.thebestsocial.media\\\/de\\\/der-fliesentisch-aus-zahlreichen-rtl-ii-sendungen-hat-im-netz-absoluten-kult-status\\\/\",\"name\":\"Der Fliesentisch aus zahlreichen RTL II Sendungen hat im Netz absoluten Kult-Status - The Best Social Media DE\",\"isPartOf\":{\"@id\":\"https:\\\/\\\/www.thebestsocial.media\\\/de\\\/#website\"},\"primaryImageOfPage\":{\"@id\":\"https:\\\/\\\/www.thebestsocial.media\\\/de\\\/der-fliesentisch-aus-zahlreichen-rtl-ii-sendungen-hat-im-netz-absoluten-kult-status\\\/#primaryimage\"},\"image\":{\"@id\":\"https:\\\/\\\/www.thebestsocial.media\\\/de\\\/der-fliesentisch-aus-zahlreichen-rtl-ii-sendungen-hat-im-netz-absoluten-kult-status\\\/#primaryimage\"},\"thumbnailUrl\":\"https:\\\/\\\/www.thebestsocial.media\\\/de\\\/wp-content\\\/uploads\\\/sites\\\/3\\\/2020\\\/01\\\/Fliesentisch.png\",\"datePublished\":\"2020-01-10T10:20:55+00:00\",\"author\":{\"@id\":\"https:\\\/\\\/www.thebestsocial.media\\\/de\\\/#\\\/schema\\\/person\\\/03b8d8d2905b97b499c8e0808b724821\"},\"breadcrumb\":{\"@id\":\"https:\\\/\\\/www.thebestsocial.media\\\/de\\\/der-fliesentisch-aus-zahlreichen-rtl-ii-sendungen-hat-im-netz-absoluten-kult-status\\\/#breadcrumb\"},\"inLanguage\":\"de\",\"potentialAction\":[{\"@type\":\"ReadAction\",\"target\":[\"https:\\\/\\\/www.thebestsocial.media\\\/de\\\/der-fliesentisch-aus-zahlreichen-rtl-ii-sendungen-hat-im-netz-absoluten-kult-status\\\/\"]}]},{\"@type\":\"ImageObject\",\"inLanguage\":\"de\",\"@id\":\"https:\\\/\\\/www.thebestsocial.media\\\/de\\\/der-fliesentisch-aus-zahlreichen-rtl-ii-sendungen-hat-im-netz-absoluten-kult-status\\\/#primaryimage\",\"url\":\"https:\\\/\\\/www.thebestsocial.media\\\/de\\\/wp-content\\\/uploads\\\/sites\\\/3\\\/2020\\\/01\\\/Fliesentisch.png\",\"contentUrl\":\"https:\\\/\\\/www.thebestsocial.media\\\/de\\\/wp-content\\\/uploads\\\/sites\\\/3\\\/2020\\\/01\\\/Fliesentisch.png\",\"width\":1200,\"height\":628},{\"@type\":\"BreadcrumbList\",\"@id\":\"https:\\\/\\\/www.thebestsocial.media\\\/de\\\/der-fliesentisch-aus-zahlreichen-rtl-ii-sendungen-hat-im-netz-absoluten-kult-status\\\/#breadcrumb\",\"itemListElement\":[{\"@type\":\"ListItem\",\"position\":1,\"name\":\"Home\",\"item\":\"https:\\\/\\\/www.thebestsocial.media\\\/de\\\/\"},{\"@type\":\"ListItem\",\"position\":2,\"name\":\"Der Fliesentisch aus zahlreichen RTL II Sendungen hat im Netz absoluten Kult-Status\"}]},{\"@type\":\"WebSite\",\"@id\":\"https:\\\/\\\/www.thebestsocial.media\\\/de\\\/#website\",\"url\":\"https:\\\/\\\/www.thebestsocial.media\\\/de\\\/\",\"name\":\"The Best Social Media DE\",\"description\":\"\",\"potentialAction\":[{\"@type\":\"SearchAction\",\"target\":{\"@type\":\"EntryPoint\",\"urlTemplate\":\"https:\\\/\\\/www.thebestsocial.media\\\/de\\\/?s={search_term_string}\"},\"query-input\":{\"@type\":\"PropertyValueSpecification\",\"valueRequired\":true,\"valueName\":\"search_term_string\"}}],\"inLanguage\":\"de\"},{\"@type\":\"Person\",\"@id\":\"https:\\\/\\\/www.thebestsocial.media\\\/de\\\/#\\\/schema\\\/person\\\/03b8d8d2905b97b499c8e0808b724821\",\"name\":\"Jan\",\"image\":{\"@type\":\"ImageObject\",\"inLanguage\":\"de\",\"@id\":\"https:\\\/\\\/secure.gravatar.com\\\/avatar\\\/6977c5e4d81f2a717dcf76e5e74d7a00b583f3f83a2b00830dedfc799d928343?s=96&d=mm&r=g\",\"url\":\"https:\\\/\\\/secure.gravatar.com\\\/avatar\\\/6977c5e4d81f2a717dcf76e5e74d7a00b583f3f83a2b00830dedfc799d928343?s=96&d=mm&r=g\",\"contentUrl\":\"https:\\\/\\\/secure.gravatar.com\\\/avatar\\\/6977c5e4d81f2a717dcf76e5e74d7a00b583f3f83a2b00830dedfc799d928343?s=96&d=mm&r=g\",\"caption\":\"Jan\"},\"description\":\"Wohnt in M\u00fcnchen, hat aber bis heute keine Ahnung, wie er dort gelandet ist. W\u00fcnscht sich manchmal eine dritte Stimme im Kopf, die ihn davon abh\u00e4lt, auszusprechen, was er gerade denkt. Mag Sport und jeden Kartoffelchip einzeln zu essen. Hasst es, sich auf neue Duschen einstellen zu m\u00fcssen. In einer Beziehung mit Social Media \u2013 aber es ist kompliziert.\",\"url\":\"https:\\\/\\\/www.thebestsocial.media\\\/de\\\/author\\\/janhorstkoetter\\\/\"}]}<\/script>\n<!-- \/ Yoast SEO plugin. -->","yoast_head_json":{"title":"Der Fliesentisch aus zahlreichen RTL II Sendungen hat im Netz absoluten Kult-Status - The Best Social Media DE","robots":{"index":"index","follow":"follow","max-snippet":"max-snippet:-1","max-image-preview":"max-image-preview:large","max-video-preview":"max-video-preview:-1"},"canonical":"https:\/\/www.thebestsocial.media\/de\/der-fliesentisch-aus-zahlreichen-rtl-ii-sendungen-hat-im-netz-absoluten-kult-status\/","og_locale":"de_DE","og_type":"article","og_title":"Der Fliesentisch aus zahlreichen RTL II Sendungen hat im Netz absoluten Kult-Status","og_description":"Jeder hat ihn! Zumindest jeder, der einmal in einer von RTL II ausgestrahlten (und umgangssprachlich liebevoll Hartz-IV-TV genannten) Sendung zu sehen war: Der Fliesentisch! Deutsches...","og_url":"https:\/\/www.thebestsocial.media\/de\/der-fliesentisch-aus-zahlreichen-rtl-ii-sendungen-hat-im-netz-absoluten-kult-status\/","og_site_name":"The Best Social Media DE","article_published_time":"2020-01-10T10:20:55+00:00","og_image":[{"width":1200,"height":628,"url":"https:\/\/www.thebestsocial.media\/de\/wp-content\/uploads\/sites\/3\/2020\/01\/Flies-FB.png","type":"image\/png"}],"author":"Jan","twitter_card":"summary_large_image","twitter_misc":{"Verfasst von":"Jan","Gesch\u00e4tzte Lesezeit":"1\u00a0Minute"},"schema":{"@context":"https:\/\/schema.org","@graph":[{"@type":"Article","@id":"https:\/\/www.thebestsocial.media\/de\/der-fliesentisch-aus-zahlreichen-rtl-ii-sendungen-hat-im-netz-absoluten-kult-status\/#article","isPartOf":{"@id":"https:\/\/www.thebestsocial.media\/de\/der-fliesentisch-aus-zahlreichen-rtl-ii-sendungen-hat-im-netz-absoluten-kult-status\/"},"author":{"name":"Jan","@id":"https:\/\/www.thebestsocial.media\/de\/#\/schema\/person\/03b8d8d2905b97b499c8e0808b724821"},"headline":"Der Fliesentisch aus zahlreichen RTL II Sendungen hat im Netz absoluten Kult-Status","datePublished":"2020-01-10T10:20:55+00:00","mainEntityOfPage":{"@id":"https:\/\/www.thebestsocial.media\/de\/der-fliesentisch-aus-zahlreichen-rtl-ii-sendungen-hat-im-netz-absoluten-kult-status\/"},"wordCount":273,"commentCount":0,"image":{"@id":"https:\/\/www.thebestsocial.media\/de\/der-fliesentisch-aus-zahlreichen-rtl-ii-sendungen-hat-im-netz-absoluten-kult-status\/#primaryimage"},"thumbnailUrl":"https:\/\/www.thebestsocial.media\/de\/wp-content\/uploads\/sites\/3\/2020\/01\/Fliesentisch.png","keywords":["deutschland","Fliesentisch","Hartz IV","Kult","RTL II"],"articleSection":["Uncategorized"],"inLanguage":"de","potentialAction":[{"@type":"CommentAction","name":"Comment","target":["https:\/\/www.thebestsocial.media\/de\/der-fliesentisch-aus-zahlreichen-rtl-ii-sendungen-hat-im-netz-absoluten-kult-status\/#respond"]}]},{"@type":"WebPage","@id":"https:\/\/www.thebestsocial.media\/de\/der-fliesentisch-aus-zahlreichen-rtl-ii-sendungen-hat-im-netz-absoluten-kult-status\/","url":"https:\/\/www.thebestsocial.media\/de\/der-fliesentisch-aus-zahlreichen-rtl-ii-sendungen-hat-im-netz-absoluten-kult-status\/","name":"Der Fliesentisch aus zahlreichen RTL II Sendungen hat im Netz absoluten Kult-Status - The Best Social Media DE","isPartOf":{"@id":"https:\/\/www.thebestsocial.media\/de\/#website"},"primaryImageOfPage":{"@id":"https:\/\/www.thebestsocial.media\/de\/der-fliesentisch-aus-zahlreichen-rtl-ii-sendungen-hat-im-netz-absoluten-kult-status\/#primaryimage"},"image":{"@id":"https:\/\/www.thebestsocial.media\/de\/der-fliesentisch-aus-zahlreichen-rtl-ii-sendungen-hat-im-netz-absoluten-kult-status\/#primaryimage"},"thumbnailUrl":"https:\/\/www.thebestsocial.media\/de\/wp-content\/uploads\/sites\/3\/2020\/01\/Fliesentisch.png","datePublished":"2020-01-10T10:20:55+00:00","author":{"@id":"https:\/\/www.thebestsocial.media\/de\/#\/schema\/person\/03b8d8d2905b97b499c8e0808b724821"},"breadcrumb":{"@id":"https:\/\/www.thebestsocial.media\/de\/der-fliesentisch-aus-zahlreichen-rtl-ii-sendungen-hat-im-netz-absoluten-kult-status\/#breadcrumb"},"inLanguage":"de","potentialAction":[{"@type":"ReadAction","target":["https:\/\/www.thebestsocial.media\/de\/der-fliesentisch-aus-zahlreichen-rtl-ii-sendungen-hat-im-netz-absoluten-kult-status\/"]}]},{"@type":"ImageObject","inLanguage":"de","@id":"https:\/\/www.thebestsocial.media\/de\/der-fliesentisch-aus-zahlreichen-rtl-ii-sendungen-hat-im-netz-absoluten-kult-status\/#primaryimage","url":"https:\/\/www.thebestsocial.media\/de\/wp-content\/uploads\/sites\/3\/2020\/01\/Fliesentisch.png","contentUrl":"https:\/\/www.thebestsocial.media\/de\/wp-content\/uploads\/sites\/3\/2020\/01\/Fliesentisch.png","width":1200,"height":628},{"@type":"BreadcrumbList","@id":"https:\/\/www.thebestsocial.media\/de\/der-fliesentisch-aus-zahlreichen-rtl-ii-sendungen-hat-im-netz-absoluten-kult-status\/#breadcrumb","itemListElement":[{"@type":"ListItem","position":1,"name":"Home","item":"https:\/\/www.thebestsocial.media\/de\/"},{"@type":"ListItem","position":2,"name":"Der Fliesentisch aus zahlreichen RTL II Sendungen hat im Netz absoluten Kult-Status"}]},{"@type":"WebSite","@id":"https:\/\/www.thebestsocial.media\/de\/#website","url":"https:\/\/www.thebestsocial.media\/de\/","name":"The Best Social Media DE","description":"","potentialAction":[{"@type":"SearchAction","target":{"@type":"EntryPoint","urlTemplate":"https:\/\/www.thebestsocial.media\/de\/?s={search_term_string}"},"query-input":{"@type":"PropertyValueSpecification","valueRequired":true,"valueName":"search_term_string"}}],"inLanguage":"de"},{"@type":"Person","@id":"https:\/\/www.thebestsocial.media\/de\/#\/schema\/person\/03b8d8d2905b97b499c8e0808b724821","name":"Jan","image":{"@type":"ImageObject","inLanguage":"de","@id":"https:\/\/secure.gravatar.com\/avatar\/6977c5e4d81f2a717dcf76e5e74d7a00b583f3f83a2b00830dedfc799d928343?s=96&d=mm&r=g","url":"https:\/\/secure.gravatar.com\/avatar\/6977c5e4d81f2a717dcf76e5e74d7a00b583f3f83a2b00830dedfc799d928343?s=96&d=mm&r=g","contentUrl":"https:\/\/secure.gravatar.com\/avatar\/6977c5e4d81f2a717dcf76e5e74d7a00b583f3f83a2b00830dedfc799d928343?s=96&d=mm&r=g","caption":"Jan"},"description":"Wohnt in M\u00fcnchen, hat aber bis heute keine Ahnung, wie er dort gelandet ist. W\u00fcnscht sich manchmal eine dritte Stimme im Kopf, die ihn davon abh\u00e4lt, auszusprechen, was er gerade denkt. Mag Sport und jeden Kartoffelchip einzeln zu essen. Hasst es, sich auf neue Duschen einstellen zu m\u00fcssen. In einer Beziehung mit Social Media \u2013 aber es ist kompliziert.","url":"https:\/\/www.thebestsocial.media\/de\/author\/janhorstkoetter\/"}]}},"amp_enabled":true,"_links":{"self":[{"href":"https:\/\/www.thebestsocial.media\/de\/wp-json\/wp\/v2\/posts\/111873","targetHints":{"allow":["GET"]}}],"collection":[{"href":"https:\/\/www.thebestsocial.media\/de\/wp-json\/wp\/v2\/posts"}],"about":[{"href":"https:\/\/www.thebestsocial.media\/de\/wp-json\/wp\/v2\/types\/post"}],"author":[{"embeddable":true,"href":"https:\/\/www.thebestsocial.media\/de\/wp-json\/wp\/v2\/users\/65"}],"replies":[{"embeddable":true,"href":"https:\/\/www.thebestsocial.media\/de\/wp-json\/wp\/v2\/comments?post=111873"}],"version-history":[{"count":3,"href":"https:\/\/www.thebestsocial.media\/de\/wp-json\/wp\/v2\/posts\/111873\/revisions"}],"predecessor-version":[{"id":111893,"href":"https:\/\/www.thebestsocial.media\/de\/wp-json\/wp\/v2\/posts\/111873\/revisions\/111893"}],"wp:featuredmedia":[{"embeddable":true,"href":"https:\/\/www.thebestsocial.media\/de\/wp-json\/wp\/v2\/media\/111895"}],"wp:attachment":[{"href":"https:\/\/www.thebestsocial.media\/de\/wp-json\/wp\/v2\/media?parent=111873"}],"wp:term":[{"taxonomy":"category","embeddable":true,"href":"https:\/\/www.thebestsocial.media\/de\/wp-json\/wp\/v2\/categories?post=111873"},{"taxonomy":"post_tag","embeddable":true,"href":"https:\/\/www.thebestsocial.media\/de\/wp-json\/wp\/v2\/tags?post=111873"}],"curies":[{"name":"wp","href":"https:\/\/api.w.org\/{rel}","templated":true}]}}