{"id":111623,"date":"2020-01-06T11:43:11","date_gmt":"2020-01-06T11:43:11","guid":{"rendered":"https:\/\/www.thebestsocial.media\/de\/?p=111623"},"modified":"2020-01-08T14:53:26","modified_gmt":"2020-01-08T14:53:26","slug":"nachtrag-zum-wochenende-3-weltkriegs-memes-haben-das-netz-erobert","status":"publish","type":"post","link":"https:\/\/www.thebestsocial.media\/de\/nachtrag-zum-wochenende-3-weltkriegs-memes-haben-das-netz-erobert\/","title":{"rendered":"Nachtrag zum Wochenende: 3. Weltkriegs-Memes haben das Netz erobert"},"content":{"rendered":"<p>Nachdem am vergangenen Freitag der iranische General Kassem Soleimani bei einem Raketenangriff durch die US-Streitkr\u00e4fte ums Leben kam, verbreiteten sich Ger\u00fcchte um einen nahenden 3. Weltkrieg wie ein Lauffeuer durchs Netz. Und auch wenn die Gedanken an selbigen noch so schrecklich sein m\u00f6gen, gibt es wohl nicht viele Dinge auf der Welt, die im Internet letztlich nicht auch mit Humor aufgearbeitet werden. Folgerichtig entstandt noch am selben Tag ein beachtlicher Hype um sogenannte WW3-Memes (World War 3), der Twitter und zahlreiche Meme-Seiten \u00fcber das Wochenende flutete. Ob das nun witzig ist oder nicht, schwarzer Humor oder Geschmacklosigkeit, entspannend oder verharmlosend&#8230; das Urteil sei euch \u00fcberlassen. Klar ist jedoch, dass Humor f\u00fcr viele (US-amerikanische) Jugendliche als geeignetes Mittel erscheint, um mit Zukunfts\u00e4ngsten und dystopischen Nachrichten umzugehen. <\/p>\n<p><strong><br \/>\n1. Aber mal langsam. Der Tod eines einzelnen Menschen kann doch nicht so weitreichende Folgen haben&#8230; Oder? Oder?!<\/p>\n<p>https:\/\/twitter.com\/Fynnland_\/status\/1213091191488679937<\/p>\n<p><img loading=\"lazy\" decoding=\"async\" src=\"https:\/\/www.thebestsocial.media\/de\/wp-content\/uploads\/sites\/3\/2020\/01\/ENXD_6wXsAEK3k3-1024x663.jpg\" alt=\"\" width=\"1024\" height=\"663\" class=\"alignnone size-large wp-image-111641\" srcset=\"https:\/\/www.thebestsocial.media\/de\/wp-content\/uploads\/sites\/3\/2020\/01\/ENXD_6wXsAEK3k3-1024x663.jpg 1024w, https:\/\/www.thebestsocial.media\/de\/wp-content\/uploads\/sites\/3\/2020\/01\/ENXD_6wXsAEK3k3-300x194.jpg 300w, https:\/\/www.thebestsocial.media\/de\/wp-content\/uploads\/sites\/3\/2020\/01\/ENXD_6wXsAEK3k3-768x497.jpg 768w, https:\/\/www.thebestsocial.media\/de\/wp-content\/uploads\/sites\/3\/2020\/01\/ENXD_6wXsAEK3k3.jpg 1080w\" sizes=\"auto, (max-width: 1024px) 100vw, 1024px\" \/><\/p>\n<p><img loading=\"lazy\" decoding=\"async\" src=\"https:\/\/www.thebestsocial.media\/de\/wp-content\/uploads\/sites\/3\/2020\/01\/ENXEAg8WoAAWkK6.jpg\" alt=\"\" width=\"657\" height=\"419\" class=\"alignnone size-large wp-image-111642\" srcset=\"https:\/\/www.thebestsocial.media\/de\/wp-content\/uploads\/sites\/3\/2020\/01\/ENXEAg8WoAAWkK6.jpg 657w, https:\/\/www.thebestsocial.media\/de\/wp-content\/uploads\/sites\/3\/2020\/01\/ENXEAg8WoAAWkK6-300x191.jpg 300w\" sizes=\"auto, (max-width: 657px) 100vw, 657px\" \/><br \/>\n&nbsp;<\/p>\n<p>2. Bez\u00fcglich der Ursache des ganzen Dramas: Handelte es sich hier vielleicht um ein kleines Versehen aufgrund technischer Inkompetenz?<\/p>\n<p>https:\/\/twitter.com\/wilddreadhead_\/status\/1213607471908114434<\/p>\n<p>3. W\u00e4hrenddessen machten sich in den USA viele Jugendliche Gedanken dar\u00fcber, was passieren w\u00fcrde, wenn sie &#8222;gedrafted&#8220;, also zur Armee eingezogen werden. Vielleicht auf dem schnellsten Weg \u00fcber die Grenze gen S\u00fcden fl\u00fcchten?<\/p>\n<div class=\"dbsm-oembed\">\n<blockquote class=\"twitter-tweet\" data-width=\"500\" data-dnt=\"true\">\n<p lang=\"en\" dir=\"ltr\">Me omw to Mexico when I get my draft letter <a href=\"https:\/\/twitter.com\/hashtag\/WWIII?src=hash&amp;ref_src=twsrc%5Etfw\">#WWIII<\/a> <a href=\"https:\/\/t.co\/12McA5mWeO\">pic.twitter.com\/12McA5mWeO<\/a><\/p>\n<p>&mdash; Erik (@eriklxpez) <a href=\"https:\/\/twitter.com\/eriklxpez\/status\/1212978298998755328?ref_src=twsrc%5Etfw\">January 3, 2020<\/a><\/p><\/blockquote>\n<p><script async src=\"https:\/\/platform.twitter.com\/widgets.js\" charset=\"utf-8\"><\/script><\/div>\n<p>Oder zumindest top gestyled an der Front erscheinen? <\/p>\n<div class=\"dbsm-oembed\">\n<blockquote class=\"twitter-tweet\" data-width=\"500\" data-dnt=\"true\">\n<p lang=\"en\" dir=\"ltr\">If i get drafted i will fight flexing <a href=\"https:\/\/twitter.com\/hashtag\/ww3memes?src=hash&amp;ref_src=twsrc%5Etfw\">#ww3memes<\/a> <a href=\"https:\/\/t.co\/VS2946RJC9\">pic.twitter.com\/VS2946RJC9<\/a><\/p>\n<p>&mdash; R I G \u00d8 (@Rigo_Capalot) <a href=\"https:\/\/twitter.com\/Rigo_Capalot\/status\/1213550354186620934?ref_src=twsrc%5Etfw\">January 4, 2020<\/a><\/p><\/blockquote>\n<p><script async src=\"https:\/\/platform.twitter.com\/widgets.js\" charset=\"utf-8\"><\/script><\/div>\n<p>In letzter Konsequenz zumindest mit all den anderen Deserteuren ein frohes Fest hinter Gittern feiern. <\/p>\n<p>https:\/\/twitter.com\/PlayoffNugs\/status\/1212949970862706688<\/p>\n<p>4. Andere \u00fcberlegen sich derweil, wie sie sich an der Front wohl so verhalten w\u00fcrden. <\/p>\n<div class=\"dbsm-oembed\">\n<blockquote class=\"twitter-tweet\" data-width=\"500\" data-dnt=\"true\">\n<p lang=\"en\" dir=\"ltr\">Me and the boyz in <a href=\"https:\/\/twitter.com\/hashtag\/ww3memes?src=hash&amp;ref_src=twsrc%5Etfw\">#ww3memes<\/a> <a href=\"https:\/\/t.co\/K5VFwI864T\">pic.twitter.com\/K5VFwI864T<\/a><\/p>\n<p>&mdash; Josemaria (@x_agent_14) <a href=\"https:\/\/twitter.com\/x_agent_14\/status\/1213552445655154688?ref_src=twsrc%5Etfw\">January 4, 2020<\/a><\/p><\/blockquote>\n<p><script async src=\"https:\/\/platform.twitter.com\/widgets.js\" charset=\"utf-8\"><\/script><\/div>\n<p>https:\/\/twitter.com\/MiaEspinales\/status\/1213572953440473088<\/p>\n<p>5. Viele machen vermutlich einfach weiter, wie bisher. <\/p>\n<div class=\"dbsm-oembed\">\n<blockquote class=\"twitter-tweet\" data-width=\"500\" data-dnt=\"true\">\n<p lang=\"en\" dir=\"ltr\">nah these memes are way too funny. <a href=\"https:\/\/twitter.com\/hashtag\/ww3memes?src=hash&amp;ref_src=twsrc%5Etfw\">#ww3memes<\/a> <a href=\"https:\/\/t.co\/vqHlUxMsjX\">pic.twitter.com\/vqHlUxMsjX<\/a><\/p>\n<p>&mdash; chloe$\ud83d\udda4 (@cbandzzzz_) <a href=\"https:\/\/twitter.com\/cbandzzzz_\/status\/1213554535215570945?ref_src=twsrc%5Etfw\">January 4, 2020<\/a><\/p><\/blockquote>\n<p><script async src=\"https:\/\/platform.twitter.com\/widgets.js\" charset=\"utf-8\"><\/script><\/div>\n<p>https:\/\/twitter.com\/WWIII_MeMe20\/status\/1213631845180624896<\/p>\n<p>6. Hat jemand eigentlich mal an die Lehrer gedacht?<\/p>\n<div class=\"dbsm-oembed\">\n<blockquote class=\"twitter-tweet\" data-width=\"500\" data-dnt=\"true\">\n<p lang=\"en\" dir=\"ltr\">History teachers when they find out they have to teach about another war  <a href=\"https:\/\/twitter.com\/hashtag\/WorldWarIII?src=hash&amp;ref_src=twsrc%5Etfw\">#WorldWarIII<\/a> <a href=\"https:\/\/twitter.com\/hashtag\/ww3memes?src=hash&amp;ref_src=twsrc%5Etfw\">#ww3memes<\/a> <a href=\"https:\/\/t.co\/Y9j1iJ0bDk\">pic.twitter.com\/Y9j1iJ0bDk<\/a><\/p>\n<p>&mdash; $$$. (@nishajustdgaf) <a href=\"https:\/\/twitter.com\/nishajustdgaf\/status\/1213604208571801600?ref_src=twsrc%5Etfw\">January 4, 2020<\/a><\/p><\/blockquote>\n<p><script async src=\"https:\/\/platform.twitter.com\/widgets.js\" charset=\"utf-8\"><\/script><\/div>\n<p>7. In Deutschland haben sich User \u00fcbrigens auch ge\u00e4u\u00dfert. Teilweise kritisch &#038; besorgt&#8230;<\/p>\n<div class=\"dbsm-oembed\">\n<blockquote class=\"twitter-tweet\" data-width=\"500\" data-dnt=\"true\">\n<p lang=\"de\" dir=\"ltr\">W\u00e4hrend sich unter <a href=\"https:\/\/twitter.com\/hashtag\/WWIII?src=hash&amp;ref_src=twsrc%5Etfw\">#WWIII<\/a> und <a href=\"https:\/\/twitter.com\/hashtag\/Soleimani?src=hash&amp;ref_src=twsrc%5Etfw\">#Soleimani<\/a> die Leute lustig machen, habe ich angst. <\/p>\n<p>Angst um deutsche Soldaten, die im <a href=\"https:\/\/twitter.com\/hashtag\/Irak?src=hash&amp;ref_src=twsrc%5Etfw\">#Irak<\/a> stationiert sind. <br \/>Angst um noch mehr Tote in der Golfregion. <br \/>Angst um die iranische, irakische, israelische, pal\u00e4stinensische &amp; arabische Bev\u00f6lkerung \/TN<\/p>\n<p>&mdash; UnionWatch \/ @watch_union@mastodon.social (@watch_union) <a href=\"https:\/\/twitter.com\/watch_union\/status\/1213071164916031489?ref_src=twsrc%5Etfw\">January 3, 2020<\/a><\/p><\/blockquote>\n<p><script async src=\"https:\/\/platform.twitter.com\/widgets.js\" charset=\"utf-8\"><\/script><\/div>\n<p>8. &#8230; teilweise mit \u00e4hnlichem Humor wie in den Staaten. <\/p>\n<p>https:\/\/twitter.com\/giuliere\/status\/1213132396499001344<\/p>\n<div class=\"dbsm-oembed\">\n<blockquote class=\"twitter-tweet\" data-width=\"500\" data-dnt=\"true\">\n<p lang=\"de\" dir=\"ltr\">Im 3 Weltkrieg gibt&#39;s bestimmt lustige Vlogs von der Front<\/p>\n<p>&mdash; Tommys r\u00e4udiger Ranzaccount (@ranzaccount) <a href=\"https:\/\/twitter.com\/ranzaccount\/status\/1213416623920615424?ref_src=twsrc%5Etfw\">January 4, 2020<\/a><\/p><\/blockquote>\n<p><script async src=\"https:\/\/platform.twitter.com\/widgets.js\" charset=\"utf-8\"><\/script><\/div>\n<p>9. Nur unsere Nachbarn hinter den Alpen k\u00f6nnen weiterhin beruhigt schlafen. <\/p>\n<div class=\"dbsm-oembed\">\n<blockquote class=\"twitter-tweet\" data-width=\"500\" data-dnt=\"true\">\n<p lang=\"de\" dir=\"ltr\">Wenn der 3. Weltkrieg ausbricht, aber du weisst, du lebst in der Schweiz.<a href=\"https:\/\/twitter.com\/hashtag\/WWIII?src=hash&amp;ref_src=twsrc%5Etfw\">#WWIII<\/a> <a href=\"https:\/\/t.co\/55NmFGXLN7\">pic.twitter.com\/55NmFGXLN7<\/a><\/p>\n<p>&mdash; Ryan (@Ryan_L18) <a href=\"https:\/\/twitter.com\/Ryan_L18\/status\/1213068758941605888?ref_src=twsrc%5Etfw\">January 3, 2020<\/a><\/p><\/blockquote>\n<p><script async src=\"https:\/\/platform.twitter.com\/widgets.js\" charset=\"utf-8\"><\/script><\/div>\n<p>10. Ganz im Gegensatz zu uns, wenn man den Ausf\u00fchrungen dieser Influencerin Glauben schenken mag. Aua. <\/p>\n<p>https:\/\/twitter.com\/FelixLeidecker\/status\/1213943834377424897<\/p>\n<p><\/strong><\/p>\n<p>\u2014\u2014<br \/>\nDanke an alle f\u00fcr die Postings!<br \/>\n\u2014\u2014<br \/>\n<strong>Du kannst das hier alles noch viel besser &#8211; und willst es uns beweisen? Dann werde Teil von The Best Social Media in Berlin! <\/strong><br \/>\n<a href=\"https:\/\/www.thebestsocialjobs.com\/de\/stelle\/online-redakteur-koordinator-m-w-d-bei-the-best-social-media\/\">+++HIER BEWERBEN+++HIER BEWERBEN+++H<\/a><\/p>\n<p><img loading=\"lazy\" decoding=\"async\" src=\"https:\/\/www.thebestsocial.media\/de\/wp-content\/uploads\/sites\/3\/2019\/10\/jobsheaderkoord-1024x536.png\" alt=\"\" width=\"1024\" height=\"536\" class=\"alignnone size-large wp-image-105392\" srcset=\"https:\/\/www.thebestsocial.media\/de\/wp-content\/uploads\/sites\/3\/2019\/10\/jobsheaderkoord-1024x536.png 1024w, https:\/\/www.thebestsocial.media\/de\/wp-content\/uploads\/sites\/3\/2019\/10\/jobsheaderkoord-300x157.png 300w, https:\/\/www.thebestsocial.media\/de\/wp-content\/uploads\/sites\/3\/2019\/10\/jobsheaderkoord-768x402.png 768w, https:\/\/www.thebestsocial.media\/de\/wp-content\/uploads\/sites\/3\/2019\/10\/jobsheaderkoord.png 1200w\" sizes=\"auto, (max-width: 1024px) 100vw, 1024px\" \/><\/p>\n","protected":false},"excerpt":{"rendered":"<p>Nachdem am vergangenen Freitag der iranische General Kassem Soleimani bei einem Raketenangriff durch die US-Streitkr\u00e4fte ums Leben kam, verbreiteten sich Ger\u00fcchte um einen nahenden 3&#8230;.<\/p>\n","protected":false},"author":54,"featured_media":111649,"comment_status":"open","ping_status":"open","sticky":false,"template":"","format":"standard","meta":{"_acf_changed":false,"footnotes":""},"categories":[1717,294],"tags":[3507,3506],"class_list":["post-111623","post","type-post","status-publish","format-standard","has-post-thumbnail","hentry","category-community","category-hype","tag-3-weltkrieg","tag-ww3"],"acf":[],"yoast_head":"<!-- This site is optimized with the Yoast SEO plugin v27.4 - https:\/\/yoast.com\/product\/yoast-seo-wordpress\/ -->\n<title>Nachtrag zum Wochenende: 3. Weltkriegs-Memes haben das Netz erobert - The Best Social Media DE<\/title>\n<meta name=\"robots\" content=\"index, follow, max-snippet:-1, max-image-preview:large, max-video-preview:-1\" \/>\n<link rel=\"canonical\" href=\"https:\/\/www.thebestsocial.media\/de\/nachtrag-zum-wochenende-3-weltkriegs-memes-haben-das-netz-erobert\/\" \/>\n<meta property=\"og:locale\" content=\"de_DE\" \/>\n<meta property=\"og:type\" content=\"article\" \/>\n<meta property=\"og:title\" content=\"Nachtrag zum Wochenende: 3. Weltkriegs-Memes haben das Netz erobert\" \/>\n<meta property=\"og:description\" content=\"Nachdem am vergangenen Freitag der iranische General Kassem Soleimani bei einem Raketenangriff durch die US-Streitkr\u00e4fte ums Leben kam, verbreiteten sich Ger\u00fcchte um einen nahenden 3....\" \/>\n<meta property=\"og:url\" content=\"https:\/\/www.thebestsocial.media\/de\/nachtrag-zum-wochenende-3-weltkriegs-memes-haben-das-netz-erobert\/\" \/>\n<meta property=\"og:site_name\" content=\"The Best Social Media DE\" \/>\n<meta property=\"article:published_time\" content=\"2020-01-06T11:43:11+00:00\" \/>\n<meta property=\"article:modified_time\" content=\"2020-01-08T14:53:26+00:00\" \/>\n<meta property=\"og:image\" content=\"https:\/\/www.thebestsocial.media\/de\/wp-content\/uploads\/sites\/3\/2020\/01\/ww3header.png\" \/>\n\t<meta property=\"og:image:width\" content=\"1200\" \/>\n\t<meta property=\"og:image:height\" content=\"628\" \/>\n\t<meta property=\"og:image:type\" content=\"image\/png\" \/>\n<meta name=\"author\" content=\"dion\" \/>\n<meta name=\"twitter:card\" content=\"summary_large_image\" \/>\n<meta name=\"twitter:creator\" content=\"@https:\/\/twitter.com\/karlauaa\" \/>\n<meta name=\"twitter:label1\" content=\"Verfasst von\" \/>\n\t<meta name=\"twitter:data1\" content=\"dion\" \/>\n\t<meta name=\"twitter:label2\" content=\"Gesch\u00e4tzte Lesezeit\" \/>\n\t<meta name=\"twitter:data2\" content=\"2\u00a0Minuten\" \/>\n<script type=\"application\/ld+json\" class=\"yoast-schema-graph\">{\"@context\":\"https:\\\/\\\/schema.org\",\"@graph\":[{\"@type\":\"Article\",\"@id\":\"https:\\\/\\\/www.thebestsocial.media\\\/de\\\/nachtrag-zum-wochenende-3-weltkriegs-memes-haben-das-netz-erobert\\\/#article\",\"isPartOf\":{\"@id\":\"https:\\\/\\\/www.thebestsocial.media\\\/de\\\/nachtrag-zum-wochenende-3-weltkriegs-memes-haben-das-netz-erobert\\\/\"},\"author\":{\"name\":\"dion\",\"@id\":\"https:\\\/\\\/www.thebestsocial.media\\\/de\\\/#\\\/schema\\\/person\\\/365173f1fca5907fe6290e35cbd2d91a\"},\"headline\":\"Nachtrag zum Wochenende: 3. Weltkriegs-Memes haben das Netz erobert\",\"datePublished\":\"2020-01-06T11:43:11+00:00\",\"dateModified\":\"2020-01-08T14:53:26+00:00\",\"mainEntityOfPage\":{\"@id\":\"https:\\\/\\\/www.thebestsocial.media\\\/de\\\/nachtrag-zum-wochenende-3-weltkriegs-memes-haben-das-netz-erobert\\\/\"},\"wordCount\":425,\"commentCount\":0,\"image\":{\"@id\":\"https:\\\/\\\/www.thebestsocial.media\\\/de\\\/nachtrag-zum-wochenende-3-weltkriegs-memes-haben-das-netz-erobert\\\/#primaryimage\"},\"thumbnailUrl\":\"https:\\\/\\\/www.thebestsocial.media\\\/de\\\/wp-content\\\/uploads\\\/sites\\\/3\\\/2020\\\/01\\\/soldat.png\",\"keywords\":[\"3. Weltkrieg\",\"WW3\"],\"articleSection\":[\"Community\",\"Hype\"],\"inLanguage\":\"de\",\"potentialAction\":[{\"@type\":\"CommentAction\",\"name\":\"Comment\",\"target\":[\"https:\\\/\\\/www.thebestsocial.media\\\/de\\\/nachtrag-zum-wochenende-3-weltkriegs-memes-haben-das-netz-erobert\\\/#respond\"]}]},{\"@type\":\"WebPage\",\"@id\":\"https:\\\/\\\/www.thebestsocial.media\\\/de\\\/nachtrag-zum-wochenende-3-weltkriegs-memes-haben-das-netz-erobert\\\/\",\"url\":\"https:\\\/\\\/www.thebestsocial.media\\\/de\\\/nachtrag-zum-wochenende-3-weltkriegs-memes-haben-das-netz-erobert\\\/\",\"name\":\"Nachtrag zum Wochenende: 3. Weltkriegs-Memes haben das Netz erobert - The Best Social Media DE\",\"isPartOf\":{\"@id\":\"https:\\\/\\\/www.thebestsocial.media\\\/de\\\/#website\"},\"primaryImageOfPage\":{\"@id\":\"https:\\\/\\\/www.thebestsocial.media\\\/de\\\/nachtrag-zum-wochenende-3-weltkriegs-memes-haben-das-netz-erobert\\\/#primaryimage\"},\"image\":{\"@id\":\"https:\\\/\\\/www.thebestsocial.media\\\/de\\\/nachtrag-zum-wochenende-3-weltkriegs-memes-haben-das-netz-erobert\\\/#primaryimage\"},\"thumbnailUrl\":\"https:\\\/\\\/www.thebestsocial.media\\\/de\\\/wp-content\\\/uploads\\\/sites\\\/3\\\/2020\\\/01\\\/soldat.png\",\"datePublished\":\"2020-01-06T11:43:11+00:00\",\"dateModified\":\"2020-01-08T14:53:26+00:00\",\"author\":{\"@id\":\"https:\\\/\\\/www.thebestsocial.media\\\/de\\\/#\\\/schema\\\/person\\\/365173f1fca5907fe6290e35cbd2d91a\"},\"breadcrumb\":{\"@id\":\"https:\\\/\\\/www.thebestsocial.media\\\/de\\\/nachtrag-zum-wochenende-3-weltkriegs-memes-haben-das-netz-erobert\\\/#breadcrumb\"},\"inLanguage\":\"de\",\"potentialAction\":[{\"@type\":\"ReadAction\",\"target\":[\"https:\\\/\\\/www.thebestsocial.media\\\/de\\\/nachtrag-zum-wochenende-3-weltkriegs-memes-haben-das-netz-erobert\\\/\"]}]},{\"@type\":\"ImageObject\",\"inLanguage\":\"de\",\"@id\":\"https:\\\/\\\/www.thebestsocial.media\\\/de\\\/nachtrag-zum-wochenende-3-weltkriegs-memes-haben-das-netz-erobert\\\/#primaryimage\",\"url\":\"https:\\\/\\\/www.thebestsocial.media\\\/de\\\/wp-content\\\/uploads\\\/sites\\\/3\\\/2020\\\/01\\\/soldat.png\",\"contentUrl\":\"https:\\\/\\\/www.thebestsocial.media\\\/de\\\/wp-content\\\/uploads\\\/sites\\\/3\\\/2020\\\/01\\\/soldat.png\",\"width\":1200,\"height\":628},{\"@type\":\"BreadcrumbList\",\"@id\":\"https:\\\/\\\/www.thebestsocial.media\\\/de\\\/nachtrag-zum-wochenende-3-weltkriegs-memes-haben-das-netz-erobert\\\/#breadcrumb\",\"itemListElement\":[{\"@type\":\"ListItem\",\"position\":1,\"name\":\"Home\",\"item\":\"https:\\\/\\\/www.thebestsocial.media\\\/de\\\/\"},{\"@type\":\"ListItem\",\"position\":2,\"name\":\"Nachtrag zum Wochenende: 3. Weltkriegs-Memes haben das Netz erobert\"}]},{\"@type\":\"WebSite\",\"@id\":\"https:\\\/\\\/www.thebestsocial.media\\\/de\\\/#website\",\"url\":\"https:\\\/\\\/www.thebestsocial.media\\\/de\\\/\",\"name\":\"The Best Social Media DE\",\"description\":\"\",\"potentialAction\":[{\"@type\":\"SearchAction\",\"target\":{\"@type\":\"EntryPoint\",\"urlTemplate\":\"https:\\\/\\\/www.thebestsocial.media\\\/de\\\/?s={search_term_string}\"},\"query-input\":{\"@type\":\"PropertyValueSpecification\",\"valueRequired\":true,\"valueName\":\"search_term_string\"}}],\"inLanguage\":\"de\"},{\"@type\":\"Person\",\"@id\":\"https:\\\/\\\/www.thebestsocial.media\\\/de\\\/#\\\/schema\\\/person\\\/365173f1fca5907fe6290e35cbd2d91a\",\"name\":\"dion\",\"image\":{\"@type\":\"ImageObject\",\"inLanguage\":\"de\",\"@id\":\"https:\\\/\\\/secure.gravatar.com\\\/avatar\\\/b5969bff5b8f125d2c7681200c319227d40b6a628ab8d9f8bdc5d0e410cf8eff?s=96&d=mm&r=g\",\"url\":\"https:\\\/\\\/secure.gravatar.com\\\/avatar\\\/b5969bff5b8f125d2c7681200c319227d40b6a628ab8d9f8bdc5d0e410cf8eff?s=96&d=mm&r=g\",\"contentUrl\":\"https:\\\/\\\/secure.gravatar.com\\\/avatar\\\/b5969bff5b8f125d2c7681200c319227d40b6a628ab8d9f8bdc5d0e410cf8eff?s=96&d=mm&r=g\",\"caption\":\"dion\"},\"description\":\"Kommt aus der norddeutschen Provinz und studierte einst irgendwas mit Medien. Hat danach leider keine Stelle als Taxifahrer gefunden und schreibt deswegen jetzt hier \u00fcber verschiedene Dinge. Zum Beispiel \u00fcber sich selbst in der dritten Person.\",\"sameAs\":[\"https:\\\/\\\/www.instagram.com\\\/kid.stardust\\\/\",\"https:\\\/\\\/x.com\\\/https:\\\/\\\/twitter.com\\\/karlauaa\"],\"url\":\"https:\\\/\\\/www.thebestsocial.media\\\/de\\\/author\\\/dion\\\/\"}]}<\/script>\n<!-- \/ Yoast SEO plugin. -->","yoast_head_json":{"title":"Nachtrag zum Wochenende: 3. Weltkriegs-Memes haben das Netz erobert - The Best Social Media DE","robots":{"index":"index","follow":"follow","max-snippet":"max-snippet:-1","max-image-preview":"max-image-preview:large","max-video-preview":"max-video-preview:-1"},"canonical":"https:\/\/www.thebestsocial.media\/de\/nachtrag-zum-wochenende-3-weltkriegs-memes-haben-das-netz-erobert\/","og_locale":"de_DE","og_type":"article","og_title":"Nachtrag zum Wochenende: 3. Weltkriegs-Memes haben das Netz erobert","og_description":"Nachdem am vergangenen Freitag der iranische General Kassem Soleimani bei einem Raketenangriff durch die US-Streitkr\u00e4fte ums Leben kam, verbreiteten sich Ger\u00fcchte um einen nahenden 3....","og_url":"https:\/\/www.thebestsocial.media\/de\/nachtrag-zum-wochenende-3-weltkriegs-memes-haben-das-netz-erobert\/","og_site_name":"The Best Social Media DE","article_published_time":"2020-01-06T11:43:11+00:00","article_modified_time":"2020-01-08T14:53:26+00:00","og_image":[{"width":1200,"height":628,"url":"https:\/\/www.thebestsocial.media\/de\/wp-content\/uploads\/sites\/3\/2020\/01\/ww3header.png","type":"image\/png"}],"author":"dion","twitter_card":"summary_large_image","twitter_creator":"@https:\/\/twitter.com\/karlauaa","twitter_misc":{"Verfasst von":"dion","Gesch\u00e4tzte Lesezeit":"2\u00a0Minuten"},"schema":{"@context":"https:\/\/schema.org","@graph":[{"@type":"Article","@id":"https:\/\/www.thebestsocial.media\/de\/nachtrag-zum-wochenende-3-weltkriegs-memes-haben-das-netz-erobert\/#article","isPartOf":{"@id":"https:\/\/www.thebestsocial.media\/de\/nachtrag-zum-wochenende-3-weltkriegs-memes-haben-das-netz-erobert\/"},"author":{"name":"dion","@id":"https:\/\/www.thebestsocial.media\/de\/#\/schema\/person\/365173f1fca5907fe6290e35cbd2d91a"},"headline":"Nachtrag zum Wochenende: 3. Weltkriegs-Memes haben das Netz erobert","datePublished":"2020-01-06T11:43:11+00:00","dateModified":"2020-01-08T14:53:26+00:00","mainEntityOfPage":{"@id":"https:\/\/www.thebestsocial.media\/de\/nachtrag-zum-wochenende-3-weltkriegs-memes-haben-das-netz-erobert\/"},"wordCount":425,"commentCount":0,"image":{"@id":"https:\/\/www.thebestsocial.media\/de\/nachtrag-zum-wochenende-3-weltkriegs-memes-haben-das-netz-erobert\/#primaryimage"},"thumbnailUrl":"https:\/\/www.thebestsocial.media\/de\/wp-content\/uploads\/sites\/3\/2020\/01\/soldat.png","keywords":["3. Weltkrieg","WW3"],"articleSection":["Community","Hype"],"inLanguage":"de","potentialAction":[{"@type":"CommentAction","name":"Comment","target":["https:\/\/www.thebestsocial.media\/de\/nachtrag-zum-wochenende-3-weltkriegs-memes-haben-das-netz-erobert\/#respond"]}]},{"@type":"WebPage","@id":"https:\/\/www.thebestsocial.media\/de\/nachtrag-zum-wochenende-3-weltkriegs-memes-haben-das-netz-erobert\/","url":"https:\/\/www.thebestsocial.media\/de\/nachtrag-zum-wochenende-3-weltkriegs-memes-haben-das-netz-erobert\/","name":"Nachtrag zum Wochenende: 3. Weltkriegs-Memes haben das Netz erobert - The Best Social Media DE","isPartOf":{"@id":"https:\/\/www.thebestsocial.media\/de\/#website"},"primaryImageOfPage":{"@id":"https:\/\/www.thebestsocial.media\/de\/nachtrag-zum-wochenende-3-weltkriegs-memes-haben-das-netz-erobert\/#primaryimage"},"image":{"@id":"https:\/\/www.thebestsocial.media\/de\/nachtrag-zum-wochenende-3-weltkriegs-memes-haben-das-netz-erobert\/#primaryimage"},"thumbnailUrl":"https:\/\/www.thebestsocial.media\/de\/wp-content\/uploads\/sites\/3\/2020\/01\/soldat.png","datePublished":"2020-01-06T11:43:11+00:00","dateModified":"2020-01-08T14:53:26+00:00","author":{"@id":"https:\/\/www.thebestsocial.media\/de\/#\/schema\/person\/365173f1fca5907fe6290e35cbd2d91a"},"breadcrumb":{"@id":"https:\/\/www.thebestsocial.media\/de\/nachtrag-zum-wochenende-3-weltkriegs-memes-haben-das-netz-erobert\/#breadcrumb"},"inLanguage":"de","potentialAction":[{"@type":"ReadAction","target":["https:\/\/www.thebestsocial.media\/de\/nachtrag-zum-wochenende-3-weltkriegs-memes-haben-das-netz-erobert\/"]}]},{"@type":"ImageObject","inLanguage":"de","@id":"https:\/\/www.thebestsocial.media\/de\/nachtrag-zum-wochenende-3-weltkriegs-memes-haben-das-netz-erobert\/#primaryimage","url":"https:\/\/www.thebestsocial.media\/de\/wp-content\/uploads\/sites\/3\/2020\/01\/soldat.png","contentUrl":"https:\/\/www.thebestsocial.media\/de\/wp-content\/uploads\/sites\/3\/2020\/01\/soldat.png","width":1200,"height":628},{"@type":"BreadcrumbList","@id":"https:\/\/www.thebestsocial.media\/de\/nachtrag-zum-wochenende-3-weltkriegs-memes-haben-das-netz-erobert\/#breadcrumb","itemListElement":[{"@type":"ListItem","position":1,"name":"Home","item":"https:\/\/www.thebestsocial.media\/de\/"},{"@type":"ListItem","position":2,"name":"Nachtrag zum Wochenende: 3. Weltkriegs-Memes haben das Netz erobert"}]},{"@type":"WebSite","@id":"https:\/\/www.thebestsocial.media\/de\/#website","url":"https:\/\/www.thebestsocial.media\/de\/","name":"The Best Social Media DE","description":"","potentialAction":[{"@type":"SearchAction","target":{"@type":"EntryPoint","urlTemplate":"https:\/\/www.thebestsocial.media\/de\/?s={search_term_string}"},"query-input":{"@type":"PropertyValueSpecification","valueRequired":true,"valueName":"search_term_string"}}],"inLanguage":"de"},{"@type":"Person","@id":"https:\/\/www.thebestsocial.media\/de\/#\/schema\/person\/365173f1fca5907fe6290e35cbd2d91a","name":"dion","image":{"@type":"ImageObject","inLanguage":"de","@id":"https:\/\/secure.gravatar.com\/avatar\/b5969bff5b8f125d2c7681200c319227d40b6a628ab8d9f8bdc5d0e410cf8eff?s=96&d=mm&r=g","url":"https:\/\/secure.gravatar.com\/avatar\/b5969bff5b8f125d2c7681200c319227d40b6a628ab8d9f8bdc5d0e410cf8eff?s=96&d=mm&r=g","contentUrl":"https:\/\/secure.gravatar.com\/avatar\/b5969bff5b8f125d2c7681200c319227d40b6a628ab8d9f8bdc5d0e410cf8eff?s=96&d=mm&r=g","caption":"dion"},"description":"Kommt aus der norddeutschen Provinz und studierte einst irgendwas mit Medien. Hat danach leider keine Stelle als Taxifahrer gefunden und schreibt deswegen jetzt hier \u00fcber verschiedene Dinge. Zum Beispiel \u00fcber sich selbst in der dritten Person.","sameAs":["https:\/\/www.instagram.com\/kid.stardust\/","https:\/\/x.com\/https:\/\/twitter.com\/karlauaa"],"url":"https:\/\/www.thebestsocial.media\/de\/author\/dion\/"}]}},"amp_enabled":true,"_links":{"self":[{"href":"https:\/\/www.thebestsocial.media\/de\/wp-json\/wp\/v2\/posts\/111623","targetHints":{"allow":["GET"]}}],"collection":[{"href":"https:\/\/www.thebestsocial.media\/de\/wp-json\/wp\/v2\/posts"}],"about":[{"href":"https:\/\/www.thebestsocial.media\/de\/wp-json\/wp\/v2\/types\/post"}],"author":[{"embeddable":true,"href":"https:\/\/www.thebestsocial.media\/de\/wp-json\/wp\/v2\/users\/54"}],"replies":[{"embeddable":true,"href":"https:\/\/www.thebestsocial.media\/de\/wp-json\/wp\/v2\/comments?post=111623"}],"version-history":[{"count":5,"href":"https:\/\/www.thebestsocial.media\/de\/wp-json\/wp\/v2\/posts\/111623\/revisions"}],"predecessor-version":[{"id":111646,"href":"https:\/\/www.thebestsocial.media\/de\/wp-json\/wp\/v2\/posts\/111623\/revisions\/111646"}],"wp:featuredmedia":[{"embeddable":true,"href":"https:\/\/www.thebestsocial.media\/de\/wp-json\/wp\/v2\/media\/111649"}],"wp:attachment":[{"href":"https:\/\/www.thebestsocial.media\/de\/wp-json\/wp\/v2\/media?parent=111623"}],"wp:term":[{"taxonomy":"category","embeddable":true,"href":"https:\/\/www.thebestsocial.media\/de\/wp-json\/wp\/v2\/categories?post=111623"},{"taxonomy":"post_tag","embeddable":true,"href":"https:\/\/www.thebestsocial.media\/de\/wp-json\/wp\/v2\/tags?post=111623"}],"curies":[{"name":"wp","href":"https:\/\/api.w.org\/{rel}","templated":true}]}}